{"id":13282,"date":"2017-06-09T09:22:03","date_gmt":"2017-06-09T07:22:03","guid":{"rendered":"http:\/\/blog.zeit.de\/nsu-prozess-blog\/?p=13282"},"modified":"2017-06-09T10:40:35","modified_gmt":"2017-06-09T08:40:35","slug":"medienlog-bauer-befangenheitsantrag-nsu","status":"publish","type":"post","link":"https:\/\/blog.zeit.de\/nsu-prozess-blog\/2017\/06\/09\/medienlog-bauer-befangenheitsantrag-nsu\/","title":{"rendered":"Gutachter h\u00e4lt sich f\u00fcr nicht befangen \u2013 Das Medienlog vom Freitag, 9. Juni 2017"},"content":{"rendered":"<p>Gegen den Psychiater Joachim Bauer, der Beate Zsch\u00e4pe ein <a href=\"https:\/\/blog.zeit.de\/nsu-prozess-blog\/2017\/05\/03\/zschaepe-das-opfer\/\">\u00e4u\u00dferst wohlwollendes Gutachten<\/a> ausgestellt hatte, liegt <a href=\"https:\/\/blog.zeit.de\/nsu-prozess-blog\/2017\/05\/25\/medienlog-zschaepe-mutter-bauer-mail-nsu\/\">ein Befangenheitsantrag<\/a> von Nebenkl\u00e4gern vor. Dieser beruht unter anderem auf seiner \u00c4u\u00dferung, in der er den NSU-Prozess im selben Atemzug mit einer <a href=\"https:\/\/blog.zeit.de\/nsu-prozess-blog\/2017\/05\/24\/zuhause-bei-familie-zschaepe\/\">&#8222;Hexenverbrennung&#8220;<\/a> erw\u00e4hnte.<\/p>\n<p>Nun hat sich Bauer in einem Brief an das Gericht gewandt. Er halte sich nicht f\u00fcr befangen, zitiert die <a href=\"http:\/\/www.sueddeutsche.de\/politik\/nsu-prozess-zschaepes-gutachter-ich-halte-mich-nicht-fuer-befangen-1.3537960\" target=\"_blank\" rel=\"noopener noreferrer\"><em>S\u00fcddeutsche Zeitung<\/em><\/a> den Sachverst\u00e4ndigen. Auch kenne er die Mindestanforderungen f\u00fcr Gutachten im Bereich der Schuldf\u00e4higkeit, zudem habe er den Prozess nicht mit einer Hexenverbrennung verglichen.<\/p>\n<p><!--more--><\/p>\n<p>Im Interview mit der Hannoverschen Lokalzeitung <a href=\"http:\/\/www.neuepresse.de\/Hannover\/Meine-Stadt\/NSU-Restlose-Aufklaerung-unwahrscheinlich\" target=\"_blank\" rel=\"noopener noreferrer\"><em>Neue Presse<\/em><\/a> \u00e4u\u00dfern sich die Verteidiger des Mitangeklagten <a href=\"http:\/\/www.zeit.de\/gesellschaft\/zeitgeschehen\/2013-06\/nsu-prozess-aussage-holger-g\">Holger G.<\/a>, Pajam Rokni-Yazdi und Stefan Hachmeister. Darin kritisieren sie auch das schleppende Tempo des Prozesses. Verbl\u00fcffend sei, dass man aus einem Nichts heraus immer wieder neue juristische Streitigkeiten anfangen k\u00f6nne, &#8222;die der Sache nicht unbedingt dienlich sind&#8220;. Vergessen werde oft, dass es vor Gericht nur darum gehe, Schuld oder Unschuld der Angeklagten festzustellen.<\/p>\n<p><em>An jedem Werktag sichten wir f\u00fcr das NSU-Prozess-Blog die Medien und stellen wichtige Berichte, Blogs, Videos und Tweets zusammen. Wir freuen uns \u00fcber Hinweise via Twitter mit dem Hashtag #nsublog \u2013 oder per E-Mail an <a href=\"mailto:nsublog@zeit.de\">nsublog@zeit.de<\/a>. Das n\u00e4chste Medienlog erscheint am Montag, 12. Juni 2017.<\/em><\/p>\n","protected":false},"excerpt":{"rendered":"<p>Gegen den Psychiater Joachim Bauer, der Beate Zsch\u00e4pe ein \u00e4u\u00dferst wohlwollendes Gutachten ausgestellt hatte, liegt ein Befangenheitsantrag von Nebenkl\u00e4gern vor. Dieser beruht unter anderem auf seiner \u00c4u\u00dferung, in der er den NSU-Prozess im selben Atemzug mit einer &#8222;Hexenverbrennung&#8220; erw\u00e4hnte. Nun hat sich Bauer in einem Brief an das Gericht gewandt. Er halte sich nicht f\u00fcr [&hellip;]<\/p>\n","protected":false},"author":435,"featured_media":0,"comment_status":"open","ping_status":"open","sticky":false,"template":"","format":"standard","meta":{"_jetpack_memberships_contains_paid_content":false,"footnotes":""},"categories":[27531],"tags":[29424,17793,29430,1105,27548,35430,33589],"class_list":["post-13282","post","type-post","status-publish","format-standard","hentry","category-medienschau","tag-anwalte","tag-beate-zschape","tag-befangenheitsantrag","tag-gutachten","tag-holger-g","tag-joachim-bauer","tag-psychiater"],"yoast_head":"<!-- This site is optimized with the Yoast SEO plugin v21.0 - https:\/\/yoast.com\/wordpress\/plugins\/seo\/ -->\n<title>Gutachter h\u00e4lt sich f\u00fcr nicht befangen \u2013 Das Medienlog vom Freitag, 9. Juni 2017 - Das NSU-Prozess-Blog<\/title>\n<meta name=\"robots\" content=\"index, follow, max-snippet:-1, max-image-preview:large, max-video-preview:-1\" \/>\n<link rel=\"canonical\" href=\"https:\/\/blog.zeit.de\/nsu-prozess-blog\/2017\/06\/09\/medienlog-bauer-befangenheitsantrag-nsu\/\" \/>\n<meta property=\"og:locale\" content=\"de_DE\" \/>\n<meta property=\"og:type\" content=\"article\" \/>\n<meta property=\"og:title\" content=\"Gutachter h\u00e4lt sich f\u00fcr nicht befangen \u2013 Das Medienlog vom Freitag, 9. Juni 2017 - Das NSU-Prozess-Blog\" \/>\n<meta property=\"og:description\" content=\"Gegen den Psychiater Joachim Bauer, der Beate Zsch\u00e4pe ein \u00e4u\u00dferst wohlwollendes Gutachten ausgestellt hatte, liegt ein Befangenheitsantrag von Nebenkl\u00e4gern vor. Dieser beruht unter anderem auf seiner \u00c4u\u00dferung, in der er den NSU-Prozess im selben Atemzug mit einer &#8222;Hexenverbrennung&#8220; erw\u00e4hnte. Nun hat sich Bauer in einem Brief an das Gericht gewandt. Er halte sich nicht f\u00fcr [&hellip;]\" \/>\n<meta property=\"og:url\" content=\"https:\/\/blog.zeit.de\/nsu-prozess-blog\/2017\/06\/09\/medienlog-bauer-befangenheitsantrag-nsu\/\" \/>\n<meta property=\"og:site_name\" content=\"Das NSU-Prozess-Blog\" \/>\n<meta property=\"article:published_time\" content=\"2017-06-09T07:22:03+00:00\" \/>\n<meta property=\"article:modified_time\" content=\"2017-06-09T08:40:35+00:00\" \/>\n<meta name=\"author\" content=\"Tom Sundermann\" \/>\n<meta name=\"twitter:label1\" content=\"Geschrieben von\" \/>\n\t<meta name=\"twitter:data1\" content=\"Tom Sundermann\" \/>\n\t<meta name=\"twitter:label2\" content=\"Gesch\u00e4tzte Lesezeit\" \/>\n\t<meta name=\"twitter:data2\" content=\"1\u00a0Minute\" \/>\n<script type=\"application\/ld+json\" class=\"yoast-schema-graph\">{\"@context\":\"https:\/\/schema.org\",\"@graph\":[{\"@type\":\"WebPage\",\"@id\":\"https:\/\/blog.zeit.de\/nsu-prozess-blog\/2017\/06\/09\/medienlog-bauer-befangenheitsantrag-nsu\/\",\"url\":\"https:\/\/blog.zeit.de\/nsu-prozess-blog\/2017\/06\/09\/medienlog-bauer-befangenheitsantrag-nsu\/\",\"name\":\"Gutachter h\u00e4lt sich f\u00fcr nicht befangen \u2013 Das Medienlog vom Freitag, 9. Juni 2017 - Das NSU-Prozess-Blog\",\"isPartOf\":{\"@id\":\"https:\/\/blog.zeit.de\/nsu-prozess-blog\/#website\"},\"datePublished\":\"2017-06-09T07:22:03+00:00\",\"dateModified\":\"2017-06-09T08:40:35+00:00\",\"author\":{\"@id\":\"https:\/\/blog.zeit.de\/nsu-prozess-blog\/#\/schema\/person\/553ea9bb5d1fc2ae054c589bd59380a5\"},\"breadcrumb\":{\"@id\":\"https:\/\/blog.zeit.de\/nsu-prozess-blog\/2017\/06\/09\/medienlog-bauer-befangenheitsantrag-nsu\/#breadcrumb\"},\"inLanguage\":\"de\",\"potentialAction\":[{\"@type\":\"ReadAction\",\"target\":[\"https:\/\/blog.zeit.de\/nsu-prozess-blog\/2017\/06\/09\/medienlog-bauer-befangenheitsantrag-nsu\/\"]}]},{\"@type\":\"BreadcrumbList\",\"@id\":\"https:\/\/blog.zeit.de\/nsu-prozess-blog\/2017\/06\/09\/medienlog-bauer-befangenheitsantrag-nsu\/#breadcrumb\",\"itemListElement\":[{\"@type\":\"ListItem\",\"position\":1,\"name\":\"Startseite\",\"item\":\"https:\/\/blog.zeit.de\/nsu-prozess-blog\/\"},{\"@type\":\"ListItem\",\"position\":2,\"name\":\"Gutachter h\u00e4lt sich f\u00fcr nicht befangen \u2013 Das Medienlog vom Freitag, 9. Juni 2017\"}]},{\"@type\":\"WebSite\",\"@id\":\"https:\/\/blog.zeit.de\/nsu-prozess-blog\/#website\",\"url\":\"https:\/\/blog.zeit.de\/nsu-prozess-blog\/\",\"name\":\"Das NSU-Prozess-Blog\",\"description\":\"Alle Berichte zum Terrorverfahren in M\u00fcnchen\",\"potentialAction\":[{\"@type\":\"SearchAction\",\"target\":{\"@type\":\"EntryPoint\",\"urlTemplate\":\"https:\/\/blog.zeit.de\/nsu-prozess-blog\/?s={search_term_string}\"},\"query-input\":\"required name=search_term_string\"}],\"inLanguage\":\"de\"},{\"@type\":\"Person\",\"@id\":\"https:\/\/blog.zeit.de\/nsu-prozess-blog\/#\/schema\/person\/553ea9bb5d1fc2ae054c589bd59380a5\",\"name\":\"Tom Sundermann\",\"image\":{\"@type\":\"ImageObject\",\"inLanguage\":\"de\",\"@id\":\"https:\/\/blog.zeit.de\/nsu-prozess-blog\/#\/schema\/person\/image\/\",\"url\":\"https:\/\/secure.gravatar.com\/avatar\/e108a3dc18766f719b2f797dc5d19093f06a1870c55b553ab6b7563f1f9a5e68?s=96&d=mm&r=g\",\"contentUrl\":\"https:\/\/secure.gravatar.com\/avatar\/e108a3dc18766f719b2f797dc5d19093f06a1870c55b553ab6b7563f1f9a5e68?s=96&d=mm&r=g\",\"caption\":\"Tom Sundermann\"},\"sameAs\":[\"https:\/\/twitter.com\/messeticker\"],\"url\":\"https:\/\/blog.zeit.de\/nsu-prozess-blog\/author\/tsundermann\/\"}]}<\/script>\n<!-- \/ Yoast SEO plugin. -->","yoast_head_json":{"title":"Gutachter h\u00e4lt sich f\u00fcr nicht befangen \u2013 Das Medienlog vom Freitag, 9. Juni 2017 - Das NSU-Prozess-Blog","robots":{"index":"index","follow":"follow","max-snippet":"max-snippet:-1","max-image-preview":"max-image-preview:large","max-video-preview":"max-video-preview:-1"},"canonical":"https:\/\/blog.zeit.de\/nsu-prozess-blog\/2017\/06\/09\/medienlog-bauer-befangenheitsantrag-nsu\/","og_locale":"de_DE","og_type":"article","og_title":"Gutachter h\u00e4lt sich f\u00fcr nicht befangen \u2013 Das Medienlog vom Freitag, 9. Juni 2017 - Das NSU-Prozess-Blog","og_description":"Gegen den Psychiater Joachim Bauer, der Beate Zsch\u00e4pe ein \u00e4u\u00dferst wohlwollendes Gutachten ausgestellt hatte, liegt ein Befangenheitsantrag von Nebenkl\u00e4gern vor. Dieser beruht unter anderem auf seiner \u00c4u\u00dferung, in der er den NSU-Prozess im selben Atemzug mit einer &#8222;Hexenverbrennung&#8220; erw\u00e4hnte. Nun hat sich Bauer in einem Brief an das Gericht gewandt. Er halte sich nicht f\u00fcr [&hellip;]","og_url":"https:\/\/blog.zeit.de\/nsu-prozess-blog\/2017\/06\/09\/medienlog-bauer-befangenheitsantrag-nsu\/","og_site_name":"Das NSU-Prozess-Blog","article_published_time":"2017-06-09T07:22:03+00:00","article_modified_time":"2017-06-09T08:40:35+00:00","author":"Tom Sundermann","twitter_misc":{"Geschrieben von":"Tom Sundermann","Gesch\u00e4tzte Lesezeit":"1\u00a0Minute"},"schema":{"@context":"https:\/\/schema.org","@graph":[{"@type":"WebPage","@id":"https:\/\/blog.zeit.de\/nsu-prozess-blog\/2017\/06\/09\/medienlog-bauer-befangenheitsantrag-nsu\/","url":"https:\/\/blog.zeit.de\/nsu-prozess-blog\/2017\/06\/09\/medienlog-bauer-befangenheitsantrag-nsu\/","name":"Gutachter h\u00e4lt sich f\u00fcr nicht befangen \u2013 Das Medienlog vom Freitag, 9. Juni 2017 - Das NSU-Prozess-Blog","isPartOf":{"@id":"https:\/\/blog.zeit.de\/nsu-prozess-blog\/#website"},"datePublished":"2017-06-09T07:22:03+00:00","dateModified":"2017-06-09T08:40:35+00:00","author":{"@id":"https:\/\/blog.zeit.de\/nsu-prozess-blog\/#\/schema\/person\/553ea9bb5d1fc2ae054c589bd59380a5"},"breadcrumb":{"@id":"https:\/\/blog.zeit.de\/nsu-prozess-blog\/2017\/06\/09\/medienlog-bauer-befangenheitsantrag-nsu\/#breadcrumb"},"inLanguage":"de","potentialAction":[{"@type":"ReadAction","target":["https:\/\/blog.zeit.de\/nsu-prozess-blog\/2017\/06\/09\/medienlog-bauer-befangenheitsantrag-nsu\/"]}]},{"@type":"BreadcrumbList","@id":"https:\/\/blog.zeit.de\/nsu-prozess-blog\/2017\/06\/09\/medienlog-bauer-befangenheitsantrag-nsu\/#breadcrumb","itemListElement":[{"@type":"ListItem","position":1,"name":"Startseite","item":"https:\/\/blog.zeit.de\/nsu-prozess-blog\/"},{"@type":"ListItem","position":2,"name":"Gutachter h\u00e4lt sich f\u00fcr nicht befangen \u2013 Das Medienlog vom Freitag, 9. Juni 2017"}]},{"@type":"WebSite","@id":"https:\/\/blog.zeit.de\/nsu-prozess-blog\/#website","url":"https:\/\/blog.zeit.de\/nsu-prozess-blog\/","name":"Das NSU-Prozess-Blog","description":"Alle Berichte zum Terrorverfahren in M\u00fcnchen","potentialAction":[{"@type":"SearchAction","target":{"@type":"EntryPoint","urlTemplate":"https:\/\/blog.zeit.de\/nsu-prozess-blog\/?s={search_term_string}"},"query-input":"required name=search_term_string"}],"inLanguage":"de"},{"@type":"Person","@id":"https:\/\/blog.zeit.de\/nsu-prozess-blog\/#\/schema\/person\/553ea9bb5d1fc2ae054c589bd59380a5","name":"Tom Sundermann","image":{"@type":"ImageObject","inLanguage":"de","@id":"https:\/\/blog.zeit.de\/nsu-prozess-blog\/#\/schema\/person\/image\/","url":"https:\/\/secure.gravatar.com\/avatar\/e108a3dc18766f719b2f797dc5d19093f06a1870c55b553ab6b7563f1f9a5e68?s=96&d=mm&r=g","contentUrl":"https:\/\/secure.gravatar.com\/avatar\/e108a3dc18766f719b2f797dc5d19093f06a1870c55b553ab6b7563f1f9a5e68?s=96&d=mm&r=g","caption":"Tom Sundermann"},"sameAs":["https:\/\/twitter.com\/messeticker"],"url":"https:\/\/blog.zeit.de\/nsu-prozess-blog\/author\/tsundermann\/"}]}},"jetpack_featured_media_url":"","jetpack_sharing_enabled":true,"_links":{"self":[{"href":"https:\/\/blog.zeit.de\/nsu-prozess-blog\/wp-json\/wp\/v2\/posts\/13282","targetHints":{"allow":["GET"]}}],"collection":[{"href":"https:\/\/blog.zeit.de\/nsu-prozess-blog\/wp-json\/wp\/v2\/posts"}],"about":[{"href":"https:\/\/blog.zeit.de\/nsu-prozess-blog\/wp-json\/wp\/v2\/types\/post"}],"author":[{"embeddable":true,"href":"https:\/\/blog.zeit.de\/nsu-prozess-blog\/wp-json\/wp\/v2\/users\/435"}],"replies":[{"embeddable":true,"href":"https:\/\/blog.zeit.de\/nsu-prozess-blog\/wp-json\/wp\/v2\/comments?post=13282"}],"version-history":[{"count":3,"href":"https:\/\/blog.zeit.de\/nsu-prozess-blog\/wp-json\/wp\/v2\/posts\/13282\/revisions"}],"predecessor-version":[{"id":13285,"href":"https:\/\/blog.zeit.de\/nsu-prozess-blog\/wp-json\/wp\/v2\/posts\/13282\/revisions\/13285"}],"wp:attachment":[{"href":"https:\/\/blog.zeit.de\/nsu-prozess-blog\/wp-json\/wp\/v2\/media?parent=13282"}],"wp:term":[{"taxonomy":"category","embeddable":true,"href":"https:\/\/blog.zeit.de\/nsu-prozess-blog\/wp-json\/wp\/v2\/categories?post=13282"},{"taxonomy":"post_tag","embeddable":true,"href":"https:\/\/blog.zeit.de\/nsu-prozess-blog\/wp-json\/wp\/v2\/tags?post=13282"}],"curies":[{"name":"wp","href":"https:\/\/api.w.org\/{rel}","templated":true}]}}