{"id":13299,"date":"2017-06-20T16:39:17","date_gmt":"2017-06-20T14:39:17","guid":{"rendered":"http:\/\/blog.zeit.de\/nsu-prozess-blog\/?p=13299"},"modified":"2017-07-11T16:44:14","modified_gmt":"2017-07-11T14:44:14","slug":"zschaepes-letzte-hoffnungen-platzen","status":"publish","type":"post","link":"https:\/\/blog.zeit.de\/nsu-prozess-blog\/2017\/06\/20\/zschaepes-letzte-hoffnungen-platzen\/","title":{"rendered":"Zsch\u00e4pes verlorener Kampf"},"content":{"rendered":"<p><strong>Noch immer irritiert das entlastende Gutachten \u00fcber Beate Zsch\u00e4pe im NSU-Prozess. Jetzt will auch die Anklage die Expertise des unkritischen Psychiaters loswerden.<\/strong><\/p>\n<p>Mit einer steilen These hatte der Freiburger Psychiater Joachim Bauer im vergangenen Monat reichlich Aufmerksamkeit erregt: Die mutma\u00dfliche Rechtsterroristin Beate Zsch\u00e4pe, angeklagt als Mitt\u00e4terin einer Serie von Morden und Bombenanschl\u00e4gen, sei zu keiner Schuld f\u00e4hig gewesen \u2013 so das Ergebnis eines Gutachtens, das Bauer im Auftrag von Zsch\u00e4pes Verteidigern geschrieben hatte. Nun wird immer klarer: Im Urteil wird sich keine Spur des entlastenden Ergebnisses wiederfinden. Eine der letzten Hoffnungen der Angeklagten ist geplatzt.<\/p>\n<p>Hintergrund ist, dass die Nebenklageanw\u00e4lte Doris Dierbach und Thomas Bliwier Bauer aufgrund seines \u00fcberfreundlichen Umgangs mit Zsch\u00e4pe abgelehnt hatten \u2013 wegen der Besorgnis der Befangenheit. Sie werfen ihm vor, sich als &#8222;Besch\u00fctzer der Angeklagten&#8220; verhalten zu haben. Kommt der Antrag durch, w\u00e4re Bauers Expertise aus der Liste der Beweismittel zu streichen \u2013 wiewohl schon zuvor erkennbar war, dass das Gericht sich f\u00fcr die Ausf\u00fchrungen des Psychiaters schlicht nicht interessierte.<\/p>\n<p><!--more--><\/p>\n<p>Unterst\u00fctzung erhielten die Opferanw\u00e4lte jetzt von der Bundesanwaltschaft, also der Vertretung der Anklage. In einer Stellungnahme begr\u00fc\u00dfte Oberstaatsanw\u00e4ltin Anette Greger das Ansinnen ausdr\u00fccklich \u2013 und kanzelte damit abermals Bauer ab, der seinem professionellen Ruf mit dem Auftritt vor Gericht keinen Gefallen getan hatte. Der Psychiater habe den Eindruck erweckt, sein Gutachten &#8222;ergebnisorientiert und interessengeleitet&#8220; erstattet zu haben.<\/p>\n<p><strong>&#8222;Zweifel an der inneren Haltung des Gutachters&#8220;<\/strong><\/p>\n<p>Den Auftrag erteilten Bauer Zsch\u00e4pes Vertrauensanw\u00e4lte Hermann Borchert und Mathias Grasel \u2013 allerdings erst, nachdem dieser bereits mit Zsch\u00e4pe gesprochen hatte. Den Verteidigern war somit offenbar klar, welches Ergebnis der Experte liefern w\u00fcrde. Allein dieser Ablauf &#8222;rechtfertigt Zweifel an der inneren Haltung des Gutachters&#8220;, sagte Greger. Sie bezog sich auch auf eine Episode, die in Bauers Augen eine Lappalie darstellt: Bei einem seiner acht Treffen mit Zsch\u00e4pe in der Untersuchungshaft versuchte er entgegen der Gef\u00e4ngnisordnung, seiner Probandin eine Schachtel Pralinen mitzubringen. Eine W\u00e4rterin hielt ihn auf und machte den Vorfall aktenkundig. Dies zeige, dass Bauer sich im Umgang mit Zsch\u00e4pe &#8222;von pers\u00f6nlichen Handlungsantrieben&#8220; habe leiten lassen.<\/p>\n<p>In der Folge entstand ein rundum positives Bild von Zsch\u00e4pe. Die Angeklagte litt laut Bauers Diagnose an einer sogenannten dependenten Pers\u00f6nlichkeitsst\u00f6rung, klammerte sich also macht- und willenlos an andere \u2013 in diesem Fall an ihre Lebenspartner Uwe B\u00f6hnhardt und Uwe Mundlos. Sie habe eine &#8222;versch\u00e4rfte Geiselhaft&#8220; durchlitten, f\u00fchrte er bei einem seiner bizarr anmutenden Auftritte vor Gericht aus. Au\u00dferdem habe Zsch\u00e4pe ihm von brutalster Gewalt und sogar sexuellen \u00dcbergriffen durch B\u00f6hnhardt berichtet. Sein Fazit: &#8222;Es ist klar geworden, dass Frau Zsch\u00e4pe bei den Morden nicht die treibende Kraft war. Das ist gegen ihren Willen passiert&#8220;, sagte Bauer.<\/p>\n<p>Damit stellte er sich diametral gegen den vom Gericht bestellten Gutachter Henning Sa\u00df, der Zsch\u00e4pe f\u00fcr voll schuldf\u00e4hig befunden hatte und die Sicherungsverwahrung f\u00fcr sie nahelegte. Gespr\u00e4chen mit ihm hatte sich die Angeklagte stets verweigert.<\/p>\n<p><strong>Geleitet von der Sorge um seinen Ruf<\/strong><\/p>\n<p>Bauers Image unter Fachkollegen d\u00fcrfte unter dem NSU-Fall gelitten haben. Die Schuld daf\u00fcr sucht der Psychiater aber keineswegs bei sich selbst, sondern vornehmlich bei den Medien. Diese s\u00e4hen in Zsch\u00e4pe &#8222;das nackte B\u00f6se in einem weiblichen K\u00f6rper&#8220;, schrieb er <a href=\"http:\/\/www.zeit.de\/news\/2017-05\/24\/prozesse-zschaepe-gutachter-in-erklaerungsnot-24132203\">in einer E-Mail<\/a> an den stellvertretenden Chefredakteur der <em>Welt<\/em>, Oliver Michalsky \u2013 und lie\u00df ihm zugleich das Angebot f\u00fcr einen &#8222;exklusiven Beitrag&#8220; \u00fcber das Gutachten zukommen. Dazu kam es nicht \u2013 die Zeitung ver\u00f6ffentlichte stattdessen die E-Mail.<\/p>\n<p>Erhofft hatte sich Bauer wohl eine Art Gegendarstellung, nachdem er in allen anderen Medien &#8222;massiver und unsachlicher Angriffe gegen meine Person&#8220; gewahr geworden war \u2013 so zu lesen in einer Stellungnahme zu dem Befangenheitsantrag, die das Gericht am Dienstag verlas. Das Gutachten selbst verteidigt er darin so gut wie gar nicht. F\u00fcr Anw\u00e4ltin Dierbach, die Autorin des Befangenheitsantrags, ist dies ein Anzeichen daf\u00fcr, dass sich der Psychiater von seiner &#8222;Sorge um seinen Ruf leiten l\u00e4sst&#8220; \u2013 und nicht von seinem Fachwissen.<\/p>\n<p>Zsch\u00e4pe muss mit ansehen, wie ihr Wunschgutachter von den Prozessbeteiligten zerpfl\u00fcckt wird. Verteidiger Grasel schaltet sich mit keinem Wort in die Debatte ein. F\u00fcr die Angeklagte ist es ein weiterer verlorener Kampf.<\/p>\n","protected":false},"excerpt":{"rendered":"<p>Noch immer irritiert das entlastende Gutachten \u00fcber Beate Zsch\u00e4pe im NSU-Prozess. Jetzt will auch die Anklage die Expertise des unkritischen Psychiaters loswerden. Mit einer steilen These hatte der Freiburger Psychiater Joachim Bauer im vergangenen Monat reichlich Aufmerksamkeit erregt: Die mutma\u00dfliche Rechtsterroristin Beate Zsch\u00e4pe, angeklagt als Mitt\u00e4terin einer Serie von Morden und Bombenanschl\u00e4gen, sei zu keiner [&hellip;]<\/p>\n","protected":false},"author":435,"featured_media":10415,"comment_status":"open","ping_status":"open","sticky":false,"template":"","format":"standard","meta":{"_jetpack_memberships_contains_paid_content":false,"footnotes":""},"categories":[16],"tags":[],"class_list":["post-13299","post","type-post","status-publish","format-standard","has-post-thumbnail","hentry","category-allgemein"],"yoast_head":"<!-- This site is optimized with the Yoast SEO plugin v21.0 - https:\/\/yoast.com\/wordpress\/plugins\/seo\/ -->\n<title>Zsch\u00e4pes verlorener Kampf - Das NSU-Prozess-Blog<\/title>\n<meta name=\"robots\" content=\"index, follow, max-snippet:-1, max-image-preview:large, max-video-preview:-1\" \/>\n<link rel=\"canonical\" href=\"https:\/\/blog.zeit.de\/nsu-prozess-blog\/2017\/06\/20\/zschaepes-letzte-hoffnungen-platzen\/\" \/>\n<meta property=\"og:locale\" content=\"de_DE\" \/>\n<meta property=\"og:type\" content=\"article\" \/>\n<meta property=\"og:title\" content=\"Zsch\u00e4pes verlorener Kampf - Das NSU-Prozess-Blog\" \/>\n<meta property=\"og:description\" content=\"Noch immer irritiert das entlastende Gutachten \u00fcber Beate Zsch\u00e4pe im NSU-Prozess. Jetzt will auch die Anklage die Expertise des unkritischen Psychiaters loswerden. Mit einer steilen These hatte der Freiburger Psychiater Joachim Bauer im vergangenen Monat reichlich Aufmerksamkeit erregt: Die mutma\u00dfliche Rechtsterroristin Beate Zsch\u00e4pe, angeklagt als Mitt\u00e4terin einer Serie von Morden und Bombenanschl\u00e4gen, sei zu keiner [&hellip;]\" \/>\n<meta property=\"og:url\" content=\"https:\/\/blog.zeit.de\/nsu-prozess-blog\/2017\/06\/20\/zschaepes-letzte-hoffnungen-platzen\/\" \/>\n<meta property=\"og:site_name\" content=\"Das NSU-Prozess-Blog\" \/>\n<meta property=\"article:published_time\" content=\"2017-06-20T14:39:17+00:00\" \/>\n<meta property=\"article:modified_time\" content=\"2017-07-11T14:44:14+00:00\" \/>\n<meta property=\"og:image\" content=\"https:\/\/blog.zeit.de\/nsu-prozess-blog\/files\/2015\/11\/raw1.jpg\" \/>\n\t<meta property=\"og:image:width\" content=\"886\" \/>\n\t<meta property=\"og:image:height\" content=\"498\" \/>\n\t<meta property=\"og:image:type\" content=\"image\/jpeg\" \/>\n<meta name=\"author\" content=\"Tom Sundermann\" \/>\n<meta name=\"twitter:label1\" content=\"Geschrieben von\" \/>\n\t<meta name=\"twitter:data1\" content=\"Tom Sundermann\" \/>\n\t<meta name=\"twitter:label2\" content=\"Gesch\u00e4tzte Lesezeit\" \/>\n\t<meta name=\"twitter:data2\" content=\"4\u00a0Minuten\" \/>\n<script type=\"application\/ld+json\" class=\"yoast-schema-graph\">{\"@context\":\"https:\/\/schema.org\",\"@graph\":[{\"@type\":\"WebPage\",\"@id\":\"https:\/\/blog.zeit.de\/nsu-prozess-blog\/2017\/06\/20\/zschaepes-letzte-hoffnungen-platzen\/\",\"url\":\"https:\/\/blog.zeit.de\/nsu-prozess-blog\/2017\/06\/20\/zschaepes-letzte-hoffnungen-platzen\/\",\"name\":\"Zsch\u00e4pes verlorener Kampf - Das NSU-Prozess-Blog\",\"isPartOf\":{\"@id\":\"https:\/\/blog.zeit.de\/nsu-prozess-blog\/#website\"},\"datePublished\":\"2017-06-20T14:39:17+00:00\",\"dateModified\":\"2017-07-11T14:44:14+00:00\",\"author\":{\"@id\":\"https:\/\/blog.zeit.de\/nsu-prozess-blog\/#\/schema\/person\/553ea9bb5d1fc2ae054c589bd59380a5\"},\"breadcrumb\":{\"@id\":\"https:\/\/blog.zeit.de\/nsu-prozess-blog\/2017\/06\/20\/zschaepes-letzte-hoffnungen-platzen\/#breadcrumb\"},\"inLanguage\":\"de\",\"potentialAction\":[{\"@type\":\"ReadAction\",\"target\":[\"https:\/\/blog.zeit.de\/nsu-prozess-blog\/2017\/06\/20\/zschaepes-letzte-hoffnungen-platzen\/\"]}]},{\"@type\":\"BreadcrumbList\",\"@id\":\"https:\/\/blog.zeit.de\/nsu-prozess-blog\/2017\/06\/20\/zschaepes-letzte-hoffnungen-platzen\/#breadcrumb\",\"itemListElement\":[{\"@type\":\"ListItem\",\"position\":1,\"name\":\"Startseite\",\"item\":\"https:\/\/blog.zeit.de\/nsu-prozess-blog\/\"},{\"@type\":\"ListItem\",\"position\":2,\"name\":\"Zsch\u00e4pes verlorener Kampf\"}]},{\"@type\":\"WebSite\",\"@id\":\"https:\/\/blog.zeit.de\/nsu-prozess-blog\/#website\",\"url\":\"https:\/\/blog.zeit.de\/nsu-prozess-blog\/\",\"name\":\"Das NSU-Prozess-Blog\",\"description\":\"Alle Berichte zum Terrorverfahren in M\u00fcnchen\",\"potentialAction\":[{\"@type\":\"SearchAction\",\"target\":{\"@type\":\"EntryPoint\",\"urlTemplate\":\"https:\/\/blog.zeit.de\/nsu-prozess-blog\/?s={search_term_string}\"},\"query-input\":\"required name=search_term_string\"}],\"inLanguage\":\"de\"},{\"@type\":\"Person\",\"@id\":\"https:\/\/blog.zeit.de\/nsu-prozess-blog\/#\/schema\/person\/553ea9bb5d1fc2ae054c589bd59380a5\",\"name\":\"Tom Sundermann\",\"image\":{\"@type\":\"ImageObject\",\"inLanguage\":\"de\",\"@id\":\"https:\/\/blog.zeit.de\/nsu-prozess-blog\/#\/schema\/person\/image\/\",\"url\":\"https:\/\/secure.gravatar.com\/avatar\/e108a3dc18766f719b2f797dc5d19093f06a1870c55b553ab6b7563f1f9a5e68?s=96&d=mm&r=g\",\"contentUrl\":\"https:\/\/secure.gravatar.com\/avatar\/e108a3dc18766f719b2f797dc5d19093f06a1870c55b553ab6b7563f1f9a5e68?s=96&d=mm&r=g\",\"caption\":\"Tom Sundermann\"},\"sameAs\":[\"https:\/\/twitter.com\/messeticker\"],\"url\":\"https:\/\/blog.zeit.de\/nsu-prozess-blog\/author\/tsundermann\/\"}]}<\/script>\n<!-- \/ Yoast SEO plugin. -->","yoast_head_json":{"title":"Zsch\u00e4pes verlorener Kampf - Das NSU-Prozess-Blog","robots":{"index":"index","follow":"follow","max-snippet":"max-snippet:-1","max-image-preview":"max-image-preview:large","max-video-preview":"max-video-preview:-1"},"canonical":"https:\/\/blog.zeit.de\/nsu-prozess-blog\/2017\/06\/20\/zschaepes-letzte-hoffnungen-platzen\/","og_locale":"de_DE","og_type":"article","og_title":"Zsch\u00e4pes verlorener Kampf - Das NSU-Prozess-Blog","og_description":"Noch immer irritiert das entlastende Gutachten \u00fcber Beate Zsch\u00e4pe im NSU-Prozess. Jetzt will auch die Anklage die Expertise des unkritischen Psychiaters loswerden. Mit einer steilen These hatte der Freiburger Psychiater Joachim Bauer im vergangenen Monat reichlich Aufmerksamkeit erregt: Die mutma\u00dfliche Rechtsterroristin Beate Zsch\u00e4pe, angeklagt als Mitt\u00e4terin einer Serie von Morden und Bombenanschl\u00e4gen, sei zu keiner [&hellip;]","og_url":"https:\/\/blog.zeit.de\/nsu-prozess-blog\/2017\/06\/20\/zschaepes-letzte-hoffnungen-platzen\/","og_site_name":"Das NSU-Prozess-Blog","article_published_time":"2017-06-20T14:39:17+00:00","article_modified_time":"2017-07-11T14:44:14+00:00","og_image":[{"width":886,"height":498,"url":"https:\/\/blog.zeit.de\/nsu-prozess-blog\/files\/2015\/11\/raw1.jpg","type":"image\/jpeg"}],"author":"Tom Sundermann","twitter_misc":{"Geschrieben von":"Tom Sundermann","Gesch\u00e4tzte Lesezeit":"4\u00a0Minuten"},"schema":{"@context":"https:\/\/schema.org","@graph":[{"@type":"WebPage","@id":"https:\/\/blog.zeit.de\/nsu-prozess-blog\/2017\/06\/20\/zschaepes-letzte-hoffnungen-platzen\/","url":"https:\/\/blog.zeit.de\/nsu-prozess-blog\/2017\/06\/20\/zschaepes-letzte-hoffnungen-platzen\/","name":"Zsch\u00e4pes verlorener Kampf - Das NSU-Prozess-Blog","isPartOf":{"@id":"https:\/\/blog.zeit.de\/nsu-prozess-blog\/#website"},"datePublished":"2017-06-20T14:39:17+00:00","dateModified":"2017-07-11T14:44:14+00:00","author":{"@id":"https:\/\/blog.zeit.de\/nsu-prozess-blog\/#\/schema\/person\/553ea9bb5d1fc2ae054c589bd59380a5"},"breadcrumb":{"@id":"https:\/\/blog.zeit.de\/nsu-prozess-blog\/2017\/06\/20\/zschaepes-letzte-hoffnungen-platzen\/#breadcrumb"},"inLanguage":"de","potentialAction":[{"@type":"ReadAction","target":["https:\/\/blog.zeit.de\/nsu-prozess-blog\/2017\/06\/20\/zschaepes-letzte-hoffnungen-platzen\/"]}]},{"@type":"BreadcrumbList","@id":"https:\/\/blog.zeit.de\/nsu-prozess-blog\/2017\/06\/20\/zschaepes-letzte-hoffnungen-platzen\/#breadcrumb","itemListElement":[{"@type":"ListItem","position":1,"name":"Startseite","item":"https:\/\/blog.zeit.de\/nsu-prozess-blog\/"},{"@type":"ListItem","position":2,"name":"Zsch\u00e4pes verlorener Kampf"}]},{"@type":"WebSite","@id":"https:\/\/blog.zeit.de\/nsu-prozess-blog\/#website","url":"https:\/\/blog.zeit.de\/nsu-prozess-blog\/","name":"Das NSU-Prozess-Blog","description":"Alle Berichte zum Terrorverfahren in M\u00fcnchen","potentialAction":[{"@type":"SearchAction","target":{"@type":"EntryPoint","urlTemplate":"https:\/\/blog.zeit.de\/nsu-prozess-blog\/?s={search_term_string}"},"query-input":"required name=search_term_string"}],"inLanguage":"de"},{"@type":"Person","@id":"https:\/\/blog.zeit.de\/nsu-prozess-blog\/#\/schema\/person\/553ea9bb5d1fc2ae054c589bd59380a5","name":"Tom Sundermann","image":{"@type":"ImageObject","inLanguage":"de","@id":"https:\/\/blog.zeit.de\/nsu-prozess-blog\/#\/schema\/person\/image\/","url":"https:\/\/secure.gravatar.com\/avatar\/e108a3dc18766f719b2f797dc5d19093f06a1870c55b553ab6b7563f1f9a5e68?s=96&d=mm&r=g","contentUrl":"https:\/\/secure.gravatar.com\/avatar\/e108a3dc18766f719b2f797dc5d19093f06a1870c55b553ab6b7563f1f9a5e68?s=96&d=mm&r=g","caption":"Tom Sundermann"},"sameAs":["https:\/\/twitter.com\/messeticker"],"url":"https:\/\/blog.zeit.de\/nsu-prozess-blog\/author\/tsundermann\/"}]}},"jetpack_featured_media_url":"https:\/\/blog.zeit.de\/nsu-prozess-blog\/files\/2015\/11\/raw1.jpg","jetpack_sharing_enabled":true,"_links":{"self":[{"href":"https:\/\/blog.zeit.de\/nsu-prozess-blog\/wp-json\/wp\/v2\/posts\/13299","targetHints":{"allow":["GET"]}}],"collection":[{"href":"https:\/\/blog.zeit.de\/nsu-prozess-blog\/wp-json\/wp\/v2\/posts"}],"about":[{"href":"https:\/\/blog.zeit.de\/nsu-prozess-blog\/wp-json\/wp\/v2\/types\/post"}],"author":[{"embeddable":true,"href":"https:\/\/blog.zeit.de\/nsu-prozess-blog\/wp-json\/wp\/v2\/users\/435"}],"replies":[{"embeddable":true,"href":"https:\/\/blog.zeit.de\/nsu-prozess-blog\/wp-json\/wp\/v2\/comments?post=13299"}],"version-history":[{"count":8,"href":"https:\/\/blog.zeit.de\/nsu-prozess-blog\/wp-json\/wp\/v2\/posts\/13299\/revisions"}],"predecessor-version":[{"id":13380,"href":"https:\/\/blog.zeit.de\/nsu-prozess-blog\/wp-json\/wp\/v2\/posts\/13299\/revisions\/13380"}],"wp:featuredmedia":[{"embeddable":true,"href":"https:\/\/blog.zeit.de\/nsu-prozess-blog\/wp-json\/wp\/v2\/media\/10415"}],"wp:attachment":[{"href":"https:\/\/blog.zeit.de\/nsu-prozess-blog\/wp-json\/wp\/v2\/media?parent=13299"}],"wp:term":[{"taxonomy":"category","embeddable":true,"href":"https:\/\/blog.zeit.de\/nsu-prozess-blog\/wp-json\/wp\/v2\/categories?post=13299"},{"taxonomy":"post_tag","embeddable":true,"href":"https:\/\/blog.zeit.de\/nsu-prozess-blog\/wp-json\/wp\/v2\/tags?post=13299"}],"curies":[{"name":"wp","href":"https:\/\/api.w.org\/{rel}","templated":true}]}}