{"id":13321,"date":"2017-06-23T10:29:58","date_gmt":"2017-06-23T08:29:58","guid":{"rendered":"http:\/\/blog.zeit.de\/nsu-prozess-blog\/?p=13321"},"modified":"2017-06-23T22:06:47","modified_gmt":"2017-06-23T20:06:47","slug":"medienlog-zschaepe-transport-unfall-nsu","status":"publish","type":"post","link":"https:\/\/blog.zeit.de\/nsu-prozess-blog\/2017\/06\/23\/medienlog-zschaepe-transport-unfall-nsu\/","title":{"rendered":"Zsch\u00e4pe bei Gefangenentransport leicht verletzt \u2013 Das Medienlog vom Freitag, 23. Juni 2017"},"content":{"rendered":"<p>Beate Zsch\u00e4pe hat sich bei einem Unfall ihres Gefangenentransports auf dem Weg vom Gef\u00e4ngnis zum Gericht leicht verletzt. Sie erlitt eine Gehirnersch\u00fctterung, als der Transporter auf das voraus fahrende Polizeiauto auffuhr, berichten M\u00fcnchner Medien wie die <a href=\"http:\/\/www.sueddeutsche.de\/muenchen\/nsu-prozess-transportkonvoi-von-beate-zschaepe-in-unfall-verwickelt-1.3556465\" target=\"_blank\" rel=\"noopener noreferrer\"><em>S\u00fcddeutsche Zeitung<\/em><\/a>.<\/p>\n<p>Das Polizeiauto musste eine Vollbremsung machen, weil vor ihm eine Fu\u00dfg\u00e4ngerin auf die Stra\u00dfe gegangen war. Leicht verletzt wurde dabei auch ein Polizist. Zsch\u00e4pe wurde ambulant behandelt und nahm danach regul\u00e4r an der Verhandlung teil.<\/p>\n<p><em>An jedem Werktag sichten wir f\u00fcr das NSU-Prozess-Blog die Medien und stellen wichtige Berichte, Blogs, Videos und Tweets zusammen. Wir freuen uns \u00fcber Hinweise via Twitter mit dem Hashtag #nsublog \u2013 oder per E-Mail an <a href=\"mailto:nsublog@zeit.de\">nsublog@zeit.de<\/a>.<\/em><\/p>\n<p><em>Das n\u00e4chste Medienlog erscheint am Montag, 26. Juni 2017.<\/em><\/p>\n","protected":false},"excerpt":{"rendered":"<p>Beate Zsch\u00e4pe hat sich bei einem Unfall ihres Gefangenentransports auf dem Weg vom Gef\u00e4ngnis zum Gericht leicht verletzt. Sie erlitt eine Gehirnersch\u00fctterung, als der Transporter auf das voraus fahrende Polizeiauto auffuhr, berichten M\u00fcnchner Medien wie die S\u00fcddeutsche Zeitung. Das Polizeiauto musste eine Vollbremsung machen, weil vor ihm eine Fu\u00dfg\u00e4ngerin auf die Stra\u00dfe gegangen war. Leicht [&hellip;]<\/p>\n","protected":false},"author":435,"featured_media":0,"comment_status":"open","ping_status":"open","sticky":false,"template":"","format":"standard","meta":{"_jetpack_memberships_contains_paid_content":false,"footnotes":""},"categories":[16],"tags":[17793],"class_list":["post-13321","post","type-post","status-publish","format-standard","hentry","category-allgemein","tag-beate-zschape"],"yoast_head":"<!-- This site is optimized with the Yoast SEO plugin v21.0 - https:\/\/yoast.com\/wordpress\/plugins\/seo\/ -->\n<title>Zsch\u00e4pe bei Gefangenentransport leicht verletzt \u2013 Das Medienlog vom Freitag, 23. Juni 2017 - Das NSU-Prozess-Blog<\/title>\n<meta name=\"robots\" content=\"index, follow, max-snippet:-1, max-image-preview:large, max-video-preview:-1\" \/>\n<link rel=\"canonical\" href=\"https:\/\/blog.zeit.de\/nsu-prozess-blog\/2017\/06\/23\/medienlog-zschaepe-transport-unfall-nsu\/\" \/>\n<meta property=\"og:locale\" content=\"de_DE\" \/>\n<meta property=\"og:type\" content=\"article\" \/>\n<meta property=\"og:title\" content=\"Zsch\u00e4pe bei Gefangenentransport leicht verletzt \u2013 Das Medienlog vom Freitag, 23. Juni 2017 - Das NSU-Prozess-Blog\" \/>\n<meta property=\"og:description\" content=\"Beate Zsch\u00e4pe hat sich bei einem Unfall ihres Gefangenentransports auf dem Weg vom Gef\u00e4ngnis zum Gericht leicht verletzt. Sie erlitt eine Gehirnersch\u00fctterung, als der Transporter auf das voraus fahrende Polizeiauto auffuhr, berichten M\u00fcnchner Medien wie die S\u00fcddeutsche Zeitung. Das Polizeiauto musste eine Vollbremsung machen, weil vor ihm eine Fu\u00dfg\u00e4ngerin auf die Stra\u00dfe gegangen war. Leicht [&hellip;]\" \/>\n<meta property=\"og:url\" content=\"https:\/\/blog.zeit.de\/nsu-prozess-blog\/2017\/06\/23\/medienlog-zschaepe-transport-unfall-nsu\/\" \/>\n<meta property=\"og:site_name\" content=\"Das NSU-Prozess-Blog\" \/>\n<meta property=\"article:published_time\" content=\"2017-06-23T08:29:58+00:00\" \/>\n<meta property=\"article:modified_time\" content=\"2017-06-23T20:06:47+00:00\" \/>\n<meta name=\"author\" content=\"Tom Sundermann\" \/>\n<meta name=\"twitter:label1\" content=\"Geschrieben von\" \/>\n\t<meta name=\"twitter:data1\" content=\"Tom Sundermann\" \/>\n\t<meta name=\"twitter:label2\" content=\"Gesch\u00e4tzte Lesezeit\" \/>\n\t<meta name=\"twitter:data2\" content=\"1\u00a0Minute\" \/>\n<script type=\"application\/ld+json\" class=\"yoast-schema-graph\">{\"@context\":\"https:\/\/schema.org\",\"@graph\":[{\"@type\":\"WebPage\",\"@id\":\"https:\/\/blog.zeit.de\/nsu-prozess-blog\/2017\/06\/23\/medienlog-zschaepe-transport-unfall-nsu\/\",\"url\":\"https:\/\/blog.zeit.de\/nsu-prozess-blog\/2017\/06\/23\/medienlog-zschaepe-transport-unfall-nsu\/\",\"name\":\"Zsch\u00e4pe bei Gefangenentransport leicht verletzt \u2013 Das Medienlog vom Freitag, 23. Juni 2017 - Das NSU-Prozess-Blog\",\"isPartOf\":{\"@id\":\"https:\/\/blog.zeit.de\/nsu-prozess-blog\/#website\"},\"datePublished\":\"2017-06-23T08:29:58+00:00\",\"dateModified\":\"2017-06-23T20:06:47+00:00\",\"author\":{\"@id\":\"https:\/\/blog.zeit.de\/nsu-prozess-blog\/#\/schema\/person\/553ea9bb5d1fc2ae054c589bd59380a5\"},\"breadcrumb\":{\"@id\":\"https:\/\/blog.zeit.de\/nsu-prozess-blog\/2017\/06\/23\/medienlog-zschaepe-transport-unfall-nsu\/#breadcrumb\"},\"inLanguage\":\"de\",\"potentialAction\":[{\"@type\":\"ReadAction\",\"target\":[\"https:\/\/blog.zeit.de\/nsu-prozess-blog\/2017\/06\/23\/medienlog-zschaepe-transport-unfall-nsu\/\"]}]},{\"@type\":\"BreadcrumbList\",\"@id\":\"https:\/\/blog.zeit.de\/nsu-prozess-blog\/2017\/06\/23\/medienlog-zschaepe-transport-unfall-nsu\/#breadcrumb\",\"itemListElement\":[{\"@type\":\"ListItem\",\"position\":1,\"name\":\"Startseite\",\"item\":\"https:\/\/blog.zeit.de\/nsu-prozess-blog\/\"},{\"@type\":\"ListItem\",\"position\":2,\"name\":\"Zsch\u00e4pe bei Gefangenentransport leicht verletzt \u2013 Das Medienlog vom Freitag, 23. Juni 2017\"}]},{\"@type\":\"WebSite\",\"@id\":\"https:\/\/blog.zeit.de\/nsu-prozess-blog\/#website\",\"url\":\"https:\/\/blog.zeit.de\/nsu-prozess-blog\/\",\"name\":\"Das NSU-Prozess-Blog\",\"description\":\"Alle Berichte zum Terrorverfahren in M\u00fcnchen\",\"potentialAction\":[{\"@type\":\"SearchAction\",\"target\":{\"@type\":\"EntryPoint\",\"urlTemplate\":\"https:\/\/blog.zeit.de\/nsu-prozess-blog\/?s={search_term_string}\"},\"query-input\":\"required name=search_term_string\"}],\"inLanguage\":\"de\"},{\"@type\":\"Person\",\"@id\":\"https:\/\/blog.zeit.de\/nsu-prozess-blog\/#\/schema\/person\/553ea9bb5d1fc2ae054c589bd59380a5\",\"name\":\"Tom Sundermann\",\"image\":{\"@type\":\"ImageObject\",\"inLanguage\":\"de\",\"@id\":\"https:\/\/blog.zeit.de\/nsu-prozess-blog\/#\/schema\/person\/image\/\",\"url\":\"https:\/\/secure.gravatar.com\/avatar\/e108a3dc18766f719b2f797dc5d19093f06a1870c55b553ab6b7563f1f9a5e68?s=96&d=mm&r=g\",\"contentUrl\":\"https:\/\/secure.gravatar.com\/avatar\/e108a3dc18766f719b2f797dc5d19093f06a1870c55b553ab6b7563f1f9a5e68?s=96&d=mm&r=g\",\"caption\":\"Tom Sundermann\"},\"sameAs\":[\"https:\/\/twitter.com\/messeticker\"],\"url\":\"https:\/\/blog.zeit.de\/nsu-prozess-blog\/author\/tsundermann\/\"}]}<\/script>\n<!-- \/ Yoast SEO plugin. -->","yoast_head_json":{"title":"Zsch\u00e4pe bei Gefangenentransport leicht verletzt \u2013 Das Medienlog vom Freitag, 23. Juni 2017 - Das NSU-Prozess-Blog","robots":{"index":"index","follow":"follow","max-snippet":"max-snippet:-1","max-image-preview":"max-image-preview:large","max-video-preview":"max-video-preview:-1"},"canonical":"https:\/\/blog.zeit.de\/nsu-prozess-blog\/2017\/06\/23\/medienlog-zschaepe-transport-unfall-nsu\/","og_locale":"de_DE","og_type":"article","og_title":"Zsch\u00e4pe bei Gefangenentransport leicht verletzt \u2013 Das Medienlog vom Freitag, 23. Juni 2017 - Das NSU-Prozess-Blog","og_description":"Beate Zsch\u00e4pe hat sich bei einem Unfall ihres Gefangenentransports auf dem Weg vom Gef\u00e4ngnis zum Gericht leicht verletzt. Sie erlitt eine Gehirnersch\u00fctterung, als der Transporter auf das voraus fahrende Polizeiauto auffuhr, berichten M\u00fcnchner Medien wie die S\u00fcddeutsche Zeitung. Das Polizeiauto musste eine Vollbremsung machen, weil vor ihm eine Fu\u00dfg\u00e4ngerin auf die Stra\u00dfe gegangen war. Leicht [&hellip;]","og_url":"https:\/\/blog.zeit.de\/nsu-prozess-blog\/2017\/06\/23\/medienlog-zschaepe-transport-unfall-nsu\/","og_site_name":"Das NSU-Prozess-Blog","article_published_time":"2017-06-23T08:29:58+00:00","article_modified_time":"2017-06-23T20:06:47+00:00","author":"Tom Sundermann","twitter_misc":{"Geschrieben von":"Tom Sundermann","Gesch\u00e4tzte Lesezeit":"1\u00a0Minute"},"schema":{"@context":"https:\/\/schema.org","@graph":[{"@type":"WebPage","@id":"https:\/\/blog.zeit.de\/nsu-prozess-blog\/2017\/06\/23\/medienlog-zschaepe-transport-unfall-nsu\/","url":"https:\/\/blog.zeit.de\/nsu-prozess-blog\/2017\/06\/23\/medienlog-zschaepe-transport-unfall-nsu\/","name":"Zsch\u00e4pe bei Gefangenentransport leicht verletzt \u2013 Das Medienlog vom Freitag, 23. Juni 2017 - Das NSU-Prozess-Blog","isPartOf":{"@id":"https:\/\/blog.zeit.de\/nsu-prozess-blog\/#website"},"datePublished":"2017-06-23T08:29:58+00:00","dateModified":"2017-06-23T20:06:47+00:00","author":{"@id":"https:\/\/blog.zeit.de\/nsu-prozess-blog\/#\/schema\/person\/553ea9bb5d1fc2ae054c589bd59380a5"},"breadcrumb":{"@id":"https:\/\/blog.zeit.de\/nsu-prozess-blog\/2017\/06\/23\/medienlog-zschaepe-transport-unfall-nsu\/#breadcrumb"},"inLanguage":"de","potentialAction":[{"@type":"ReadAction","target":["https:\/\/blog.zeit.de\/nsu-prozess-blog\/2017\/06\/23\/medienlog-zschaepe-transport-unfall-nsu\/"]}]},{"@type":"BreadcrumbList","@id":"https:\/\/blog.zeit.de\/nsu-prozess-blog\/2017\/06\/23\/medienlog-zschaepe-transport-unfall-nsu\/#breadcrumb","itemListElement":[{"@type":"ListItem","position":1,"name":"Startseite","item":"https:\/\/blog.zeit.de\/nsu-prozess-blog\/"},{"@type":"ListItem","position":2,"name":"Zsch\u00e4pe bei Gefangenentransport leicht verletzt \u2013 Das Medienlog vom Freitag, 23. Juni 2017"}]},{"@type":"WebSite","@id":"https:\/\/blog.zeit.de\/nsu-prozess-blog\/#website","url":"https:\/\/blog.zeit.de\/nsu-prozess-blog\/","name":"Das NSU-Prozess-Blog","description":"Alle Berichte zum Terrorverfahren in M\u00fcnchen","potentialAction":[{"@type":"SearchAction","target":{"@type":"EntryPoint","urlTemplate":"https:\/\/blog.zeit.de\/nsu-prozess-blog\/?s={search_term_string}"},"query-input":"required name=search_term_string"}],"inLanguage":"de"},{"@type":"Person","@id":"https:\/\/blog.zeit.de\/nsu-prozess-blog\/#\/schema\/person\/553ea9bb5d1fc2ae054c589bd59380a5","name":"Tom Sundermann","image":{"@type":"ImageObject","inLanguage":"de","@id":"https:\/\/blog.zeit.de\/nsu-prozess-blog\/#\/schema\/person\/image\/","url":"https:\/\/secure.gravatar.com\/avatar\/e108a3dc18766f719b2f797dc5d19093f06a1870c55b553ab6b7563f1f9a5e68?s=96&d=mm&r=g","contentUrl":"https:\/\/secure.gravatar.com\/avatar\/e108a3dc18766f719b2f797dc5d19093f06a1870c55b553ab6b7563f1f9a5e68?s=96&d=mm&r=g","caption":"Tom Sundermann"},"sameAs":["https:\/\/twitter.com\/messeticker"],"url":"https:\/\/blog.zeit.de\/nsu-prozess-blog\/author\/tsundermann\/"}]}},"jetpack_featured_media_url":"","jetpack_sharing_enabled":true,"_links":{"self":[{"href":"https:\/\/blog.zeit.de\/nsu-prozess-blog\/wp-json\/wp\/v2\/posts\/13321","targetHints":{"allow":["GET"]}}],"collection":[{"href":"https:\/\/blog.zeit.de\/nsu-prozess-blog\/wp-json\/wp\/v2\/posts"}],"about":[{"href":"https:\/\/blog.zeit.de\/nsu-prozess-blog\/wp-json\/wp\/v2\/types\/post"}],"author":[{"embeddable":true,"href":"https:\/\/blog.zeit.de\/nsu-prozess-blog\/wp-json\/wp\/v2\/users\/435"}],"replies":[{"embeddable":true,"href":"https:\/\/blog.zeit.de\/nsu-prozess-blog\/wp-json\/wp\/v2\/comments?post=13321"}],"version-history":[{"count":5,"href":"https:\/\/blog.zeit.de\/nsu-prozess-blog\/wp-json\/wp\/v2\/posts\/13321\/revisions"}],"predecessor-version":[{"id":13327,"href":"https:\/\/blog.zeit.de\/nsu-prozess-blog\/wp-json\/wp\/v2\/posts\/13321\/revisions\/13327"}],"wp:attachment":[{"href":"https:\/\/blog.zeit.de\/nsu-prozess-blog\/wp-json\/wp\/v2\/media?parent=13321"}],"wp:term":[{"taxonomy":"category","embeddable":true,"href":"https:\/\/blog.zeit.de\/nsu-prozess-blog\/wp-json\/wp\/v2\/categories?post=13321"},{"taxonomy":"post_tag","embeddable":true,"href":"https:\/\/blog.zeit.de\/nsu-prozess-blog\/wp-json\/wp\/v2\/tags?post=13321"}],"curies":[{"name":"wp","href":"https:\/\/api.w.org\/{rel}","templated":true}]}}