{"id":13341,"date":"2017-06-30T10:06:11","date_gmt":"2017-06-30T08:06:11","guid":{"rendered":"http:\/\/blog.zeit.de\/nsu-prozess-blog\/?p=13341"},"modified":"2017-06-30T11:18:42","modified_gmt":"2017-06-30T09:18:42","slug":"medienlog-antrag-gutachter-endphase-nsu","status":"publish","type":"post","link":"https:\/\/blog.zeit.de\/nsu-prozess-blog\/2017\/06\/30\/medienlog-antrag-gutachter-endphase-nsu\/","title":{"rendered":"Eine Endphase, die nicht endet \u2013 Das Medienlog vom Freitag, 30. Juni 2017"},"content":{"rendered":"<p>Auf die geplante Befragung von <a href=\"https:\/\/blog.zeit.de\/nsu-prozess-blog\/2017\/05\/30\/gutachter-wehrt-sich-und-belastet-weiterhin-zschaepe\/\">Beate Zsch\u00e4pes Gutachter Henning Sa\u00df<\/a> verzichteten die Verteidiger der Hauptangeklagten am Donnerstag \u2013 stattdessen behielten sie sich vor, in der kommenden Woche die Beiziehung eines weiteren Sachverst\u00e4ndigen zu beantragen. So blieb vor allem ein Satz im Ged\u00e4chtnis, gesprochen von Richter Manfred G\u00f6tzl: &#8222;Die Hauptverhandlung befindet sich in der Endphase.&#8220; Dennoch gehe die Beweisaufnahme wegen der zahlreichen Antr\u00e4ge der Prozessbeteiligten weiter.<\/p>\n<p>Nun also die Ank\u00fcndigung der Zsch\u00e4pe-Anw\u00e4lte. &#8222;Berichte \u00fcber einen baldigen Beginn der Pl\u00e4doyers in diesem XXL-Verfahren sind deshalb reine Mutma\u00dfungen&#8220;, merkt Eckhart Querner vom <a href=\"http:\/\/www.br.de\/nachrichten\/nsu-prozess\/170629-tagebuch-gerichtsreporter-100.html\" target=\"_blank\" rel=\"noopener noreferrer\">Bayerischen Rundfunk<\/a> an. Somit werde sich der Prozess &#8222;in jedem Fall bis in den Herbst hineinziehen&#8220;.<\/p>\n<p><!--more--><\/p>\n<p><em>An jedem Werktag sichten wir f\u00fcr das NSU-Prozess-Blog die Medien und stellen wichtige Berichte, Blogs, Videos und Tweets zusammen. Wir freuen uns \u00fcber Hinweise via Twitter mit dem Hashtag #nsublog \u2013 oder per E-Mail an <a href=\"mailto:nsublog@zeit.de\">nsublog@zeit.de<\/a>.<\/em><\/p>\n<p>&#8222;Subtil best\u00e4tigte G\u00f6tzl, was l\u00e4ngst klar scheint: F\u00fcr das Gericht ist das seit \u00fcber vier Jahren laufende Verfahren l\u00e4ngst erledigt&#8220;, analysieren wir auf <a href=\"https:\/\/blog.zeit.de\/nsu-prozess-blog\/2017\/06\/29\/der-prozess-geht-in-die-nachspielzeit\/\" target=\"_blank\" rel=\"noopener noreferrer\">ZEIT ONLINE<\/a>. Das macht die weiteren Vorg\u00e4nge jedoch nicht vorhersehbarer: &#8222;Wann die Endphase endet, das wei\u00df niemand so genau.&#8220; Grund ist, dass sich das Gericht trotz Verstreichen einer <a href=\"https:\/\/blog.zeit.de\/nsu-prozess-blog\/2017\/04\/26\/medienlog-frist-beweisantraege-nsu\/\">Frist f\u00fcr Beweisantr\u00e4ge<\/a> weiterhin gewissenhaft mit Gesuchen der Verfahrensbeteiligten befassen muss \u2013 ein Gebot der Revisionssicherheit.<\/p>\n<p>G\u00f6tzl lehnte am Donnerstag unter anderem einen Beweisantrag der Verteidiger von <a href=\"https:\/\/blog.zeit.de\/nsu-prozess-blog\/2015\/12\/16\/aussage-nach-zschapes-vorbild\/\">Ralf Wohlleben<\/a> ab. Sie hatten gefordert, das Verhalten von Zsch\u00e4pes Komplizen Uwe Mundlos und Uwe B\u00f6hnhardt von einem Psychiater analysieren zu lassen. Dies werde ergeben, dass die beiden Psychopathen waren, argumentierten die Anw\u00e4lte. Sie stellten einen Befangenheitsantrag gegen alle Richter des Prozesses. Dazu berichtet Wiebke Ramm in der <a href=\"http:\/\/www.sueddeutsche.de\/politik\/nsu-prozess-gericht-lehnt-psychiatrisches-gutachten-zu-mundlos-und-boehnhardt-ab-1.3567390\" target=\"_blank\" rel=\"noopener noreferrer\"><em>S\u00fcddeutschen Zeitung<\/em><\/a>.<\/p>\n<p><em>Das n\u00e4chste Medienlog erscheint am Montag, 3. Juli 2017.<\/em><\/p>\n","protected":false},"excerpt":{"rendered":"<p>Auf die geplante Befragung von Beate Zsch\u00e4pes Gutachter Henning Sa\u00df verzichteten die Verteidiger der Hauptangeklagten am Donnerstag \u2013 stattdessen behielten sie sich vor, in der kommenden Woche die Beiziehung eines weiteren Sachverst\u00e4ndigen zu beantragen. So blieb vor allem ein Satz im Ged\u00e4chtnis, gesprochen von Richter Manfred G\u00f6tzl: &#8222;Die Hauptverhandlung befindet sich in der Endphase.&#8220; Dennoch [&hellip;]<\/p>\n","protected":false},"author":435,"featured_media":13348,"comment_status":"open","ping_status":"open","sticky":false,"template":"","format":"standard","meta":{"_jetpack_memberships_contains_paid_content":false,"footnotes":""},"categories":[27531],"tags":[29424,17793,29430,1105,33605,33589,17772],"class_list":["post-13341","post","type-post","status-publish","format-standard","has-post-thumbnail","hentry","category-medienschau","tag-anwalte","tag-beate-zschape","tag-befangenheitsantrag","tag-gutachten","tag-henning-sass","tag-psychiater","tag-ralf-wohlleben"],"yoast_head":"<!-- This site is optimized with the Yoast SEO plugin v21.0 - https:\/\/yoast.com\/wordpress\/plugins\/seo\/ -->\n<title>Eine Endphase, die nicht endet \u2013 Das Medienlog vom Freitag, 30. Juni 2017 - Das NSU-Prozess-Blog<\/title>\n<meta name=\"robots\" content=\"index, follow, max-snippet:-1, max-image-preview:large, max-video-preview:-1\" \/>\n<link rel=\"canonical\" href=\"https:\/\/blog.zeit.de\/nsu-prozess-blog\/2017\/06\/30\/medienlog-antrag-gutachter-endphase-nsu\/\" \/>\n<meta property=\"og:locale\" content=\"de_DE\" \/>\n<meta property=\"og:type\" content=\"article\" \/>\n<meta property=\"og:title\" content=\"Eine Endphase, die nicht endet \u2013 Das Medienlog vom Freitag, 30. Juni 2017 - Das NSU-Prozess-Blog\" \/>\n<meta property=\"og:description\" content=\"Auf die geplante Befragung von Beate Zsch\u00e4pes Gutachter Henning Sa\u00df verzichteten die Verteidiger der Hauptangeklagten am Donnerstag \u2013 stattdessen behielten sie sich vor, in der kommenden Woche die Beiziehung eines weiteren Sachverst\u00e4ndigen zu beantragen. So blieb vor allem ein Satz im Ged\u00e4chtnis, gesprochen von Richter Manfred G\u00f6tzl: &#8222;Die Hauptverhandlung befindet sich in der Endphase.&#8220; Dennoch [&hellip;]\" \/>\n<meta property=\"og:url\" content=\"https:\/\/blog.zeit.de\/nsu-prozess-blog\/2017\/06\/30\/medienlog-antrag-gutachter-endphase-nsu\/\" \/>\n<meta property=\"og:site_name\" content=\"Das NSU-Prozess-Blog\" \/>\n<meta property=\"article:published_time\" content=\"2017-06-30T08:06:11+00:00\" \/>\n<meta property=\"article:modified_time\" content=\"2017-06-30T09:18:42+00:00\" \/>\n<meta property=\"og:image\" content=\"https:\/\/blog.zeit.de\/nsu-prozess-blog\/files\/2017\/06\/goetzl.jpg\" \/>\n\t<meta property=\"og:image:width\" content=\"3452\" \/>\n\t<meta property=\"og:image:height\" content=\"2464\" \/>\n\t<meta property=\"og:image:type\" content=\"image\/jpeg\" \/>\n<meta name=\"author\" content=\"Tom Sundermann\" \/>\n<meta name=\"twitter:label1\" content=\"Geschrieben von\" \/>\n\t<meta name=\"twitter:data1\" content=\"Tom Sundermann\" \/>\n\t<meta name=\"twitter:label2\" content=\"Gesch\u00e4tzte Lesezeit\" \/>\n\t<meta name=\"twitter:data2\" content=\"2\u00a0Minuten\" \/>\n<script type=\"application\/ld+json\" class=\"yoast-schema-graph\">{\"@context\":\"https:\/\/schema.org\",\"@graph\":[{\"@type\":\"WebPage\",\"@id\":\"https:\/\/blog.zeit.de\/nsu-prozess-blog\/2017\/06\/30\/medienlog-antrag-gutachter-endphase-nsu\/\",\"url\":\"https:\/\/blog.zeit.de\/nsu-prozess-blog\/2017\/06\/30\/medienlog-antrag-gutachter-endphase-nsu\/\",\"name\":\"Eine Endphase, die nicht endet \u2013 Das Medienlog vom Freitag, 30. Juni 2017 - Das NSU-Prozess-Blog\",\"isPartOf\":{\"@id\":\"https:\/\/blog.zeit.de\/nsu-prozess-blog\/#website\"},\"datePublished\":\"2017-06-30T08:06:11+00:00\",\"dateModified\":\"2017-06-30T09:18:42+00:00\",\"author\":{\"@id\":\"https:\/\/blog.zeit.de\/nsu-prozess-blog\/#\/schema\/person\/553ea9bb5d1fc2ae054c589bd59380a5\"},\"breadcrumb\":{\"@id\":\"https:\/\/blog.zeit.de\/nsu-prozess-blog\/2017\/06\/30\/medienlog-antrag-gutachter-endphase-nsu\/#breadcrumb\"},\"inLanguage\":\"de\",\"potentialAction\":[{\"@type\":\"ReadAction\",\"target\":[\"https:\/\/blog.zeit.de\/nsu-prozess-blog\/2017\/06\/30\/medienlog-antrag-gutachter-endphase-nsu\/\"]}]},{\"@type\":\"BreadcrumbList\",\"@id\":\"https:\/\/blog.zeit.de\/nsu-prozess-blog\/2017\/06\/30\/medienlog-antrag-gutachter-endphase-nsu\/#breadcrumb\",\"itemListElement\":[{\"@type\":\"ListItem\",\"position\":1,\"name\":\"Startseite\",\"item\":\"https:\/\/blog.zeit.de\/nsu-prozess-blog\/\"},{\"@type\":\"ListItem\",\"position\":2,\"name\":\"Eine Endphase, die nicht endet \u2013 Das Medienlog vom Freitag, 30. Juni 2017\"}]},{\"@type\":\"WebSite\",\"@id\":\"https:\/\/blog.zeit.de\/nsu-prozess-blog\/#website\",\"url\":\"https:\/\/blog.zeit.de\/nsu-prozess-blog\/\",\"name\":\"Das NSU-Prozess-Blog\",\"description\":\"Alle Berichte zum Terrorverfahren in M\u00fcnchen\",\"potentialAction\":[{\"@type\":\"SearchAction\",\"target\":{\"@type\":\"EntryPoint\",\"urlTemplate\":\"https:\/\/blog.zeit.de\/nsu-prozess-blog\/?s={search_term_string}\"},\"query-input\":\"required name=search_term_string\"}],\"inLanguage\":\"de\"},{\"@type\":\"Person\",\"@id\":\"https:\/\/blog.zeit.de\/nsu-prozess-blog\/#\/schema\/person\/553ea9bb5d1fc2ae054c589bd59380a5\",\"name\":\"Tom Sundermann\",\"image\":{\"@type\":\"ImageObject\",\"inLanguage\":\"de\",\"@id\":\"https:\/\/blog.zeit.de\/nsu-prozess-blog\/#\/schema\/person\/image\/\",\"url\":\"https:\/\/secure.gravatar.com\/avatar\/e108a3dc18766f719b2f797dc5d19093f06a1870c55b553ab6b7563f1f9a5e68?s=96&d=mm&r=g\",\"contentUrl\":\"https:\/\/secure.gravatar.com\/avatar\/e108a3dc18766f719b2f797dc5d19093f06a1870c55b553ab6b7563f1f9a5e68?s=96&d=mm&r=g\",\"caption\":\"Tom Sundermann\"},\"sameAs\":[\"https:\/\/twitter.com\/messeticker\"],\"url\":\"https:\/\/blog.zeit.de\/nsu-prozess-blog\/author\/tsundermann\/\"}]}<\/script>\n<!-- \/ Yoast SEO plugin. -->","yoast_head_json":{"title":"Eine Endphase, die nicht endet \u2013 Das Medienlog vom Freitag, 30. Juni 2017 - Das NSU-Prozess-Blog","robots":{"index":"index","follow":"follow","max-snippet":"max-snippet:-1","max-image-preview":"max-image-preview:large","max-video-preview":"max-video-preview:-1"},"canonical":"https:\/\/blog.zeit.de\/nsu-prozess-blog\/2017\/06\/30\/medienlog-antrag-gutachter-endphase-nsu\/","og_locale":"de_DE","og_type":"article","og_title":"Eine Endphase, die nicht endet \u2013 Das Medienlog vom Freitag, 30. Juni 2017 - Das NSU-Prozess-Blog","og_description":"Auf die geplante Befragung von Beate Zsch\u00e4pes Gutachter Henning Sa\u00df verzichteten die Verteidiger der Hauptangeklagten am Donnerstag \u2013 stattdessen behielten sie sich vor, in der kommenden Woche die Beiziehung eines weiteren Sachverst\u00e4ndigen zu beantragen. So blieb vor allem ein Satz im Ged\u00e4chtnis, gesprochen von Richter Manfred G\u00f6tzl: &#8222;Die Hauptverhandlung befindet sich in der Endphase.&#8220; Dennoch [&hellip;]","og_url":"https:\/\/blog.zeit.de\/nsu-prozess-blog\/2017\/06\/30\/medienlog-antrag-gutachter-endphase-nsu\/","og_site_name":"Das NSU-Prozess-Blog","article_published_time":"2017-06-30T08:06:11+00:00","article_modified_time":"2017-06-30T09:18:42+00:00","og_image":[{"width":3452,"height":2464,"url":"https:\/\/blog.zeit.de\/nsu-prozess-blog\/files\/2017\/06\/goetzl.jpg","type":"image\/jpeg"}],"author":"Tom Sundermann","twitter_misc":{"Geschrieben von":"Tom Sundermann","Gesch\u00e4tzte Lesezeit":"2\u00a0Minuten"},"schema":{"@context":"https:\/\/schema.org","@graph":[{"@type":"WebPage","@id":"https:\/\/blog.zeit.de\/nsu-prozess-blog\/2017\/06\/30\/medienlog-antrag-gutachter-endphase-nsu\/","url":"https:\/\/blog.zeit.de\/nsu-prozess-blog\/2017\/06\/30\/medienlog-antrag-gutachter-endphase-nsu\/","name":"Eine Endphase, die nicht endet \u2013 Das Medienlog vom Freitag, 30. Juni 2017 - Das NSU-Prozess-Blog","isPartOf":{"@id":"https:\/\/blog.zeit.de\/nsu-prozess-blog\/#website"},"datePublished":"2017-06-30T08:06:11+00:00","dateModified":"2017-06-30T09:18:42+00:00","author":{"@id":"https:\/\/blog.zeit.de\/nsu-prozess-blog\/#\/schema\/person\/553ea9bb5d1fc2ae054c589bd59380a5"},"breadcrumb":{"@id":"https:\/\/blog.zeit.de\/nsu-prozess-blog\/2017\/06\/30\/medienlog-antrag-gutachter-endphase-nsu\/#breadcrumb"},"inLanguage":"de","potentialAction":[{"@type":"ReadAction","target":["https:\/\/blog.zeit.de\/nsu-prozess-blog\/2017\/06\/30\/medienlog-antrag-gutachter-endphase-nsu\/"]}]},{"@type":"BreadcrumbList","@id":"https:\/\/blog.zeit.de\/nsu-prozess-blog\/2017\/06\/30\/medienlog-antrag-gutachter-endphase-nsu\/#breadcrumb","itemListElement":[{"@type":"ListItem","position":1,"name":"Startseite","item":"https:\/\/blog.zeit.de\/nsu-prozess-blog\/"},{"@type":"ListItem","position":2,"name":"Eine Endphase, die nicht endet \u2013 Das Medienlog vom Freitag, 30. Juni 2017"}]},{"@type":"WebSite","@id":"https:\/\/blog.zeit.de\/nsu-prozess-blog\/#website","url":"https:\/\/blog.zeit.de\/nsu-prozess-blog\/","name":"Das NSU-Prozess-Blog","description":"Alle Berichte zum Terrorverfahren in M\u00fcnchen","potentialAction":[{"@type":"SearchAction","target":{"@type":"EntryPoint","urlTemplate":"https:\/\/blog.zeit.de\/nsu-prozess-blog\/?s={search_term_string}"},"query-input":"required name=search_term_string"}],"inLanguage":"de"},{"@type":"Person","@id":"https:\/\/blog.zeit.de\/nsu-prozess-blog\/#\/schema\/person\/553ea9bb5d1fc2ae054c589bd59380a5","name":"Tom Sundermann","image":{"@type":"ImageObject","inLanguage":"de","@id":"https:\/\/blog.zeit.de\/nsu-prozess-blog\/#\/schema\/person\/image\/","url":"https:\/\/secure.gravatar.com\/avatar\/e108a3dc18766f719b2f797dc5d19093f06a1870c55b553ab6b7563f1f9a5e68?s=96&d=mm&r=g","contentUrl":"https:\/\/secure.gravatar.com\/avatar\/e108a3dc18766f719b2f797dc5d19093f06a1870c55b553ab6b7563f1f9a5e68?s=96&d=mm&r=g","caption":"Tom Sundermann"},"sameAs":["https:\/\/twitter.com\/messeticker"],"url":"https:\/\/blog.zeit.de\/nsu-prozess-blog\/author\/tsundermann\/"}]}},"jetpack_featured_media_url":"https:\/\/blog.zeit.de\/nsu-prozess-blog\/files\/2017\/06\/goetzl.jpg","jetpack_sharing_enabled":true,"_links":{"self":[{"href":"https:\/\/blog.zeit.de\/nsu-prozess-blog\/wp-json\/wp\/v2\/posts\/13341","targetHints":{"allow":["GET"]}}],"collection":[{"href":"https:\/\/blog.zeit.de\/nsu-prozess-blog\/wp-json\/wp\/v2\/posts"}],"about":[{"href":"https:\/\/blog.zeit.de\/nsu-prozess-blog\/wp-json\/wp\/v2\/types\/post"}],"author":[{"embeddable":true,"href":"https:\/\/blog.zeit.de\/nsu-prozess-blog\/wp-json\/wp\/v2\/users\/435"}],"replies":[{"embeddable":true,"href":"https:\/\/blog.zeit.de\/nsu-prozess-blog\/wp-json\/wp\/v2\/comments?post=13341"}],"version-history":[{"count":2,"href":"https:\/\/blog.zeit.de\/nsu-prozess-blog\/wp-json\/wp\/v2\/posts\/13341\/revisions"}],"predecessor-version":[{"id":13349,"href":"https:\/\/blog.zeit.de\/nsu-prozess-blog\/wp-json\/wp\/v2\/posts\/13341\/revisions\/13349"}],"wp:featuredmedia":[{"embeddable":true,"href":"https:\/\/blog.zeit.de\/nsu-prozess-blog\/wp-json\/wp\/v2\/media\/13348"}],"wp:attachment":[{"href":"https:\/\/blog.zeit.de\/nsu-prozess-blog\/wp-json\/wp\/v2\/media?parent=13341"}],"wp:term":[{"taxonomy":"category","embeddable":true,"href":"https:\/\/blog.zeit.de\/nsu-prozess-blog\/wp-json\/wp\/v2\/categories?post=13341"},{"taxonomy":"post_tag","embeddable":true,"href":"https:\/\/blog.zeit.de\/nsu-prozess-blog\/wp-json\/wp\/v2\/tags?post=13341"}],"curies":[{"name":"wp","href":"https:\/\/api.w.org\/{rel}","templated":true}]}}