{"id":13345,"date":"2017-07-05T07:00:03","date_gmt":"2017-07-05T05:00:03","guid":{"rendered":"http:\/\/blog.zeit.de\/nsu-prozess-blog\/?p=13345"},"modified":"2017-07-05T19:13:52","modified_gmt":"2017-07-05T17:13:52","slug":"371-prozesstag-wie-wohnte-das-trio-2","status":"publish","type":"post","link":"https:\/\/blog.zeit.de\/nsu-prozess-blog\/2017\/07\/05\/371-prozesstag-wie-wohnte-das-trio-2\/","title":{"rendered":"371. Prozesstag \u2013 Wie wohnte das Trio?"},"content":{"rendered":"<p>Um die <a href=\"http:\/\/www.zeit.de\/gesellschaft\/zeitgeschehen\/2013-06\/nsu-prozess-wohnung-brand\">Wohnverh\u00e4ltnisse<\/a> von Beate Zsch\u00e4pe, Uwe Mundlos und Uwe B\u00f6hnhardt im Untergrund geht es in der Verhandlung am Mittwoch. Auf Antrag eines Nebenklageanwalts befragt das Gericht zwei Zeugen zur ersten Wohnung des Trios in Zwickau. Darin hatten die drei von Juli 2000 bis Mai 2001 gelebt. Hintergrund ist die Kl\u00e4rung von Zsch\u00e4pes Glaubw\u00fcrdigkeit: Die Angeklagte hatte ausgesagt, jeder h\u00e4tte in der Wohnung sein eigenes Zimmer gehabt \u2013 obwohl es dort nur zwei Zimmer und ein Durchgangszimmer gibt. Sp\u00e4ter lie\u00df sie ihren Anwalt <a href=\"https:\/\/blog.zeit.de\/nsu-prozess-blog\/2015\/07\/21\/zschaepes-letzter-mann\/\">Mathias Grasel<\/a> mitteilen, einer der R\u00e4ume sei durch eine Trennwand unterteilt gewesen. Mithilfe der Beamten soll gepr\u00fcft werden, ob das stimmen kann.<\/p>\n<p>Kl\u00e4rung k\u00f6nnte es auch \u00fcber den Umgang mit dem <a href=\"https:\/\/blog.zeit.de\/nsu-prozess-blog\/2017\/01\/18\/gutachter-nimmt-zschaepe-letzte-hoffnung\/\">psychiatrischen Gutachten<\/a> \u00fcber Zsch\u00e4pe geben: Ihre Anw\u00e4lte hatten auf eine weitere Befragung des <a href=\"https:\/\/blog.zeit.de\/nsu-prozess-blog\/2017\/05\/30\/gutachter-wehrt-sich-und-belastet-weiterhin-zschaepe\/\">Sachverst\u00e4ndigen Henning Sa\u00df<\/a> verzichtet und sich vorbehalten, heute die Beiziehung eines zus\u00e4tzlichen Gutachters zu beantragen. H\u00e4tten sie damit Erfolg, st\u00fcnde dem Prozess eine erhebliche Verl\u00e4ngerung ins Haus.<br \/>\n<em>Informationen aus der Verhandlung gibt es <a href=\"https:\/\/twitter.com\/zeitonline\/lists\/nsu-prozess\">via Twitter hier<\/a>. Die Berichte dar\u00fcber fassen wir morgen im <a href=\"https:\/\/blog.zeit.de\/nsu-prozess-blog\/category\/medienschau\/\">NSU-Medienlog<\/a> zusammen.<\/em><\/p>\n","protected":false},"excerpt":{"rendered":"<p>Um die Wohnverh\u00e4ltnisse von Beate Zsch\u00e4pe, Uwe Mundlos und Uwe B\u00f6hnhardt im Untergrund geht es in der Verhandlung am Mittwoch. Auf Antrag eines Nebenklageanwalts befragt das Gericht zwei Zeugen zur ersten Wohnung des Trios in Zwickau. Darin hatten die drei von Juli 2000 bis Mai 2001 gelebt. Hintergrund ist die Kl\u00e4rung von Zsch\u00e4pes Glaubw\u00fcrdigkeit: Die [&hellip;]<\/p>\n","protected":false},"author":435,"featured_media":0,"comment_status":"open","ping_status":"open","sticky":false,"template":"","format":"standard","meta":{"_jetpack_memberships_contains_paid_content":false,"footnotes":""},"categories":[27532],"tags":[17793,1105,33589,27560],"class_list":["post-13345","post","type-post","status-publish","format-standard","hentry","category-prozesstage","tag-beate-zschape","tag-gutachten","tag-psychiater","tag-zwickau"],"yoast_head":"<!-- This site is optimized with the Yoast SEO plugin v21.0 - https:\/\/yoast.com\/wordpress\/plugins\/seo\/ -->\n<title>371. Prozesstag \u2013 Wie wohnte das Trio? - Das NSU-Prozess-Blog<\/title>\n<meta name=\"robots\" content=\"index, follow, max-snippet:-1, max-image-preview:large, max-video-preview:-1\" \/>\n<link rel=\"canonical\" href=\"https:\/\/blog.zeit.de\/nsu-prozess-blog\/2017\/07\/05\/371-prozesstag-wie-wohnte-das-trio-2\/\" \/>\n<meta property=\"og:locale\" content=\"de_DE\" \/>\n<meta property=\"og:type\" content=\"article\" \/>\n<meta property=\"og:title\" content=\"371. Prozesstag \u2013 Wie wohnte das Trio? - Das NSU-Prozess-Blog\" \/>\n<meta property=\"og:description\" content=\"Um die Wohnverh\u00e4ltnisse von Beate Zsch\u00e4pe, Uwe Mundlos und Uwe B\u00f6hnhardt im Untergrund geht es in der Verhandlung am Mittwoch. Auf Antrag eines Nebenklageanwalts befragt das Gericht zwei Zeugen zur ersten Wohnung des Trios in Zwickau. Darin hatten die drei von Juli 2000 bis Mai 2001 gelebt. Hintergrund ist die Kl\u00e4rung von Zsch\u00e4pes Glaubw\u00fcrdigkeit: Die [&hellip;]\" \/>\n<meta property=\"og:url\" content=\"https:\/\/blog.zeit.de\/nsu-prozess-blog\/2017\/07\/05\/371-prozesstag-wie-wohnte-das-trio-2\/\" \/>\n<meta property=\"og:site_name\" content=\"Das NSU-Prozess-Blog\" \/>\n<meta property=\"article:published_time\" content=\"2017-07-05T05:00:03+00:00\" \/>\n<meta property=\"article:modified_time\" content=\"2017-07-05T17:13:52+00:00\" \/>\n<meta name=\"author\" content=\"Tom Sundermann\" \/>\n<meta name=\"twitter:label1\" content=\"Geschrieben von\" \/>\n\t<meta name=\"twitter:data1\" content=\"Tom Sundermann\" \/>\n\t<meta name=\"twitter:label2\" content=\"Gesch\u00e4tzte Lesezeit\" \/>\n\t<meta name=\"twitter:data2\" content=\"1\u00a0Minute\" \/>\n<script type=\"application\/ld+json\" class=\"yoast-schema-graph\">{\"@context\":\"https:\/\/schema.org\",\"@graph\":[{\"@type\":\"WebPage\",\"@id\":\"https:\/\/blog.zeit.de\/nsu-prozess-blog\/2017\/07\/05\/371-prozesstag-wie-wohnte-das-trio-2\/\",\"url\":\"https:\/\/blog.zeit.de\/nsu-prozess-blog\/2017\/07\/05\/371-prozesstag-wie-wohnte-das-trio-2\/\",\"name\":\"371. Prozesstag \u2013 Wie wohnte das Trio? - Das NSU-Prozess-Blog\",\"isPartOf\":{\"@id\":\"https:\/\/blog.zeit.de\/nsu-prozess-blog\/#website\"},\"datePublished\":\"2017-07-05T05:00:03+00:00\",\"dateModified\":\"2017-07-05T17:13:52+00:00\",\"author\":{\"@id\":\"https:\/\/blog.zeit.de\/nsu-prozess-blog\/#\/schema\/person\/553ea9bb5d1fc2ae054c589bd59380a5\"},\"breadcrumb\":{\"@id\":\"https:\/\/blog.zeit.de\/nsu-prozess-blog\/2017\/07\/05\/371-prozesstag-wie-wohnte-das-trio-2\/#breadcrumb\"},\"inLanguage\":\"de\",\"potentialAction\":[{\"@type\":\"ReadAction\",\"target\":[\"https:\/\/blog.zeit.de\/nsu-prozess-blog\/2017\/07\/05\/371-prozesstag-wie-wohnte-das-trio-2\/\"]}]},{\"@type\":\"BreadcrumbList\",\"@id\":\"https:\/\/blog.zeit.de\/nsu-prozess-blog\/2017\/07\/05\/371-prozesstag-wie-wohnte-das-trio-2\/#breadcrumb\",\"itemListElement\":[{\"@type\":\"ListItem\",\"position\":1,\"name\":\"Startseite\",\"item\":\"https:\/\/blog.zeit.de\/nsu-prozess-blog\/\"},{\"@type\":\"ListItem\",\"position\":2,\"name\":\"371. Prozesstag \u2013 Wie wohnte das Trio?\"}]},{\"@type\":\"WebSite\",\"@id\":\"https:\/\/blog.zeit.de\/nsu-prozess-blog\/#website\",\"url\":\"https:\/\/blog.zeit.de\/nsu-prozess-blog\/\",\"name\":\"Das NSU-Prozess-Blog\",\"description\":\"Alle Berichte zum Terrorverfahren in M\u00fcnchen\",\"potentialAction\":[{\"@type\":\"SearchAction\",\"target\":{\"@type\":\"EntryPoint\",\"urlTemplate\":\"https:\/\/blog.zeit.de\/nsu-prozess-blog\/?s={search_term_string}\"},\"query-input\":\"required name=search_term_string\"}],\"inLanguage\":\"de\"},{\"@type\":\"Person\",\"@id\":\"https:\/\/blog.zeit.de\/nsu-prozess-blog\/#\/schema\/person\/553ea9bb5d1fc2ae054c589bd59380a5\",\"name\":\"Tom Sundermann\",\"image\":{\"@type\":\"ImageObject\",\"inLanguage\":\"de\",\"@id\":\"https:\/\/blog.zeit.de\/nsu-prozess-blog\/#\/schema\/person\/image\/\",\"url\":\"https:\/\/secure.gravatar.com\/avatar\/e108a3dc18766f719b2f797dc5d19093f06a1870c55b553ab6b7563f1f9a5e68?s=96&d=mm&r=g\",\"contentUrl\":\"https:\/\/secure.gravatar.com\/avatar\/e108a3dc18766f719b2f797dc5d19093f06a1870c55b553ab6b7563f1f9a5e68?s=96&d=mm&r=g\",\"caption\":\"Tom Sundermann\"},\"sameAs\":[\"https:\/\/twitter.com\/messeticker\"],\"url\":\"https:\/\/blog.zeit.de\/nsu-prozess-blog\/author\/tsundermann\/\"}]}<\/script>\n<!-- \/ Yoast SEO plugin. -->","yoast_head_json":{"title":"371. Prozesstag \u2013 Wie wohnte das Trio? - Das NSU-Prozess-Blog","robots":{"index":"index","follow":"follow","max-snippet":"max-snippet:-1","max-image-preview":"max-image-preview:large","max-video-preview":"max-video-preview:-1"},"canonical":"https:\/\/blog.zeit.de\/nsu-prozess-blog\/2017\/07\/05\/371-prozesstag-wie-wohnte-das-trio-2\/","og_locale":"de_DE","og_type":"article","og_title":"371. Prozesstag \u2013 Wie wohnte das Trio? - Das NSU-Prozess-Blog","og_description":"Um die Wohnverh\u00e4ltnisse von Beate Zsch\u00e4pe, Uwe Mundlos und Uwe B\u00f6hnhardt im Untergrund geht es in der Verhandlung am Mittwoch. Auf Antrag eines Nebenklageanwalts befragt das Gericht zwei Zeugen zur ersten Wohnung des Trios in Zwickau. Darin hatten die drei von Juli 2000 bis Mai 2001 gelebt. Hintergrund ist die Kl\u00e4rung von Zsch\u00e4pes Glaubw\u00fcrdigkeit: Die [&hellip;]","og_url":"https:\/\/blog.zeit.de\/nsu-prozess-blog\/2017\/07\/05\/371-prozesstag-wie-wohnte-das-trio-2\/","og_site_name":"Das NSU-Prozess-Blog","article_published_time":"2017-07-05T05:00:03+00:00","article_modified_time":"2017-07-05T17:13:52+00:00","author":"Tom Sundermann","twitter_misc":{"Geschrieben von":"Tom Sundermann","Gesch\u00e4tzte Lesezeit":"1\u00a0Minute"},"schema":{"@context":"https:\/\/schema.org","@graph":[{"@type":"WebPage","@id":"https:\/\/blog.zeit.de\/nsu-prozess-blog\/2017\/07\/05\/371-prozesstag-wie-wohnte-das-trio-2\/","url":"https:\/\/blog.zeit.de\/nsu-prozess-blog\/2017\/07\/05\/371-prozesstag-wie-wohnte-das-trio-2\/","name":"371. Prozesstag \u2013 Wie wohnte das Trio? - Das NSU-Prozess-Blog","isPartOf":{"@id":"https:\/\/blog.zeit.de\/nsu-prozess-blog\/#website"},"datePublished":"2017-07-05T05:00:03+00:00","dateModified":"2017-07-05T17:13:52+00:00","author":{"@id":"https:\/\/blog.zeit.de\/nsu-prozess-blog\/#\/schema\/person\/553ea9bb5d1fc2ae054c589bd59380a5"},"breadcrumb":{"@id":"https:\/\/blog.zeit.de\/nsu-prozess-blog\/2017\/07\/05\/371-prozesstag-wie-wohnte-das-trio-2\/#breadcrumb"},"inLanguage":"de","potentialAction":[{"@type":"ReadAction","target":["https:\/\/blog.zeit.de\/nsu-prozess-blog\/2017\/07\/05\/371-prozesstag-wie-wohnte-das-trio-2\/"]}]},{"@type":"BreadcrumbList","@id":"https:\/\/blog.zeit.de\/nsu-prozess-blog\/2017\/07\/05\/371-prozesstag-wie-wohnte-das-trio-2\/#breadcrumb","itemListElement":[{"@type":"ListItem","position":1,"name":"Startseite","item":"https:\/\/blog.zeit.de\/nsu-prozess-blog\/"},{"@type":"ListItem","position":2,"name":"371. Prozesstag \u2013 Wie wohnte das Trio?"}]},{"@type":"WebSite","@id":"https:\/\/blog.zeit.de\/nsu-prozess-blog\/#website","url":"https:\/\/blog.zeit.de\/nsu-prozess-blog\/","name":"Das NSU-Prozess-Blog","description":"Alle Berichte zum Terrorverfahren in M\u00fcnchen","potentialAction":[{"@type":"SearchAction","target":{"@type":"EntryPoint","urlTemplate":"https:\/\/blog.zeit.de\/nsu-prozess-blog\/?s={search_term_string}"},"query-input":"required name=search_term_string"}],"inLanguage":"de"},{"@type":"Person","@id":"https:\/\/blog.zeit.de\/nsu-prozess-blog\/#\/schema\/person\/553ea9bb5d1fc2ae054c589bd59380a5","name":"Tom Sundermann","image":{"@type":"ImageObject","inLanguage":"de","@id":"https:\/\/blog.zeit.de\/nsu-prozess-blog\/#\/schema\/person\/image\/","url":"https:\/\/secure.gravatar.com\/avatar\/e108a3dc18766f719b2f797dc5d19093f06a1870c55b553ab6b7563f1f9a5e68?s=96&d=mm&r=g","contentUrl":"https:\/\/secure.gravatar.com\/avatar\/e108a3dc18766f719b2f797dc5d19093f06a1870c55b553ab6b7563f1f9a5e68?s=96&d=mm&r=g","caption":"Tom Sundermann"},"sameAs":["https:\/\/twitter.com\/messeticker"],"url":"https:\/\/blog.zeit.de\/nsu-prozess-blog\/author\/tsundermann\/"}]}},"jetpack_featured_media_url":"","jetpack_sharing_enabled":true,"_links":{"self":[{"href":"https:\/\/blog.zeit.de\/nsu-prozess-blog\/wp-json\/wp\/v2\/posts\/13345","targetHints":{"allow":["GET"]}}],"collection":[{"href":"https:\/\/blog.zeit.de\/nsu-prozess-blog\/wp-json\/wp\/v2\/posts"}],"about":[{"href":"https:\/\/blog.zeit.de\/nsu-prozess-blog\/wp-json\/wp\/v2\/types\/post"}],"author":[{"embeddable":true,"href":"https:\/\/blog.zeit.de\/nsu-prozess-blog\/wp-json\/wp\/v2\/users\/435"}],"replies":[{"embeddable":true,"href":"https:\/\/blog.zeit.de\/nsu-prozess-blog\/wp-json\/wp\/v2\/comments?post=13345"}],"version-history":[{"count":3,"href":"https:\/\/blog.zeit.de\/nsu-prozess-blog\/wp-json\/wp\/v2\/posts\/13345\/revisions"}],"predecessor-version":[{"id":13356,"href":"https:\/\/blog.zeit.de\/nsu-prozess-blog\/wp-json\/wp\/v2\/posts\/13345\/revisions\/13356"}],"wp:attachment":[{"href":"https:\/\/blog.zeit.de\/nsu-prozess-blog\/wp-json\/wp\/v2\/media?parent=13345"}],"wp:term":[{"taxonomy":"category","embeddable":true,"href":"https:\/\/blog.zeit.de\/nsu-prozess-blog\/wp-json\/wp\/v2\/categories?post=13345"},{"taxonomy":"post_tag","embeddable":true,"href":"https:\/\/blog.zeit.de\/nsu-prozess-blog\/wp-json\/wp\/v2\/tags?post=13345"}],"curies":[{"name":"wp","href":"https:\/\/api.w.org\/{rel}","templated":true}]}}