{"id":13483,"date":"2017-07-26T09:03:01","date_gmt":"2017-07-26T07:03:01","guid":{"rendered":"http:\/\/blog.zeit.de\/nsu-prozess-blog\/?p=13483"},"modified":"2017-07-27T21:41:09","modified_gmt":"2017-07-27T19:41:09","slug":"medienlog-plaedoyer-anklage-nsu","status":"publish","type":"post","link":"https:\/\/blog.zeit.de\/nsu-prozess-blog\/2017\/07\/26\/medienlog-plaedoyer-anklage-nsu\/","title":{"rendered":"Das komprimierte Grauen von 14 Jahren \u2013 Das Medienlog vom Mittwoch, 26. Juli 2017"},"content":{"rendered":"<p>Nach einigem <a href=\"https:\/\/blog.zeit.de\/nsu-prozess-blog\/2017\/07\/19\/die-grossen-fragen-zum-schluss\/\">umst\u00e4ndlichen Gezerre<\/a> ist der NSU-Prozess nun tats\u00e4chlich in die letzte Phase eingetreten: Die <a href=\"https:\/\/blog.zeit.de\/nsu-prozess-blog\/2017\/07\/19\/das-schwierige-ende-des-nsu-prozesses\/\">Pl\u00e4doyers<\/a> haben begonnen \u2013 mit dem Schlussvortrag der Bundesanwaltschaft. In den ersten von geplanten 22 Stunden Prozessfazit kamen die Vertreter der Anklage zu dem Schluss: <a href=\"http:\/\/www.zeit.de\/gesellschaft\/zeitgeschehen\/2016-09\/nsu-prozess-beate-zschaepe-schweigen-opfer\">Beate Zsch\u00e4pe<\/a> ist als Mitt\u00e4terin schuldig an den Morden, Anschl\u00e4gen und Raub\u00fcberf\u00e4llen des NSU, die ihre Komplizen Uwe Mundlos und Uwe B\u00f6hnhardt ver\u00fcbt hatten.<\/p>\n<p>&#8222;An diesem Prozesstag (\u2026) wird das Grauen der fast 14 Jahre komprimiert, die Zsch\u00e4pe mit B\u00f6hnhardt und Mundlos im Untergrund verbracht hat&#8220;, bilanziert Frank Jansen vom <a href=\"http:\/\/www.tagesspiegel.de\/themen\/reportage\/plaedoyers-im-nsu-prozess-die-halbe-wahrheit\/20106156.html\" target=\"_blank\" rel=\"noopener\"><em>Tagesspiegel<\/em><\/a>. Nun sei &#8222;die Zeit gekommen, aus dem grausig gro\u00dfen Bild das Ausma\u00df der Schuld jedes einzelnen Angeklagten abzulesen&#8220;.<\/p>\n<p><!--more--><\/p>\n<p><em>An jedem Werktag sichten wir f\u00fcr das NSU-Prozess-Blog die Medien und stellen wichtige Berichte, Blogs, Videos und Tweets zusammen. Wir freuen uns \u00fcber Hinweise via Twitter mit dem Hashtag #nsublog \u2013 oder per E-Mail an <a href=\"mailto:nsublog@zeit.de\">nsublog@zeit.de<\/a>.<\/em><\/p>\n<p>Im Pl\u00e4doyer sprach Bundesanwalt Herbert Diemer von einem &#8222;Wahn von einem ausl\u00e4nderfreien Land&#8220;, dem das Trio anhing \u2013 Zsch\u00e4pe genauso wie Mundlos und B\u00f6hnhardt. Sie sei mit den beiden auf Augenh\u00f6he gewesen und habe sich nicht beeinflussen lassen \u2013 anders, als sie <a href=\"http:\/\/www.zeit.de\/politik\/ausland\/2015-12\/beate-schaepe-aussage-bewertung\">selbst behauptet hatte<\/a>.<\/p>\n<p>Bis zur Forderung \u00fcber das Strafma\u00df wird es wohl noch ein paar Tage dauern. &#8222;Doch es ist davon auszugehen, dass die Ankl\u00e4ger f\u00fcr Zsch\u00e4pe eine lebenslange Freiheitsstrafe mit Feststellung der besonderen Schwere der Schuld beantragen, m\u00f6glicherweise gar die Anordnung der Sicherungsverwahrung&#8220;, analysiert Julia J\u00fcttner von <a href=\"http:\/\/www.spiegel.de\/panorama\/justiz\/nsu-prozess-anklagte-nennt-zschaepe-tarnkappe-des-terror-trios-a-1159680.html\" target=\"_blank\" rel=\"noopener\"><em>Spiegel Online<\/em><\/a>. Die Hauptangeklagte war n\u00e4mlich als &#8222;Tarnkappe&#8220;, wie es Oberstaatsanw\u00e4ltin Anette Greger formulierte, unverzichtbar f\u00fcr den NSU.<\/p>\n<blockquote class=\"twitter-tweet\" data-lang=\"de\">\n<p dir=\"ltr\" lang=\"de\"><a href=\"https:\/\/twitter.com\/hashtag\/Zsch%C3%A4pe?src=hash\">#Zsch\u00e4pe<\/a> sei Mitt\u00e4terin, Tarnkappe des <a href=\"https:\/\/twitter.com\/hashtag\/NSU?src=hash\">#NSU<\/a> -Trios gewesen, so die Bundesanw\u00e4lte. Vier Jahre <a href=\"https:\/\/twitter.com\/hashtag\/Prozess?src=hash\">#Prozess<\/a>, jetzt haben die Pl\u00e4doyers begonnen. <a href=\"https:\/\/t.co\/o1f9E1UncE\">pic.twitter.com\/o1f9E1UncE<\/a><\/p>\n<p>\u2014 ZDF heute journal (@heutejournal) <a href=\"https:\/\/twitter.com\/heutejournal\/status\/889933349250244608\">25. Juli 2017<\/a><\/p><\/blockquote>\n<p><script async src=\"\/\/platform.twitter.com\/widgets.js\" charset=\"utf-8\"><\/script><\/p>\n<p>In dem Vortrag &#8222;wurde deutlich, wie gro\u00df das Puzzle ist, das in mehr als vier Jahren NSU-Prozess aus Tausenden einzelner Indizien und Zeugenaussagen gelegt wurde&#8220;, schreibt Holger Schmidt auf <a href=\"https:\/\/www.tagesschau.de\/kommentar\/zschaepe-nsuprozess-103.html\" target=\"_blank\" rel=\"noopener\"><em>tagesschau.de<\/em><\/a>. So werde nun die teils arg kleinteilig wirkende Beweisaufnahme zusammengef\u00fcgt. Die Bilanz der Bundesanwaltschaft werde jedoch &#8222;auch jenseits der Verteidigung f\u00fcr Widerspruch sorgen&#8220;. So etwa die These, dass der <a href=\"https:\/\/blog.zeit.de\/nsu-prozess-blog\/2014\/07\/15\/v-mann-ueber-zschaepe-keine-dumme-hausfrau\/\">V-Mann Tino Brandt<\/a> nicht zur Radikalisierung des Trios beigetragen habe.<\/p>\n<p>Die Anklagevertreter f\u00fcgten viele Fakten zu Thesen zusammen. &#8222;Doch l\u00e4ngst nicht alle davon sind unstrittig&#8220;, kommentieren auch wir auf <a href=\"http:\/\/www.zeit.de\/gesellschaft\/2017-07\/beate-zschaepe-plaedoyer-nsu-prozess\" target=\"_blank\" rel=\"noopener\">ZEIT ONLINE<\/a>. Etwa die Ansicht, dass der NSU ausschlie\u00dflich aus drei Mitgliedern bestand \u2013 dieser Behauptung stellen sich die Anw\u00e4lte der Nebenklage vehement entgegen. Allerdings liegen den Schl\u00fcssen der Bundesanwaltschaft zahlreiche Fakten zugrunde: &#8222;An Belegen f\u00fcr die extremistische Ideologie mangelt es nicht.&#8220;<\/p>\n<p>In einer \u00dcbersicht haben wir die wichtigsten <a href=\"http:\/\/www.zeit.de\/gesellschaft\/zeitgeschehen\/2017-07\/nsu-prozess-plaedoyers-faq\" target=\"_blank\" rel=\"noopener\">Fragen und Antworten<\/a> zur aktuellen Situation im Prozess zusammengetragen \u2013 und geben einen Ausblick auf das weitere Geschehen. Entscheidend f\u00fcr das Verst\u00e4ndnis ist auch der Vorwurf der Mitt\u00e4terschaft, der Beate Zsch\u00e4pe gemacht wird. Diesen hat Frank Br\u00e4utigam von der ARD-Rechtsredaktion <a href=\"https:\/\/www.tagesschau.de\/inland\/nsu-prozess-235.html\" target=\"_blank\" rel=\"noopener\">analysiert<\/a>.<\/p>\n<blockquote class=\"twitter-tweet\" data-lang=\"de\">\n<p dir=\"ltr\" lang=\"de\">BAW: Anhaltspunkte f\u00fcr eine strafrechtliche Verstrickung von Angeh\u00f6rigen staatlicher Stellen seien nicht aufgetreten. <a href=\"https:\/\/twitter.com\/hashtag\/nsu?src=hash\">#nsu<\/a><\/p>\n<p>\u2014 NSU Watch (@nsuwatch) <a href=\"https:\/\/twitter.com\/nsuwatch\/status\/889803153432039424\">25. Juli 2017<\/a><\/p><\/blockquote>\n<p><script async src=\"\/\/platform.twitter.com\/widgets.js\" charset=\"utf-8\"><\/script><\/p>\n<p>Den Bundesanwalt Diemer, der in M\u00fcnchen die Anklage vertritt, hat Karin Truscheit von der <a href=\"http:\/\/www.faz.net\/aktuell\/politik\/inland\/herbert-diemer-vertritt-den-bund-beim-nsu-prozess-15120317.html\" target=\"_blank\" rel=\"noopener\"><em>Frankfurter Allgemeinen Zeitung<\/em><\/a> portr\u00e4tiert. Die Autorin schreibt, dem Beamten sei die &#8222;W\u00fcrde der Anklagevertretung&#8220; stets anzumerken.<\/p>\n<p>Zu Beginn des Prozesstags lehnten die Richter erneut eine <a href=\"https:\/\/blog.zeit.de\/nsu-prozess-blog\/2017\/07\/19\/die-grossen-fragen-zum-schluss\/\">Aufzeichnung des Anklagevortrags<\/a> ab, den mehrere Verteidiger gefordert hatten. Tonaufnahmen im Gericht k\u00f6nnten jedoch f\u00f6rderlich sein, argumentiert der Anwalt Udo Vetter im Interview mit <a href=\"http:\/\/www.deutschlandfunkkultur.de\/nsu-prozess-plaedoyer-fuer-den-plaedoyer-mitschnitt.1008.de.html?dram:article_id=391974\" target=\"_blank\" rel=\"noopener\">Deutschlandfunk Kultur<\/a>.<\/p>\n<p>Mit dem Pl\u00e4doyer d\u00fcrfte auch der im Prozess stets schweigsame Mitangeklagte <a href=\"https:\/\/blog.zeit.de\/nsu-prozess-blog\/2014\/09\/05\/rassenkrieg-im-erzgebirge\/\">Andr\u00e9 E.<\/a> wieder in den Fokus r\u00fccken. Konrad Litschko von der <a href=\"http:\/\/www.taz.de\/Andre-Eminger-im-NSU-Prozess\/!5432565\/\" target=\"_blank\" rel=\"noopener\"><em>taz<\/em><\/a> hat einen genaueren Blick auf ihn geworfen.<\/p>\n<p><em>Das n\u00e4chste Medienlog erscheint am Donnerstag, 27. Juli 2017.<\/em><\/p>\n","protected":false},"excerpt":{"rendered":"<p>Nach einigem umst\u00e4ndlichen Gezerre ist der NSU-Prozess nun tats\u00e4chlich in die letzte Phase eingetreten: Die Pl\u00e4doyers haben begonnen \u2013 mit dem Schlussvortrag der Bundesanwaltschaft. In den ersten von geplanten 22 Stunden Prozessfazit kamen die Vertreter der Anklage zu dem Schluss: Beate Zsch\u00e4pe ist als Mitt\u00e4terin schuldig an den Morden, Anschl\u00e4gen und Raub\u00fcberf\u00e4llen des NSU, die [&hellip;]<\/p>\n","protected":false},"author":435,"featured_media":0,"comment_status":"open","ping_status":"open","sticky":false,"template":"","format":"standard","meta":{"_jetpack_memberships_contains_paid_content":false,"footnotes":""},"categories":[27531],"tags":[27561,35437,35427,17793,29470,29495,32137,35418,35435],"class_list":["post-13483","post","type-post","status-publish","format-standard","hentry","category-medienschau","tag-andre-e","tag-anette-greger","tag-aufzeichnung","tag-beate-zschape","tag-bundesanwalt","tag-bundesanwaltschaft","tag-herbert-diemer","tag-mittaeter","tag-plaedoyer"],"yoast_head":"<!-- This site is optimized with the Yoast SEO plugin v21.0 - https:\/\/yoast.com\/wordpress\/plugins\/seo\/ -->\n<title>Das komprimierte Grauen von 14 Jahren \u2013 Das Medienlog vom Mittwoch, 26. Juli 2017 - Das NSU-Prozess-Blog<\/title>\n<meta name=\"robots\" content=\"index, follow, max-snippet:-1, max-image-preview:large, max-video-preview:-1\" \/>\n<link rel=\"canonical\" href=\"https:\/\/blog.zeit.de\/nsu-prozess-blog\/2017\/07\/26\/medienlog-plaedoyer-anklage-nsu\/\" \/>\n<meta property=\"og:locale\" content=\"de_DE\" \/>\n<meta property=\"og:type\" content=\"article\" \/>\n<meta property=\"og:title\" content=\"Das komprimierte Grauen von 14 Jahren \u2013 Das Medienlog vom Mittwoch, 26. Juli 2017 - Das NSU-Prozess-Blog\" \/>\n<meta property=\"og:description\" content=\"Nach einigem umst\u00e4ndlichen Gezerre ist der NSU-Prozess nun tats\u00e4chlich in die letzte Phase eingetreten: Die Pl\u00e4doyers haben begonnen \u2013 mit dem Schlussvortrag der Bundesanwaltschaft. In den ersten von geplanten 22 Stunden Prozessfazit kamen die Vertreter der Anklage zu dem Schluss: Beate Zsch\u00e4pe ist als Mitt\u00e4terin schuldig an den Morden, Anschl\u00e4gen und Raub\u00fcberf\u00e4llen des NSU, die [&hellip;]\" \/>\n<meta property=\"og:url\" content=\"https:\/\/blog.zeit.de\/nsu-prozess-blog\/2017\/07\/26\/medienlog-plaedoyer-anklage-nsu\/\" \/>\n<meta property=\"og:site_name\" content=\"Das NSU-Prozess-Blog\" \/>\n<meta property=\"article:published_time\" content=\"2017-07-26T07:03:01+00:00\" \/>\n<meta property=\"article:modified_time\" content=\"2017-07-27T19:41:09+00:00\" \/>\n<meta name=\"author\" content=\"Tom Sundermann\" \/>\n<meta name=\"twitter:label1\" content=\"Geschrieben von\" \/>\n\t<meta name=\"twitter:data1\" content=\"Tom Sundermann\" \/>\n\t<meta name=\"twitter:label2\" content=\"Gesch\u00e4tzte Lesezeit\" \/>\n\t<meta name=\"twitter:data2\" content=\"3\u00a0Minuten\" \/>\n<script type=\"application\/ld+json\" class=\"yoast-schema-graph\">{\"@context\":\"https:\/\/schema.org\",\"@graph\":[{\"@type\":\"WebPage\",\"@id\":\"https:\/\/blog.zeit.de\/nsu-prozess-blog\/2017\/07\/26\/medienlog-plaedoyer-anklage-nsu\/\",\"url\":\"https:\/\/blog.zeit.de\/nsu-prozess-blog\/2017\/07\/26\/medienlog-plaedoyer-anklage-nsu\/\",\"name\":\"Das komprimierte Grauen von 14 Jahren \u2013 Das Medienlog vom Mittwoch, 26. Juli 2017 - Das NSU-Prozess-Blog\",\"isPartOf\":{\"@id\":\"https:\/\/blog.zeit.de\/nsu-prozess-blog\/#website\"},\"datePublished\":\"2017-07-26T07:03:01+00:00\",\"dateModified\":\"2017-07-27T19:41:09+00:00\",\"author\":{\"@id\":\"https:\/\/blog.zeit.de\/nsu-prozess-blog\/#\/schema\/person\/553ea9bb5d1fc2ae054c589bd59380a5\"},\"breadcrumb\":{\"@id\":\"https:\/\/blog.zeit.de\/nsu-prozess-blog\/2017\/07\/26\/medienlog-plaedoyer-anklage-nsu\/#breadcrumb\"},\"inLanguage\":\"de\",\"potentialAction\":[{\"@type\":\"ReadAction\",\"target\":[\"https:\/\/blog.zeit.de\/nsu-prozess-blog\/2017\/07\/26\/medienlog-plaedoyer-anklage-nsu\/\"]}]},{\"@type\":\"BreadcrumbList\",\"@id\":\"https:\/\/blog.zeit.de\/nsu-prozess-blog\/2017\/07\/26\/medienlog-plaedoyer-anklage-nsu\/#breadcrumb\",\"itemListElement\":[{\"@type\":\"ListItem\",\"position\":1,\"name\":\"Startseite\",\"item\":\"https:\/\/blog.zeit.de\/nsu-prozess-blog\/\"},{\"@type\":\"ListItem\",\"position\":2,\"name\":\"Das komprimierte Grauen von 14 Jahren \u2013 Das Medienlog vom Mittwoch, 26. Juli 2017\"}]},{\"@type\":\"WebSite\",\"@id\":\"https:\/\/blog.zeit.de\/nsu-prozess-blog\/#website\",\"url\":\"https:\/\/blog.zeit.de\/nsu-prozess-blog\/\",\"name\":\"Das NSU-Prozess-Blog\",\"description\":\"Alle Berichte zum Terrorverfahren in M\u00fcnchen\",\"potentialAction\":[{\"@type\":\"SearchAction\",\"target\":{\"@type\":\"EntryPoint\",\"urlTemplate\":\"https:\/\/blog.zeit.de\/nsu-prozess-blog\/?s={search_term_string}\"},\"query-input\":\"required name=search_term_string\"}],\"inLanguage\":\"de\"},{\"@type\":\"Person\",\"@id\":\"https:\/\/blog.zeit.de\/nsu-prozess-blog\/#\/schema\/person\/553ea9bb5d1fc2ae054c589bd59380a5\",\"name\":\"Tom Sundermann\",\"image\":{\"@type\":\"ImageObject\",\"inLanguage\":\"de\",\"@id\":\"https:\/\/blog.zeit.de\/nsu-prozess-blog\/#\/schema\/person\/image\/\",\"url\":\"https:\/\/secure.gravatar.com\/avatar\/e108a3dc18766f719b2f797dc5d19093f06a1870c55b553ab6b7563f1f9a5e68?s=96&d=mm&r=g\",\"contentUrl\":\"https:\/\/secure.gravatar.com\/avatar\/e108a3dc18766f719b2f797dc5d19093f06a1870c55b553ab6b7563f1f9a5e68?s=96&d=mm&r=g\",\"caption\":\"Tom Sundermann\"},\"sameAs\":[\"https:\/\/twitter.com\/messeticker\"],\"url\":\"https:\/\/blog.zeit.de\/nsu-prozess-blog\/author\/tsundermann\/\"}]}<\/script>\n<!-- \/ Yoast SEO plugin. -->","yoast_head_json":{"title":"Das komprimierte Grauen von 14 Jahren \u2013 Das Medienlog vom Mittwoch, 26. Juli 2017 - Das NSU-Prozess-Blog","robots":{"index":"index","follow":"follow","max-snippet":"max-snippet:-1","max-image-preview":"max-image-preview:large","max-video-preview":"max-video-preview:-1"},"canonical":"https:\/\/blog.zeit.de\/nsu-prozess-blog\/2017\/07\/26\/medienlog-plaedoyer-anklage-nsu\/","og_locale":"de_DE","og_type":"article","og_title":"Das komprimierte Grauen von 14 Jahren \u2013 Das Medienlog vom Mittwoch, 26. Juli 2017 - Das NSU-Prozess-Blog","og_description":"Nach einigem umst\u00e4ndlichen Gezerre ist der NSU-Prozess nun tats\u00e4chlich in die letzte Phase eingetreten: Die Pl\u00e4doyers haben begonnen \u2013 mit dem Schlussvortrag der Bundesanwaltschaft. In den ersten von geplanten 22 Stunden Prozessfazit kamen die Vertreter der Anklage zu dem Schluss: Beate Zsch\u00e4pe ist als Mitt\u00e4terin schuldig an den Morden, Anschl\u00e4gen und Raub\u00fcberf\u00e4llen des NSU, die [&hellip;]","og_url":"https:\/\/blog.zeit.de\/nsu-prozess-blog\/2017\/07\/26\/medienlog-plaedoyer-anklage-nsu\/","og_site_name":"Das NSU-Prozess-Blog","article_published_time":"2017-07-26T07:03:01+00:00","article_modified_time":"2017-07-27T19:41:09+00:00","author":"Tom Sundermann","twitter_misc":{"Geschrieben von":"Tom Sundermann","Gesch\u00e4tzte Lesezeit":"3\u00a0Minuten"},"schema":{"@context":"https:\/\/schema.org","@graph":[{"@type":"WebPage","@id":"https:\/\/blog.zeit.de\/nsu-prozess-blog\/2017\/07\/26\/medienlog-plaedoyer-anklage-nsu\/","url":"https:\/\/blog.zeit.de\/nsu-prozess-blog\/2017\/07\/26\/medienlog-plaedoyer-anklage-nsu\/","name":"Das komprimierte Grauen von 14 Jahren \u2013 Das Medienlog vom Mittwoch, 26. Juli 2017 - Das NSU-Prozess-Blog","isPartOf":{"@id":"https:\/\/blog.zeit.de\/nsu-prozess-blog\/#website"},"datePublished":"2017-07-26T07:03:01+00:00","dateModified":"2017-07-27T19:41:09+00:00","author":{"@id":"https:\/\/blog.zeit.de\/nsu-prozess-blog\/#\/schema\/person\/553ea9bb5d1fc2ae054c589bd59380a5"},"breadcrumb":{"@id":"https:\/\/blog.zeit.de\/nsu-prozess-blog\/2017\/07\/26\/medienlog-plaedoyer-anklage-nsu\/#breadcrumb"},"inLanguage":"de","potentialAction":[{"@type":"ReadAction","target":["https:\/\/blog.zeit.de\/nsu-prozess-blog\/2017\/07\/26\/medienlog-plaedoyer-anklage-nsu\/"]}]},{"@type":"BreadcrumbList","@id":"https:\/\/blog.zeit.de\/nsu-prozess-blog\/2017\/07\/26\/medienlog-plaedoyer-anklage-nsu\/#breadcrumb","itemListElement":[{"@type":"ListItem","position":1,"name":"Startseite","item":"https:\/\/blog.zeit.de\/nsu-prozess-blog\/"},{"@type":"ListItem","position":2,"name":"Das komprimierte Grauen von 14 Jahren \u2013 Das Medienlog vom Mittwoch, 26. Juli 2017"}]},{"@type":"WebSite","@id":"https:\/\/blog.zeit.de\/nsu-prozess-blog\/#website","url":"https:\/\/blog.zeit.de\/nsu-prozess-blog\/","name":"Das NSU-Prozess-Blog","description":"Alle Berichte zum Terrorverfahren in M\u00fcnchen","potentialAction":[{"@type":"SearchAction","target":{"@type":"EntryPoint","urlTemplate":"https:\/\/blog.zeit.de\/nsu-prozess-blog\/?s={search_term_string}"},"query-input":"required name=search_term_string"}],"inLanguage":"de"},{"@type":"Person","@id":"https:\/\/blog.zeit.de\/nsu-prozess-blog\/#\/schema\/person\/553ea9bb5d1fc2ae054c589bd59380a5","name":"Tom Sundermann","image":{"@type":"ImageObject","inLanguage":"de","@id":"https:\/\/blog.zeit.de\/nsu-prozess-blog\/#\/schema\/person\/image\/","url":"https:\/\/secure.gravatar.com\/avatar\/e108a3dc18766f719b2f797dc5d19093f06a1870c55b553ab6b7563f1f9a5e68?s=96&d=mm&r=g","contentUrl":"https:\/\/secure.gravatar.com\/avatar\/e108a3dc18766f719b2f797dc5d19093f06a1870c55b553ab6b7563f1f9a5e68?s=96&d=mm&r=g","caption":"Tom Sundermann"},"sameAs":["https:\/\/twitter.com\/messeticker"],"url":"https:\/\/blog.zeit.de\/nsu-prozess-blog\/author\/tsundermann\/"}]}},"jetpack_featured_media_url":"","jetpack_sharing_enabled":true,"_links":{"self":[{"href":"https:\/\/blog.zeit.de\/nsu-prozess-blog\/wp-json\/wp\/v2\/posts\/13483","targetHints":{"allow":["GET"]}}],"collection":[{"href":"https:\/\/blog.zeit.de\/nsu-prozess-blog\/wp-json\/wp\/v2\/posts"}],"about":[{"href":"https:\/\/blog.zeit.de\/nsu-prozess-blog\/wp-json\/wp\/v2\/types\/post"}],"author":[{"embeddable":true,"href":"https:\/\/blog.zeit.de\/nsu-prozess-blog\/wp-json\/wp\/v2\/users\/435"}],"replies":[{"embeddable":true,"href":"https:\/\/blog.zeit.de\/nsu-prozess-blog\/wp-json\/wp\/v2\/comments?post=13483"}],"version-history":[{"count":8,"href":"https:\/\/blog.zeit.de\/nsu-prozess-blog\/wp-json\/wp\/v2\/posts\/13483\/revisions"}],"predecessor-version":[{"id":13491,"href":"https:\/\/blog.zeit.de\/nsu-prozess-blog\/wp-json\/wp\/v2\/posts\/13483\/revisions\/13491"}],"wp:attachment":[{"href":"https:\/\/blog.zeit.de\/nsu-prozess-blog\/wp-json\/wp\/v2\/media?parent=13483"}],"wp:term":[{"taxonomy":"category","embeddable":true,"href":"https:\/\/blog.zeit.de\/nsu-prozess-blog\/wp-json\/wp\/v2\/categories?post=13483"},{"taxonomy":"post_tag","embeddable":true,"href":"https:\/\/blog.zeit.de\/nsu-prozess-blog\/wp-json\/wp\/v2\/tags?post=13483"}],"curies":[{"name":"wp","href":"https:\/\/api.w.org\/{rel}","templated":true}]}}