{"id":13532,"date":"2017-08-01T09:52:22","date_gmt":"2017-08-01T07:52:22","guid":{"rendered":"http:\/\/blog.zeit.de\/nsu-prozess-blog\/?p=13532"},"modified":"2017-08-01T12:52:22","modified_gmt":"2017-08-01T10:52:22","slug":"medienlog-plaedoyer-wohlleben-carsten-s-nsu","status":"publish","type":"post","link":"https:\/\/blog.zeit.de\/nsu-prozess-blog\/2017\/08\/01\/medienlog-plaedoyer-wohlleben-carsten-s-nsu\/","title":{"rendered":"&#8222;Es wird eng&#8220; \u2013 Das Medienlog vom Dienstag, 1. August 2017"},"content":{"rendered":"<p>Neues Kapitel im <a href=\"http:\/\/www.zeit.de\/gesellschaft\/2017-07\/beate-zschaepe-plaedoyer-nsu-prozess\">Pl\u00e4doyer der Anklage<\/a>: Statt wie geplant mit den Bank\u00fcberf\u00e4llen besch\u00e4ftigt sich die Bundesanwaltschaft seit gestern mit der Schuld der Mitangeklagten <a href=\"https:\/\/blog.zeit.de\/nsu-prozess-blog\/2015\/12\/16\/aussage-nach-zschapes-vorbild\/\">Ralf Wohlleben<\/a> und <a href=\"http:\/\/www.zeit.de\/politik\/deutschland\/2013-06\/nsu-carsten-s-aussage\">Carsten S.<\/a>, die dem NSU-Trio die Mordwaffe <a href=\"http:\/\/www.zeit.de\/gesellschaft\/zeitgeschehen\/2013-10\/nsu-prozess-tag47\">Ceska 83<\/a> verschafft haben sollen. Gegen beide habe sich die Anklage der Beihilfe zum Mord best\u00e4tigt, lautet das Fazit.<\/p>\n<p>&#8222;Die Bundesanwaltschaft k\u00f6nnte es sich eigentlich leicht machen&#8220;, weil S. ein <a href=\"http:\/\/www.zeit.de\/gesellschaft\/zeitgeschehen\/2013-06\/nsu-prozess-tag-5\">umfassendes Gest\u00e4ndnis<\/a> abgelegt hatte, schreibt Christoph Arnowski vom <a href=\"http:\/\/www.br.de\/nachrichten\/nsu-prozess\/170731-tagebuch-gerichtsreporter-100.html\" target=\"_blank\" rel=\"noopener\">Bayerischen Rundfunk<\/a>. Dennoch n\u00e4hmen sich die Ankl\u00e4ger viel Zeit, um sich mit dem Vorwurf zu besch\u00e4ftigen. Durch die gro\u00dfe Detailf\u00fclle sei der Schlussvortrag &#8222;kompliziert in der Beweisf\u00fchrung&#8220;.<\/p>\n<p><!--more--><\/p>\n<p><em>An jedem Werktag sichten wir f\u00fcr das NSU-Prozess-Blog die Medien und stellen wichtige Berichte, Blogs, Videos und Tweets zusammen. Wir freuen uns \u00fcber Hinweise via Twitter mit dem Hashtag #nsublog \u2013 oder per E-Mail an <a href=\"mailto:nsublog@zeit.de\">nsublog@zeit.de<\/a>.<\/em><\/p>\n<p>Die Folgerung sei das Ergebnis einer &#8222;akribischen, geradezu detailversessenen Argumentationskette&#8220;, bilanziert Annette Ramelsberger in der <a href=\"http:\/\/www.sueddeutsche.de\/politik\/nsu-prozess-der-weg-der-tatwaffe-1.3610542\" target=\"_blank\" rel=\"noopener\"><em>S\u00fcddeutschen Zeitung<\/em><\/a> (kostenpflichtig). Oberstaatsanwalt Jochen Weingarten, der f\u00fcr das Segment zust\u00e4ndig ist, m\u00fcsse nachweisen, dass Wohlleben die &#8222;Spinne im Netz der NSU-Unterst\u00fctzer&#8220; war. Er organisierte den Vorw\u00fcrfen zufolge Helfer f\u00fcr den NSU \u2013 und durch seine Kontakte auch die Pistole, die Carsten S. dann \u00fcberbracht haben soll.<\/p>\n<p>S. gestand die Tat, anders als Wohlleben. Oberstaatsanwalt Weingarten hatte angek\u00fcndigt, dies in der Strafma\u00dfforderung zu ber\u00fccksichtigen. Der Mitangeklagte kann mit Milde hingegen nicht rechnen. &#8222;Es wird eng f\u00fcr Ralf Wohlleben&#8220;, analysiert Frank Jansen vom <a href=\"http:\/\/www.tagesspiegel.de\/politik\/nsu-prozess-anklage-gegen-wohlleben-im-vollen-umfang-bestaetigt\/20127248.html\" target=\"_blank\" rel=\"noopener\"><em>Tagesspiegel<\/em><\/a>. Schnell sei deutlich geworden, dass die Bundesanwaltschaft ihn f\u00fcr deutlich st\u00e4rker belastet halte.<\/p>\n<p>Der entscheidende Punkt f\u00fcr Wohlleben und S. sei, dass beide sehr wohl erkannt h\u00e4tten, dass mit der Waffe Menschen nichtdeutscher Herkunft get\u00f6tet werden sollten, fasst Julia J\u00fcttner auf <a href=\"http:\/\/www.spiegel.de\/panorama\/justiz\/nsu-prozess-wie-die-bundesanwaltschaft-die-rolle-von-wohlleben-und-carsten-s-beschreibt-a-1160746.html\" target=\"_blank\" rel=\"noopener\"><em>Spiegel Online<\/em><\/a> zusammen. Diesen Vorwurf hatte S. trotz seines Gest\u00e4ndnisses zumindest nicht direkt gelten lassen wollen. &#8222;An vielen Stellen, die ihm heute unangenehm erscheinen, hatte S. bei seiner Aussage auff\u00e4llige Schwierigkeiten, klare Antworten zu geben. Weil er nicht wollte oder weil er nicht konnte?&#8220;, fragen wir auf <a href=\"https:\/\/blog.zeit.de\/nsu-prozess-blog\/2017\/07\/31\/in-zschaepes-schatten\/\" target=\"_blank\" rel=\"noopener\">ZEIT ONLINE<\/a>.<\/p>\n<p>Neue Erw\u00e4gungen zur Aufkl\u00e4rung des NSU-Komplexes gibt es beim Untersuchungsausschuss des S\u00e4chsischen Landtags. Dessen Vizechefin Kerstin K\u00f6ditz (Linke) \u00fcberlege, Beate Zsch\u00e4pe als Zeugin zu laden, wie die <em><a href=\"http:\/\/www.sz-online.de\/sachsen\/der-nsu-war-mehr-als-ein-trio-3739455.html\" target=\"_blank\" rel=\"noopener\">S\u00e4chsische Zeitung<\/a><\/em> berichtet. Dahinter steht die Annahme, dass der NSU aus mehr als drei Personen bestand. Vor einer m\u00f6glichen Vernehmung m\u00fcsste aber das NSU-Verfahren abgeschlossen sein.<\/p>\n<p><em>Das n\u00e4chste Medienlog erscheint am Mittwoch, 2. August 2017.<\/em><\/p>\n","protected":false},"excerpt":{"rendered":"<p>Neues Kapitel im Pl\u00e4doyer der Anklage: Statt wie geplant mit den Bank\u00fcberf\u00e4llen besch\u00e4ftigt sich die Bundesanwaltschaft seit gestern mit der Schuld der Mitangeklagten Ralf Wohlleben und Carsten S., die dem NSU-Trio die Mordwaffe Ceska 83 verschafft haben sollen. Gegen beide habe sich die Anklage der Beihilfe zum Mord best\u00e4tigt, lautet das Fazit. &#8222;Die Bundesanwaltschaft k\u00f6nnte [&hellip;]<\/p>\n","protected":false},"author":435,"featured_media":0,"comment_status":"open","ping_status":"open","sticky":false,"template":"","format":"standard","meta":{"_jetpack_memberships_contains_paid_content":false,"footnotes":""},"categories":[27531],"tags":[29495,27541,27568,35438,35435,17772,29492],"class_list":["post-13532","post","type-post","status-publish","format-standard","hentry","category-medienschau","tag-bundesanwaltschaft","tag-carsten-s","tag-ceska","tag-jochen-weingarten","tag-plaedoyer","tag-ralf-wohlleben","tag-waffe"],"yoast_head":"<!-- This site is optimized with the Yoast SEO plugin v21.0 - https:\/\/yoast.com\/wordpress\/plugins\/seo\/ -->\n<title>&quot;Es wird eng&quot; \u2013 Das Medienlog vom Dienstag, 1. August 2017 - Das NSU-Prozess-Blog<\/title>\n<meta name=\"robots\" content=\"index, follow, max-snippet:-1, max-image-preview:large, max-video-preview:-1\" \/>\n<link rel=\"canonical\" href=\"https:\/\/blog.zeit.de\/nsu-prozess-blog\/2017\/08\/01\/medienlog-plaedoyer-wohlleben-carsten-s-nsu\/\" \/>\n<meta property=\"og:locale\" content=\"de_DE\" \/>\n<meta property=\"og:type\" content=\"article\" \/>\n<meta property=\"og:title\" content=\"&quot;Es wird eng&quot; \u2013 Das Medienlog vom Dienstag, 1. August 2017 - Das NSU-Prozess-Blog\" \/>\n<meta property=\"og:description\" content=\"Neues Kapitel im Pl\u00e4doyer der Anklage: Statt wie geplant mit den Bank\u00fcberf\u00e4llen besch\u00e4ftigt sich die Bundesanwaltschaft seit gestern mit der Schuld der Mitangeklagten Ralf Wohlleben und Carsten S., die dem NSU-Trio die Mordwaffe Ceska 83 verschafft haben sollen. Gegen beide habe sich die Anklage der Beihilfe zum Mord best\u00e4tigt, lautet das Fazit. &#8222;Die Bundesanwaltschaft k\u00f6nnte [&hellip;]\" \/>\n<meta property=\"og:url\" content=\"https:\/\/blog.zeit.de\/nsu-prozess-blog\/2017\/08\/01\/medienlog-plaedoyer-wohlleben-carsten-s-nsu\/\" \/>\n<meta property=\"og:site_name\" content=\"Das NSU-Prozess-Blog\" \/>\n<meta property=\"article:published_time\" content=\"2017-08-01T07:52:22+00:00\" \/>\n<meta property=\"article:modified_time\" content=\"2017-08-01T10:52:22+00:00\" \/>\n<meta name=\"author\" content=\"Tom Sundermann\" \/>\n<meta name=\"twitter:label1\" content=\"Geschrieben von\" \/>\n\t<meta name=\"twitter:data1\" content=\"Tom Sundermann\" \/>\n\t<meta name=\"twitter:label2\" content=\"Gesch\u00e4tzte Lesezeit\" \/>\n\t<meta name=\"twitter:data2\" content=\"2\u00a0Minuten\" \/>\n<script type=\"application\/ld+json\" class=\"yoast-schema-graph\">{\"@context\":\"https:\/\/schema.org\",\"@graph\":[{\"@type\":\"WebPage\",\"@id\":\"https:\/\/blog.zeit.de\/nsu-prozess-blog\/2017\/08\/01\/medienlog-plaedoyer-wohlleben-carsten-s-nsu\/\",\"url\":\"https:\/\/blog.zeit.de\/nsu-prozess-blog\/2017\/08\/01\/medienlog-plaedoyer-wohlleben-carsten-s-nsu\/\",\"name\":\"\\\"Es wird eng\\\" \u2013 Das Medienlog vom Dienstag, 1. August 2017 - Das NSU-Prozess-Blog\",\"isPartOf\":{\"@id\":\"https:\/\/blog.zeit.de\/nsu-prozess-blog\/#website\"},\"datePublished\":\"2017-08-01T07:52:22+00:00\",\"dateModified\":\"2017-08-01T10:52:22+00:00\",\"author\":{\"@id\":\"https:\/\/blog.zeit.de\/nsu-prozess-blog\/#\/schema\/person\/553ea9bb5d1fc2ae054c589bd59380a5\"},\"breadcrumb\":{\"@id\":\"https:\/\/blog.zeit.de\/nsu-prozess-blog\/2017\/08\/01\/medienlog-plaedoyer-wohlleben-carsten-s-nsu\/#breadcrumb\"},\"inLanguage\":\"de\",\"potentialAction\":[{\"@type\":\"ReadAction\",\"target\":[\"https:\/\/blog.zeit.de\/nsu-prozess-blog\/2017\/08\/01\/medienlog-plaedoyer-wohlleben-carsten-s-nsu\/\"]}]},{\"@type\":\"BreadcrumbList\",\"@id\":\"https:\/\/blog.zeit.de\/nsu-prozess-blog\/2017\/08\/01\/medienlog-plaedoyer-wohlleben-carsten-s-nsu\/#breadcrumb\",\"itemListElement\":[{\"@type\":\"ListItem\",\"position\":1,\"name\":\"Startseite\",\"item\":\"https:\/\/blog.zeit.de\/nsu-prozess-blog\/\"},{\"@type\":\"ListItem\",\"position\":2,\"name\":\"&#8222;Es wird eng&#8220; \u2013 Das Medienlog vom Dienstag, 1. August 2017\"}]},{\"@type\":\"WebSite\",\"@id\":\"https:\/\/blog.zeit.de\/nsu-prozess-blog\/#website\",\"url\":\"https:\/\/blog.zeit.de\/nsu-prozess-blog\/\",\"name\":\"Das NSU-Prozess-Blog\",\"description\":\"Alle Berichte zum Terrorverfahren in M\u00fcnchen\",\"potentialAction\":[{\"@type\":\"SearchAction\",\"target\":{\"@type\":\"EntryPoint\",\"urlTemplate\":\"https:\/\/blog.zeit.de\/nsu-prozess-blog\/?s={search_term_string}\"},\"query-input\":\"required name=search_term_string\"}],\"inLanguage\":\"de\"},{\"@type\":\"Person\",\"@id\":\"https:\/\/blog.zeit.de\/nsu-prozess-blog\/#\/schema\/person\/553ea9bb5d1fc2ae054c589bd59380a5\",\"name\":\"Tom Sundermann\",\"image\":{\"@type\":\"ImageObject\",\"inLanguage\":\"de\",\"@id\":\"https:\/\/blog.zeit.de\/nsu-prozess-blog\/#\/schema\/person\/image\/\",\"url\":\"https:\/\/secure.gravatar.com\/avatar\/e108a3dc18766f719b2f797dc5d19093f06a1870c55b553ab6b7563f1f9a5e68?s=96&d=mm&r=g\",\"contentUrl\":\"https:\/\/secure.gravatar.com\/avatar\/e108a3dc18766f719b2f797dc5d19093f06a1870c55b553ab6b7563f1f9a5e68?s=96&d=mm&r=g\",\"caption\":\"Tom Sundermann\"},\"sameAs\":[\"https:\/\/twitter.com\/messeticker\"],\"url\":\"https:\/\/blog.zeit.de\/nsu-prozess-blog\/author\/tsundermann\/\"}]}<\/script>\n<!-- \/ Yoast SEO plugin. -->","yoast_head_json":{"title":"\"Es wird eng\" \u2013 Das Medienlog vom Dienstag, 1. August 2017 - Das NSU-Prozess-Blog","robots":{"index":"index","follow":"follow","max-snippet":"max-snippet:-1","max-image-preview":"max-image-preview:large","max-video-preview":"max-video-preview:-1"},"canonical":"https:\/\/blog.zeit.de\/nsu-prozess-blog\/2017\/08\/01\/medienlog-plaedoyer-wohlleben-carsten-s-nsu\/","og_locale":"de_DE","og_type":"article","og_title":"\"Es wird eng\" \u2013 Das Medienlog vom Dienstag, 1. August 2017 - Das NSU-Prozess-Blog","og_description":"Neues Kapitel im Pl\u00e4doyer der Anklage: Statt wie geplant mit den Bank\u00fcberf\u00e4llen besch\u00e4ftigt sich die Bundesanwaltschaft seit gestern mit der Schuld der Mitangeklagten Ralf Wohlleben und Carsten S., die dem NSU-Trio die Mordwaffe Ceska 83 verschafft haben sollen. Gegen beide habe sich die Anklage der Beihilfe zum Mord best\u00e4tigt, lautet das Fazit. &#8222;Die Bundesanwaltschaft k\u00f6nnte [&hellip;]","og_url":"https:\/\/blog.zeit.de\/nsu-prozess-blog\/2017\/08\/01\/medienlog-plaedoyer-wohlleben-carsten-s-nsu\/","og_site_name":"Das NSU-Prozess-Blog","article_published_time":"2017-08-01T07:52:22+00:00","article_modified_time":"2017-08-01T10:52:22+00:00","author":"Tom Sundermann","twitter_misc":{"Geschrieben von":"Tom Sundermann","Gesch\u00e4tzte Lesezeit":"2\u00a0Minuten"},"schema":{"@context":"https:\/\/schema.org","@graph":[{"@type":"WebPage","@id":"https:\/\/blog.zeit.de\/nsu-prozess-blog\/2017\/08\/01\/medienlog-plaedoyer-wohlleben-carsten-s-nsu\/","url":"https:\/\/blog.zeit.de\/nsu-prozess-blog\/2017\/08\/01\/medienlog-plaedoyer-wohlleben-carsten-s-nsu\/","name":"\"Es wird eng\" \u2013 Das Medienlog vom Dienstag, 1. August 2017 - Das NSU-Prozess-Blog","isPartOf":{"@id":"https:\/\/blog.zeit.de\/nsu-prozess-blog\/#website"},"datePublished":"2017-08-01T07:52:22+00:00","dateModified":"2017-08-01T10:52:22+00:00","author":{"@id":"https:\/\/blog.zeit.de\/nsu-prozess-blog\/#\/schema\/person\/553ea9bb5d1fc2ae054c589bd59380a5"},"breadcrumb":{"@id":"https:\/\/blog.zeit.de\/nsu-prozess-blog\/2017\/08\/01\/medienlog-plaedoyer-wohlleben-carsten-s-nsu\/#breadcrumb"},"inLanguage":"de","potentialAction":[{"@type":"ReadAction","target":["https:\/\/blog.zeit.de\/nsu-prozess-blog\/2017\/08\/01\/medienlog-plaedoyer-wohlleben-carsten-s-nsu\/"]}]},{"@type":"BreadcrumbList","@id":"https:\/\/blog.zeit.de\/nsu-prozess-blog\/2017\/08\/01\/medienlog-plaedoyer-wohlleben-carsten-s-nsu\/#breadcrumb","itemListElement":[{"@type":"ListItem","position":1,"name":"Startseite","item":"https:\/\/blog.zeit.de\/nsu-prozess-blog\/"},{"@type":"ListItem","position":2,"name":"&#8222;Es wird eng&#8220; \u2013 Das Medienlog vom Dienstag, 1. August 2017"}]},{"@type":"WebSite","@id":"https:\/\/blog.zeit.de\/nsu-prozess-blog\/#website","url":"https:\/\/blog.zeit.de\/nsu-prozess-blog\/","name":"Das NSU-Prozess-Blog","description":"Alle Berichte zum Terrorverfahren in M\u00fcnchen","potentialAction":[{"@type":"SearchAction","target":{"@type":"EntryPoint","urlTemplate":"https:\/\/blog.zeit.de\/nsu-prozess-blog\/?s={search_term_string}"},"query-input":"required name=search_term_string"}],"inLanguage":"de"},{"@type":"Person","@id":"https:\/\/blog.zeit.de\/nsu-prozess-blog\/#\/schema\/person\/553ea9bb5d1fc2ae054c589bd59380a5","name":"Tom Sundermann","image":{"@type":"ImageObject","inLanguage":"de","@id":"https:\/\/blog.zeit.de\/nsu-prozess-blog\/#\/schema\/person\/image\/","url":"https:\/\/secure.gravatar.com\/avatar\/e108a3dc18766f719b2f797dc5d19093f06a1870c55b553ab6b7563f1f9a5e68?s=96&d=mm&r=g","contentUrl":"https:\/\/secure.gravatar.com\/avatar\/e108a3dc18766f719b2f797dc5d19093f06a1870c55b553ab6b7563f1f9a5e68?s=96&d=mm&r=g","caption":"Tom Sundermann"},"sameAs":["https:\/\/twitter.com\/messeticker"],"url":"https:\/\/blog.zeit.de\/nsu-prozess-blog\/author\/tsundermann\/"}]}},"jetpack_featured_media_url":"","jetpack_sharing_enabled":true,"_links":{"self":[{"href":"https:\/\/blog.zeit.de\/nsu-prozess-blog\/wp-json\/wp\/v2\/posts\/13532","targetHints":{"allow":["GET"]}}],"collection":[{"href":"https:\/\/blog.zeit.de\/nsu-prozess-blog\/wp-json\/wp\/v2\/posts"}],"about":[{"href":"https:\/\/blog.zeit.de\/nsu-prozess-blog\/wp-json\/wp\/v2\/types\/post"}],"author":[{"embeddable":true,"href":"https:\/\/blog.zeit.de\/nsu-prozess-blog\/wp-json\/wp\/v2\/users\/435"}],"replies":[{"embeddable":true,"href":"https:\/\/blog.zeit.de\/nsu-prozess-blog\/wp-json\/wp\/v2\/comments?post=13532"}],"version-history":[{"count":7,"href":"https:\/\/blog.zeit.de\/nsu-prozess-blog\/wp-json\/wp\/v2\/posts\/13532\/revisions"}],"predecessor-version":[{"id":13548,"href":"https:\/\/blog.zeit.de\/nsu-prozess-blog\/wp-json\/wp\/v2\/posts\/13532\/revisions\/13548"}],"wp:attachment":[{"href":"https:\/\/blog.zeit.de\/nsu-prozess-blog\/wp-json\/wp\/v2\/media?parent=13532"}],"wp:term":[{"taxonomy":"category","embeddable":true,"href":"https:\/\/blog.zeit.de\/nsu-prozess-blog\/wp-json\/wp\/v2\/categories?post=13532"},{"taxonomy":"post_tag","embeddable":true,"href":"https:\/\/blog.zeit.de\/nsu-prozess-blog\/wp-json\/wp\/v2\/tags?post=13532"}],"curies":[{"name":"wp","href":"https:\/\/api.w.org\/{rel}","templated":true}]}}