{"id":13586,"date":"2017-08-10T09:45:07","date_gmt":"2017-08-10T07:45:07","guid":{"rendered":"http:\/\/blog.zeit.de\/nsu-prozess-blog\/?p=13586"},"modified":"2017-08-10T09:45:07","modified_gmt":"2017-08-10T07:45:07","slug":"medienlog-nebenklage-verfahren-nsu","status":"publish","type":"post","link":"https:\/\/blog.zeit.de\/nsu-prozess-blog\/2017\/08\/10\/medienlog-nebenklage-verfahren-nsu\/","title":{"rendered":"NSU-Prozess: Die Geschichte eines Strafverfahrens \u2013 Das Medienlog vom Donnerstag, 10. August 2017"},"content":{"rendered":"<p>Eine entscheidende Frage provoziert sehr unterschiedliche Meinungen: Hat der NSU-Prozess geleistet, was er leisten muss? Vertreter der Nebenklage \u00e4u\u00dfern sich \u00fcber die bisherigen Ergebnisse <a href=\"https:\/\/blog.zeit.de\/nsu-prozess-blog\/2017\/08\/03\/medienlog-nebenklage-plaedoyer-gba-nsu\/\">immer wieder entt\u00e4uscht<\/a>. Der Rechtswissenschaftler Oliver Harry Gerson h\u00e4lt ihnen in der Publikation <a href=\"http:\/\/www.migazin.de\/2017\/08\/09\/geschichte-hat-erst-begonnen-zum-nsu-prozess-und-was-er-nicht-leisten-konnte\/\" target=\"_blank\" rel=\"noopener\"><em>Migazin<\/em><\/a> entgegen, das Verfahren habe wohl &#8222;schlicht nicht <em>die<\/em> Kl\u00e4rung erwirkt, die sich mancher erhofft hatte&#8220;. Tats\u00e4chlich gelte, dass jedes Strafverfahren eine Geschichte erz\u00e4hlt, einen Ausschnitt aus der Wirklichkeit, der nicht dem tats\u00e4chlichen Geschehen mit all seinen Facetten entsprechen muss \u2013 oder dem, was die Nebenklagevertreter daf\u00fcr halten. Das Fazit: &#8222;Wer fordert, dass ein Strafverfahren umf\u00e4nglich alle Hintergr\u00fcnde des &#8218;Untergrundes&#8216; aufdeckt, der \u00fcberfordert es.&#8220;<\/p>\n<p>Im <a href=\"https:\/\/www.inforadio.de\/programm\/schema\/sendungen\/vis_a_vis\/201708\/151835.html\" target=\"_blank\" rel=\"noopener\"><em>Inforadio<\/em><\/a> des rbb schildert Terrorismusreporter Holger Schmidt seine Beobachtungen, konzentriert auf Beate Zsch\u00e4pe. Aufgefallen ist ihm demnach der &#8222;manipulative Wesenszug&#8220; der Hauptangeklagten, deren <a href=\"http:\/\/www.zeit.de\/politik\/ausland\/2015-12\/beate-schaepe-aussage-bewertung\">eigene Schilderungen<\/a> nicht zu ihrem Verhalten im Prozess passten.<\/p>\n<p><em>An jedem Werktag sichten wir f\u00fcr das NSU-Prozess-Blog die Medien und stellen wichtige Berichte, Blogs, Videos und Tweets zusammen. Wir freuen uns \u00fcber Hinweise via Twitter mit dem Hashtag #nsublog \u2013 oder per E-Mail an <a href=\"mailto:nsublog@zeit.de\">nsublog@zeit.de<\/a>.<\/em><\/p>\n<p><em>Das n\u00e4chste Medienlog erscheint am Freitag, 11. August 2017.<\/em><\/p>\n","protected":false},"excerpt":{"rendered":"<p>Eine entscheidende Frage provoziert sehr unterschiedliche Meinungen: Hat der NSU-Prozess geleistet, was er leisten muss? Vertreter der Nebenklage \u00e4u\u00dfern sich \u00fcber die bisherigen Ergebnisse immer wieder entt\u00e4uscht. Der Rechtswissenschaftler Oliver Harry Gerson h\u00e4lt ihnen in der Publikation Migazin entgegen, das Verfahren habe wohl &#8222;schlicht nicht die Kl\u00e4rung erwirkt, die sich mancher erhofft hatte&#8220;. Tats\u00e4chlich gelte, [&hellip;]<\/p>\n","protected":false},"author":435,"featured_media":0,"comment_status":"open","ping_status":"open","sticky":false,"template":"","format":"standard","meta":{"_jetpack_memberships_contains_paid_content":false,"footnotes":""},"categories":[27531],"tags":[17793,29426],"class_list":["post-13586","post","type-post","status-publish","format-standard","hentry","category-medienschau","tag-beate-zschape","tag-nebenklage"],"yoast_head":"<!-- This site is optimized with the Yoast SEO plugin v21.0 - https:\/\/yoast.com\/wordpress\/plugins\/seo\/ -->\n<title>NSU-Prozess: Die Geschichte eines Strafverfahrens \u2013 Das Medienlog vom Donnerstag, 10. August 2017 - Das NSU-Prozess-Blog<\/title>\n<meta name=\"robots\" content=\"index, follow, max-snippet:-1, max-image-preview:large, max-video-preview:-1\" \/>\n<link rel=\"canonical\" href=\"https:\/\/blog.zeit.de\/nsu-prozess-blog\/2017\/08\/10\/medienlog-nebenklage-verfahren-nsu\/\" \/>\n<meta property=\"og:locale\" content=\"de_DE\" \/>\n<meta property=\"og:type\" content=\"article\" \/>\n<meta property=\"og:title\" content=\"NSU-Prozess: Die Geschichte eines Strafverfahrens \u2013 Das Medienlog vom Donnerstag, 10. August 2017 - Das NSU-Prozess-Blog\" \/>\n<meta property=\"og:description\" content=\"Eine entscheidende Frage provoziert sehr unterschiedliche Meinungen: Hat der NSU-Prozess geleistet, was er leisten muss? Vertreter der Nebenklage \u00e4u\u00dfern sich \u00fcber die bisherigen Ergebnisse immer wieder entt\u00e4uscht. Der Rechtswissenschaftler Oliver Harry Gerson h\u00e4lt ihnen in der Publikation Migazin entgegen, das Verfahren habe wohl &#8222;schlicht nicht die Kl\u00e4rung erwirkt, die sich mancher erhofft hatte&#8220;. Tats\u00e4chlich gelte, [&hellip;]\" \/>\n<meta property=\"og:url\" content=\"https:\/\/blog.zeit.de\/nsu-prozess-blog\/2017\/08\/10\/medienlog-nebenklage-verfahren-nsu\/\" \/>\n<meta property=\"og:site_name\" content=\"Das NSU-Prozess-Blog\" \/>\n<meta property=\"article:published_time\" content=\"2017-08-10T07:45:07+00:00\" \/>\n<meta name=\"author\" content=\"Tom Sundermann\" \/>\n<meta name=\"twitter:label1\" content=\"Geschrieben von\" \/>\n\t<meta name=\"twitter:data1\" content=\"Tom Sundermann\" \/>\n\t<meta name=\"twitter:label2\" content=\"Gesch\u00e4tzte Lesezeit\" \/>\n\t<meta name=\"twitter:data2\" content=\"1\u00a0Minute\" \/>\n<script type=\"application\/ld+json\" class=\"yoast-schema-graph\">{\"@context\":\"https:\/\/schema.org\",\"@graph\":[{\"@type\":\"WebPage\",\"@id\":\"https:\/\/blog.zeit.de\/nsu-prozess-blog\/2017\/08\/10\/medienlog-nebenklage-verfahren-nsu\/\",\"url\":\"https:\/\/blog.zeit.de\/nsu-prozess-blog\/2017\/08\/10\/medienlog-nebenklage-verfahren-nsu\/\",\"name\":\"NSU-Prozess: Die Geschichte eines Strafverfahrens \u2013 Das Medienlog vom Donnerstag, 10. August 2017 - Das NSU-Prozess-Blog\",\"isPartOf\":{\"@id\":\"https:\/\/blog.zeit.de\/nsu-prozess-blog\/#website\"},\"datePublished\":\"2017-08-10T07:45:07+00:00\",\"dateModified\":\"2017-08-10T07:45:07+00:00\",\"author\":{\"@id\":\"https:\/\/blog.zeit.de\/nsu-prozess-blog\/#\/schema\/person\/553ea9bb5d1fc2ae054c589bd59380a5\"},\"breadcrumb\":{\"@id\":\"https:\/\/blog.zeit.de\/nsu-prozess-blog\/2017\/08\/10\/medienlog-nebenklage-verfahren-nsu\/#breadcrumb\"},\"inLanguage\":\"de\",\"potentialAction\":[{\"@type\":\"ReadAction\",\"target\":[\"https:\/\/blog.zeit.de\/nsu-prozess-blog\/2017\/08\/10\/medienlog-nebenklage-verfahren-nsu\/\"]}]},{\"@type\":\"BreadcrumbList\",\"@id\":\"https:\/\/blog.zeit.de\/nsu-prozess-blog\/2017\/08\/10\/medienlog-nebenklage-verfahren-nsu\/#breadcrumb\",\"itemListElement\":[{\"@type\":\"ListItem\",\"position\":1,\"name\":\"Startseite\",\"item\":\"https:\/\/blog.zeit.de\/nsu-prozess-blog\/\"},{\"@type\":\"ListItem\",\"position\":2,\"name\":\"NSU-Prozess: Die Geschichte eines Strafverfahrens \u2013 Das Medienlog vom Donnerstag, 10. August 2017\"}]},{\"@type\":\"WebSite\",\"@id\":\"https:\/\/blog.zeit.de\/nsu-prozess-blog\/#website\",\"url\":\"https:\/\/blog.zeit.de\/nsu-prozess-blog\/\",\"name\":\"Das NSU-Prozess-Blog\",\"description\":\"Alle Berichte zum Terrorverfahren in M\u00fcnchen\",\"potentialAction\":[{\"@type\":\"SearchAction\",\"target\":{\"@type\":\"EntryPoint\",\"urlTemplate\":\"https:\/\/blog.zeit.de\/nsu-prozess-blog\/?s={search_term_string}\"},\"query-input\":\"required name=search_term_string\"}],\"inLanguage\":\"de\"},{\"@type\":\"Person\",\"@id\":\"https:\/\/blog.zeit.de\/nsu-prozess-blog\/#\/schema\/person\/553ea9bb5d1fc2ae054c589bd59380a5\",\"name\":\"Tom Sundermann\",\"image\":{\"@type\":\"ImageObject\",\"inLanguage\":\"de\",\"@id\":\"https:\/\/blog.zeit.de\/nsu-prozess-blog\/#\/schema\/person\/image\/\",\"url\":\"https:\/\/secure.gravatar.com\/avatar\/e108a3dc18766f719b2f797dc5d19093f06a1870c55b553ab6b7563f1f9a5e68?s=96&d=mm&r=g\",\"contentUrl\":\"https:\/\/secure.gravatar.com\/avatar\/e108a3dc18766f719b2f797dc5d19093f06a1870c55b553ab6b7563f1f9a5e68?s=96&d=mm&r=g\",\"caption\":\"Tom Sundermann\"},\"sameAs\":[\"https:\/\/twitter.com\/messeticker\"],\"url\":\"https:\/\/blog.zeit.de\/nsu-prozess-blog\/author\/tsundermann\/\"}]}<\/script>\n<!-- \/ Yoast SEO plugin. -->","yoast_head_json":{"title":"NSU-Prozess: Die Geschichte eines Strafverfahrens \u2013 Das Medienlog vom Donnerstag, 10. August 2017 - Das NSU-Prozess-Blog","robots":{"index":"index","follow":"follow","max-snippet":"max-snippet:-1","max-image-preview":"max-image-preview:large","max-video-preview":"max-video-preview:-1"},"canonical":"https:\/\/blog.zeit.de\/nsu-prozess-blog\/2017\/08\/10\/medienlog-nebenklage-verfahren-nsu\/","og_locale":"de_DE","og_type":"article","og_title":"NSU-Prozess: Die Geschichte eines Strafverfahrens \u2013 Das Medienlog vom Donnerstag, 10. August 2017 - Das NSU-Prozess-Blog","og_description":"Eine entscheidende Frage provoziert sehr unterschiedliche Meinungen: Hat der NSU-Prozess geleistet, was er leisten muss? Vertreter der Nebenklage \u00e4u\u00dfern sich \u00fcber die bisherigen Ergebnisse immer wieder entt\u00e4uscht. Der Rechtswissenschaftler Oliver Harry Gerson h\u00e4lt ihnen in der Publikation Migazin entgegen, das Verfahren habe wohl &#8222;schlicht nicht die Kl\u00e4rung erwirkt, die sich mancher erhofft hatte&#8220;. Tats\u00e4chlich gelte, [&hellip;]","og_url":"https:\/\/blog.zeit.de\/nsu-prozess-blog\/2017\/08\/10\/medienlog-nebenklage-verfahren-nsu\/","og_site_name":"Das NSU-Prozess-Blog","article_published_time":"2017-08-10T07:45:07+00:00","author":"Tom Sundermann","twitter_misc":{"Geschrieben von":"Tom Sundermann","Gesch\u00e4tzte Lesezeit":"1\u00a0Minute"},"schema":{"@context":"https:\/\/schema.org","@graph":[{"@type":"WebPage","@id":"https:\/\/blog.zeit.de\/nsu-prozess-blog\/2017\/08\/10\/medienlog-nebenklage-verfahren-nsu\/","url":"https:\/\/blog.zeit.de\/nsu-prozess-blog\/2017\/08\/10\/medienlog-nebenklage-verfahren-nsu\/","name":"NSU-Prozess: Die Geschichte eines Strafverfahrens \u2013 Das Medienlog vom Donnerstag, 10. August 2017 - Das NSU-Prozess-Blog","isPartOf":{"@id":"https:\/\/blog.zeit.de\/nsu-prozess-blog\/#website"},"datePublished":"2017-08-10T07:45:07+00:00","dateModified":"2017-08-10T07:45:07+00:00","author":{"@id":"https:\/\/blog.zeit.de\/nsu-prozess-blog\/#\/schema\/person\/553ea9bb5d1fc2ae054c589bd59380a5"},"breadcrumb":{"@id":"https:\/\/blog.zeit.de\/nsu-prozess-blog\/2017\/08\/10\/medienlog-nebenklage-verfahren-nsu\/#breadcrumb"},"inLanguage":"de","potentialAction":[{"@type":"ReadAction","target":["https:\/\/blog.zeit.de\/nsu-prozess-blog\/2017\/08\/10\/medienlog-nebenklage-verfahren-nsu\/"]}]},{"@type":"BreadcrumbList","@id":"https:\/\/blog.zeit.de\/nsu-prozess-blog\/2017\/08\/10\/medienlog-nebenklage-verfahren-nsu\/#breadcrumb","itemListElement":[{"@type":"ListItem","position":1,"name":"Startseite","item":"https:\/\/blog.zeit.de\/nsu-prozess-blog\/"},{"@type":"ListItem","position":2,"name":"NSU-Prozess: Die Geschichte eines Strafverfahrens \u2013 Das Medienlog vom Donnerstag, 10. August 2017"}]},{"@type":"WebSite","@id":"https:\/\/blog.zeit.de\/nsu-prozess-blog\/#website","url":"https:\/\/blog.zeit.de\/nsu-prozess-blog\/","name":"Das NSU-Prozess-Blog","description":"Alle Berichte zum Terrorverfahren in M\u00fcnchen","potentialAction":[{"@type":"SearchAction","target":{"@type":"EntryPoint","urlTemplate":"https:\/\/blog.zeit.de\/nsu-prozess-blog\/?s={search_term_string}"},"query-input":"required name=search_term_string"}],"inLanguage":"de"},{"@type":"Person","@id":"https:\/\/blog.zeit.de\/nsu-prozess-blog\/#\/schema\/person\/553ea9bb5d1fc2ae054c589bd59380a5","name":"Tom Sundermann","image":{"@type":"ImageObject","inLanguage":"de","@id":"https:\/\/blog.zeit.de\/nsu-prozess-blog\/#\/schema\/person\/image\/","url":"https:\/\/secure.gravatar.com\/avatar\/e108a3dc18766f719b2f797dc5d19093f06a1870c55b553ab6b7563f1f9a5e68?s=96&d=mm&r=g","contentUrl":"https:\/\/secure.gravatar.com\/avatar\/e108a3dc18766f719b2f797dc5d19093f06a1870c55b553ab6b7563f1f9a5e68?s=96&d=mm&r=g","caption":"Tom Sundermann"},"sameAs":["https:\/\/twitter.com\/messeticker"],"url":"https:\/\/blog.zeit.de\/nsu-prozess-blog\/author\/tsundermann\/"}]}},"jetpack_featured_media_url":"","jetpack_sharing_enabled":true,"_links":{"self":[{"href":"https:\/\/blog.zeit.de\/nsu-prozess-blog\/wp-json\/wp\/v2\/posts\/13586","targetHints":{"allow":["GET"]}}],"collection":[{"href":"https:\/\/blog.zeit.de\/nsu-prozess-blog\/wp-json\/wp\/v2\/posts"}],"about":[{"href":"https:\/\/blog.zeit.de\/nsu-prozess-blog\/wp-json\/wp\/v2\/types\/post"}],"author":[{"embeddable":true,"href":"https:\/\/blog.zeit.de\/nsu-prozess-blog\/wp-json\/wp\/v2\/users\/435"}],"replies":[{"embeddable":true,"href":"https:\/\/blog.zeit.de\/nsu-prozess-blog\/wp-json\/wp\/v2\/comments?post=13586"}],"version-history":[{"count":2,"href":"https:\/\/blog.zeit.de\/nsu-prozess-blog\/wp-json\/wp\/v2\/posts\/13586\/revisions"}],"predecessor-version":[{"id":13588,"href":"https:\/\/blog.zeit.de\/nsu-prozess-blog\/wp-json\/wp\/v2\/posts\/13586\/revisions\/13588"}],"wp:attachment":[{"href":"https:\/\/blog.zeit.de\/nsu-prozess-blog\/wp-json\/wp\/v2\/media?parent=13586"}],"wp:term":[{"taxonomy":"category","embeddable":true,"href":"https:\/\/blog.zeit.de\/nsu-prozess-blog\/wp-json\/wp\/v2\/categories?post=13586"},{"taxonomy":"post_tag","embeddable":true,"href":"https:\/\/blog.zeit.de\/nsu-prozess-blog\/wp-json\/wp\/v2\/tags?post=13586"}],"curies":[{"name":"wp","href":"https:\/\/api.w.org\/{rel}","templated":true}]}}