{"id":13640,"date":"2018-07-10T18:49:13","date_gmt":"2018-07-10T16:49:13","guid":{"rendered":"http:\/\/blog.zeit.de\/nsu-prozess-blog\/?p=13640"},"modified":"2018-07-11T08:04:29","modified_gmt":"2018-07-11T06:04:29","slug":"richter-raetselhaft","status":"publish","type":"post","link":"https:\/\/blog.zeit.de\/nsu-prozess-blog\/2018\/07\/10\/richter-raetselhaft\/","title":{"rendered":"Richter R\u00e4tselhaft"},"content":{"rendered":"<p><strong>Wehe, jemand kommt ihm frech: Manfred G\u00f6tzl hat den NSU-Prozess mit einer Mischung aus Gelassenheit und Penetranz geleitet. Wer ist der Mann, der das Urteil \u00fcber Beate Zsch\u00e4pe sprechen wird?<br \/>\n<\/strong><\/p>\n<p>Es gibt Momente, da ist zu sp\u00fcren, wie Manfred G\u00f6tzl mit sich ringt, ob er nun ausrasten soll oder nicht. Dann spannt der Mann mit den raspelkurzen Haaren und der Nickelbrille die Stirn an und \u00f6ffnet langsam den Mund. Wenn ein Zeuge l\u00fcgt oder Dinge verheimlicht, <a href=\"https:\/\/www.zeit.de\/thema\/nsu\">bleibt der Vorsitzende Richter im NSU-Prozess<\/a> meist ganz entspannt. Aber eine freche Antwort kann ihn sofort auf die Palme bringen.<\/p>\n<p>Dezember 2013. Siegfried Mundlos sagte aus, der Vater des NSU-Mitglieds Uwe Mundlos. Mitten in der Vernehmung biss er in einen mitgebrachten Apfel. &#8222;Wenn Sie jetzt Hunger haben&#8220;, rief G\u00f6tzl, &#8222;dann machen wir erst mal zehn Minuten Pause!&#8220; Und schon riss er die T\u00fcr hinter sich auf und verschwand. Das ist Eskalationsstufe eins. Als sich die Atmosph\u00e4re nach der Unterbrechung beruhigt hatte, stellte G\u00f6tzl dem Zeugen eine kritische Frage. Mundlos gefiel das nicht. &#8222;Sie sind ein kleiner Klugsch\u2026!&#8220;, herrschte er den Richter an, die letzte Silbe verschluckte er. G\u00f6tzl br\u00fcllte sofort los, Eskalationsstufe zwei: &#8222;Was f\u00e4llt Ihnen ein, mich so anzugehen?&#8220;, rief er, den Finger bohrte er in die Luft.<\/p>\n<p><!--more--><\/p>\n<p>Manfred G\u00f6tzl ist 64 Jahre alt. Das Terrorverfahren vor dem M\u00fcnchner Oberlandesgericht d\u00fcrfte der letzte gro\u00dfe Fall seiner Karriere sein. Mehr als vier Jahre hat er diesen Prozess geleitet. An manchen Tagen, wie jenen des Verh\u00f6rs von Vater Mundlos, fragte man sich, wo er die Gelassenheit versteckte, die Alter und Erfahrung angeblich mit sich bringen. An anderen Tagen war er geradezu fr\u00f6hlich und locker. Wer ist dieser Richter, der an diesem Mittwoch voraussichtlich das Urteil \u00fcber Beate Zsch\u00e4pe und ihre Mitangeklagten sprechen wird?<\/p>\n<p>Die Antwort darauf ist heute weit weniger klar als kurz vor Prozessbeginn. Damals kamen die vielen Berichte \u00fcber ihn mit einer erstaunlich schmalen Bandbreite an Adjektiven aus: st\u00f6rrisch, knallhart, kompromisslos, sogar autistisch. \u00dcberliefert wurden Erz\u00e4hlungen von Wutausbr\u00fcchen, aber auch Lob wegen seiner unerm\u00fcdlichen Flei\u00dfarbeit und seinem Sachverstand.<\/p>\n<p>Dann musste G\u00f6tzl den ersten D\u00e4mpfer hinnehmen. Das Bundesverfassungsgericht erkl\u00e4rte kurz vor Prozessbeginn 2013 die Platzreservierungen f\u00fcr die Journalisten im Verhandlungssaal f\u00fcr ung\u00fcltig, weil t\u00fcrkische Medien dabei nicht ber\u00fccksichtigt worden waren. Die Vergabe musste wiederholt werden, der Verfahrensbeginn verschoben.<\/p>\n<h2><strong>In seinem Gerichtssaal konnte ihm keiner reinreden<\/strong><\/h2>\n<p>Der autorit\u00e4re Richter war gedem\u00fctigt. W\u00fcrde sich das im Prozess niederschlagen? <a href=\"https:\/\/www.zeit.de\/video\/2018-07\/5807409727001\/nsu-prozess-man-haette-ihnen-moeglicherweise-auf-die-spur-kommen-koennen\">Als es losging, am 6. Mai 2013<\/a>, schien es fast so. Die Anw\u00e4lte von Beate Zsch\u00e4pe und dem Mitangeklagten Ralf Wohlleben lehnten G\u00f6tzl wegen Befangenheit ab, in der Diskussion dar\u00fcber legte das Gericht immer wieder Beratungspausen ein. Die \u00fcberzog G\u00f6tzl dann manchmal um eine halbe Stunde. Alles wartete auf ihn. Er machte den Zeitplan. In seinem Gerichtssaal, dem fensterlosen Raum A101 im M\u00fcnchner Strafjustizzentrum, konnte ihm keiner reinreden. Auch nicht die Kollegen vom Verfassungsgericht in Karlsruhe.<\/p>\n<p>Seither haben sich Dutzende Befangenheitsantr\u00e4ge gegen G\u00f6tzl angesammelt. Wenn wieder einer gestellt wurde, verdrehte G\u00f6tzl nicht die Augen, er signalisierte auch keine Kampfeslust. Er blieb ganz ruhig. Kein einziger dieser Antr\u00e4ge kam in all den Jahren durch. G\u00f6tzl machte nie den Eindruck, als bereite ihm das Genugtuung. An juristischen Machtspielen hatte er, meist jedenfalls, kein Interesse.<\/p>\n<p>Er wollte arbeiten. Mechanisch arbeitete er jeden Morgen die Prozessroutine ab, beginnend mit einem vierfachen &#8222;Guten Morgen&#8220; in alle Richtungen. G\u00f6tzl ist bekannt f\u00fcr seine gewissenhafte Vorbereitung und f\u00fcr scharfe Befragungen. Siebenmal lie\u00df er den fr\u00fcheren Verfassungssch\u00fctzer Andreas Temme antreten, der beim Mord an dem Kasseler Internetcaf\u00e9-Betreiber Halit Yozgat 2007 am Tatort war, aber nichts bemerkt haben will. Mit S\u00e4tzen wie &#8222;Das m\u00fcssen Sie mir mal erkl\u00e4ren&#8220; oder &#8222;Ich habe da meine Schwierigkeiten&#8220; versuchte der Richter, den Beamten mit dessen eigent\u00fcmlicher Version der Geschichte zu einer klaren Aussage zu bringen. Am Ende stellte er \u00fcberraschenderweise fest, es gebe keine Zweifel an Temmes Glaubw\u00fcrdigkeit.<\/p>\n<h2><strong>Pragmatiker und Rechthaber<\/strong><\/h2>\n<p>Das machte G\u00f6tzl, der sich mit einfachen Antworten sonst nicht zufrieden gibt, r\u00e4tselhaft. Merkw\u00fcrdig auch seine sanfte Art gegen\u00fcber Zeugen aus der rechten Szene, die offensichtlich logen oder schlicht die Antwort verweigerten, um ihre alten Kameraden zu sch\u00fctzen. Ein Richter kann in solchen Situationen Ordnungsgeld verh\u00e4ngen oder gar Ordnungshaft. Nie setzte G\u00f6tzl diese Instrumente ein.<\/p>\n<p>G\u00f6tzl ist Pragmatiker, aber auch Rechthaber. Wenn ihm jemand ins Wort fiel, was die Verteidiger von Zsch\u00e4pe und Wohlleben oft taten, wies er das sofort in aller Strenge zur\u00fcck. Manchmal unterbrach er auch die Verteidiger. Wenn die sich beschwerten, zog er sich notfalls mit den anderen Richtern zur\u00fcck, um sich best\u00e4tigen lassen, dass er das Wort zu Recht an sich gerissen hatte.<\/p>\n<p>Gerne w\u00e4re man dabei gewesen, wenn der Senat mit f\u00fcnf Mitgliedern im Dienstzimmer tagte. Ist G\u00f6tzl auch dort so tonangebend wie im Saal, wo die vier anderen Richter stumm und farblos blieben?<\/p>\n<p>In den vergangenen zw\u00f6lf Monaten gaben die Richtung im Prozess allerdings weniger die Richter vor, sondern die Verteidiger, die mit immer neuen Antr\u00e4gen weitere Zeugen und mehrere Sachverst\u00e4ndige in das Verfahren luden. G\u00f6tzl hatte daran erkennbar keinerlei Interesse. Er hatte sich sein Bild gemacht. Trotzdem lie\u00df er die Anw\u00e4lte gew\u00e4hren. Mit einer Weigerung h\u00e4tte er wom\u00f6glich Gr\u00fcnde f\u00fcr einen Revisionsantrag vor dem Bundesgerichtshof geliefert.<\/p>\n<p>Und dazu will er es auf keinen Fall kommen lassen. Er will ein sauberes Urteil f\u00e4llen. Bei seinem letzten gro\u00dfen Fall soll ihm Karlsruhe nicht noch mal hineinreden.<\/p>\n","protected":false},"excerpt":{"rendered":"<p>Wehe, jemand kommt ihm frech: Manfred G\u00f6tzl hat den NSU-Prozess mit einer Mischung aus Gelassenheit und Penetranz geleitet. Wer ist der Mann, der das Urteil \u00fcber Beate Zsch\u00e4pe sprechen wird? Es gibt Momente, da ist zu sp\u00fcren, wie Manfred G\u00f6tzl mit sich ringt, ob er nun ausrasten soll oder nicht. Dann spannt der Mann mit [&hellip;]<\/p>\n","protected":false},"author":435,"featured_media":0,"comment_status":"open","ping_status":"open","sticky":false,"template":"","format":"standard","meta":{"_jetpack_memberships_contains_paid_content":false,"footnotes":""},"categories":[16],"tags":[29442,29424,29462,27559,35416,29478],"class_list":["post-13640","post","type-post","status-publish","format-standard","hentry","category-allgemein","tag-andreas-t","tag-anwalte","tag-brigitte-bohnhardt","tag-manfred-gotzl","tag-revision","tag-siegfried-mundlos"],"yoast_head":"<!-- This site is optimized with the Yoast SEO plugin v21.0 - https:\/\/yoast.com\/wordpress\/plugins\/seo\/ -->\n<title>Manfred G\u00f6tzl: Der r\u00e4tselhafte Richter des NSU-Prozesses<\/title>\n<meta name=\"description\" content=\"Manfred G\u00f6tzl war der Vorsitzende Richter des NSU-Prozesses. In den Verhandlungen gibt er sich oft autorit\u00e4r. Doch wer ist er?\" \/>\n<meta name=\"robots\" content=\"index, follow, max-snippet:-1, max-image-preview:large, max-video-preview:-1\" \/>\n<link rel=\"canonical\" href=\"https:\/\/blog.zeit.de\/nsu-prozess-blog\/2018\/07\/10\/richter-raetselhaft\/\" \/>\n<meta property=\"og:locale\" content=\"de_DE\" \/>\n<meta property=\"og:type\" content=\"article\" \/>\n<meta property=\"og:title\" content=\"Manfred G\u00f6tzl: Der r\u00e4tselhafte Richter des NSU-Prozesses\" \/>\n<meta property=\"og:description\" content=\"Manfred G\u00f6tzl war der Vorsitzende Richter des NSU-Prozesses. In den Verhandlungen gibt er sich oft autorit\u00e4r. Doch wer ist er?\" \/>\n<meta property=\"og:url\" content=\"https:\/\/blog.zeit.de\/nsu-prozess-blog\/2018\/07\/10\/richter-raetselhaft\/\" \/>\n<meta property=\"og:site_name\" content=\"Das NSU-Prozess-Blog\" \/>\n<meta property=\"article:published_time\" content=\"2018-07-10T16:49:13+00:00\" \/>\n<meta property=\"article:modified_time\" content=\"2018-07-11T06:04:29+00:00\" \/>\n<meta name=\"author\" content=\"Tom Sundermann\" \/>\n<meta name=\"twitter:label1\" content=\"Geschrieben von\" \/>\n\t<meta name=\"twitter:data1\" content=\"Tom Sundermann\" \/>\n\t<meta name=\"twitter:label2\" content=\"Gesch\u00e4tzte Lesezeit\" \/>\n\t<meta name=\"twitter:data2\" content=\"5\u00a0Minuten\" \/>\n<script type=\"application\/ld+json\" class=\"yoast-schema-graph\">{\"@context\":\"https:\/\/schema.org\",\"@graph\":[{\"@type\":\"WebPage\",\"@id\":\"https:\/\/blog.zeit.de\/nsu-prozess-blog\/2018\/07\/10\/richter-raetselhaft\/\",\"url\":\"https:\/\/blog.zeit.de\/nsu-prozess-blog\/2018\/07\/10\/richter-raetselhaft\/\",\"name\":\"Manfred G\u00f6tzl: Der r\u00e4tselhafte Richter des NSU-Prozesses\",\"isPartOf\":{\"@id\":\"https:\/\/blog.zeit.de\/nsu-prozess-blog\/#website\"},\"datePublished\":\"2018-07-10T16:49:13+00:00\",\"dateModified\":\"2018-07-11T06:04:29+00:00\",\"author\":{\"@id\":\"https:\/\/blog.zeit.de\/nsu-prozess-blog\/#\/schema\/person\/553ea9bb5d1fc2ae054c589bd59380a5\"},\"description\":\"Manfred G\u00f6tzl war der Vorsitzende Richter des NSU-Prozesses. In den Verhandlungen gibt er sich oft autorit\u00e4r. Doch wer ist er?\",\"breadcrumb\":{\"@id\":\"https:\/\/blog.zeit.de\/nsu-prozess-blog\/2018\/07\/10\/richter-raetselhaft\/#breadcrumb\"},\"inLanguage\":\"de\",\"potentialAction\":[{\"@type\":\"ReadAction\",\"target\":[\"https:\/\/blog.zeit.de\/nsu-prozess-blog\/2018\/07\/10\/richter-raetselhaft\/\"]}]},{\"@type\":\"BreadcrumbList\",\"@id\":\"https:\/\/blog.zeit.de\/nsu-prozess-blog\/2018\/07\/10\/richter-raetselhaft\/#breadcrumb\",\"itemListElement\":[{\"@type\":\"ListItem\",\"position\":1,\"name\":\"Startseite\",\"item\":\"https:\/\/blog.zeit.de\/nsu-prozess-blog\/\"},{\"@type\":\"ListItem\",\"position\":2,\"name\":\"Richter R\u00e4tselhaft\"}]},{\"@type\":\"WebSite\",\"@id\":\"https:\/\/blog.zeit.de\/nsu-prozess-blog\/#website\",\"url\":\"https:\/\/blog.zeit.de\/nsu-prozess-blog\/\",\"name\":\"Das NSU-Prozess-Blog\",\"description\":\"Alle Berichte zum Terrorverfahren in M\u00fcnchen\",\"potentialAction\":[{\"@type\":\"SearchAction\",\"target\":{\"@type\":\"EntryPoint\",\"urlTemplate\":\"https:\/\/blog.zeit.de\/nsu-prozess-blog\/?s={search_term_string}\"},\"query-input\":\"required name=search_term_string\"}],\"inLanguage\":\"de\"},{\"@type\":\"Person\",\"@id\":\"https:\/\/blog.zeit.de\/nsu-prozess-blog\/#\/schema\/person\/553ea9bb5d1fc2ae054c589bd59380a5\",\"name\":\"Tom Sundermann\",\"image\":{\"@type\":\"ImageObject\",\"inLanguage\":\"de\",\"@id\":\"https:\/\/blog.zeit.de\/nsu-prozess-blog\/#\/schema\/person\/image\/\",\"url\":\"https:\/\/secure.gravatar.com\/avatar\/e108a3dc18766f719b2f797dc5d19093f06a1870c55b553ab6b7563f1f9a5e68?s=96&d=mm&r=g\",\"contentUrl\":\"https:\/\/secure.gravatar.com\/avatar\/e108a3dc18766f719b2f797dc5d19093f06a1870c55b553ab6b7563f1f9a5e68?s=96&d=mm&r=g\",\"caption\":\"Tom Sundermann\"},\"sameAs\":[\"https:\/\/twitter.com\/messeticker\"],\"url\":\"https:\/\/blog.zeit.de\/nsu-prozess-blog\/author\/tsundermann\/\"}]}<\/script>\n<!-- \/ Yoast SEO plugin. -->","yoast_head_json":{"title":"Manfred G\u00f6tzl: Der r\u00e4tselhafte Richter des NSU-Prozesses","description":"Manfred G\u00f6tzl war der Vorsitzende Richter des NSU-Prozesses. In den Verhandlungen gibt er sich oft autorit\u00e4r. Doch wer ist er?","robots":{"index":"index","follow":"follow","max-snippet":"max-snippet:-1","max-image-preview":"max-image-preview:large","max-video-preview":"max-video-preview:-1"},"canonical":"https:\/\/blog.zeit.de\/nsu-prozess-blog\/2018\/07\/10\/richter-raetselhaft\/","og_locale":"de_DE","og_type":"article","og_title":"Manfred G\u00f6tzl: Der r\u00e4tselhafte Richter des NSU-Prozesses","og_description":"Manfred G\u00f6tzl war der Vorsitzende Richter des NSU-Prozesses. In den Verhandlungen gibt er sich oft autorit\u00e4r. Doch wer ist er?","og_url":"https:\/\/blog.zeit.de\/nsu-prozess-blog\/2018\/07\/10\/richter-raetselhaft\/","og_site_name":"Das NSU-Prozess-Blog","article_published_time":"2018-07-10T16:49:13+00:00","article_modified_time":"2018-07-11T06:04:29+00:00","author":"Tom Sundermann","twitter_misc":{"Geschrieben von":"Tom Sundermann","Gesch\u00e4tzte Lesezeit":"5\u00a0Minuten"},"schema":{"@context":"https:\/\/schema.org","@graph":[{"@type":"WebPage","@id":"https:\/\/blog.zeit.de\/nsu-prozess-blog\/2018\/07\/10\/richter-raetselhaft\/","url":"https:\/\/blog.zeit.de\/nsu-prozess-blog\/2018\/07\/10\/richter-raetselhaft\/","name":"Manfred G\u00f6tzl: Der r\u00e4tselhafte Richter des NSU-Prozesses","isPartOf":{"@id":"https:\/\/blog.zeit.de\/nsu-prozess-blog\/#website"},"datePublished":"2018-07-10T16:49:13+00:00","dateModified":"2018-07-11T06:04:29+00:00","author":{"@id":"https:\/\/blog.zeit.de\/nsu-prozess-blog\/#\/schema\/person\/553ea9bb5d1fc2ae054c589bd59380a5"},"description":"Manfred G\u00f6tzl war der Vorsitzende Richter des NSU-Prozesses. In den Verhandlungen gibt er sich oft autorit\u00e4r. Doch wer ist er?","breadcrumb":{"@id":"https:\/\/blog.zeit.de\/nsu-prozess-blog\/2018\/07\/10\/richter-raetselhaft\/#breadcrumb"},"inLanguage":"de","potentialAction":[{"@type":"ReadAction","target":["https:\/\/blog.zeit.de\/nsu-prozess-blog\/2018\/07\/10\/richter-raetselhaft\/"]}]},{"@type":"BreadcrumbList","@id":"https:\/\/blog.zeit.de\/nsu-prozess-blog\/2018\/07\/10\/richter-raetselhaft\/#breadcrumb","itemListElement":[{"@type":"ListItem","position":1,"name":"Startseite","item":"https:\/\/blog.zeit.de\/nsu-prozess-blog\/"},{"@type":"ListItem","position":2,"name":"Richter R\u00e4tselhaft"}]},{"@type":"WebSite","@id":"https:\/\/blog.zeit.de\/nsu-prozess-blog\/#website","url":"https:\/\/blog.zeit.de\/nsu-prozess-blog\/","name":"Das NSU-Prozess-Blog","description":"Alle Berichte zum Terrorverfahren in M\u00fcnchen","potentialAction":[{"@type":"SearchAction","target":{"@type":"EntryPoint","urlTemplate":"https:\/\/blog.zeit.de\/nsu-prozess-blog\/?s={search_term_string}"},"query-input":"required name=search_term_string"}],"inLanguage":"de"},{"@type":"Person","@id":"https:\/\/blog.zeit.de\/nsu-prozess-blog\/#\/schema\/person\/553ea9bb5d1fc2ae054c589bd59380a5","name":"Tom Sundermann","image":{"@type":"ImageObject","inLanguage":"de","@id":"https:\/\/blog.zeit.de\/nsu-prozess-blog\/#\/schema\/person\/image\/","url":"https:\/\/secure.gravatar.com\/avatar\/e108a3dc18766f719b2f797dc5d19093f06a1870c55b553ab6b7563f1f9a5e68?s=96&d=mm&r=g","contentUrl":"https:\/\/secure.gravatar.com\/avatar\/e108a3dc18766f719b2f797dc5d19093f06a1870c55b553ab6b7563f1f9a5e68?s=96&d=mm&r=g","caption":"Tom Sundermann"},"sameAs":["https:\/\/twitter.com\/messeticker"],"url":"https:\/\/blog.zeit.de\/nsu-prozess-blog\/author\/tsundermann\/"}]}},"jetpack_featured_media_url":"","jetpack_sharing_enabled":true,"_links":{"self":[{"href":"https:\/\/blog.zeit.de\/nsu-prozess-blog\/wp-json\/wp\/v2\/posts\/13640","targetHints":{"allow":["GET"]}}],"collection":[{"href":"https:\/\/blog.zeit.de\/nsu-prozess-blog\/wp-json\/wp\/v2\/posts"}],"about":[{"href":"https:\/\/blog.zeit.de\/nsu-prozess-blog\/wp-json\/wp\/v2\/types\/post"}],"author":[{"embeddable":true,"href":"https:\/\/blog.zeit.de\/nsu-prozess-blog\/wp-json\/wp\/v2\/users\/435"}],"replies":[{"embeddable":true,"href":"https:\/\/blog.zeit.de\/nsu-prozess-blog\/wp-json\/wp\/v2\/comments?post=13640"}],"version-history":[{"count":7,"href":"https:\/\/blog.zeit.de\/nsu-prozess-blog\/wp-json\/wp\/v2\/posts\/13640\/revisions"}],"predecessor-version":[{"id":15144,"href":"https:\/\/blog.zeit.de\/nsu-prozess-blog\/wp-json\/wp\/v2\/posts\/13640\/revisions\/15144"}],"wp:attachment":[{"href":"https:\/\/blog.zeit.de\/nsu-prozess-blog\/wp-json\/wp\/v2\/media?parent=13640"}],"wp:term":[{"taxonomy":"category","embeddable":true,"href":"https:\/\/blog.zeit.de\/nsu-prozess-blog\/wp-json\/wp\/v2\/categories?post=13640"},{"taxonomy":"post_tag","embeddable":true,"href":"https:\/\/blog.zeit.de\/nsu-prozess-blog\/wp-json\/wp\/v2\/tags?post=13640"}],"curies":[{"name":"wp","href":"https:\/\/api.w.org\/{rel}","templated":true}]}}