{"id":13704,"date":"2017-09-01T09:07:48","date_gmt":"2017-09-01T07:07:48","guid":{"rendered":"http:\/\/blog.zeit.de\/nsu-prozess-blog\/?p=13704"},"modified":"2017-09-01T11:15:20","modified_gmt":"2017-09-01T09:15:20","slug":"medienlog-andre-e-plaedoyer-nsu","status":"publish","type":"post","link":"https:\/\/blog.zeit.de\/nsu-prozess-blog\/2017\/09\/01\/medienlog-andre-e-plaedoyer-nsu\/","title":{"rendered":"Andr\u00e9 E.: Vertrauter und Helfer des NSU \u2013 Das Medienlog vom Freitag, 1. September 2017"},"content":{"rendered":"<p>F\u00fcr zwei Tage ist die Sommerpause unterbrochen, die Bundesanwaltschaft hat ihr Pl\u00e4doyer fortgesetzt. Am Donnerstag im Fokus des Schlussvortrags: der <a href=\"https:\/\/blog.zeit.de\/nsu-prozess-blog\/2014\/01\/21\/der-schatten-des-nsu\/\">Mitangeklagte Andr\u00e9 E.<\/a>, der f\u00fcr den NSU Wohnmobile gemietet und ihm bei der Tarnung im Untergrund geholfen haben soll. Angeklagt ist er unter anderem wegen Beihilfe zum Mord. Er habe &#8222;klipp und klar&#8220; gewusst, was der NSU plante und tat, sagte Oberstaatsanwalt Jochen Weingarten.<\/p>\n<p>&#8222;Aus Sicht der Bundesanwaltschaft geh\u00f6rte er quasi zur Familie&#8220;, bilanziert Julia J\u00fcttner auf <a href=\"http:\/\/www.spiegel.de\/panorama\/justiz\/nsu-prozess-was-die-anklaeger-andre-e-vorwerfen-a-1165544.html\" target=\"_blank\" rel=\"noopener\"><em>Spiegel Online<\/em><\/a> die Einsch\u00e4tzung der Anklagevertreter. Der Angeklagte selbst sei den Ausf\u00fchrungen &#8222;sichtlich am\u00fcsiert&#8220; gefolgt. Der Staatsanwalt erinnerte auch an dessen Schweigen seit der Festnahme bis zum heutigen Tag. &#8222;F\u00fcr Andr\u00e9 E. muss es wie ein Ritterschlag klingen.&#8220;<\/p>\n<p><!--more--><\/p>\n<p><em>An jedem Werktag sichten wir f\u00fcr das NSU-Prozess-Blog die Medien und stellen wichtige Berichte, Blogs, Videos und Tweets zusammen. Wir freuen uns \u00fcber Hinweise via Twitter mit dem Hashtag #nsublog \u2013 oder per E-Mail an <a href=\"mailto:nsublog@zeit.de\">nsublog@zeit.de<\/a>.<\/em><\/p>\n<p>Weingarten pr\u00e4sentierte zahlreiche Indizien, die eine Beteiligung von E. nahelegen. Als &#8222;Gest\u00e4ndnis&#8220; wertete er einen <a href=\"https:\/\/blog.zeit.de\/nsu-prozess-blog\/2015\/12\/17\/uberraschende-aussagen-fein-abgestimmt\/\">Fund aus der Wohnung<\/a> von E.s Familie, in der Portr\u00e4ts der verstorbenen NSU-Mitglieder Uwe Mundlos und Uwe B\u00f6hnhardt nach Art einer &#8222;Heldenverehrung&#8220; aufgeh\u00e4ngt waren. Als Beleg f\u00fcr die N\u00e4he von E. zur terroristischen Gruppe wertete er auch, dass im <a href=\"https:\/\/blog.zeit.de\/nsu-prozess-blog\/2016\/03\/15\/zschapes-beitrag-zum-terror-video\/\">Bekennervideo des NSU<\/a> vier K\u00f6pfe der Figur Paulchen Panther zu sehen sind.<\/p>\n<p>&#8222;Die Bundesanwaltschaft hatte dies stets als unhaltbare Spekulationen abgetan \u2013 jetzt befeuerte ausgerechnet einer der Ankl\u00e4ger diese These aufs Neue&#8220;, merkt Andreas F\u00f6rster in der <a href=\"http:\/\/www.fr.de\/politik\/rechtsextremismus\/nsu-neonazi\/prozess-in-muenchen-anklage-geht-offenbar-von-weiterem-nsu-mitglied-aus-a-1342552\" target=\"_blank\" rel=\"noopener\"><em>Frankfurter Rundschau<\/em><\/a> an. Auch die Bedeutung des Neonazi-Romans <em>Turner-Tageb\u00fccher<\/em>, den E. nach dem Ende des NSU von seiner Festplatte l\u00f6schte, erkannte die Bundesanwaltschaft an. &#8222;F\u00fcr die Ankl\u00e4ger ein deutliches Zeichen: Er wusste, was seine Freunde taten&#8220;, schreibt Wiebke Ramm in der <a href=\"http:\/\/www.sueddeutsche.de\/politik\/nsu-prozess-mitglied-der-familie-1.3647887\" target=\"_blank\" rel=\"noopener\"><em>S\u00fcddeutschen Zeitung<\/em><\/a>.<\/p>\n<p>&#8222;F\u00fcr die Bundesanwaltschaft ist klar: E. war ein enger Vertrauter und genauestens eingeweihter Helfer&#8220;, hei\u00dft es auch bei uns auf <a href=\"https:\/\/blog.zeit.de\/nsu-prozess-blog\/2017\/08\/31\/hol-schon-mal-den-wagen-andre\/\" target=\"_blank\" rel=\"noopener\">ZEIT ONLINE<\/a>. Die Aufmerksamkeit f\u00fcr den Angeklagten ist ungewohnt: &#8222;W\u00e4hrend er sich durch sein Schweigen im Prozess nahezu unbemerkt gemacht hatte, hebt das stringente Pl\u00e4doyer seine Rolle als Helfer deutlich hervor.&#8220; Bei den Strafma\u00dfforderungen am Ende des Pl\u00e4doyers &#8222;d\u00fcrfte es sehr unangenehm f\u00fcr ihn werden&#8220;.<\/p>\n<p>Folgt das Gericht dieser Ansicht, m\u00fcsse sich E. &#8222;auf einige Jahre hinter Gittern einstellen&#8220;, schreibt Marcel F\u00fcrstenau von der <a href=\"http:\/\/www.dw.com\/de\/nsu-prozess-f%C3%BCr-andr%C3%A9-e-wird-es-eng\/a-40315798\" target=\"_blank\" rel=\"noopener\">Deutschen Welle<\/a>. Darum gelte: &#8222;Ob sich die Strategie des Schweigens am Ende f\u00fcr E. auszahlt, ist fraglich.&#8220;<\/p>\n<p>In einem Portr\u00e4t im <a href=\"http:\/\/www.spiegel.de\/spiegel\/richter-manfred-goetzl-leitet-den-nsu-prozess-gegen-beate-zschaepe-a-1164911.html\" target=\"_blank\" rel=\"noopener\"><em>Spiegel<\/em><\/a> (kostenpflichtig) widmet sich Julia J\u00fcttner dem Vorsitzenden Richter Manfred G\u00f6tzl. Das Fazit: G\u00f6tzl habe &#8222;an Gelassenheit gewonnen&#8220; und das habe sich auch auf andere Prozessbeteiligte \u00fcbertragen.<\/p>\n<p><em>Das n\u00e4chste Medienlog erscheint am Montag, 4. September 2017.<\/em><\/p>\n","protected":false},"excerpt":{"rendered":"<p>F\u00fcr zwei Tage ist die Sommerpause unterbrochen, die Bundesanwaltschaft hat ihr Pl\u00e4doyer fortgesetzt. Am Donnerstag im Fokus des Schlussvortrags: der Mitangeklagte Andr\u00e9 E., der f\u00fcr den NSU Wohnmobile gemietet und ihm bei der Tarnung im Untergrund geholfen haben soll. Angeklagt ist er unter anderem wegen Beihilfe zum Mord. Er habe &#8222;klipp und klar&#8220; gewusst, was [&hellip;]<\/p>\n","protected":false},"author":435,"featured_media":0,"comment_status":"open","ping_status":"open","sticky":false,"template":"","format":"standard","meta":{"_jetpack_memberships_contains_paid_content":false,"footnotes":""},"categories":[27531],"tags":[27561,29495,35438,27559,35435],"class_list":["post-13704","post","type-post","status-publish","format-standard","hentry","category-medienschau","tag-andre-e","tag-bundesanwaltschaft","tag-jochen-weingarten","tag-manfred-gotzl","tag-plaedoyer"],"yoast_head":"<!-- This site is optimized with the Yoast SEO plugin v21.0 - https:\/\/yoast.com\/wordpress\/plugins\/seo\/ -->\n<title>Andr\u00e9 E.: Vertrauer und Helfer des NSU<\/title>\n<meta name=\"description\" content=\"W\u00e4hrend der zweit\u00e4gigen Unterbrechung der Sommerpause im NSU-Prozess, setzt die Bundesanwaltschaft ihr Pl\u00e4doyer fort. Im Fokus: Andr\u00e9 E.\" \/>\n<meta name=\"robots\" content=\"index, follow, max-snippet:-1, max-image-preview:large, max-video-preview:-1\" \/>\n<link rel=\"canonical\" href=\"https:\/\/blog.zeit.de\/nsu-prozess-blog\/2017\/09\/01\/medienlog-andre-e-plaedoyer-nsu\/\" \/>\n<meta property=\"og:locale\" content=\"de_DE\" \/>\n<meta property=\"og:type\" content=\"article\" \/>\n<meta property=\"og:title\" content=\"Andr\u00e9 E.: Vertrauer und Helfer des NSU\" \/>\n<meta property=\"og:description\" content=\"W\u00e4hrend der zweit\u00e4gigen Unterbrechung der Sommerpause im NSU-Prozess, setzt die Bundesanwaltschaft ihr Pl\u00e4doyer fort. Im Fokus: Andr\u00e9 E.\" \/>\n<meta property=\"og:url\" content=\"https:\/\/blog.zeit.de\/nsu-prozess-blog\/2017\/09\/01\/medienlog-andre-e-plaedoyer-nsu\/\" \/>\n<meta property=\"og:site_name\" content=\"Das NSU-Prozess-Blog\" \/>\n<meta property=\"article:published_time\" content=\"2017-09-01T07:07:48+00:00\" \/>\n<meta property=\"article:modified_time\" content=\"2017-09-01T09:15:20+00:00\" \/>\n<meta name=\"author\" content=\"Tom Sundermann\" \/>\n<meta name=\"twitter:label1\" content=\"Geschrieben von\" \/>\n\t<meta name=\"twitter:data1\" content=\"Tom Sundermann\" \/>\n\t<meta name=\"twitter:label2\" content=\"Gesch\u00e4tzte Lesezeit\" \/>\n\t<meta name=\"twitter:data2\" content=\"2\u00a0Minuten\" \/>\n<script type=\"application\/ld+json\" class=\"yoast-schema-graph\">{\"@context\":\"https:\/\/schema.org\",\"@graph\":[{\"@type\":\"WebPage\",\"@id\":\"https:\/\/blog.zeit.de\/nsu-prozess-blog\/2017\/09\/01\/medienlog-andre-e-plaedoyer-nsu\/\",\"url\":\"https:\/\/blog.zeit.de\/nsu-prozess-blog\/2017\/09\/01\/medienlog-andre-e-plaedoyer-nsu\/\",\"name\":\"Andr\u00e9 E.: Vertrauer und Helfer des NSU\",\"isPartOf\":{\"@id\":\"https:\/\/blog.zeit.de\/nsu-prozess-blog\/#website\"},\"datePublished\":\"2017-09-01T07:07:48+00:00\",\"dateModified\":\"2017-09-01T09:15:20+00:00\",\"author\":{\"@id\":\"https:\/\/blog.zeit.de\/nsu-prozess-blog\/#\/schema\/person\/553ea9bb5d1fc2ae054c589bd59380a5\"},\"description\":\"W\u00e4hrend der zweit\u00e4gigen Unterbrechung der Sommerpause im NSU-Prozess, setzt die Bundesanwaltschaft ihr Pl\u00e4doyer fort. Im Fokus: Andr\u00e9 E.\",\"breadcrumb\":{\"@id\":\"https:\/\/blog.zeit.de\/nsu-prozess-blog\/2017\/09\/01\/medienlog-andre-e-plaedoyer-nsu\/#breadcrumb\"},\"inLanguage\":\"de\",\"potentialAction\":[{\"@type\":\"ReadAction\",\"target\":[\"https:\/\/blog.zeit.de\/nsu-prozess-blog\/2017\/09\/01\/medienlog-andre-e-plaedoyer-nsu\/\"]}]},{\"@type\":\"BreadcrumbList\",\"@id\":\"https:\/\/blog.zeit.de\/nsu-prozess-blog\/2017\/09\/01\/medienlog-andre-e-plaedoyer-nsu\/#breadcrumb\",\"itemListElement\":[{\"@type\":\"ListItem\",\"position\":1,\"name\":\"Startseite\",\"item\":\"https:\/\/blog.zeit.de\/nsu-prozess-blog\/\"},{\"@type\":\"ListItem\",\"position\":2,\"name\":\"Andr\u00e9 E.: Vertrauter und Helfer des NSU \u2013 Das Medienlog vom Freitag, 1. September 2017\"}]},{\"@type\":\"WebSite\",\"@id\":\"https:\/\/blog.zeit.de\/nsu-prozess-blog\/#website\",\"url\":\"https:\/\/blog.zeit.de\/nsu-prozess-blog\/\",\"name\":\"Das NSU-Prozess-Blog\",\"description\":\"Alle Berichte zum Terrorverfahren in M\u00fcnchen\",\"potentialAction\":[{\"@type\":\"SearchAction\",\"target\":{\"@type\":\"EntryPoint\",\"urlTemplate\":\"https:\/\/blog.zeit.de\/nsu-prozess-blog\/?s={search_term_string}\"},\"query-input\":\"required name=search_term_string\"}],\"inLanguage\":\"de\"},{\"@type\":\"Person\",\"@id\":\"https:\/\/blog.zeit.de\/nsu-prozess-blog\/#\/schema\/person\/553ea9bb5d1fc2ae054c589bd59380a5\",\"name\":\"Tom Sundermann\",\"image\":{\"@type\":\"ImageObject\",\"inLanguage\":\"de\",\"@id\":\"https:\/\/blog.zeit.de\/nsu-prozess-blog\/#\/schema\/person\/image\/\",\"url\":\"https:\/\/secure.gravatar.com\/avatar\/e108a3dc18766f719b2f797dc5d19093f06a1870c55b553ab6b7563f1f9a5e68?s=96&d=mm&r=g\",\"contentUrl\":\"https:\/\/secure.gravatar.com\/avatar\/e108a3dc18766f719b2f797dc5d19093f06a1870c55b553ab6b7563f1f9a5e68?s=96&d=mm&r=g\",\"caption\":\"Tom Sundermann\"},\"sameAs\":[\"https:\/\/twitter.com\/messeticker\"],\"url\":\"https:\/\/blog.zeit.de\/nsu-prozess-blog\/author\/tsundermann\/\"}]}<\/script>\n<!-- \/ Yoast SEO plugin. -->","yoast_head_json":{"title":"Andr\u00e9 E.: Vertrauer und Helfer des NSU","description":"W\u00e4hrend der zweit\u00e4gigen Unterbrechung der Sommerpause im NSU-Prozess, setzt die Bundesanwaltschaft ihr Pl\u00e4doyer fort. Im Fokus: Andr\u00e9 E.","robots":{"index":"index","follow":"follow","max-snippet":"max-snippet:-1","max-image-preview":"max-image-preview:large","max-video-preview":"max-video-preview:-1"},"canonical":"https:\/\/blog.zeit.de\/nsu-prozess-blog\/2017\/09\/01\/medienlog-andre-e-plaedoyer-nsu\/","og_locale":"de_DE","og_type":"article","og_title":"Andr\u00e9 E.: Vertrauer und Helfer des NSU","og_description":"W\u00e4hrend der zweit\u00e4gigen Unterbrechung der Sommerpause im NSU-Prozess, setzt die Bundesanwaltschaft ihr Pl\u00e4doyer fort. Im Fokus: Andr\u00e9 E.","og_url":"https:\/\/blog.zeit.de\/nsu-prozess-blog\/2017\/09\/01\/medienlog-andre-e-plaedoyer-nsu\/","og_site_name":"Das NSU-Prozess-Blog","article_published_time":"2017-09-01T07:07:48+00:00","article_modified_time":"2017-09-01T09:15:20+00:00","author":"Tom Sundermann","twitter_misc":{"Geschrieben von":"Tom Sundermann","Gesch\u00e4tzte Lesezeit":"2\u00a0Minuten"},"schema":{"@context":"https:\/\/schema.org","@graph":[{"@type":"WebPage","@id":"https:\/\/blog.zeit.de\/nsu-prozess-blog\/2017\/09\/01\/medienlog-andre-e-plaedoyer-nsu\/","url":"https:\/\/blog.zeit.de\/nsu-prozess-blog\/2017\/09\/01\/medienlog-andre-e-plaedoyer-nsu\/","name":"Andr\u00e9 E.: Vertrauer und Helfer des NSU","isPartOf":{"@id":"https:\/\/blog.zeit.de\/nsu-prozess-blog\/#website"},"datePublished":"2017-09-01T07:07:48+00:00","dateModified":"2017-09-01T09:15:20+00:00","author":{"@id":"https:\/\/blog.zeit.de\/nsu-prozess-blog\/#\/schema\/person\/553ea9bb5d1fc2ae054c589bd59380a5"},"description":"W\u00e4hrend der zweit\u00e4gigen Unterbrechung der Sommerpause im NSU-Prozess, setzt die Bundesanwaltschaft ihr Pl\u00e4doyer fort. Im Fokus: Andr\u00e9 E.","breadcrumb":{"@id":"https:\/\/blog.zeit.de\/nsu-prozess-blog\/2017\/09\/01\/medienlog-andre-e-plaedoyer-nsu\/#breadcrumb"},"inLanguage":"de","potentialAction":[{"@type":"ReadAction","target":["https:\/\/blog.zeit.de\/nsu-prozess-blog\/2017\/09\/01\/medienlog-andre-e-plaedoyer-nsu\/"]}]},{"@type":"BreadcrumbList","@id":"https:\/\/blog.zeit.de\/nsu-prozess-blog\/2017\/09\/01\/medienlog-andre-e-plaedoyer-nsu\/#breadcrumb","itemListElement":[{"@type":"ListItem","position":1,"name":"Startseite","item":"https:\/\/blog.zeit.de\/nsu-prozess-blog\/"},{"@type":"ListItem","position":2,"name":"Andr\u00e9 E.: Vertrauter und Helfer des NSU \u2013 Das Medienlog vom Freitag, 1. September 2017"}]},{"@type":"WebSite","@id":"https:\/\/blog.zeit.de\/nsu-prozess-blog\/#website","url":"https:\/\/blog.zeit.de\/nsu-prozess-blog\/","name":"Das NSU-Prozess-Blog","description":"Alle Berichte zum Terrorverfahren in M\u00fcnchen","potentialAction":[{"@type":"SearchAction","target":{"@type":"EntryPoint","urlTemplate":"https:\/\/blog.zeit.de\/nsu-prozess-blog\/?s={search_term_string}"},"query-input":"required name=search_term_string"}],"inLanguage":"de"},{"@type":"Person","@id":"https:\/\/blog.zeit.de\/nsu-prozess-blog\/#\/schema\/person\/553ea9bb5d1fc2ae054c589bd59380a5","name":"Tom Sundermann","image":{"@type":"ImageObject","inLanguage":"de","@id":"https:\/\/blog.zeit.de\/nsu-prozess-blog\/#\/schema\/person\/image\/","url":"https:\/\/secure.gravatar.com\/avatar\/e108a3dc18766f719b2f797dc5d19093f06a1870c55b553ab6b7563f1f9a5e68?s=96&d=mm&r=g","contentUrl":"https:\/\/secure.gravatar.com\/avatar\/e108a3dc18766f719b2f797dc5d19093f06a1870c55b553ab6b7563f1f9a5e68?s=96&d=mm&r=g","caption":"Tom Sundermann"},"sameAs":["https:\/\/twitter.com\/messeticker"],"url":"https:\/\/blog.zeit.de\/nsu-prozess-blog\/author\/tsundermann\/"}]}},"jetpack_featured_media_url":"","jetpack_sharing_enabled":true,"_links":{"self":[{"href":"https:\/\/blog.zeit.de\/nsu-prozess-blog\/wp-json\/wp\/v2\/posts\/13704","targetHints":{"allow":["GET"]}}],"collection":[{"href":"https:\/\/blog.zeit.de\/nsu-prozess-blog\/wp-json\/wp\/v2\/posts"}],"about":[{"href":"https:\/\/blog.zeit.de\/nsu-prozess-blog\/wp-json\/wp\/v2\/types\/post"}],"author":[{"embeddable":true,"href":"https:\/\/blog.zeit.de\/nsu-prozess-blog\/wp-json\/wp\/v2\/users\/435"}],"replies":[{"embeddable":true,"href":"https:\/\/blog.zeit.de\/nsu-prozess-blog\/wp-json\/wp\/v2\/comments?post=13704"}],"version-history":[{"count":5,"href":"https:\/\/blog.zeit.de\/nsu-prozess-blog\/wp-json\/wp\/v2\/posts\/13704\/revisions"}],"predecessor-version":[{"id":13711,"href":"https:\/\/blog.zeit.de\/nsu-prozess-blog\/wp-json\/wp\/v2\/posts\/13704\/revisions\/13711"}],"wp:attachment":[{"href":"https:\/\/blog.zeit.de\/nsu-prozess-blog\/wp-json\/wp\/v2\/media?parent=13704"}],"wp:term":[{"taxonomy":"category","embeddable":true,"href":"https:\/\/blog.zeit.de\/nsu-prozess-blog\/wp-json\/wp\/v2\/categories?post=13704"},{"taxonomy":"post_tag","embeddable":true,"href":"https:\/\/blog.zeit.de\/nsu-prozess-blog\/wp-json\/wp\/v2\/tags?post=13704"}],"curies":[{"name":"wp","href":"https:\/\/api.w.org\/{rel}","templated":true}]}}