{"id":13819,"date":"2017-09-15T08:22:29","date_gmt":"2017-09-15T06:22:29","guid":{"rendered":"http:\/\/blog.zeit.de\/nsu-prozess-blog\/?p=13819"},"modified":"2017-09-15T09:57:36","modified_gmt":"2017-09-15T07:57:36","slug":"vergebliche-hoffnungen-des-andre-e-das-nsu-medienlog-vom-freitag-15-september-2017","status":"publish","type":"post","link":"https:\/\/blog.zeit.de\/nsu-prozess-blog\/2017\/09\/15\/vergebliche-hoffnungen-des-andre-e-das-nsu-medienlog-vom-freitag-15-september-2017\/","title":{"rendered":"Vergebliche Hoffnungen des Andr\u00e9 E. \u2013 Das Medienlog vom Freitag, 15. September 2017"},"content":{"rendered":"<p>Am Donnerstag erschienen die Richter nicht einmal im Saal. Sie lie\u00dfen mitteilen, dass die Verhandlung erst am Mittwoch fortgesetzt werde \u2013 wegen eines Befangenheitsantrages gegen sie. Er kommt vom Angeklagten Andr\u00e9 E., der seit Mittwochabend wegen Fluchtgefahr und\u00a0&#8222;Schwerkriminalit\u00e4t&#8220; in Untersuchungshaft sitzt. Zuvor hatte die Bundesanwaltschaft zw\u00f6lf Jahre Haft f\u00fcr E. beantragt, unter anderen wegen Beihilfe zum Mord.<\/p>\n<p><!--more--><\/p>\n<p><em>An jedem Werktag sichten wir f\u00fcr das NSU-Prozess-Blog die Medien und stellen wichtige Berichte, Blogs, Videos und Tweets zusammen. Wir freuen uns \u00fcber Hinweise via Twitter mit dem Hashtag #nsublog \u2013 oder per E-Mail an <a href=\"mailto:nsublog@zeit.de\">nsublog@zeit.de<\/a>.<\/em><\/p>\n<p>Andr\u00e9 E.s Befangenheitsantrag werde nicht der einzige bleiben, <a href=\"http:\/\/www.sueddeutsche.de\/politik\/nsu-prozess-befangenheitsantrag-verzoegert-plaedoyers-der-nebenklaeger-im-nsu-prozess-1.3667495#redirectedFromLandingpage\" target=\"_blank\" rel=\"noopener\">schreibt Annette Ramelsberger von der <em>S\u00fcddeutschen Zeitung<\/em><\/a>. &#8222;Prozessbeobachter rechnen auch noch mit einem entsprechenden Antrag des Angeklagten Ralf Wohlleben. So wird sich der Beginn der Nebenkl\u00e4gerpl\u00e4doyers auf jeden Fall bis n\u00e4chste Woche verz\u00f6gern.&#8220; Das Gericht zeige in seinem Haftbefehl schon sehr deutlich, wie es die Position des Angeklagten sieht: Andr\u00e9 E. sei einer der engsten Vertrauten des NSU-Trios gewesen. \u00dcber den Haftbefehl und den Befangenheitsantrag berichten auch <em><a href=\"http:\/\/www.spiegel.de\/panorama\/justiz\/nsu-prozess-verteidiger-von-andre-e-stellen-befangenheitsantrag-a-1167677.html\" target=\"_blank\" rel=\"noopener\">Spiegel Online<\/a><\/em> und weitere Medien <a href=\"http:\/\/www.nordbayern.de\/region\/neuer-befangenheitsantrag-nsu-prozess-gerat-ins-stocken-1.6625515\" target=\"_blank\" rel=\"noopener\">in Meldungen der Nachrichtenagentur dpa<\/a>.<\/p>\n<p>Die <a href=\"http:\/\/www.dw.com\/de\/turbulente-tage-im-nsu-prozess\/a-40513496\" target=\"_blank\" rel=\"noopener\"><em>Deutsche Welle<\/em> erw\u00e4hnt<\/a>, dass E. im gesamten Prozess schwieg. &#8222;Anscheinend rechneten E.s Verteidiger damit, dass ihr Mandant mangels handfester Beweise mit einer milden Strafe davonkommen k\u00f6nnte&#8220;, schreibt Marcel F\u00fcrstenau. &#8222;Danach sieht es nach dem Pl\u00e4doyer der Anklage nicht mehr aus.&#8220;<\/p>\n<p>Weitere Berichte befassen sich mit dem Vortag, an dem Bundesanwalt Diemer die zw\u00f6lf Jahre Haft f\u00fcr Andr\u00e9 E. beantragt hatte und das Gericht ihn daraufhin in Untersuchungshaft schickte. Richter Manfred G\u00f6tzl folgte damit den Vertretern der Anklage. Damit sendete er ein starkes Signal, schreibt Per Hinrichs von der <em><a href=\"https:\/\/www.welt.de\/politik\/deutschland\/article168657922\/Ganz-zum-Schluss-fiel-fuer-Andre-E-der-Hammer.html\" target=\"_blank\" rel=\"noopener\">Welt<\/a><\/em>. &#8222;Indem er den dringenden Tatverdacht beim Haftpr\u00fcfungstermin bejahte, wird das Urteil wohl kaum anders ausfallen.&#8220; Die Bundesanwaltschaft wirft Andr\u00e9 E. vor, dass er am Sprengstoffanschlag in der K\u00f6lner Probsteigasse beteiligt gewesen sei.\u00a0Andr\u00e9 E. hatte das Wohnmobil f\u00fcr die T\u00e4ter Uwe Mundlos und Uwe B\u00f6hnhardt angemietet.<\/p>\n<p>Solveig Bach <a href=\"http:\/\/www.n-tv.de\/politik\/Andre-E-der-verlaessliche-Anker-des-NSU-article20033566.html\" target=\"_blank\" rel=\"noopener\">von <em>ntv.de<\/em> zeichnet in einem Portr\u00e4t<\/a> den Weg von E. zum und mit dem NSU-Trio nach.\u00a0 &#8222;Seine rechtsextremen \u00dcberzeugungen tr\u00e4gt er nicht unbedingt nach au\u00dfen&#8220;, hei\u00dft es in dem Text. &#8222;Nach dem Auffliegen des NSU erinnern sich Nachbarn und Kleingartenfreunde an eine freundliche, unauff\u00e4llige Familie.&#8220;<\/p>\n<p><a href=\"https:\/\/www.merkur.de\/politik\/plaedoyers-im-nsu-prozess-rechtsstaat-zeigt-zaehne-8682331.html\" target=\"_blank\" rel=\"noopener\">Im <em>Merkur<\/em><\/a> kommentiert Nina Gut den Strafantrag von Bundesanwalt Diemer, der sogar anschlie\u00dfende Sicherungsverwahrung verlangte. &#8222;Auf Letzteres pochte er sogar, obwohl es verfassungsrechtlich problematisch ist&#8220;, schreibt die Autorin. &#8222;Doch es zeigt: Der Rechtsstaat zeigt Z\u00e4hne.&#8220;<\/p>\n<p><em>Das n\u00e4chste Medienlog erscheint am Montag, 18. September 2017.<\/em><\/p>\n","protected":false},"excerpt":{"rendered":"<p>Am Donnerstag erschienen die Richter nicht einmal im Saal. Sie lie\u00dfen mitteilen, dass die Verhandlung erst am Mittwoch fortgesetzt werde \u2013 wegen eines Befangenheitsantrages gegen sie. Er kommt vom Angeklagten Andr\u00e9 E., der seit Mittwochabend wegen Fluchtgefahr und\u00a0&#8222;Schwerkriminalit\u00e4t&#8220; in Untersuchungshaft sitzt. Zuvor hatte die Bundesanwaltschaft zw\u00f6lf Jahre Haft f\u00fcr E. beantragt, unter anderen wegen Beihilfe [&hellip;]<\/p>\n","protected":false},"author":191,"featured_media":0,"comment_status":"open","ping_status":"open","sticky":false,"template":"","format":"standard","meta":{"_jetpack_memberships_contains_paid_content":false,"footnotes":""},"categories":[27531],"tags":[27561,29430,32137,27559,35435,29545],"class_list":["post-13819","post","type-post","status-publish","format-standard","hentry","category-medienschau","tag-andre-e","tag-befangenheitsantrag","tag-herbert-diemer","tag-manfred-gotzl","tag-plaedoyer","tag-untersuchungshaft"],"yoast_head":"<!-- This site is optimized with the Yoast SEO plugin v21.0 - https:\/\/yoast.com\/wordpress\/plugins\/seo\/ -->\n<title>Vergebliche Hoffnungen des Andr\u00e9 E. \u2013 Das Medienlog vom Freitag, 15. September 2017 - Das NSU-Prozess-Blog<\/title>\n<meta name=\"robots\" content=\"index, follow, max-snippet:-1, max-image-preview:large, max-video-preview:-1\" \/>\n<link rel=\"canonical\" href=\"https:\/\/blog.zeit.de\/nsu-prozess-blog\/2017\/09\/15\/vergebliche-hoffnungen-des-andre-e-das-nsu-medienlog-vom-freitag-15-september-2017\/\" \/>\n<meta property=\"og:locale\" content=\"de_DE\" \/>\n<meta property=\"og:type\" content=\"article\" \/>\n<meta property=\"og:title\" content=\"Vergebliche Hoffnungen des Andr\u00e9 E. \u2013 Das Medienlog vom Freitag, 15. September 2017 - Das NSU-Prozess-Blog\" \/>\n<meta property=\"og:description\" content=\"Am Donnerstag erschienen die Richter nicht einmal im Saal. Sie lie\u00dfen mitteilen, dass die Verhandlung erst am Mittwoch fortgesetzt werde \u2013 wegen eines Befangenheitsantrages gegen sie. Er kommt vom Angeklagten Andr\u00e9 E., der seit Mittwochabend wegen Fluchtgefahr und\u00a0&#8222;Schwerkriminalit\u00e4t&#8220; in Untersuchungshaft sitzt. Zuvor hatte die Bundesanwaltschaft zw\u00f6lf Jahre Haft f\u00fcr E. beantragt, unter anderen wegen Beihilfe [&hellip;]\" \/>\n<meta property=\"og:url\" content=\"https:\/\/blog.zeit.de\/nsu-prozess-blog\/2017\/09\/15\/vergebliche-hoffnungen-des-andre-e-das-nsu-medienlog-vom-freitag-15-september-2017\/\" \/>\n<meta property=\"og:site_name\" content=\"Das NSU-Prozess-Blog\" \/>\n<meta property=\"article:published_time\" content=\"2017-09-15T06:22:29+00:00\" \/>\n<meta property=\"article:modified_time\" content=\"2017-09-15T07:57:36+00:00\" \/>\n<meta name=\"author\" content=\"Tilman Steffen\" \/>\n<meta name=\"twitter:label1\" content=\"Geschrieben von\" \/>\n\t<meta name=\"twitter:data1\" content=\"Tilman Steffen\" \/>\n\t<meta name=\"twitter:label2\" content=\"Gesch\u00e4tzte Lesezeit\" \/>\n\t<meta name=\"twitter:data2\" content=\"2\u00a0Minuten\" \/>\n<script type=\"application\/ld+json\" class=\"yoast-schema-graph\">{\"@context\":\"https:\/\/schema.org\",\"@graph\":[{\"@type\":\"WebPage\",\"@id\":\"https:\/\/blog.zeit.de\/nsu-prozess-blog\/2017\/09\/15\/vergebliche-hoffnungen-des-andre-e-das-nsu-medienlog-vom-freitag-15-september-2017\/\",\"url\":\"https:\/\/blog.zeit.de\/nsu-prozess-blog\/2017\/09\/15\/vergebliche-hoffnungen-des-andre-e-das-nsu-medienlog-vom-freitag-15-september-2017\/\",\"name\":\"Vergebliche Hoffnungen des Andr\u00e9 E. \u2013 Das Medienlog vom Freitag, 15. September 2017 - Das NSU-Prozess-Blog\",\"isPartOf\":{\"@id\":\"https:\/\/blog.zeit.de\/nsu-prozess-blog\/#website\"},\"datePublished\":\"2017-09-15T06:22:29+00:00\",\"dateModified\":\"2017-09-15T07:57:36+00:00\",\"author\":{\"@id\":\"https:\/\/blog.zeit.de\/nsu-prozess-blog\/#\/schema\/person\/110e2fe4d5ec4e01f71931b64f570c54\"},\"breadcrumb\":{\"@id\":\"https:\/\/blog.zeit.de\/nsu-prozess-blog\/2017\/09\/15\/vergebliche-hoffnungen-des-andre-e-das-nsu-medienlog-vom-freitag-15-september-2017\/#breadcrumb\"},\"inLanguage\":\"de\",\"potentialAction\":[{\"@type\":\"ReadAction\",\"target\":[\"https:\/\/blog.zeit.de\/nsu-prozess-blog\/2017\/09\/15\/vergebliche-hoffnungen-des-andre-e-das-nsu-medienlog-vom-freitag-15-september-2017\/\"]}]},{\"@type\":\"BreadcrumbList\",\"@id\":\"https:\/\/blog.zeit.de\/nsu-prozess-blog\/2017\/09\/15\/vergebliche-hoffnungen-des-andre-e-das-nsu-medienlog-vom-freitag-15-september-2017\/#breadcrumb\",\"itemListElement\":[{\"@type\":\"ListItem\",\"position\":1,\"name\":\"Startseite\",\"item\":\"https:\/\/blog.zeit.de\/nsu-prozess-blog\/\"},{\"@type\":\"ListItem\",\"position\":2,\"name\":\"Vergebliche Hoffnungen des Andr\u00e9 E. \u2013 Das Medienlog vom Freitag, 15. September 2017\"}]},{\"@type\":\"WebSite\",\"@id\":\"https:\/\/blog.zeit.de\/nsu-prozess-blog\/#website\",\"url\":\"https:\/\/blog.zeit.de\/nsu-prozess-blog\/\",\"name\":\"Das NSU-Prozess-Blog\",\"description\":\"Alle Berichte zum Terrorverfahren in M\u00fcnchen\",\"potentialAction\":[{\"@type\":\"SearchAction\",\"target\":{\"@type\":\"EntryPoint\",\"urlTemplate\":\"https:\/\/blog.zeit.de\/nsu-prozess-blog\/?s={search_term_string}\"},\"query-input\":\"required name=search_term_string\"}],\"inLanguage\":\"de\"},{\"@type\":\"Person\",\"@id\":\"https:\/\/blog.zeit.de\/nsu-prozess-blog\/#\/schema\/person\/110e2fe4d5ec4e01f71931b64f570c54\",\"name\":\"Tilman Steffen\",\"image\":{\"@type\":\"ImageObject\",\"inLanguage\":\"de\",\"@id\":\"https:\/\/blog.zeit.de\/nsu-prozess-blog\/#\/schema\/person\/image\/\",\"url\":\"https:\/\/secure.gravatar.com\/avatar\/8c4becdd9d412e3bd74354093718744070721ed0cb4054b7a8b7b12fa1a4b347?s=96&d=mm&r=g\",\"contentUrl\":\"https:\/\/secure.gravatar.com\/avatar\/8c4becdd9d412e3bd74354093718744070721ed0cb4054b7a8b7b12fa1a4b347?s=96&d=mm&r=g\",\"caption\":\"Tilman Steffen\"},\"description\":\"Redakteur bei ZEIT ONLINE seit 2009. Zuvor bei der Netzeitung. Nach der Journalistenschule Arbeit als Printautor und Fotograf; Redakteur und Reporter f\u00fcr epd, Beitr\u00e4ge f\u00fcr ZDF, n-tv, XXP, Mitarbeiter bei Reuters TV. \u2013 Orgelbauer, Kulturmanager, Journalist. Geboren, als Willy Brandt die deutsche Teilung anerkannte. Gro\u00df geworden in Deutschlands S\u00fcdosten \u2013 erwachsen seit dem Mauerfall. Drei Berufe gelernt, zwei Kinder gezeugt, ein Kulturzentrum gegr\u00fcndet \u2013 und dabei zum Journalisten geworden.\",\"sameAs\":[\"http:\/\/www.tilmansteffen.de\"],\"url\":\"https:\/\/blog.zeit.de\/nsu-prozess-blog\/author\/tilman-steffen\/\"}]}<\/script>\n<!-- \/ Yoast SEO plugin. -->","yoast_head_json":{"title":"Vergebliche Hoffnungen des Andr\u00e9 E. \u2013 Das Medienlog vom Freitag, 15. September 2017 - Das NSU-Prozess-Blog","robots":{"index":"index","follow":"follow","max-snippet":"max-snippet:-1","max-image-preview":"max-image-preview:large","max-video-preview":"max-video-preview:-1"},"canonical":"https:\/\/blog.zeit.de\/nsu-prozess-blog\/2017\/09\/15\/vergebliche-hoffnungen-des-andre-e-das-nsu-medienlog-vom-freitag-15-september-2017\/","og_locale":"de_DE","og_type":"article","og_title":"Vergebliche Hoffnungen des Andr\u00e9 E. \u2013 Das Medienlog vom Freitag, 15. September 2017 - Das NSU-Prozess-Blog","og_description":"Am Donnerstag erschienen die Richter nicht einmal im Saal. Sie lie\u00dfen mitteilen, dass die Verhandlung erst am Mittwoch fortgesetzt werde \u2013 wegen eines Befangenheitsantrages gegen sie. Er kommt vom Angeklagten Andr\u00e9 E., der seit Mittwochabend wegen Fluchtgefahr und\u00a0&#8222;Schwerkriminalit\u00e4t&#8220; in Untersuchungshaft sitzt. Zuvor hatte die Bundesanwaltschaft zw\u00f6lf Jahre Haft f\u00fcr E. beantragt, unter anderen wegen Beihilfe [&hellip;]","og_url":"https:\/\/blog.zeit.de\/nsu-prozess-blog\/2017\/09\/15\/vergebliche-hoffnungen-des-andre-e-das-nsu-medienlog-vom-freitag-15-september-2017\/","og_site_name":"Das NSU-Prozess-Blog","article_published_time":"2017-09-15T06:22:29+00:00","article_modified_time":"2017-09-15T07:57:36+00:00","author":"Tilman Steffen","twitter_misc":{"Geschrieben von":"Tilman Steffen","Gesch\u00e4tzte Lesezeit":"2\u00a0Minuten"},"schema":{"@context":"https:\/\/schema.org","@graph":[{"@type":"WebPage","@id":"https:\/\/blog.zeit.de\/nsu-prozess-blog\/2017\/09\/15\/vergebliche-hoffnungen-des-andre-e-das-nsu-medienlog-vom-freitag-15-september-2017\/","url":"https:\/\/blog.zeit.de\/nsu-prozess-blog\/2017\/09\/15\/vergebliche-hoffnungen-des-andre-e-das-nsu-medienlog-vom-freitag-15-september-2017\/","name":"Vergebliche Hoffnungen des Andr\u00e9 E. \u2013 Das Medienlog vom Freitag, 15. September 2017 - Das NSU-Prozess-Blog","isPartOf":{"@id":"https:\/\/blog.zeit.de\/nsu-prozess-blog\/#website"},"datePublished":"2017-09-15T06:22:29+00:00","dateModified":"2017-09-15T07:57:36+00:00","author":{"@id":"https:\/\/blog.zeit.de\/nsu-prozess-blog\/#\/schema\/person\/110e2fe4d5ec4e01f71931b64f570c54"},"breadcrumb":{"@id":"https:\/\/blog.zeit.de\/nsu-prozess-blog\/2017\/09\/15\/vergebliche-hoffnungen-des-andre-e-das-nsu-medienlog-vom-freitag-15-september-2017\/#breadcrumb"},"inLanguage":"de","potentialAction":[{"@type":"ReadAction","target":["https:\/\/blog.zeit.de\/nsu-prozess-blog\/2017\/09\/15\/vergebliche-hoffnungen-des-andre-e-das-nsu-medienlog-vom-freitag-15-september-2017\/"]}]},{"@type":"BreadcrumbList","@id":"https:\/\/blog.zeit.de\/nsu-prozess-blog\/2017\/09\/15\/vergebliche-hoffnungen-des-andre-e-das-nsu-medienlog-vom-freitag-15-september-2017\/#breadcrumb","itemListElement":[{"@type":"ListItem","position":1,"name":"Startseite","item":"https:\/\/blog.zeit.de\/nsu-prozess-blog\/"},{"@type":"ListItem","position":2,"name":"Vergebliche Hoffnungen des Andr\u00e9 E. \u2013 Das Medienlog vom Freitag, 15. September 2017"}]},{"@type":"WebSite","@id":"https:\/\/blog.zeit.de\/nsu-prozess-blog\/#website","url":"https:\/\/blog.zeit.de\/nsu-prozess-blog\/","name":"Das NSU-Prozess-Blog","description":"Alle Berichte zum Terrorverfahren in M\u00fcnchen","potentialAction":[{"@type":"SearchAction","target":{"@type":"EntryPoint","urlTemplate":"https:\/\/blog.zeit.de\/nsu-prozess-blog\/?s={search_term_string}"},"query-input":"required name=search_term_string"}],"inLanguage":"de"},{"@type":"Person","@id":"https:\/\/blog.zeit.de\/nsu-prozess-blog\/#\/schema\/person\/110e2fe4d5ec4e01f71931b64f570c54","name":"Tilman Steffen","image":{"@type":"ImageObject","inLanguage":"de","@id":"https:\/\/blog.zeit.de\/nsu-prozess-blog\/#\/schema\/person\/image\/","url":"https:\/\/secure.gravatar.com\/avatar\/8c4becdd9d412e3bd74354093718744070721ed0cb4054b7a8b7b12fa1a4b347?s=96&d=mm&r=g","contentUrl":"https:\/\/secure.gravatar.com\/avatar\/8c4becdd9d412e3bd74354093718744070721ed0cb4054b7a8b7b12fa1a4b347?s=96&d=mm&r=g","caption":"Tilman Steffen"},"description":"Redakteur bei ZEIT ONLINE seit 2009. Zuvor bei der Netzeitung. Nach der Journalistenschule Arbeit als Printautor und Fotograf; Redakteur und Reporter f\u00fcr epd, Beitr\u00e4ge f\u00fcr ZDF, n-tv, XXP, Mitarbeiter bei Reuters TV. \u2013 Orgelbauer, Kulturmanager, Journalist. Geboren, als Willy Brandt die deutsche Teilung anerkannte. Gro\u00df geworden in Deutschlands S\u00fcdosten \u2013 erwachsen seit dem Mauerfall. Drei Berufe gelernt, zwei Kinder gezeugt, ein Kulturzentrum gegr\u00fcndet \u2013 und dabei zum Journalisten geworden.","sameAs":["http:\/\/www.tilmansteffen.de"],"url":"https:\/\/blog.zeit.de\/nsu-prozess-blog\/author\/tilman-steffen\/"}]}},"jetpack_featured_media_url":"","jetpack_sharing_enabled":true,"_links":{"self":[{"href":"https:\/\/blog.zeit.de\/nsu-prozess-blog\/wp-json\/wp\/v2\/posts\/13819","targetHints":{"allow":["GET"]}}],"collection":[{"href":"https:\/\/blog.zeit.de\/nsu-prozess-blog\/wp-json\/wp\/v2\/posts"}],"about":[{"href":"https:\/\/blog.zeit.de\/nsu-prozess-blog\/wp-json\/wp\/v2\/types\/post"}],"author":[{"embeddable":true,"href":"https:\/\/blog.zeit.de\/nsu-prozess-blog\/wp-json\/wp\/v2\/users\/191"}],"replies":[{"embeddable":true,"href":"https:\/\/blog.zeit.de\/nsu-prozess-blog\/wp-json\/wp\/v2\/comments?post=13819"}],"version-history":[{"count":13,"href":"https:\/\/blog.zeit.de\/nsu-prozess-blog\/wp-json\/wp\/v2\/posts\/13819\/revisions"}],"predecessor-version":[{"id":13834,"href":"https:\/\/blog.zeit.de\/nsu-prozess-blog\/wp-json\/wp\/v2\/posts\/13819\/revisions\/13834"}],"wp:attachment":[{"href":"https:\/\/blog.zeit.de\/nsu-prozess-blog\/wp-json\/wp\/v2\/media?parent=13819"}],"wp:term":[{"taxonomy":"category","embeddable":true,"href":"https:\/\/blog.zeit.de\/nsu-prozess-blog\/wp-json\/wp\/v2\/categories?post=13819"},{"taxonomy":"post_tag","embeddable":true,"href":"https:\/\/blog.zeit.de\/nsu-prozess-blog\/wp-json\/wp\/v2\/tags?post=13819"}],"curies":[{"name":"wp","href":"https:\/\/api.w.org\/{rel}","templated":true}]}}