{"id":13844,"date":"2017-09-18T10:25:43","date_gmt":"2017-09-18T08:25:43","guid":{"rendered":"http:\/\/blog.zeit.de\/nsu-prozess-blog\/?p=13844"},"modified":"2017-09-18T10:49:11","modified_gmt":"2017-09-18T08:49:11","slug":"medienlog-wohlleben-befangenheitsantrag-nsu","status":"publish","type":"post","link":"https:\/\/blog.zeit.de\/nsu-prozess-blog\/2017\/09\/18\/medienlog-wohlleben-befangenheitsantrag-nsu\/","title":{"rendered":"Auch Wohlleben lehnt Richter ab \u2013 Das Medienlog vom Montag, 18. September 2017"},"content":{"rendered":"<p>Je zw\u00f6lf Jahre Haft fordert die Bundesanwaltschaft f\u00fcr die Angeklagten <a href=\"https:\/\/blog.zeit.de\/nsu-prozess-blog\/2017\/09\/13\/medienlog-plaedoyer-strafmass-zschaepe-nsu\/\">Andr\u00e9 E.<\/a> und Ralf Wohlleben. E. wurde <a href=\"https:\/\/blog.zeit.de\/nsu-prozess-blog\/2017\/09\/14\/medienlog-andre-e-untersuchungshaft-nsu\/\">verhaftet<\/a> und stellte einen Befangenheitsantrag gegen die Richter des Strafsenats, nun hat auch Wohlleben nachgezogen und seinerseits die Richter abgelehnt. Das sagte seine Verteidigerin Nicole Schneiders der <a href=\"http:\/\/www.focus.de\/regional\/muenchen\/prozesse-nsu-prozess-geht-mit-etwas-verspaetung-weiter_id_7589979.html\">Deutschen Presse-Agentur<\/a>. Gr\u00fcnde teilte sie nicht mit.<\/p>\n<p>Ob der Schritt Auswirkungen auf den Prozessverlauf haben wird, ist unklar. Am Mittwoch sollen nach derzeitiger Planung die Pl\u00e4doyers der Nebenklage beginnen.<\/p>\n<p><!--more--><\/p>\n<p><em>An jedem Werktag sichten wir f\u00fcr das NSU-Prozess-Blog die Medien und stellen wichtige Berichte, Blogs, Videos und Tweets zusammen. Wir freuen uns \u00fcber Hinweise via Twitter mit dem Hashtag #nsublog \u2013 oder per E-Mail an <a href=\"mailto:nsublog@zeit.de\">nsublog@zeit.de<\/a>.<\/em><\/p>\n<p>Im Pl\u00e4doyer der Bundesanwaltschaft wurden einige wichtige Punkte ausgelassen, meint Tobias Krone vom <a href=\"http:\/\/www.deutschlandfunkkultur.de\/nsu-prozess-verwischte-spuren.996.de.html?dram:article_id=395971\">Deutschlandfunk<\/a>. Zwar seien viele Erkenntnisse eingeflossen, die Anw\u00e4lte der Nebenklage wie Yavuz Narin zutage gef\u00f6rdert h\u00e4tten. &#8222;Doch f\u00fcr ein echtes Erfolgserlebnis sorgt dieser Prozess nicht mehr.&#8220; Vielen Hinweisen sei nicht nachgegangen worden. &#8222;So bleibt ein Gef\u00fchl der Machtlosigkeit.&#8220;<\/p>\n<p><em>Das n\u00e4chste Medienlog erscheint am Dienstag, 19. September 2017.<\/em><\/p>\n","protected":false},"excerpt":{"rendered":"<p>Je zw\u00f6lf Jahre Haft fordert die Bundesanwaltschaft f\u00fcr die Angeklagten Andr\u00e9 E. und Ralf Wohlleben. E. wurde verhaftet und stellte einen Befangenheitsantrag gegen die Richter des Strafsenats, nun hat auch Wohlleben nachgezogen und seinerseits die Richter abgelehnt. Das sagte seine Verteidigerin Nicole Schneiders der Deutschen Presse-Agentur. Gr\u00fcnde teilte sie nicht mit. Ob der Schritt Auswirkungen [&hellip;]<\/p>\n","protected":false},"author":435,"featured_media":0,"comment_status":"open","ping_status":"open","sticky":false,"template":"","format":"standard","meta":{"_jetpack_memberships_contains_paid_content":false,"footnotes":""},"categories":[27531],"tags":[29424,29430,27544,17772],"class_list":["post-13844","post","type-post","status-publish","format-standard","hentry","category-medienschau","tag-anwalte","tag-befangenheitsantrag","tag-nicole-schneiders","tag-ralf-wohlleben"],"yoast_head":"<!-- This site is optimized with the Yoast SEO plugin v21.0 - https:\/\/yoast.com\/wordpress\/plugins\/seo\/ -->\n<title>Auch Wohlleben lehnt Richter ab \u2013 Das Medienlog vom Montag, 18. September 2017 - Das NSU-Prozess-Blog<\/title>\n<meta name=\"robots\" content=\"index, follow, max-snippet:-1, max-image-preview:large, max-video-preview:-1\" \/>\n<link rel=\"canonical\" href=\"https:\/\/blog.zeit.de\/nsu-prozess-blog\/2017\/09\/18\/medienlog-wohlleben-befangenheitsantrag-nsu\/\" \/>\n<meta property=\"og:locale\" content=\"de_DE\" \/>\n<meta property=\"og:type\" content=\"article\" \/>\n<meta property=\"og:title\" content=\"Auch Wohlleben lehnt Richter ab \u2013 Das Medienlog vom Montag, 18. September 2017 - Das NSU-Prozess-Blog\" \/>\n<meta property=\"og:description\" content=\"Je zw\u00f6lf Jahre Haft fordert die Bundesanwaltschaft f\u00fcr die Angeklagten Andr\u00e9 E. und Ralf Wohlleben. E. wurde verhaftet und stellte einen Befangenheitsantrag gegen die Richter des Strafsenats, nun hat auch Wohlleben nachgezogen und seinerseits die Richter abgelehnt. Das sagte seine Verteidigerin Nicole Schneiders der Deutschen Presse-Agentur. Gr\u00fcnde teilte sie nicht mit. Ob der Schritt Auswirkungen [&hellip;]\" \/>\n<meta property=\"og:url\" content=\"https:\/\/blog.zeit.de\/nsu-prozess-blog\/2017\/09\/18\/medienlog-wohlleben-befangenheitsantrag-nsu\/\" \/>\n<meta property=\"og:site_name\" content=\"Das NSU-Prozess-Blog\" \/>\n<meta property=\"article:published_time\" content=\"2017-09-18T08:25:43+00:00\" \/>\n<meta property=\"article:modified_time\" content=\"2017-09-18T08:49:11+00:00\" \/>\n<meta name=\"author\" content=\"Tom Sundermann\" \/>\n<meta name=\"twitter:label1\" content=\"Geschrieben von\" \/>\n\t<meta name=\"twitter:data1\" content=\"Tom Sundermann\" \/>\n\t<meta name=\"twitter:label2\" content=\"Gesch\u00e4tzte Lesezeit\" \/>\n\t<meta name=\"twitter:data2\" content=\"1\u00a0Minute\" \/>\n<script type=\"application\/ld+json\" class=\"yoast-schema-graph\">{\"@context\":\"https:\/\/schema.org\",\"@graph\":[{\"@type\":\"WebPage\",\"@id\":\"https:\/\/blog.zeit.de\/nsu-prozess-blog\/2017\/09\/18\/medienlog-wohlleben-befangenheitsantrag-nsu\/\",\"url\":\"https:\/\/blog.zeit.de\/nsu-prozess-blog\/2017\/09\/18\/medienlog-wohlleben-befangenheitsantrag-nsu\/\",\"name\":\"Auch Wohlleben lehnt Richter ab \u2013 Das Medienlog vom Montag, 18. September 2017 - Das NSU-Prozess-Blog\",\"isPartOf\":{\"@id\":\"https:\/\/blog.zeit.de\/nsu-prozess-blog\/#website\"},\"datePublished\":\"2017-09-18T08:25:43+00:00\",\"dateModified\":\"2017-09-18T08:49:11+00:00\",\"author\":{\"@id\":\"https:\/\/blog.zeit.de\/nsu-prozess-blog\/#\/schema\/person\/553ea9bb5d1fc2ae054c589bd59380a5\"},\"breadcrumb\":{\"@id\":\"https:\/\/blog.zeit.de\/nsu-prozess-blog\/2017\/09\/18\/medienlog-wohlleben-befangenheitsantrag-nsu\/#breadcrumb\"},\"inLanguage\":\"de\",\"potentialAction\":[{\"@type\":\"ReadAction\",\"target\":[\"https:\/\/blog.zeit.de\/nsu-prozess-blog\/2017\/09\/18\/medienlog-wohlleben-befangenheitsantrag-nsu\/\"]}]},{\"@type\":\"BreadcrumbList\",\"@id\":\"https:\/\/blog.zeit.de\/nsu-prozess-blog\/2017\/09\/18\/medienlog-wohlleben-befangenheitsantrag-nsu\/#breadcrumb\",\"itemListElement\":[{\"@type\":\"ListItem\",\"position\":1,\"name\":\"Startseite\",\"item\":\"https:\/\/blog.zeit.de\/nsu-prozess-blog\/\"},{\"@type\":\"ListItem\",\"position\":2,\"name\":\"Auch Wohlleben lehnt Richter ab \u2013 Das Medienlog vom Montag, 18. September 2017\"}]},{\"@type\":\"WebSite\",\"@id\":\"https:\/\/blog.zeit.de\/nsu-prozess-blog\/#website\",\"url\":\"https:\/\/blog.zeit.de\/nsu-prozess-blog\/\",\"name\":\"Das NSU-Prozess-Blog\",\"description\":\"Alle Berichte zum Terrorverfahren in M\u00fcnchen\",\"potentialAction\":[{\"@type\":\"SearchAction\",\"target\":{\"@type\":\"EntryPoint\",\"urlTemplate\":\"https:\/\/blog.zeit.de\/nsu-prozess-blog\/?s={search_term_string}\"},\"query-input\":\"required name=search_term_string\"}],\"inLanguage\":\"de\"},{\"@type\":\"Person\",\"@id\":\"https:\/\/blog.zeit.de\/nsu-prozess-blog\/#\/schema\/person\/553ea9bb5d1fc2ae054c589bd59380a5\",\"name\":\"Tom Sundermann\",\"image\":{\"@type\":\"ImageObject\",\"inLanguage\":\"de\",\"@id\":\"https:\/\/blog.zeit.de\/nsu-prozess-blog\/#\/schema\/person\/image\/\",\"url\":\"https:\/\/secure.gravatar.com\/avatar\/e108a3dc18766f719b2f797dc5d19093f06a1870c55b553ab6b7563f1f9a5e68?s=96&d=mm&r=g\",\"contentUrl\":\"https:\/\/secure.gravatar.com\/avatar\/e108a3dc18766f719b2f797dc5d19093f06a1870c55b553ab6b7563f1f9a5e68?s=96&d=mm&r=g\",\"caption\":\"Tom Sundermann\"},\"sameAs\":[\"https:\/\/twitter.com\/messeticker\"],\"url\":\"https:\/\/blog.zeit.de\/nsu-prozess-blog\/author\/tsundermann\/\"}]}<\/script>\n<!-- \/ Yoast SEO plugin. -->","yoast_head_json":{"title":"Auch Wohlleben lehnt Richter ab \u2013 Das Medienlog vom Montag, 18. September 2017 - Das NSU-Prozess-Blog","robots":{"index":"index","follow":"follow","max-snippet":"max-snippet:-1","max-image-preview":"max-image-preview:large","max-video-preview":"max-video-preview:-1"},"canonical":"https:\/\/blog.zeit.de\/nsu-prozess-blog\/2017\/09\/18\/medienlog-wohlleben-befangenheitsantrag-nsu\/","og_locale":"de_DE","og_type":"article","og_title":"Auch Wohlleben lehnt Richter ab \u2013 Das Medienlog vom Montag, 18. September 2017 - Das NSU-Prozess-Blog","og_description":"Je zw\u00f6lf Jahre Haft fordert die Bundesanwaltschaft f\u00fcr die Angeklagten Andr\u00e9 E. und Ralf Wohlleben. E. wurde verhaftet und stellte einen Befangenheitsantrag gegen die Richter des Strafsenats, nun hat auch Wohlleben nachgezogen und seinerseits die Richter abgelehnt. Das sagte seine Verteidigerin Nicole Schneiders der Deutschen Presse-Agentur. Gr\u00fcnde teilte sie nicht mit. Ob der Schritt Auswirkungen [&hellip;]","og_url":"https:\/\/blog.zeit.de\/nsu-prozess-blog\/2017\/09\/18\/medienlog-wohlleben-befangenheitsantrag-nsu\/","og_site_name":"Das NSU-Prozess-Blog","article_published_time":"2017-09-18T08:25:43+00:00","article_modified_time":"2017-09-18T08:49:11+00:00","author":"Tom Sundermann","twitter_misc":{"Geschrieben von":"Tom Sundermann","Gesch\u00e4tzte Lesezeit":"1\u00a0Minute"},"schema":{"@context":"https:\/\/schema.org","@graph":[{"@type":"WebPage","@id":"https:\/\/blog.zeit.de\/nsu-prozess-blog\/2017\/09\/18\/medienlog-wohlleben-befangenheitsantrag-nsu\/","url":"https:\/\/blog.zeit.de\/nsu-prozess-blog\/2017\/09\/18\/medienlog-wohlleben-befangenheitsantrag-nsu\/","name":"Auch Wohlleben lehnt Richter ab \u2013 Das Medienlog vom Montag, 18. September 2017 - Das NSU-Prozess-Blog","isPartOf":{"@id":"https:\/\/blog.zeit.de\/nsu-prozess-blog\/#website"},"datePublished":"2017-09-18T08:25:43+00:00","dateModified":"2017-09-18T08:49:11+00:00","author":{"@id":"https:\/\/blog.zeit.de\/nsu-prozess-blog\/#\/schema\/person\/553ea9bb5d1fc2ae054c589bd59380a5"},"breadcrumb":{"@id":"https:\/\/blog.zeit.de\/nsu-prozess-blog\/2017\/09\/18\/medienlog-wohlleben-befangenheitsantrag-nsu\/#breadcrumb"},"inLanguage":"de","potentialAction":[{"@type":"ReadAction","target":["https:\/\/blog.zeit.de\/nsu-prozess-blog\/2017\/09\/18\/medienlog-wohlleben-befangenheitsantrag-nsu\/"]}]},{"@type":"BreadcrumbList","@id":"https:\/\/blog.zeit.de\/nsu-prozess-blog\/2017\/09\/18\/medienlog-wohlleben-befangenheitsantrag-nsu\/#breadcrumb","itemListElement":[{"@type":"ListItem","position":1,"name":"Startseite","item":"https:\/\/blog.zeit.de\/nsu-prozess-blog\/"},{"@type":"ListItem","position":2,"name":"Auch Wohlleben lehnt Richter ab \u2013 Das Medienlog vom Montag, 18. September 2017"}]},{"@type":"WebSite","@id":"https:\/\/blog.zeit.de\/nsu-prozess-blog\/#website","url":"https:\/\/blog.zeit.de\/nsu-prozess-blog\/","name":"Das NSU-Prozess-Blog","description":"Alle Berichte zum Terrorverfahren in M\u00fcnchen","potentialAction":[{"@type":"SearchAction","target":{"@type":"EntryPoint","urlTemplate":"https:\/\/blog.zeit.de\/nsu-prozess-blog\/?s={search_term_string}"},"query-input":"required name=search_term_string"}],"inLanguage":"de"},{"@type":"Person","@id":"https:\/\/blog.zeit.de\/nsu-prozess-blog\/#\/schema\/person\/553ea9bb5d1fc2ae054c589bd59380a5","name":"Tom Sundermann","image":{"@type":"ImageObject","inLanguage":"de","@id":"https:\/\/blog.zeit.de\/nsu-prozess-blog\/#\/schema\/person\/image\/","url":"https:\/\/secure.gravatar.com\/avatar\/e108a3dc18766f719b2f797dc5d19093f06a1870c55b553ab6b7563f1f9a5e68?s=96&d=mm&r=g","contentUrl":"https:\/\/secure.gravatar.com\/avatar\/e108a3dc18766f719b2f797dc5d19093f06a1870c55b553ab6b7563f1f9a5e68?s=96&d=mm&r=g","caption":"Tom Sundermann"},"sameAs":["https:\/\/twitter.com\/messeticker"],"url":"https:\/\/blog.zeit.de\/nsu-prozess-blog\/author\/tsundermann\/"}]}},"jetpack_featured_media_url":"","jetpack_sharing_enabled":true,"_links":{"self":[{"href":"https:\/\/blog.zeit.de\/nsu-prozess-blog\/wp-json\/wp\/v2\/posts\/13844","targetHints":{"allow":["GET"]}}],"collection":[{"href":"https:\/\/blog.zeit.de\/nsu-prozess-blog\/wp-json\/wp\/v2\/posts"}],"about":[{"href":"https:\/\/blog.zeit.de\/nsu-prozess-blog\/wp-json\/wp\/v2\/types\/post"}],"author":[{"embeddable":true,"href":"https:\/\/blog.zeit.de\/nsu-prozess-blog\/wp-json\/wp\/v2\/users\/435"}],"replies":[{"embeddable":true,"href":"https:\/\/blog.zeit.de\/nsu-prozess-blog\/wp-json\/wp\/v2\/comments?post=13844"}],"version-history":[{"count":4,"href":"https:\/\/blog.zeit.de\/nsu-prozess-blog\/wp-json\/wp\/v2\/posts\/13844\/revisions"}],"predecessor-version":[{"id":13848,"href":"https:\/\/blog.zeit.de\/nsu-prozess-blog\/wp-json\/wp\/v2\/posts\/13844\/revisions\/13848"}],"wp:attachment":[{"href":"https:\/\/blog.zeit.de\/nsu-prozess-blog\/wp-json\/wp\/v2\/media?parent=13844"}],"wp:term":[{"taxonomy":"category","embeddable":true,"href":"https:\/\/blog.zeit.de\/nsu-prozess-blog\/wp-json\/wp\/v2\/categories?post=13844"},{"taxonomy":"post_tag","embeddable":true,"href":"https:\/\/blog.zeit.de\/nsu-prozess-blog\/wp-json\/wp\/v2\/tags?post=13844"}],"curies":[{"name":"wp","href":"https:\/\/api.w.org\/{rel}","templated":true}]}}