{"id":13927,"date":"2017-10-27T10:35:54","date_gmt":"2017-10-27T08:35:54","guid":{"rendered":"http:\/\/blog.zeit.de\/nsu-prozess-blog\/?p=13927"},"modified":"2017-10-27T11:12:01","modified_gmt":"2017-10-27T09:12:01","slug":"ich-glaube-nicht-mehr-an-den-rechtsstaat","status":"publish","type":"post","link":"https:\/\/blog.zeit.de\/nsu-prozess-blog\/2017\/10\/27\/ich-glaube-nicht-mehr-an-den-rechtsstaat\/","title":{"rendered":"&#8222;Ich glaube nicht mehr an den Rechtsstaat&#8220;"},"content":{"rendered":"<p><figure id=\"attachment_13984\" aria-describedby=\"caption-attachment-13984\" style=\"width: 580px\" class=\"wp-caption alignnone\"><img loading=\"lazy\" decoding=\"async\" class=\"wp-image-13984 size-large\" src=\"https:\/\/blog.zeit.de\/nsu-prozess-blog\/files\/2017\/10\/42674142_Peter-Kneffel-dpa-580x326.jpg\" alt=\"\" width=\"580\" height=\"326\" srcset=\"https:\/\/blog.zeit.de\/nsu-prozess-blog\/files\/2017\/10\/42674142_Peter-Kneffel-dpa-580x326.jpg 580w, https:\/\/blog.zeit.de\/nsu-prozess-blog\/files\/2017\/10\/42674142_Peter-Kneffel-dpa-620x349.jpg 620w, https:\/\/blog.zeit.de\/nsu-prozess-blog\/files\/2017\/10\/42674142_Peter-Kneffel-dpa-768x432.jpg 768w\" sizes=\"auto, (max-width: 580px) 100vw, 580px\" \/><figcaption id=\"caption-attachment-13984\" class=\"wp-caption-text\">Die Nebenkl\u00e4gerin Gamze Kubasik (Bild von 2013)<\/figcaption><\/figure><\/p>\n<p><strong>Vor elf Jahren ermordete der NSU Mehmet Kuba\u015f\u0131k. Vom Prozess in M\u00fcnchen ist seine Tochter Gamze entt\u00e4uscht. Im Interview spricht sie \u00fcber das schmerzhafte Verfahren.<\/strong><\/p>\n<p><em>Am 4. April 2006 <a href=\"http:\/\/www.zeit.de\/gesellschaft\/zeitgeschehen\/2013-11\/nsu-prozess-kubasik\">erschossen Uwe Mundlos und Uwe B\u00f6hnhardt in Dortmund den Kioskbesitzer Mehmet Kuba\u015f\u0131k<\/a>. Der 39-J\u00e4hrige hinterlie\u00df drei Kinder. Das \u00e4lteste von ihnen, seine heute 32 Jahre alte Tochter Gamze, hat den M\u00fcnchner Terrorprozess in den vergangenen Jahren mehrmals besucht. Sie hat Gesicht gezeigt und will auch w\u00e4hrend der Pl\u00e4doyers der Nebenklage das Wort im Verhandlungssaal ergreifen.<\/em><\/p>\n<p>Wie viele andere Opferfamilien wurden auch die Kuba\u015f\u0131ks Opfer falscher Verd\u00e4chtigungen und einseitiger Ermittlungen. Ein Trauma, das die Tochter bis heute schmerzt. Im Gespr\u00e4ch macht sie deutlich, dass auch das Gerichtsverfahren sie nicht mit dem Rechtsstaat vers\u00f6hnen kann.<\/p>\n<p><!--more--><\/p>\n<p><strong>ZEIT ONLINE:<\/strong> Wie intensiv haben Sie den Prozess verfolgt? War es Ihnen wichtig, auf dem Laufenden zu sein?<\/p>\n<p><strong>Kuba\u015f\u0131k:<\/strong> Ich konnte nicht immer in M\u00fcnchen sein, aber mich hat jeden Tag interessiert, was passiert ist. Zu den f\u00fcr mich und meine Familie besonders wichtigen Terminen war ich nat\u00fcrlich selbst im Gericht. Ich werde jetzt auch selbst zum Pl\u00e4doyer kommen. Ansonsten hat mich mein Anwalt nat\u00fcrlich immer auf dem Laufenden gehalten. Das war mir sehr wichtig.<\/p>\n<p><strong>ZEIT ONLINE:<\/strong> Den Opferangeh\u00f6rigen ist Aufkl\u00e4rung versprochen worden \u2013 vor allem durch Bundeskanzlerin Angela Merkel. Hat der Prozess Ihre Erwartungen daran erf\u00fcllt?<\/p>\n<p><strong>Kuba\u015f\u0131k:<\/strong> Man hat uns vor dem Prozess hundertprozentige Aufkl\u00e4rung versprochen. Mit weniger werde ich mich auch nicht zufriedengeben. Ich hatte gro\u00dfe Hoffnung. Umgesetzt wurde das aber nicht. Jetzt bin ich nat\u00fcrlich entt\u00e4uscht.<\/p>\n<p><strong>ZEIT ONLINE:<\/strong> Die Bundesanwaltschaft hat lebenslange Haft f\u00fcr Beate Zsch\u00e4pe gefordert. Wie wichtig ist Ihnen eine harte Strafe?<\/p>\n<p><strong>Kuba\u015f\u0131k:<\/strong> Wir haben immer auf Gerechtigkeit gehofft. Ich pers\u00f6nlich finde eine lebenslange Strafe f\u00fcr Beate Zsch\u00e4pe okay, ich habe aber auch nichts anderes erwartet. Allerdings w\u00e4re die Entt\u00e4uschung \u00fcber das Ergebnis des Prozesses noch gr\u00f6\u00dfer, wenn nicht wenigstens diese f\u00fcnf Angeklagten verurteilt werden. An der fehlenden echten Aufkl\u00e4rung \u00e4ndert das nichts. Au\u00dferdem ist es nat\u00fcrlich so, dass keine Strafe uns unseren Vater wieder zur\u00fcckbringen kann. Wir wollten zumindest, dass alle, die damit zu tun haben, eine gerechte Strafe bekommen. Davon sitzen aber die wenigsten hier auf der Anklagebank.<\/p>\n<p><strong>ZEIT ONLINE:<\/strong> Auch Ihre Familie wurde vor dem Ende des NSU 2011 Opfer von Schuldzuweisungen, auch durch die Ermittler. Hat der Prozess Ihr Vertrauen in den Rechtsstaat wiederhergestellt?<\/p>\n<p><strong>Kuba\u015f\u0131k:<\/strong> Zu Anfang hatte ich schon das Gef\u00fchl, dass es mit diesem Prozess wieder einen funktionierenden Rechtsstaat geben w\u00fcrde, dass es auch f\u00fcr uns Sicherheit und Klarheit gibt. W\u00e4hrend des Prozesses sind aber so viele Dinge passiert, die f\u00fcr mich und auch die anderen Familien sehr ungerecht waren. Ich glaube nicht mehr an den Rechtsstaat.<\/p>\n<p><strong>ZEIT ONLINE:<\/strong> Im Prozess ist deutlich geworden: Es gibt in Deutschland eine engmaschige rechtsextreme Szene, die bereit ist, auch gewaltbereite Kameraden zu decken. Wie leben Sie mit dieser Gewissheit?<\/p>\n<p><strong>Kuba\u015f\u0131k:<\/strong> Ich meine, dass in dem Prozess auch durch unsere Anw\u00e4lte belegt wurde, dass es eine stark vernetzte rechtsradikale Szene in Deutschland gibt, die sehr gef\u00e4hrlich ist. Ich habe zwar heute keine Todesangst. Aber in Dortmund laufen immer noch viele Leute davon rum. Es ist ein sehr unangenehmes Gef\u00fchl, wenn ich diesen Menschen \u00fcber den Weg laufe. Manche davon werden wahrscheinlich bei dem Mord an meinem Vater mitgeholfen haben. Deutschland tut viel zu wenig gegen diese Nazis. Es gibt immer noch so viel Gewalt von denen; jeden Tag. Warum hat sich daran nichts ge\u00e4ndert? Das macht mich w\u00fctend.<\/p>\n<p><strong>ZEIT ONLINE:<\/strong> Zeugen aus der rechtsextremen Szene konnten im Prozess l\u00fcgen oder schlicht Ausk\u00fcnfte verweigern \u2013 ohne dass das Gericht durchgriff. Wie denken Sie dar\u00fcber?<\/p>\n<p><strong>Kuba\u015f\u0131k:<\/strong> Das hat mich mit am meisten w\u00e4hrend des Prozesses ge\u00e4rgert. Alle wussten, dass diese Personen viel gelogen haben. Mir h\u00e4tte es ja gereicht, wenn der Richter selbst mal offen gesagt h\u00e4tte: &#8222;Sie l\u00fcgen! H\u00f6ren Sie damit auf!&#8220; Das ist aber fast nie passiert. Man hat diese L\u00fcgen einfach so hingenommen. Das \u00e4rgert mich und meine Familie.<\/p>\n<p><strong>ZEIT ONLINE:<\/strong> Beate Zsch\u00e4pe muss sich sehr wahrscheinlich auf Jahrzehnte im Gef\u00e4ngnis einstellen. Welche Botschaft w\u00fcrden Sie ihr mit auf den Weg geben?<\/p>\n<p><strong>Kuba\u015f\u0131k:<\/strong> Das Einzige, was ich ihr sagen w\u00fcrde: Ich habe die Hoffnung, dass sie irgendwann die Wahrheit sagt. Dann k\u00f6nnten ich und meine Familie vielleicht abschlie\u00dfen.<\/p>\n<p><strong>ZEIT ONLINE:<\/strong> Wie wichtig ist das Urteil f\u00fcr Ihre pers\u00f6nliche Aufarbeitung? Werden Sie Ihr Leben danach leichter bew\u00e4ltigen k\u00f6nnen?<\/p>\n<p><strong>Kuba\u015f\u0131k:<\/strong> Das ist schwer zu sagen. Ich wei\u00df es nicht. Das Urteil wird sicher eine wichtige Rolle spielen, aber ob es wirklich Erleichterung bringt, h\u00e4ngt vom Inhalt ab. Meine Erwartung ist hoch, aber ich wei\u00df auch, dass so viel schiefgelaufen ist. So viel ist so gekommen, wie wir es gerade nicht wollten. Ich erwarte aber nun endlich, zumindest was diese f\u00fcnf Angeklagten betrifft, ein gerechtes Urteil und die klare Aussage, dass das Gericht mehr eben nicht feststellen will. Dann w\u00e4re zwar klar, dass viele Fragen offen sind, ich k\u00f6nnte aber wenigstens offen in die Zukunft blicken.<\/p>\n<p><strong>ZEIT ONLINE:<\/strong> Wo stehen Sie heute im Leben?<\/p>\n<p><strong>Kuba\u015f\u0131k:<\/strong> Aktuell bin ich zuallererst f\u00fcr meinen Sohn da. Er hei\u00dft Mehmet \u2013 nach meinem Vater.<\/p>\n","protected":false},"excerpt":{"rendered":"<p>Vor elf Jahren ermordete der NSU Mehmet Kuba\u015f\u0131k. Vom Prozess in M\u00fcnchen ist seine Tochter Gamze entt\u00e4uscht. Im Interview spricht sie \u00fcber das schmerzhafte Verfahren. Am 4. April 2006 erschossen Uwe Mundlos und Uwe B\u00f6hnhardt in Dortmund den Kioskbesitzer Mehmet Kuba\u015f\u0131k. Der 39-J\u00e4hrige hinterlie\u00df drei Kinder. Das \u00e4lteste von ihnen, seine heute 32 Jahre alte [&hellip;]<\/p>\n","protected":false},"author":435,"featured_media":0,"comment_status":"open","ping_status":"open","sticky":false,"template":"","format":"standard","meta":{"_jetpack_memberships_contains_paid_content":false,"footnotes":""},"categories":[16],"tags":[1538,29455,29431,29426,29480],"class_list":["post-13927","post","type-post","status-publish","format-standard","hentry","category-allgemein","tag-dortmund","tag-gamze-kubasik","tag-mehmet-kubasik","tag-nebenklage","tag-opfer"],"yoast_head":"<!-- This site is optimized with the Yoast SEO plugin v21.0 - https:\/\/yoast.com\/wordpress\/plugins\/seo\/ -->\n<title>&quot;Ich glaube nicht mehr an den Rechtsstaat&quot; - Das NSU-Prozess-Blog<\/title>\n<meta name=\"robots\" content=\"index, follow, max-snippet:-1, max-image-preview:large, max-video-preview:-1\" \/>\n<link rel=\"canonical\" href=\"https:\/\/blog.zeit.de\/nsu-prozess-blog\/2017\/10\/27\/ich-glaube-nicht-mehr-an-den-rechtsstaat\/\" \/>\n<meta property=\"og:locale\" content=\"de_DE\" \/>\n<meta property=\"og:type\" content=\"article\" \/>\n<meta property=\"og:title\" content=\"&quot;Ich glaube nicht mehr an den Rechtsstaat&quot; - Das NSU-Prozess-Blog\" \/>\n<meta property=\"og:description\" content=\"Vor elf Jahren ermordete der NSU Mehmet Kuba\u015f\u0131k. Vom Prozess in M\u00fcnchen ist seine Tochter Gamze entt\u00e4uscht. Im Interview spricht sie \u00fcber das schmerzhafte Verfahren. Am 4. April 2006 erschossen Uwe Mundlos und Uwe B\u00f6hnhardt in Dortmund den Kioskbesitzer Mehmet Kuba\u015f\u0131k. Der 39-J\u00e4hrige hinterlie\u00df drei Kinder. Das \u00e4lteste von ihnen, seine heute 32 Jahre alte [&hellip;]\" \/>\n<meta property=\"og:url\" content=\"https:\/\/blog.zeit.de\/nsu-prozess-blog\/2017\/10\/27\/ich-glaube-nicht-mehr-an-den-rechtsstaat\/\" \/>\n<meta property=\"og:site_name\" content=\"Das NSU-Prozess-Blog\" \/>\n<meta property=\"article:published_time\" content=\"2017-10-27T08:35:54+00:00\" \/>\n<meta property=\"article:modified_time\" content=\"2017-10-27T09:12:01+00:00\" \/>\n<meta property=\"og:image\" content=\"https:\/\/blog.zeit.de\/nsu-prozess-blog\/files\/2017\/10\/42674142_Peter-Kneffel-dpa-580x326.jpg\" \/>\n<meta name=\"author\" content=\"Tom Sundermann\" \/>\n<meta name=\"twitter:label1\" content=\"Geschrieben von\" \/>\n\t<meta name=\"twitter:data1\" content=\"Tom Sundermann\" \/>\n\t<meta name=\"twitter:label2\" content=\"Gesch\u00e4tzte Lesezeit\" \/>\n\t<meta name=\"twitter:data2\" content=\"5\u00a0Minuten\" \/>\n<script type=\"application\/ld+json\" class=\"yoast-schema-graph\">{\"@context\":\"https:\/\/schema.org\",\"@graph\":[{\"@type\":\"WebPage\",\"@id\":\"https:\/\/blog.zeit.de\/nsu-prozess-blog\/2017\/10\/27\/ich-glaube-nicht-mehr-an-den-rechtsstaat\/\",\"url\":\"https:\/\/blog.zeit.de\/nsu-prozess-blog\/2017\/10\/27\/ich-glaube-nicht-mehr-an-den-rechtsstaat\/\",\"name\":\"\\\"Ich glaube nicht mehr an den Rechtsstaat\\\" - Das NSU-Prozess-Blog\",\"isPartOf\":{\"@id\":\"https:\/\/blog.zeit.de\/nsu-prozess-blog\/#website\"},\"datePublished\":\"2017-10-27T08:35:54+00:00\",\"dateModified\":\"2017-10-27T09:12:01+00:00\",\"author\":{\"@id\":\"https:\/\/blog.zeit.de\/nsu-prozess-blog\/#\/schema\/person\/553ea9bb5d1fc2ae054c589bd59380a5\"},\"breadcrumb\":{\"@id\":\"https:\/\/blog.zeit.de\/nsu-prozess-blog\/2017\/10\/27\/ich-glaube-nicht-mehr-an-den-rechtsstaat\/#breadcrumb\"},\"inLanguage\":\"de\",\"potentialAction\":[{\"@type\":\"ReadAction\",\"target\":[\"https:\/\/blog.zeit.de\/nsu-prozess-blog\/2017\/10\/27\/ich-glaube-nicht-mehr-an-den-rechtsstaat\/\"]}]},{\"@type\":\"BreadcrumbList\",\"@id\":\"https:\/\/blog.zeit.de\/nsu-prozess-blog\/2017\/10\/27\/ich-glaube-nicht-mehr-an-den-rechtsstaat\/#breadcrumb\",\"itemListElement\":[{\"@type\":\"ListItem\",\"position\":1,\"name\":\"Startseite\",\"item\":\"https:\/\/blog.zeit.de\/nsu-prozess-blog\/\"},{\"@type\":\"ListItem\",\"position\":2,\"name\":\"&#8222;Ich glaube nicht mehr an den Rechtsstaat&#8220;\"}]},{\"@type\":\"WebSite\",\"@id\":\"https:\/\/blog.zeit.de\/nsu-prozess-blog\/#website\",\"url\":\"https:\/\/blog.zeit.de\/nsu-prozess-blog\/\",\"name\":\"Das NSU-Prozess-Blog\",\"description\":\"Alle Berichte zum Terrorverfahren in M\u00fcnchen\",\"potentialAction\":[{\"@type\":\"SearchAction\",\"target\":{\"@type\":\"EntryPoint\",\"urlTemplate\":\"https:\/\/blog.zeit.de\/nsu-prozess-blog\/?s={search_term_string}\"},\"query-input\":\"required name=search_term_string\"}],\"inLanguage\":\"de\"},{\"@type\":\"Person\",\"@id\":\"https:\/\/blog.zeit.de\/nsu-prozess-blog\/#\/schema\/person\/553ea9bb5d1fc2ae054c589bd59380a5\",\"name\":\"Tom Sundermann\",\"image\":{\"@type\":\"ImageObject\",\"inLanguage\":\"de\",\"@id\":\"https:\/\/blog.zeit.de\/nsu-prozess-blog\/#\/schema\/person\/image\/\",\"url\":\"https:\/\/secure.gravatar.com\/avatar\/e108a3dc18766f719b2f797dc5d19093f06a1870c55b553ab6b7563f1f9a5e68?s=96&d=mm&r=g\",\"contentUrl\":\"https:\/\/secure.gravatar.com\/avatar\/e108a3dc18766f719b2f797dc5d19093f06a1870c55b553ab6b7563f1f9a5e68?s=96&d=mm&r=g\",\"caption\":\"Tom Sundermann\"},\"sameAs\":[\"https:\/\/twitter.com\/messeticker\"],\"url\":\"https:\/\/blog.zeit.de\/nsu-prozess-blog\/author\/tsundermann\/\"}]}<\/script>\n<!-- \/ Yoast SEO plugin. -->","yoast_head_json":{"title":"\"Ich glaube nicht mehr an den Rechtsstaat\" - Das NSU-Prozess-Blog","robots":{"index":"index","follow":"follow","max-snippet":"max-snippet:-1","max-image-preview":"max-image-preview:large","max-video-preview":"max-video-preview:-1"},"canonical":"https:\/\/blog.zeit.de\/nsu-prozess-blog\/2017\/10\/27\/ich-glaube-nicht-mehr-an-den-rechtsstaat\/","og_locale":"de_DE","og_type":"article","og_title":"\"Ich glaube nicht mehr an den Rechtsstaat\" - Das NSU-Prozess-Blog","og_description":"Vor elf Jahren ermordete der NSU Mehmet Kuba\u015f\u0131k. Vom Prozess in M\u00fcnchen ist seine Tochter Gamze entt\u00e4uscht. Im Interview spricht sie \u00fcber das schmerzhafte Verfahren. Am 4. April 2006 erschossen Uwe Mundlos und Uwe B\u00f6hnhardt in Dortmund den Kioskbesitzer Mehmet Kuba\u015f\u0131k. Der 39-J\u00e4hrige hinterlie\u00df drei Kinder. Das \u00e4lteste von ihnen, seine heute 32 Jahre alte [&hellip;]","og_url":"https:\/\/blog.zeit.de\/nsu-prozess-blog\/2017\/10\/27\/ich-glaube-nicht-mehr-an-den-rechtsstaat\/","og_site_name":"Das NSU-Prozess-Blog","article_published_time":"2017-10-27T08:35:54+00:00","article_modified_time":"2017-10-27T09:12:01+00:00","og_image":[{"url":"https:\/\/blog.zeit.de\/nsu-prozess-blog\/files\/2017\/10\/42674142_Peter-Kneffel-dpa-580x326.jpg"}],"author":"Tom Sundermann","twitter_misc":{"Geschrieben von":"Tom Sundermann","Gesch\u00e4tzte Lesezeit":"5\u00a0Minuten"},"schema":{"@context":"https:\/\/schema.org","@graph":[{"@type":"WebPage","@id":"https:\/\/blog.zeit.de\/nsu-prozess-blog\/2017\/10\/27\/ich-glaube-nicht-mehr-an-den-rechtsstaat\/","url":"https:\/\/blog.zeit.de\/nsu-prozess-blog\/2017\/10\/27\/ich-glaube-nicht-mehr-an-den-rechtsstaat\/","name":"\"Ich glaube nicht mehr an den Rechtsstaat\" - Das NSU-Prozess-Blog","isPartOf":{"@id":"https:\/\/blog.zeit.de\/nsu-prozess-blog\/#website"},"datePublished":"2017-10-27T08:35:54+00:00","dateModified":"2017-10-27T09:12:01+00:00","author":{"@id":"https:\/\/blog.zeit.de\/nsu-prozess-blog\/#\/schema\/person\/553ea9bb5d1fc2ae054c589bd59380a5"},"breadcrumb":{"@id":"https:\/\/blog.zeit.de\/nsu-prozess-blog\/2017\/10\/27\/ich-glaube-nicht-mehr-an-den-rechtsstaat\/#breadcrumb"},"inLanguage":"de","potentialAction":[{"@type":"ReadAction","target":["https:\/\/blog.zeit.de\/nsu-prozess-blog\/2017\/10\/27\/ich-glaube-nicht-mehr-an-den-rechtsstaat\/"]}]},{"@type":"BreadcrumbList","@id":"https:\/\/blog.zeit.de\/nsu-prozess-blog\/2017\/10\/27\/ich-glaube-nicht-mehr-an-den-rechtsstaat\/#breadcrumb","itemListElement":[{"@type":"ListItem","position":1,"name":"Startseite","item":"https:\/\/blog.zeit.de\/nsu-prozess-blog\/"},{"@type":"ListItem","position":2,"name":"&#8222;Ich glaube nicht mehr an den Rechtsstaat&#8220;"}]},{"@type":"WebSite","@id":"https:\/\/blog.zeit.de\/nsu-prozess-blog\/#website","url":"https:\/\/blog.zeit.de\/nsu-prozess-blog\/","name":"Das NSU-Prozess-Blog","description":"Alle Berichte zum Terrorverfahren in M\u00fcnchen","potentialAction":[{"@type":"SearchAction","target":{"@type":"EntryPoint","urlTemplate":"https:\/\/blog.zeit.de\/nsu-prozess-blog\/?s={search_term_string}"},"query-input":"required name=search_term_string"}],"inLanguage":"de"},{"@type":"Person","@id":"https:\/\/blog.zeit.de\/nsu-prozess-blog\/#\/schema\/person\/553ea9bb5d1fc2ae054c589bd59380a5","name":"Tom Sundermann","image":{"@type":"ImageObject","inLanguage":"de","@id":"https:\/\/blog.zeit.de\/nsu-prozess-blog\/#\/schema\/person\/image\/","url":"https:\/\/secure.gravatar.com\/avatar\/e108a3dc18766f719b2f797dc5d19093f06a1870c55b553ab6b7563f1f9a5e68?s=96&d=mm&r=g","contentUrl":"https:\/\/secure.gravatar.com\/avatar\/e108a3dc18766f719b2f797dc5d19093f06a1870c55b553ab6b7563f1f9a5e68?s=96&d=mm&r=g","caption":"Tom Sundermann"},"sameAs":["https:\/\/twitter.com\/messeticker"],"url":"https:\/\/blog.zeit.de\/nsu-prozess-blog\/author\/tsundermann\/"}]}},"jetpack_featured_media_url":"","jetpack_sharing_enabled":true,"_links":{"self":[{"href":"https:\/\/blog.zeit.de\/nsu-prozess-blog\/wp-json\/wp\/v2\/posts\/13927","targetHints":{"allow":["GET"]}}],"collection":[{"href":"https:\/\/blog.zeit.de\/nsu-prozess-blog\/wp-json\/wp\/v2\/posts"}],"about":[{"href":"https:\/\/blog.zeit.de\/nsu-prozess-blog\/wp-json\/wp\/v2\/types\/post"}],"author":[{"embeddable":true,"href":"https:\/\/blog.zeit.de\/nsu-prozess-blog\/wp-json\/wp\/v2\/users\/435"}],"replies":[{"embeddable":true,"href":"https:\/\/blog.zeit.de\/nsu-prozess-blog\/wp-json\/wp\/v2\/comments?post=13927"}],"version-history":[{"count":11,"href":"https:\/\/blog.zeit.de\/nsu-prozess-blog\/wp-json\/wp\/v2\/posts\/13927\/revisions"}],"predecessor-version":[{"id":13987,"href":"https:\/\/blog.zeit.de\/nsu-prozess-blog\/wp-json\/wp\/v2\/posts\/13927\/revisions\/13987"}],"wp:attachment":[{"href":"https:\/\/blog.zeit.de\/nsu-prozess-blog\/wp-json\/wp\/v2\/media?parent=13927"}],"wp:term":[{"taxonomy":"category","embeddable":true,"href":"https:\/\/blog.zeit.de\/nsu-prozess-blog\/wp-json\/wp\/v2\/categories?post=13927"},{"taxonomy":"post_tag","embeddable":true,"href":"https:\/\/blog.zeit.de\/nsu-prozess-blog\/wp-json\/wp\/v2\/tags?post=13927"}],"curies":[{"name":"wp","href":"https:\/\/api.w.org\/{rel}","templated":true}]}}