{"id":13933,"date":"2017-10-24T18:11:29","date_gmt":"2017-10-24T16:11:29","guid":{"rendered":"http:\/\/blog.zeit.de\/nsu-prozess-blog\/?p=13933"},"modified":"2017-10-24T19:21:11","modified_gmt":"2017-10-24T17:21:11","slug":"stoerfeuer-von-der-anklagebank","status":"publish","type":"post","link":"https:\/\/blog.zeit.de\/nsu-prozess-blog\/2017\/10\/24\/stoerfeuer-von-der-anklagebank\/","title":{"rendered":"St\u00f6rfeuer von der Anklagebank"},"content":{"rendered":"<p><strong>Im NSU-Prozess sollen die Pl\u00e4doyers der Opferanw\u00e4lte beginnen. Doch ein Angeklagter ist fest entschlossen, das Verfahren platzen zu lassen. Wer wird sich durchsetzen?<\/strong><\/p>\n<p>Was ist das gute Recht eines Angeklagten? Und wann geht es nur noch darum, einen Strafprozess zu torpedieren? Im NSU-Verfahren dr\u00e4ngt sich diese Frage mittlerweile auf. Das Terrorverfahren in M\u00fcnchen ist so weit heruntergebremst, dass es beinahe zum Erliegen kommt. Gerade erst ist eine dreiw\u00f6chige Pause zu Ende gegangen \u2013 mehrere Prozesstage waren wegen Befangenheitsantr\u00e4gen durch Angeklagte ausgefallen.<\/p>\n<p>Die meisten Prozessbeteiligten hofften, diese L\u00e4hmung sei \u00fcberwunden. Vieles sprach daf\u00fcr, dass in K\u00fcrze die Opferangeh\u00f6rigen und ihre Anw\u00e4lte die Pl\u00e4doyers halten k\u00f6nnen \u2013 mehr als einen Monat, nachdem die Bundesanwaltschaft ihre Forderungen gegen die Angeklagten gestellt hat. Doch m\u00f6glicherweise dauert das Warten noch l\u00e4nger.<\/p>\n<p>Wie konnte das passieren?<!--more--> Da kommt sie wieder ins Spiel, die Frage nach dem guten Recht. Insgesamt acht Befangenheitsantr\u00e4ge gegen die Richter lagen am Ende des letzten Prozesstags vor, zwei weitere waren angek\u00fcndigt. Sie stammten von den Verteidigern der Mitangeklagten Andr\u00e9 E. und Ralf Wohlleben. E., dessen Anwalt Michael Kaiser den Gro\u00dfteil der Gesuche eingereicht hatte, soll nach dem Willen der Bundesanwaltschaft wegen Beihilfe zum versuchten Mord f\u00fcr zw\u00f6lf Jahre ins Gef\u00e4ngnis. Weil das Gericht seitdem f\u00fcrchtet, E. k\u00f6nnte fl\u00fcchten, wurde er in Untersuchungshaft genommen.<\/p>\n<p>Ganz offensichtlich versucht sein Anwalt nun, das Verfahren zum Platzen zu bringen. Vor dem letzten Termin hatte das Gericht exakt so lange pausiert, wie es die Strafprozessordnung zul\u00e4sst: drei Wochen. Einen Tag mehr, und der Prozess h\u00e4tte von Neuem begonnen werden m\u00fcssen. W\u00e4hrend der Unterbrechung und dar\u00fcber hinaus pr\u00fcften andere Richter am Oberlandesgericht, ob die Befangenheitsvorw\u00fcrfe zutreffen. Es folgten: weitere Ablehnungsantr\u00e4ge und noch mal drei Wochen Pause.<\/p>\n<p>Nun, am Dienstag, gab Richter Manfred G\u00f6tzl das Ergebnis bekannt: Die Richter gelten nicht als befangen, das Verfahren kann weitergehen. Oder besser: k\u00f6nnte.<\/p>\n<p>Denn so wie G\u00f6tzl hochentschlossen ist, den seit viereinhalb Jahren m\u00e4andernden Prozess zum Ende zu bringen, so sehr sind Andr\u00e9 E. und sein Verteidiger offenbar motiviert, das Unm\u00f6gliche zu vollbringen: eine derart lange Unterbrechung zu provozieren, dass das NSU-Verfahren doch noch scheitert.<\/p>\n<p>F\u00fcr die n\u00f6tigen St\u00f6rman\u00f6ver ist Anwalt Kaiser sogar bereit, seinen Mandanten als leicht minderbemittelt darzustellen: Als das Gericht den Beschluss austeilen lie\u00df, mit dem die anderen Richter die Befangenheitsantr\u00e4ge abgelehnt hatten, beantragte Kaiser eine Vertagung des Verfahrens um einen Tag. Weil es seinem Mandanten nicht gelungen sei, die 20 Seiten durchzulesen. Ihm, dem seit gut einem Monat Inhaftierten, fehle angeblich die Konzentration. Er m\u00fcsse jeden Satz drei- bis viermal lesen.<\/p>\n<p>Ein Angebot von Richter G\u00f6tzl, einfach f\u00fcr einige Stunden zu unterbrechen, schlug der Anwalt aus. E. ben\u00f6tige die Ruhe seiner Gef\u00e4ngniszelle und frische Luft.<\/p>\n<p>&#8222;Wenn das in der Geschwindigkeit weitergeht, m\u00fcssten wir mehrere Wochen unterbrechen&#8220;, entgegnete Oberstaatsanwalt Jochen Weingarten. Die Entscheidung dar\u00fcber, blaffte Weingarten, liege dank der Strafprozessordnung jedoch nicht im &#8222;Ermessen eines schwerf\u00e4llig lesenden Angeklagten&#8220;. Zudem sei es Aufgabe der Verteidiger, dem Angeklagten den Inhalt der Dokumente zu erkl\u00e4ren.<\/p>\n<p>Zum Hintergrund: In den Jahren vor seiner Inhaftierung hatte E. mit dem Enthusiasmus einer Zimmerpflanze im Gerichtssaal gesessen. Er war so teilnahmslos, dass es h\u00f6chst zweifelhaft erschien, dass er \u00fcberhaupt einmal irgendein Schriftst\u00fcck \u00fcberflog. Und nun muss er sich jeden Satz gewissenhaft durchlesen?<\/p>\n<p>Viel deutlicher dr\u00e4ngt sich der Eindruck auf, Anwalt Kaiser wolle Zeit gewinnen, um den n\u00e4chsten Befangenheitsantrag vorzubereiten. Dann st\u00fcnde die n\u00e4chste Verz\u00f6gerung an. Eine weitere Beratungspause. Ein Spiel, das sich theoretisch endlos ausdehnen l\u00e4sst.<\/p>\n<p>Ob es E. und sein Verteidiger wirklich so weit treiben wollen, ist noch nicht klar. Lie\u00dfen sie ihren Kampf gegen das Gericht zumindest ruhen, k\u00f6nnten die Angeh\u00f6rigen der Opfer schon morgen mit ihren Schlussvortr\u00e4gen beginnen.<\/p>\n","protected":false},"excerpt":{"rendered":"<p>Im NSU-Prozess sollen die Pl\u00e4doyers der Opferanw\u00e4lte beginnen. Doch ein Angeklagter ist fest entschlossen, das Verfahren platzen zu lassen. Wer wird sich durchsetzen? Was ist das gute Recht eines Angeklagten? Und wann geht es nur noch darum, einen Strafprozess zu torpedieren? Im NSU-Verfahren dr\u00e4ngt sich diese Frage mittlerweile auf. Das Terrorverfahren in M\u00fcnchen ist so [&hellip;]<\/p>\n","protected":false},"author":435,"featured_media":0,"comment_status":"open","ping_status":"open","sticky":false,"template":"","format":"standard","meta":{"_jetpack_memberships_contains_paid_content":false,"footnotes":""},"categories":[27532],"tags":[],"class_list":["post-13933","post","type-post","status-publish","format-standard","hentry","category-prozesstage"],"yoast_head":"<!-- This site is optimized with the Yoast SEO plugin v21.0 - https:\/\/yoast.com\/wordpress\/plugins\/seo\/ -->\n<title>St\u00f6rfeuer von der Anklagebank - Das NSU-Prozess-Blog<\/title>\n<meta name=\"robots\" content=\"index, follow, max-snippet:-1, max-image-preview:large, max-video-preview:-1\" \/>\n<link rel=\"canonical\" href=\"https:\/\/blog.zeit.de\/nsu-prozess-blog\/2017\/10\/24\/stoerfeuer-von-der-anklagebank\/\" \/>\n<meta property=\"og:locale\" content=\"de_DE\" \/>\n<meta property=\"og:type\" content=\"article\" \/>\n<meta property=\"og:title\" content=\"St\u00f6rfeuer von der Anklagebank - Das NSU-Prozess-Blog\" \/>\n<meta property=\"og:description\" content=\"Im NSU-Prozess sollen die Pl\u00e4doyers der Opferanw\u00e4lte beginnen. Doch ein Angeklagter ist fest entschlossen, das Verfahren platzen zu lassen. Wer wird sich durchsetzen? Was ist das gute Recht eines Angeklagten? Und wann geht es nur noch darum, einen Strafprozess zu torpedieren? Im NSU-Verfahren dr\u00e4ngt sich diese Frage mittlerweile auf. Das Terrorverfahren in M\u00fcnchen ist so [&hellip;]\" \/>\n<meta property=\"og:url\" content=\"https:\/\/blog.zeit.de\/nsu-prozess-blog\/2017\/10\/24\/stoerfeuer-von-der-anklagebank\/\" \/>\n<meta property=\"og:site_name\" content=\"Das NSU-Prozess-Blog\" \/>\n<meta property=\"article:published_time\" content=\"2017-10-24T16:11:29+00:00\" \/>\n<meta property=\"article:modified_time\" content=\"2017-10-24T17:21:11+00:00\" \/>\n<meta name=\"author\" content=\"Tom Sundermann\" \/>\n<meta name=\"twitter:label1\" content=\"Geschrieben von\" \/>\n\t<meta name=\"twitter:data1\" content=\"Tom Sundermann\" \/>\n\t<meta name=\"twitter:label2\" content=\"Gesch\u00e4tzte Lesezeit\" \/>\n\t<meta name=\"twitter:data2\" content=\"3\u00a0Minuten\" \/>\n<script type=\"application\/ld+json\" class=\"yoast-schema-graph\">{\"@context\":\"https:\/\/schema.org\",\"@graph\":[{\"@type\":\"WebPage\",\"@id\":\"https:\/\/blog.zeit.de\/nsu-prozess-blog\/2017\/10\/24\/stoerfeuer-von-der-anklagebank\/\",\"url\":\"https:\/\/blog.zeit.de\/nsu-prozess-blog\/2017\/10\/24\/stoerfeuer-von-der-anklagebank\/\",\"name\":\"St\u00f6rfeuer von der Anklagebank - Das NSU-Prozess-Blog\",\"isPartOf\":{\"@id\":\"https:\/\/blog.zeit.de\/nsu-prozess-blog\/#website\"},\"datePublished\":\"2017-10-24T16:11:29+00:00\",\"dateModified\":\"2017-10-24T17:21:11+00:00\",\"author\":{\"@id\":\"https:\/\/blog.zeit.de\/nsu-prozess-blog\/#\/schema\/person\/553ea9bb5d1fc2ae054c589bd59380a5\"},\"breadcrumb\":{\"@id\":\"https:\/\/blog.zeit.de\/nsu-prozess-blog\/2017\/10\/24\/stoerfeuer-von-der-anklagebank\/#breadcrumb\"},\"inLanguage\":\"de\",\"potentialAction\":[{\"@type\":\"ReadAction\",\"target\":[\"https:\/\/blog.zeit.de\/nsu-prozess-blog\/2017\/10\/24\/stoerfeuer-von-der-anklagebank\/\"]}]},{\"@type\":\"BreadcrumbList\",\"@id\":\"https:\/\/blog.zeit.de\/nsu-prozess-blog\/2017\/10\/24\/stoerfeuer-von-der-anklagebank\/#breadcrumb\",\"itemListElement\":[{\"@type\":\"ListItem\",\"position\":1,\"name\":\"Startseite\",\"item\":\"https:\/\/blog.zeit.de\/nsu-prozess-blog\/\"},{\"@type\":\"ListItem\",\"position\":2,\"name\":\"St\u00f6rfeuer von der Anklagebank\"}]},{\"@type\":\"WebSite\",\"@id\":\"https:\/\/blog.zeit.de\/nsu-prozess-blog\/#website\",\"url\":\"https:\/\/blog.zeit.de\/nsu-prozess-blog\/\",\"name\":\"Das NSU-Prozess-Blog\",\"description\":\"Alle Berichte zum Terrorverfahren in M\u00fcnchen\",\"potentialAction\":[{\"@type\":\"SearchAction\",\"target\":{\"@type\":\"EntryPoint\",\"urlTemplate\":\"https:\/\/blog.zeit.de\/nsu-prozess-blog\/?s={search_term_string}\"},\"query-input\":\"required name=search_term_string\"}],\"inLanguage\":\"de\"},{\"@type\":\"Person\",\"@id\":\"https:\/\/blog.zeit.de\/nsu-prozess-blog\/#\/schema\/person\/553ea9bb5d1fc2ae054c589bd59380a5\",\"name\":\"Tom Sundermann\",\"image\":{\"@type\":\"ImageObject\",\"inLanguage\":\"de\",\"@id\":\"https:\/\/blog.zeit.de\/nsu-prozess-blog\/#\/schema\/person\/image\/\",\"url\":\"https:\/\/secure.gravatar.com\/avatar\/e108a3dc18766f719b2f797dc5d19093f06a1870c55b553ab6b7563f1f9a5e68?s=96&d=mm&r=g\",\"contentUrl\":\"https:\/\/secure.gravatar.com\/avatar\/e108a3dc18766f719b2f797dc5d19093f06a1870c55b553ab6b7563f1f9a5e68?s=96&d=mm&r=g\",\"caption\":\"Tom Sundermann\"},\"sameAs\":[\"https:\/\/twitter.com\/messeticker\"],\"url\":\"https:\/\/blog.zeit.de\/nsu-prozess-blog\/author\/tsundermann\/\"}]}<\/script>\n<!-- \/ Yoast SEO plugin. -->","yoast_head_json":{"title":"St\u00f6rfeuer von der Anklagebank - Das NSU-Prozess-Blog","robots":{"index":"index","follow":"follow","max-snippet":"max-snippet:-1","max-image-preview":"max-image-preview:large","max-video-preview":"max-video-preview:-1"},"canonical":"https:\/\/blog.zeit.de\/nsu-prozess-blog\/2017\/10\/24\/stoerfeuer-von-der-anklagebank\/","og_locale":"de_DE","og_type":"article","og_title":"St\u00f6rfeuer von der Anklagebank - Das NSU-Prozess-Blog","og_description":"Im NSU-Prozess sollen die Pl\u00e4doyers der Opferanw\u00e4lte beginnen. Doch ein Angeklagter ist fest entschlossen, das Verfahren platzen zu lassen. Wer wird sich durchsetzen? Was ist das gute Recht eines Angeklagten? Und wann geht es nur noch darum, einen Strafprozess zu torpedieren? Im NSU-Verfahren dr\u00e4ngt sich diese Frage mittlerweile auf. Das Terrorverfahren in M\u00fcnchen ist so [&hellip;]","og_url":"https:\/\/blog.zeit.de\/nsu-prozess-blog\/2017\/10\/24\/stoerfeuer-von-der-anklagebank\/","og_site_name":"Das NSU-Prozess-Blog","article_published_time":"2017-10-24T16:11:29+00:00","article_modified_time":"2017-10-24T17:21:11+00:00","author":"Tom Sundermann","twitter_misc":{"Geschrieben von":"Tom Sundermann","Gesch\u00e4tzte Lesezeit":"3\u00a0Minuten"},"schema":{"@context":"https:\/\/schema.org","@graph":[{"@type":"WebPage","@id":"https:\/\/blog.zeit.de\/nsu-prozess-blog\/2017\/10\/24\/stoerfeuer-von-der-anklagebank\/","url":"https:\/\/blog.zeit.de\/nsu-prozess-blog\/2017\/10\/24\/stoerfeuer-von-der-anklagebank\/","name":"St\u00f6rfeuer von der Anklagebank - Das NSU-Prozess-Blog","isPartOf":{"@id":"https:\/\/blog.zeit.de\/nsu-prozess-blog\/#website"},"datePublished":"2017-10-24T16:11:29+00:00","dateModified":"2017-10-24T17:21:11+00:00","author":{"@id":"https:\/\/blog.zeit.de\/nsu-prozess-blog\/#\/schema\/person\/553ea9bb5d1fc2ae054c589bd59380a5"},"breadcrumb":{"@id":"https:\/\/blog.zeit.de\/nsu-prozess-blog\/2017\/10\/24\/stoerfeuer-von-der-anklagebank\/#breadcrumb"},"inLanguage":"de","potentialAction":[{"@type":"ReadAction","target":["https:\/\/blog.zeit.de\/nsu-prozess-blog\/2017\/10\/24\/stoerfeuer-von-der-anklagebank\/"]}]},{"@type":"BreadcrumbList","@id":"https:\/\/blog.zeit.de\/nsu-prozess-blog\/2017\/10\/24\/stoerfeuer-von-der-anklagebank\/#breadcrumb","itemListElement":[{"@type":"ListItem","position":1,"name":"Startseite","item":"https:\/\/blog.zeit.de\/nsu-prozess-blog\/"},{"@type":"ListItem","position":2,"name":"St\u00f6rfeuer von der Anklagebank"}]},{"@type":"WebSite","@id":"https:\/\/blog.zeit.de\/nsu-prozess-blog\/#website","url":"https:\/\/blog.zeit.de\/nsu-prozess-blog\/","name":"Das NSU-Prozess-Blog","description":"Alle Berichte zum Terrorverfahren in M\u00fcnchen","potentialAction":[{"@type":"SearchAction","target":{"@type":"EntryPoint","urlTemplate":"https:\/\/blog.zeit.de\/nsu-prozess-blog\/?s={search_term_string}"},"query-input":"required name=search_term_string"}],"inLanguage":"de"},{"@type":"Person","@id":"https:\/\/blog.zeit.de\/nsu-prozess-blog\/#\/schema\/person\/553ea9bb5d1fc2ae054c589bd59380a5","name":"Tom Sundermann","image":{"@type":"ImageObject","inLanguage":"de","@id":"https:\/\/blog.zeit.de\/nsu-prozess-blog\/#\/schema\/person\/image\/","url":"https:\/\/secure.gravatar.com\/avatar\/e108a3dc18766f719b2f797dc5d19093f06a1870c55b553ab6b7563f1f9a5e68?s=96&d=mm&r=g","contentUrl":"https:\/\/secure.gravatar.com\/avatar\/e108a3dc18766f719b2f797dc5d19093f06a1870c55b553ab6b7563f1f9a5e68?s=96&d=mm&r=g","caption":"Tom Sundermann"},"sameAs":["https:\/\/twitter.com\/messeticker"],"url":"https:\/\/blog.zeit.de\/nsu-prozess-blog\/author\/tsundermann\/"}]}},"jetpack_featured_media_url":"","jetpack_sharing_enabled":true,"_links":{"self":[{"href":"https:\/\/blog.zeit.de\/nsu-prozess-blog\/wp-json\/wp\/v2\/posts\/13933","targetHints":{"allow":["GET"]}}],"collection":[{"href":"https:\/\/blog.zeit.de\/nsu-prozess-blog\/wp-json\/wp\/v2\/posts"}],"about":[{"href":"https:\/\/blog.zeit.de\/nsu-prozess-blog\/wp-json\/wp\/v2\/types\/post"}],"author":[{"embeddable":true,"href":"https:\/\/blog.zeit.de\/nsu-prozess-blog\/wp-json\/wp\/v2\/users\/435"}],"replies":[{"embeddable":true,"href":"https:\/\/blog.zeit.de\/nsu-prozess-blog\/wp-json\/wp\/v2\/comments?post=13933"}],"version-history":[{"count":7,"href":"https:\/\/blog.zeit.de\/nsu-prozess-blog\/wp-json\/wp\/v2\/posts\/13933\/revisions"}],"predecessor-version":[{"id":13941,"href":"https:\/\/blog.zeit.de\/nsu-prozess-blog\/wp-json\/wp\/v2\/posts\/13933\/revisions\/13941"}],"wp:attachment":[{"href":"https:\/\/blog.zeit.de\/nsu-prozess-blog\/wp-json\/wp\/v2\/media?parent=13933"}],"wp:term":[{"taxonomy":"category","embeddable":true,"href":"https:\/\/blog.zeit.de\/nsu-prozess-blog\/wp-json\/wp\/v2\/categories?post=13933"},{"taxonomy":"post_tag","embeddable":true,"href":"https:\/\/blog.zeit.de\/nsu-prozess-blog\/wp-json\/wp\/v2\/tags?post=13933"}],"curies":[{"name":"wp","href":"https:\/\/api.w.org\/{rel}","templated":true}]}}