{"id":14149,"date":"2017-12-07T08:23:35","date_gmt":"2017-12-07T07:23:35","guid":{"rendered":"http:\/\/blog.zeit.de\/nsu-prozess-blog\/?p=14149"},"modified":"2017-12-07T08:23:35","modified_gmt":"2017-12-07T07:23:35","slug":"medienlog-eltern-yozgat-plaedoyer-nsu","status":"publish","type":"post","link":"https:\/\/blog.zeit.de\/nsu-prozess-blog\/2017\/12\/07\/medienlog-eltern-yozgat-plaedoyer-nsu\/","title":{"rendered":"Wie Hinterbliebene die Hoffnung verlieren \u2013 Das Medienlog vom Donnerstag, 7. Dezember 2017"},"content":{"rendered":"<p>Am Mittwoch hielten die Eltern des 2006 in Kassel ermordeten <a href=\"http:\/\/www.zeit.de\/gesellschaft\/zeitgeschehen\/2013-10\/ismail-yozgat-nsu-prozess-antworten-kassel-verfassungschutz\">Halit Yozgat<\/a> eigene Pl\u00e4doyers. Vater \u0130smail Yozgat, der w\u00e4hrend des Vortrags seine Tr\u00e4nen nicht zur\u00fcckhalten konnte, beschuldigte den damals am Tatort anwesenden Verfassungssch\u00fctzer <a href=\"https:\/\/blog.zeit.de\/nsu-prozess-blog\/2014\/03\/11\/andreas-t-sollte-selbst-im-yozgat-fall-ermitteln\/\">Andreas Temme<\/a> und warf dem damaligen hessischen Innenminister Volker Bouffier vor, die Aufkl\u00e4rung behindert zu haben. Zudem zeigten die Eltern sich von der Arbeit des Gerichts entt\u00e4uscht.<\/p>\n<p>&#8222;Das Feuer der Hoffnung ist nach 395 Verhandlungstagen im NSU-Prozess in sich zusammengesunken, es glimmt nur noch schwach&#8220;, schreibt Annette Ramelsberger von der <a href=\"http:\/\/www.sueddeutsche.de\/politik\/nsu-prozess-ich-habe-ihnen-mehrmals-gesagt-der-agent-hat-meinen-sohn-ermordet-1.3780974\" target=\"_blank\" rel=\"noopener\"><em>S\u00fcddeutschen Zeitung<\/em><\/a>. Die Eltern h\u00e4tten ihre Gef\u00fchle &#8222;ohne alle juristischen Formeln, ohne Bremse, mit voller Wucht&#8220; beschrieben. Auch die Anw\u00e4ltin der Familie, Doris Dierbach, kritisierte die Geheimnistuerei des Verfassungsschutzes.<\/p>\n<p><!--more--><\/p>\n<p><em>An jedem Werktag sichten wir f\u00fcr das NSU-Prozess-Blog die Medien und stellen wichtige Berichte, Blogs, Videos und Tweets zusammen. Wir freuen uns \u00fcber Hinweise via Twitter mit dem Hashtag #nsublog \u2013 oder per E-Mail an <a href=\"mailto:nsublog@zeit.de\">nsublog@zeit.de<\/a>.<\/em><\/p>\n<p>&#8222;Wenn bei den Pl\u00e4doyers der Nebenkl\u00e4ger im Oberlandesgericht M\u00fcnchen Angeh\u00f6rige von Ermordeten und \u00fcberlebende Opfer auftreten, ist die Stimmung noch gedr\u00fcckter als bei den auch schon harten Vortr\u00e4gen der Anw\u00e4lte&#8220;, beschreibt Frank Jansen vom <a href=\"http:\/\/www.tagesspiegel.de\/politik\/prozess-in-muenchen-eltern-von-nsu-mordopfer-kritisieren-das-gericht\/20678304.html\" target=\"_blank\" rel=\"noopener\"><em>Tagesspiegel<\/em><\/a> die Atmosph\u00e4re im Sitzungssaal. Die Hauptangeklagte Beate Zsch\u00e4pe habe &#8222;ihr Pokerface&#8220; behalten, auch, als die Mutter Ayse Yozgat sie direkt ansprach und aufforderte, den Fall aufzukl\u00e4ren. In <a href=\"http:\/\/www.zeit.de\/politik\/ausland\/2015-12\/beate-schaepe-aussage-bewertung\">ihrer Aussage vor zwei Jahren<\/a> hatte sie zum Kasseler Mord nichts Erhellendes beigetragen.<\/p>\n<p>&#8222;Yozgat ist der Beleg daf\u00fcr, dass es Deutschland und seiner Politik nicht gelungen ist, eine Vers\u00f6hnung mit den Opfern zu erreichen \u2013 bedingt durch die apathische, fruchtlose Aufkl\u00e4rung der Aff\u00e4re&#8220;, stellen wir auf <a href=\"https:\/\/blog.zeit.de\/nsu-prozess-blog\/2017\/12\/06\/der-schmerz-der-eltern\/\" target=\"_blank\" rel=\"noopener\">ZEIT ONLINE<\/a> fest. Den Vater steuert demnach bis heute das Gef\u00fchl, von den Autorit\u00e4ten nicht geh\u00f6rt zu werden. So beschwerte er sich auch dar\u00fcber, dass der heutige hessische Ministerpr\u00e4sident Bouffier ein Gespr\u00e4ch mit ihm ablehnte. Bei dem Vortrag vor Gericht &#8222;wird klar, dass die Trauer den Vater noch genauso qu\u00e4lt wie in allen Jahren zuvor&#8220;.<\/p>\n<blockquote class=\"twitter-tweet\" data-lang=\"de\">\n<p dir=\"ltr\" lang=\"de\">\u0130smail Yozgat: &#8222;Mein einziger 21-j\u00e4hriger Sohn starb in meinen Armen. Bereits zum Zeitpunkt seiner Ermordung sagte ich, dass Ausl\u00e4nderfeinde meinen Sohn ermordet haben, aber niemand hat mir geglaubt.&#8220; <a href=\"https:\/\/twitter.com\/hashtag\/NSU?src=hash&amp;ref_src=twsrc%5Etfw\">#NSU<\/a><\/p>\n<p>\u2014 NSU Watch (@nsuwatch) <a href=\"https:\/\/twitter.com\/nsuwatch\/status\/938386125089107968?ref_src=twsrc%5Etfw\">6. Dezember 2017<\/a><\/p><\/blockquote>\n<p><script async src=\"https:\/\/platform.twitter.com\/widgets.js\" charset=\"utf-8\"><\/script><\/p>\n<p>Detaillierter \u00fcber die Vortr\u00e4ge der Yozgat-Anw\u00e4lte berichten <a href=\"http:\/\/www.spiegel.de\/panorama\/justiz\/nsu-prozess-koennen-sie-einschlafen-frau-zschaepe-a-1182041.html\" target=\"_blank\" rel=\"noopener\"><em>Spiegel Online<\/em><\/a> und der <a href=\"https:\/\/www.br.de\/nachrichten\/tageszusammenfassung-nsu-prozess-mord-yozgat-halit-100.html\" target=\"_blank\" rel=\"noopener\">Bayerische Rundfunk<\/a>, wo auch die Vortr\u00e4ge weiterer Anw\u00e4lte der Hinterbliebenen des Mordopfers Mehmet Kubasik zusammengefasst sind.<\/p>\n<p><em>Das n\u00e4chste Medienlog erscheint am Freitag, 8. Dezember 2017.<\/em><\/p>\n","protected":false},"excerpt":{"rendered":"<p>Am Mittwoch hielten die Eltern des 2006 in Kassel ermordeten Halit Yozgat eigene Pl\u00e4doyers. Vater \u0130smail Yozgat, der w\u00e4hrend des Vortrags seine Tr\u00e4nen nicht zur\u00fcckhalten konnte, beschuldigte den damals am Tatort anwesenden Verfassungssch\u00fctzer Andreas Temme und warf dem damaligen hessischen Innenminister Volker Bouffier vor, die Aufkl\u00e4rung behindert zu haben. Zudem zeigten die Eltern sich von [&hellip;]<\/p>\n","protected":false},"author":435,"featured_media":0,"comment_status":"open","ping_status":"open","sticky":false,"template":"","format":"standard","meta":{"_jetpack_memberships_contains_paid_content":false,"footnotes":""},"categories":[27531],"tags":[29444,29435,29443,29426,27593,29480],"class_list":["post-14149","post","type-post","status-publish","format-standard","hentry","category-medienschau","tag-ayse-yozgat","tag-halit-yozgat","tag-ismail-yozgat","tag-nebenklage","tag-nebenklager","tag-opfer"],"yoast_head":"<!-- This site is optimized with the Yoast SEO plugin v21.0 - https:\/\/yoast.com\/wordpress\/plugins\/seo\/ -->\n<title>Wie Hinterbliebene die Hoffnung verlieren \u2013 Das Medienlog vom Donnerstag, 7. Dezember 2017 - Das NSU-Prozess-Blog<\/title>\n<meta name=\"robots\" content=\"index, follow, max-snippet:-1, max-image-preview:large, max-video-preview:-1\" \/>\n<link rel=\"canonical\" href=\"https:\/\/blog.zeit.de\/nsu-prozess-blog\/2017\/12\/07\/medienlog-eltern-yozgat-plaedoyer-nsu\/\" \/>\n<meta property=\"og:locale\" content=\"de_DE\" \/>\n<meta property=\"og:type\" content=\"article\" \/>\n<meta property=\"og:title\" content=\"Wie Hinterbliebene die Hoffnung verlieren \u2013 Das Medienlog vom Donnerstag, 7. Dezember 2017 - Das NSU-Prozess-Blog\" \/>\n<meta property=\"og:description\" content=\"Am Mittwoch hielten die Eltern des 2006 in Kassel ermordeten Halit Yozgat eigene Pl\u00e4doyers. Vater \u0130smail Yozgat, der w\u00e4hrend des Vortrags seine Tr\u00e4nen nicht zur\u00fcckhalten konnte, beschuldigte den damals am Tatort anwesenden Verfassungssch\u00fctzer Andreas Temme und warf dem damaligen hessischen Innenminister Volker Bouffier vor, die Aufkl\u00e4rung behindert zu haben. Zudem zeigten die Eltern sich von [&hellip;]\" \/>\n<meta property=\"og:url\" content=\"https:\/\/blog.zeit.de\/nsu-prozess-blog\/2017\/12\/07\/medienlog-eltern-yozgat-plaedoyer-nsu\/\" \/>\n<meta property=\"og:site_name\" content=\"Das NSU-Prozess-Blog\" \/>\n<meta property=\"article:published_time\" content=\"2017-12-07T07:23:35+00:00\" \/>\n<meta name=\"author\" content=\"Tom Sundermann\" \/>\n<meta name=\"twitter:label1\" content=\"Geschrieben von\" \/>\n\t<meta name=\"twitter:data1\" content=\"Tom Sundermann\" \/>\n\t<meta name=\"twitter:label2\" content=\"Gesch\u00e4tzte Lesezeit\" \/>\n\t<meta name=\"twitter:data2\" content=\"2\u00a0Minuten\" \/>\n<script type=\"application\/ld+json\" class=\"yoast-schema-graph\">{\"@context\":\"https:\/\/schema.org\",\"@graph\":[{\"@type\":\"WebPage\",\"@id\":\"https:\/\/blog.zeit.de\/nsu-prozess-blog\/2017\/12\/07\/medienlog-eltern-yozgat-plaedoyer-nsu\/\",\"url\":\"https:\/\/blog.zeit.de\/nsu-prozess-blog\/2017\/12\/07\/medienlog-eltern-yozgat-plaedoyer-nsu\/\",\"name\":\"Wie Hinterbliebene die Hoffnung verlieren \u2013 Das Medienlog vom Donnerstag, 7. Dezember 2017 - Das NSU-Prozess-Blog\",\"isPartOf\":{\"@id\":\"https:\/\/blog.zeit.de\/nsu-prozess-blog\/#website\"},\"datePublished\":\"2017-12-07T07:23:35+00:00\",\"dateModified\":\"2017-12-07T07:23:35+00:00\",\"author\":{\"@id\":\"https:\/\/blog.zeit.de\/nsu-prozess-blog\/#\/schema\/person\/553ea9bb5d1fc2ae054c589bd59380a5\"},\"breadcrumb\":{\"@id\":\"https:\/\/blog.zeit.de\/nsu-prozess-blog\/2017\/12\/07\/medienlog-eltern-yozgat-plaedoyer-nsu\/#breadcrumb\"},\"inLanguage\":\"de\",\"potentialAction\":[{\"@type\":\"ReadAction\",\"target\":[\"https:\/\/blog.zeit.de\/nsu-prozess-blog\/2017\/12\/07\/medienlog-eltern-yozgat-plaedoyer-nsu\/\"]}]},{\"@type\":\"BreadcrumbList\",\"@id\":\"https:\/\/blog.zeit.de\/nsu-prozess-blog\/2017\/12\/07\/medienlog-eltern-yozgat-plaedoyer-nsu\/#breadcrumb\",\"itemListElement\":[{\"@type\":\"ListItem\",\"position\":1,\"name\":\"Startseite\",\"item\":\"https:\/\/blog.zeit.de\/nsu-prozess-blog\/\"},{\"@type\":\"ListItem\",\"position\":2,\"name\":\"Wie Hinterbliebene die Hoffnung verlieren \u2013 Das Medienlog vom Donnerstag, 7. Dezember 2017\"}]},{\"@type\":\"WebSite\",\"@id\":\"https:\/\/blog.zeit.de\/nsu-prozess-blog\/#website\",\"url\":\"https:\/\/blog.zeit.de\/nsu-prozess-blog\/\",\"name\":\"Das NSU-Prozess-Blog\",\"description\":\"Alle Berichte zum Terrorverfahren in M\u00fcnchen\",\"potentialAction\":[{\"@type\":\"SearchAction\",\"target\":{\"@type\":\"EntryPoint\",\"urlTemplate\":\"https:\/\/blog.zeit.de\/nsu-prozess-blog\/?s={search_term_string}\"},\"query-input\":\"required name=search_term_string\"}],\"inLanguage\":\"de\"},{\"@type\":\"Person\",\"@id\":\"https:\/\/blog.zeit.de\/nsu-prozess-blog\/#\/schema\/person\/553ea9bb5d1fc2ae054c589bd59380a5\",\"name\":\"Tom Sundermann\",\"image\":{\"@type\":\"ImageObject\",\"inLanguage\":\"de\",\"@id\":\"https:\/\/blog.zeit.de\/nsu-prozess-blog\/#\/schema\/person\/image\/\",\"url\":\"https:\/\/secure.gravatar.com\/avatar\/e108a3dc18766f719b2f797dc5d19093f06a1870c55b553ab6b7563f1f9a5e68?s=96&d=mm&r=g\",\"contentUrl\":\"https:\/\/secure.gravatar.com\/avatar\/e108a3dc18766f719b2f797dc5d19093f06a1870c55b553ab6b7563f1f9a5e68?s=96&d=mm&r=g\",\"caption\":\"Tom Sundermann\"},\"sameAs\":[\"https:\/\/twitter.com\/messeticker\"],\"url\":\"https:\/\/blog.zeit.de\/nsu-prozess-blog\/author\/tsundermann\/\"}]}<\/script>\n<!-- \/ Yoast SEO plugin. -->","yoast_head_json":{"title":"Wie Hinterbliebene die Hoffnung verlieren \u2013 Das Medienlog vom Donnerstag, 7. Dezember 2017 - Das NSU-Prozess-Blog","robots":{"index":"index","follow":"follow","max-snippet":"max-snippet:-1","max-image-preview":"max-image-preview:large","max-video-preview":"max-video-preview:-1"},"canonical":"https:\/\/blog.zeit.de\/nsu-prozess-blog\/2017\/12\/07\/medienlog-eltern-yozgat-plaedoyer-nsu\/","og_locale":"de_DE","og_type":"article","og_title":"Wie Hinterbliebene die Hoffnung verlieren \u2013 Das Medienlog vom Donnerstag, 7. Dezember 2017 - Das NSU-Prozess-Blog","og_description":"Am Mittwoch hielten die Eltern des 2006 in Kassel ermordeten Halit Yozgat eigene Pl\u00e4doyers. Vater \u0130smail Yozgat, der w\u00e4hrend des Vortrags seine Tr\u00e4nen nicht zur\u00fcckhalten konnte, beschuldigte den damals am Tatort anwesenden Verfassungssch\u00fctzer Andreas Temme und warf dem damaligen hessischen Innenminister Volker Bouffier vor, die Aufkl\u00e4rung behindert zu haben. Zudem zeigten die Eltern sich von [&hellip;]","og_url":"https:\/\/blog.zeit.de\/nsu-prozess-blog\/2017\/12\/07\/medienlog-eltern-yozgat-plaedoyer-nsu\/","og_site_name":"Das NSU-Prozess-Blog","article_published_time":"2017-12-07T07:23:35+00:00","author":"Tom Sundermann","twitter_misc":{"Geschrieben von":"Tom Sundermann","Gesch\u00e4tzte Lesezeit":"2\u00a0Minuten"},"schema":{"@context":"https:\/\/schema.org","@graph":[{"@type":"WebPage","@id":"https:\/\/blog.zeit.de\/nsu-prozess-blog\/2017\/12\/07\/medienlog-eltern-yozgat-plaedoyer-nsu\/","url":"https:\/\/blog.zeit.de\/nsu-prozess-blog\/2017\/12\/07\/medienlog-eltern-yozgat-plaedoyer-nsu\/","name":"Wie Hinterbliebene die Hoffnung verlieren \u2013 Das Medienlog vom Donnerstag, 7. Dezember 2017 - Das NSU-Prozess-Blog","isPartOf":{"@id":"https:\/\/blog.zeit.de\/nsu-prozess-blog\/#website"},"datePublished":"2017-12-07T07:23:35+00:00","dateModified":"2017-12-07T07:23:35+00:00","author":{"@id":"https:\/\/blog.zeit.de\/nsu-prozess-blog\/#\/schema\/person\/553ea9bb5d1fc2ae054c589bd59380a5"},"breadcrumb":{"@id":"https:\/\/blog.zeit.de\/nsu-prozess-blog\/2017\/12\/07\/medienlog-eltern-yozgat-plaedoyer-nsu\/#breadcrumb"},"inLanguage":"de","potentialAction":[{"@type":"ReadAction","target":["https:\/\/blog.zeit.de\/nsu-prozess-blog\/2017\/12\/07\/medienlog-eltern-yozgat-plaedoyer-nsu\/"]}]},{"@type":"BreadcrumbList","@id":"https:\/\/blog.zeit.de\/nsu-prozess-blog\/2017\/12\/07\/medienlog-eltern-yozgat-plaedoyer-nsu\/#breadcrumb","itemListElement":[{"@type":"ListItem","position":1,"name":"Startseite","item":"https:\/\/blog.zeit.de\/nsu-prozess-blog\/"},{"@type":"ListItem","position":2,"name":"Wie Hinterbliebene die Hoffnung verlieren \u2013 Das Medienlog vom Donnerstag, 7. Dezember 2017"}]},{"@type":"WebSite","@id":"https:\/\/blog.zeit.de\/nsu-prozess-blog\/#website","url":"https:\/\/blog.zeit.de\/nsu-prozess-blog\/","name":"Das NSU-Prozess-Blog","description":"Alle Berichte zum Terrorverfahren in M\u00fcnchen","potentialAction":[{"@type":"SearchAction","target":{"@type":"EntryPoint","urlTemplate":"https:\/\/blog.zeit.de\/nsu-prozess-blog\/?s={search_term_string}"},"query-input":"required name=search_term_string"}],"inLanguage":"de"},{"@type":"Person","@id":"https:\/\/blog.zeit.de\/nsu-prozess-blog\/#\/schema\/person\/553ea9bb5d1fc2ae054c589bd59380a5","name":"Tom Sundermann","image":{"@type":"ImageObject","inLanguage":"de","@id":"https:\/\/blog.zeit.de\/nsu-prozess-blog\/#\/schema\/person\/image\/","url":"https:\/\/secure.gravatar.com\/avatar\/e108a3dc18766f719b2f797dc5d19093f06a1870c55b553ab6b7563f1f9a5e68?s=96&d=mm&r=g","contentUrl":"https:\/\/secure.gravatar.com\/avatar\/e108a3dc18766f719b2f797dc5d19093f06a1870c55b553ab6b7563f1f9a5e68?s=96&d=mm&r=g","caption":"Tom Sundermann"},"sameAs":["https:\/\/twitter.com\/messeticker"],"url":"https:\/\/blog.zeit.de\/nsu-prozess-blog\/author\/tsundermann\/"}]}},"jetpack_featured_media_url":"","jetpack_sharing_enabled":true,"_links":{"self":[{"href":"https:\/\/blog.zeit.de\/nsu-prozess-blog\/wp-json\/wp\/v2\/posts\/14149","targetHints":{"allow":["GET"]}}],"collection":[{"href":"https:\/\/blog.zeit.de\/nsu-prozess-blog\/wp-json\/wp\/v2\/posts"}],"about":[{"href":"https:\/\/blog.zeit.de\/nsu-prozess-blog\/wp-json\/wp\/v2\/types\/post"}],"author":[{"embeddable":true,"href":"https:\/\/blog.zeit.de\/nsu-prozess-blog\/wp-json\/wp\/v2\/users\/435"}],"replies":[{"embeddable":true,"href":"https:\/\/blog.zeit.de\/nsu-prozess-blog\/wp-json\/wp\/v2\/comments?post=14149"}],"version-history":[{"count":3,"href":"https:\/\/blog.zeit.de\/nsu-prozess-blog\/wp-json\/wp\/v2\/posts\/14149\/revisions"}],"predecessor-version":[{"id":14154,"href":"https:\/\/blog.zeit.de\/nsu-prozess-blog\/wp-json\/wp\/v2\/posts\/14149\/revisions\/14154"}],"wp:attachment":[{"href":"https:\/\/blog.zeit.de\/nsu-prozess-blog\/wp-json\/wp\/v2\/media?parent=14149"}],"wp:term":[{"taxonomy":"category","embeddable":true,"href":"https:\/\/blog.zeit.de\/nsu-prozess-blog\/wp-json\/wp\/v2\/categories?post=14149"},{"taxonomy":"post_tag","embeddable":true,"href":"https:\/\/blog.zeit.de\/nsu-prozess-blog\/wp-json\/wp\/v2\/tags?post=14149"}],"curies":[{"name":"wp","href":"https:\/\/api.w.org\/{rel}","templated":true}]}}