{"id":14533,"date":"2018-07-11T07:00:10","date_gmt":"2018-07-11T05:00:10","guid":{"rendered":"https:\/\/blog.zeit.de\/nsu-prozess-blog\/?p=14533"},"modified":"2018-07-11T07:06:41","modified_gmt":"2018-07-11T05:06:41","slug":"438-prozesstag-das-urteil-im-nsu-prozess-faellt-die-wichtigsten-fakten","status":"publish","type":"post","link":"https:\/\/blog.zeit.de\/nsu-prozess-blog\/2018\/07\/11\/438-prozesstag-das-urteil-im-nsu-prozess-faellt-die-wichtigsten-fakten\/","title":{"rendered":"438. Prozesstag \u2013 Das Urteil im NSU-Prozess f\u00e4llt: die wichtigsten Fakten"},"content":{"rendered":"<p>F\u00fcnf Jahre und zwei Monate hat der NSU-Prozess von <a href=\"http:\/\/www.zeit.de\/gesellschaft\/zeitgeschehen\/2013-05\/beate-zschaepe-prozess\">der Er\u00f6ffnung<\/a> bis zu den <a href=\"https:\/\/www.zeit.de\/gesellschaft\/zeitgeschehen\/2018-07\/nsu-letzte-worte\">letzten Worten<\/a> der f\u00fcnf Angeklagten gedauert. Heute endet das Mammutverfahren unter Leitung von Richter Manfred G\u00f6tzl, das als gr\u00f6\u00dfter Prozess gegen rechten Terrorismus in die deutsche Geschichte eingeht. Um die 800 Zeugen und Sachverst\u00e4ndige hat das M\u00fcnchner Oberlandesgericht geh\u00f6rt, immer neue Wendungen zogen die Verhandlung in die L\u00e4nge. Nun, an Prozesstag Nummer 438, sollen f\u00fcnf Richter des Staatsschutzsenats ihr Urteil \u00fcber die f\u00fcnf Angeklagten f\u00e4llen.<\/p>\n<p><!--more--><\/p>\n<p><strong>Beate Zsch\u00e4pe<\/strong><br \/>\nDie 43-J\u00e4hrige ist angeklagt als Mitt\u00e4terin bei allen Morden, versuchten Morden, <a href=\"https:\/\/blog.zeit.de\/nsu-prozess-blog\/2015\/01\/20\/jahrelang-im-verdacht\/\">Bombenanschl\u00e4gen<\/a> und <a href=\"https:\/\/blog.zeit.de\/nsu-prozess-blog\/2015\/04\/17\/maskenmaenner-mit-masterplan\/\">Raub\u00fcberf\u00e4llen<\/a>. Sie soll au\u00dferdem das Zwickauer Haus, in dem sie gemeinsam mit ihren Komplizen Uwe Mundlos und Uwe B\u00f6hnhardt gelebt hatte, <a href=\"http:\/\/www.zeit.de\/gesellschaft\/zeitgeschehen\/2013-07\/nsu-prozess-brand-zwickau-zschaepe-mord-rentnerin\">angez\u00fcndet haben<\/a>. In ihrer <a href=\"http:\/\/www.zeit.de\/politik\/ausland\/2015-12\/beate-schaepe-aussage-bewertung\">Aussage von 2015<\/a> stritt sie ab, in die Morde eingeweiht gewesen zu sein und r\u00e4umte lediglich die Brandstiftung ein.<\/p>\n<p>Die Bundesanwaltschaft hatte in <a href=\"https:\/\/blog.zeit.de\/nsu-prozess-blog\/2017\/09\/12\/unverhofft-in-haft\/\">ihrem Pl\u00e4doyer<\/a> eine lebenslange Freiheitsstrafe f\u00fcr Zsch\u00e4pe gefordert, zudem die besondere Schwere der Schuld bejaht und die Verh\u00e4ngung der Sicherungsverwahrung beantragt. Ihre Neuverteidiger forderten eine Strafe <a href=\"https:\/\/www.zeit.de\/gesellschaft\/zeitgeschehen\/2018-04\/plaedoyer-zschaepe\">von maximal zehn Jahren<\/a>. Ihre drei Altanw\u00e4lte hingegen beantragten, <a href=\"https:\/\/www.zeit.de\/gesellschaft\/zeitgeschehen\/2018-06\/nsu-prozess-beate-zschaepe-plaedoyer-verteidigung-heer-sturm-stahl\">Zsch\u00e4pe sofort freizulassen<\/a>, weil sie sich einzig der einfachen Brandstiftung schuldig gemacht und die Zeit daf\u00fcr bereits verb\u00fc\u00dft habe.<\/p>\n<p><strong>Andr\u00e9 E.<\/strong><br \/>\nDer 38-J\u00e4hrige ist wegen mehrerer Unterst\u00fctzungshandlungen f\u00fcr den NSU angeklagt. So soll er eine Wohnung und dreimal ein Wohnmobil f\u00fcr die Terroristen gemietet haben \u2013 einmal, als Uwe Mundlos und Uwe B\u00f6hnhardt nach K\u00f6ln fuhren, um dort 2001 den <a href=\"https:\/\/blog.zeit.de\/nsu-prozess-blog\/2014\/06\/03\/hass-aus-der-stollendose\/\">ersten Bombenanschlag<\/a> zu begehen. Bis zum Schluss <a href=\"https:\/\/blog.zeit.de\/nsu-prozess-blog\/2014\/01\/21\/der-schatten-des-nsu\/\">hielt er Kontakt zum NSU-Trio<\/a>.<\/p>\n<p>Aufgrund der Beteiligung forderte die Bundesanwaltschaft in ihrem Pl\u00e4doyer \u00fcberraschend eine Haftstrafe von zw\u00f6lf Jahren wegen Beihilfe zum versuchten Mord. <a href=\"https:\/\/blog.zeit.de\/nsu-prozess-blog\/2018\/05\/08\/andre-e-der-unschuldige-nationalsozialist\/\">Seine Verteidiger beantragten Freispruch<\/a>, weil es f\u00fcr die Version der Anklage keine Beweise gebe.<\/p>\n<p><strong>Holger G.<\/strong><br \/>\nDer 44-J\u00e4hrige ist wegen <a href=\"http:\/\/www.zeit.de\/gesellschaft\/zeitgeschehen\/2013-06\/nsu-prozess-aussage-holger-g\">Unterst\u00fctzung einer terroristischen Vereinigung<\/a> angeklagt. Er soll dem NSU mehrmals Personaldokumente \u00fcberlassen haben \u2013 unter anderem seinen F\u00fchrerschein und noch 2011 einen Reisepass.<\/p>\n<p>Die Bundesanwaltschaft forderte f\u00fcnf Jahre Haft wegen Unterst\u00fctzung einer terroristischen Vereinigung. Seine Anw\u00e4lte <a href=\"https:\/\/blog.zeit.de\/nsu-prozess-blog\/2018\/05\/09\/die-buessertaktik-des-nsu-helfers\/\">sprachen sich im Pl\u00e4doyer<\/a> f\u00fcr eine Strafe von weniger als zwei Jahren aus \u2013 und teilten zugleich mit, ihr Mandant sei bereit, ins Gef\u00e4ngnis zu gehen.<\/p>\n<p><strong>Ralf Wohlleben<\/strong><br \/>\nDer 43-J\u00e4hrige steht wegen Beihilfe zum Mord vor Gericht, weil er dem NSU die Pistole <a href=\"http:\/\/www.zeit.de\/gesellschaft\/zeitgeschehen\/2013-10\/nsu-prozess-tag47\">Ceska 83<\/a> beschafft haben soll, mit der die Terroristen neun Menschen erschossen. Die Waffe soll in seinem Auftrag der ebenfalls angeklagte <a href=\"http:\/\/www.zeit.de\/gesellschaft\/zeitgeschehen\/2013-06\/nsu-prozess-tag-5\">Carsten S.<\/a> transportiert haben. Bei ihm sieht Wohlleben <a href=\"http:\/\/blog.zeit.de\/nsu-prozess-blog\/2015\/12\/16\/aussage-nach-zschapes-vorbild\/\">seiner Aussage vor Gericht<\/a> zufolge auch die Hauptschuld.<\/p>\n<p>Die Bundesanwaltschaft forderte eine Gef\u00e4ngnisstrafe <a href=\"https:\/\/blog.zeit.de\/nsu-prozess-blog\/2017\/09\/12\/unverhofft-in-haft\/\">von zw\u00f6lf Jahren<\/a>. Wesentlich milder fiel die Forderung seiner Verteidiger aus: Beruhend auf der <a href=\"https:\/\/blog.zeit.de\/nsu-prozess-blog\/2015\/12\/16\/aussage-nach-zschapes-vorbild\/\">Aussage Wohllebens<\/a> beantragten sie <a href=\"https:\/\/blog.zeit.de\/nsu-prozess-blog\/2018\/05\/15\/nazi-botschaft-aus-dem-nsu-prozess\/\">Freispruch f\u00fcr ihren Mandanten<\/a>.<\/p>\n<p><strong>Carsten S.<\/strong><br \/>\nDer 38-J\u00e4hrige ist im NSU-Prozess angeklagt, weil er dem NSU die Pistole <a href=\"http:\/\/www.zeit.de\/gesellschaft\/zeitgeschehen\/2013-10\/nsu-prozess-tag47\">Ceska 83<\/a> \u00fcberbracht haben soll, mit der die Terroristen neun Menschen erschossen. Angestiftet hatte ihn laut eigener Aussage Ralf Wohlleben. Ein psychiatrischer Gutachter legte dem Gericht nahe, den im Jahr 2000 bei der Waffen\u00fcbergabe 20 Jahre alten Angeklagten <a href=\"https:\/\/blog.zeit.de\/nsu-prozess-blog\/2015\/03\/18\/gute-chancen-fuer-carsten-s\/\">nach dem Jugendstrafrecht zu verurteilen<\/a>. S. hatte zu Prozessbeginn <a href=\"http:\/\/www.zeit.de\/gesellschaft\/zeitgeschehen\/2013-06\/nsu-prozess-tag-5\">tagelang ausgesagt<\/a>.<\/p>\n<p>Die Bundesanwaltschaft forderte eine Strafe von drei Jahren Gef\u00e4ngnis wegen Beihilfe zum Mord. Das <a href=\"https:\/\/blog.zeit.de\/nsu-prozess-blog\/2018\/05\/02\/carsten-s-aus-versehen-terrorhelfer\/\">Pl\u00e4doyer von S.&#8216; Anw\u00e4lten<\/a> endete mit einer Freispruchsforderung: Der Angeklagte habe nicht gewusst, was er tat, argumentierten die Verteidiger.<\/p>\n<p><em>ZEIT ONLINE berichtet aus M\u00fcnchen und fasst den Prozesstag am Abend auf diesem Blog zusammen. Informationen aus der Verhandlung gibt es <a href=\"https:\/\/twitter.com\/zeitonline\/lists\/nsu-prozess1\">via Twitter hier<\/a>.<\/em><\/p>\n","protected":false},"excerpt":{"rendered":"<p>F\u00fcnf Jahre und zwei Monate hat der NSU-Prozess von der Er\u00f6ffnung bis zu den letzten Worten der f\u00fcnf Angeklagten gedauert. Heute endet das Mammutverfahren unter Leitung von Richter Manfred G\u00f6tzl, das als gr\u00f6\u00dfter Prozess gegen rechten Terrorismus in die deutsche Geschichte eingeht. Um die 800 Zeugen und Sachverst\u00e4ndige hat das M\u00fcnchner Oberlandesgericht geh\u00f6rt, immer neue [&hellip;]<\/p>\n","protected":false},"author":435,"featured_media":0,"comment_status":"open","ping_status":"open","sticky":false,"template":"","format":"standard","meta":{"_jetpack_memberships_contains_paid_content":false,"footnotes":""},"categories":[27532],"tags":[27561,17793,27541,27548,27559,17772,6388],"class_list":["post-14533","post","type-post","status-publish","format-standard","hentry","category-prozesstage","tag-andre-e","tag-beate-zschape","tag-carsten-s","tag-holger-g","tag-manfred-gotzl","tag-ralf-wohlleben","tag-urteil"],"yoast_head":"<!-- This site is optimized with the Yoast SEO plugin v21.0 - https:\/\/yoast.com\/wordpress\/plugins\/seo\/ -->\n<title>438. Prozesstag \u2013 Das Urteil im NSU-Prozess f\u00e4llt: die wichtigsten Fakten - Das NSU-Prozess-Blog<\/title>\n<meta name=\"robots\" content=\"index, follow, max-snippet:-1, max-image-preview:large, max-video-preview:-1\" \/>\n<link rel=\"canonical\" href=\"https:\/\/blog.zeit.de\/nsu-prozess-blog\/2018\/07\/11\/438-prozesstag-das-urteil-im-nsu-prozess-faellt-die-wichtigsten-fakten\/\" \/>\n<meta property=\"og:locale\" content=\"de_DE\" \/>\n<meta property=\"og:type\" content=\"article\" \/>\n<meta property=\"og:title\" content=\"438. Prozesstag \u2013 Das Urteil im NSU-Prozess f\u00e4llt: die wichtigsten Fakten - Das NSU-Prozess-Blog\" \/>\n<meta property=\"og:description\" content=\"F\u00fcnf Jahre und zwei Monate hat der NSU-Prozess von der Er\u00f6ffnung bis zu den letzten Worten der f\u00fcnf Angeklagten gedauert. Heute endet das Mammutverfahren unter Leitung von Richter Manfred G\u00f6tzl, das als gr\u00f6\u00dfter Prozess gegen rechten Terrorismus in die deutsche Geschichte eingeht. Um die 800 Zeugen und Sachverst\u00e4ndige hat das M\u00fcnchner Oberlandesgericht geh\u00f6rt, immer neue [&hellip;]\" \/>\n<meta property=\"og:url\" content=\"https:\/\/blog.zeit.de\/nsu-prozess-blog\/2018\/07\/11\/438-prozesstag-das-urteil-im-nsu-prozess-faellt-die-wichtigsten-fakten\/\" \/>\n<meta property=\"og:site_name\" content=\"Das NSU-Prozess-Blog\" \/>\n<meta property=\"article:published_time\" content=\"2018-07-11T05:00:10+00:00\" \/>\n<meta property=\"article:modified_time\" content=\"2018-07-11T05:06:41+00:00\" \/>\n<meta name=\"author\" content=\"Tom Sundermann\" \/>\n<meta name=\"twitter:label1\" content=\"Geschrieben von\" \/>\n\t<meta name=\"twitter:data1\" content=\"Tom Sundermann\" \/>\n\t<meta name=\"twitter:label2\" content=\"Gesch\u00e4tzte Lesezeit\" \/>\n\t<meta name=\"twitter:data2\" content=\"3\u00a0Minuten\" \/>\n<script type=\"application\/ld+json\" class=\"yoast-schema-graph\">{\"@context\":\"https:\/\/schema.org\",\"@graph\":[{\"@type\":\"WebPage\",\"@id\":\"https:\/\/blog.zeit.de\/nsu-prozess-blog\/2018\/07\/11\/438-prozesstag-das-urteil-im-nsu-prozess-faellt-die-wichtigsten-fakten\/\",\"url\":\"https:\/\/blog.zeit.de\/nsu-prozess-blog\/2018\/07\/11\/438-prozesstag-das-urteil-im-nsu-prozess-faellt-die-wichtigsten-fakten\/\",\"name\":\"438. Prozesstag \u2013 Das Urteil im NSU-Prozess f\u00e4llt: die wichtigsten Fakten - Das NSU-Prozess-Blog\",\"isPartOf\":{\"@id\":\"https:\/\/blog.zeit.de\/nsu-prozess-blog\/#website\"},\"datePublished\":\"2018-07-11T05:00:10+00:00\",\"dateModified\":\"2018-07-11T05:06:41+00:00\",\"author\":{\"@id\":\"https:\/\/blog.zeit.de\/nsu-prozess-blog\/#\/schema\/person\/553ea9bb5d1fc2ae054c589bd59380a5\"},\"breadcrumb\":{\"@id\":\"https:\/\/blog.zeit.de\/nsu-prozess-blog\/2018\/07\/11\/438-prozesstag-das-urteil-im-nsu-prozess-faellt-die-wichtigsten-fakten\/#breadcrumb\"},\"inLanguage\":\"de\",\"potentialAction\":[{\"@type\":\"ReadAction\",\"target\":[\"https:\/\/blog.zeit.de\/nsu-prozess-blog\/2018\/07\/11\/438-prozesstag-das-urteil-im-nsu-prozess-faellt-die-wichtigsten-fakten\/\"]}]},{\"@type\":\"BreadcrumbList\",\"@id\":\"https:\/\/blog.zeit.de\/nsu-prozess-blog\/2018\/07\/11\/438-prozesstag-das-urteil-im-nsu-prozess-faellt-die-wichtigsten-fakten\/#breadcrumb\",\"itemListElement\":[{\"@type\":\"ListItem\",\"position\":1,\"name\":\"Startseite\",\"item\":\"https:\/\/blog.zeit.de\/nsu-prozess-blog\/\"},{\"@type\":\"ListItem\",\"position\":2,\"name\":\"438. Prozesstag \u2013 Das Urteil im NSU-Prozess f\u00e4llt: die wichtigsten Fakten\"}]},{\"@type\":\"WebSite\",\"@id\":\"https:\/\/blog.zeit.de\/nsu-prozess-blog\/#website\",\"url\":\"https:\/\/blog.zeit.de\/nsu-prozess-blog\/\",\"name\":\"Das NSU-Prozess-Blog\",\"description\":\"Alle Berichte zum Terrorverfahren in M\u00fcnchen\",\"potentialAction\":[{\"@type\":\"SearchAction\",\"target\":{\"@type\":\"EntryPoint\",\"urlTemplate\":\"https:\/\/blog.zeit.de\/nsu-prozess-blog\/?s={search_term_string}\"},\"query-input\":\"required name=search_term_string\"}],\"inLanguage\":\"de\"},{\"@type\":\"Person\",\"@id\":\"https:\/\/blog.zeit.de\/nsu-prozess-blog\/#\/schema\/person\/553ea9bb5d1fc2ae054c589bd59380a5\",\"name\":\"Tom Sundermann\",\"image\":{\"@type\":\"ImageObject\",\"inLanguage\":\"de\",\"@id\":\"https:\/\/blog.zeit.de\/nsu-prozess-blog\/#\/schema\/person\/image\/\",\"url\":\"https:\/\/secure.gravatar.com\/avatar\/e108a3dc18766f719b2f797dc5d19093f06a1870c55b553ab6b7563f1f9a5e68?s=96&d=mm&r=g\",\"contentUrl\":\"https:\/\/secure.gravatar.com\/avatar\/e108a3dc18766f719b2f797dc5d19093f06a1870c55b553ab6b7563f1f9a5e68?s=96&d=mm&r=g\",\"caption\":\"Tom Sundermann\"},\"sameAs\":[\"https:\/\/twitter.com\/messeticker\"],\"url\":\"https:\/\/blog.zeit.de\/nsu-prozess-blog\/author\/tsundermann\/\"}]}<\/script>\n<!-- \/ Yoast SEO plugin. -->","yoast_head_json":{"title":"438. Prozesstag \u2013 Das Urteil im NSU-Prozess f\u00e4llt: die wichtigsten Fakten - Das NSU-Prozess-Blog","robots":{"index":"index","follow":"follow","max-snippet":"max-snippet:-1","max-image-preview":"max-image-preview:large","max-video-preview":"max-video-preview:-1"},"canonical":"https:\/\/blog.zeit.de\/nsu-prozess-blog\/2018\/07\/11\/438-prozesstag-das-urteil-im-nsu-prozess-faellt-die-wichtigsten-fakten\/","og_locale":"de_DE","og_type":"article","og_title":"438. Prozesstag \u2013 Das Urteil im NSU-Prozess f\u00e4llt: die wichtigsten Fakten - Das NSU-Prozess-Blog","og_description":"F\u00fcnf Jahre und zwei Monate hat der NSU-Prozess von der Er\u00f6ffnung bis zu den letzten Worten der f\u00fcnf Angeklagten gedauert. Heute endet das Mammutverfahren unter Leitung von Richter Manfred G\u00f6tzl, das als gr\u00f6\u00dfter Prozess gegen rechten Terrorismus in die deutsche Geschichte eingeht. Um die 800 Zeugen und Sachverst\u00e4ndige hat das M\u00fcnchner Oberlandesgericht geh\u00f6rt, immer neue [&hellip;]","og_url":"https:\/\/blog.zeit.de\/nsu-prozess-blog\/2018\/07\/11\/438-prozesstag-das-urteil-im-nsu-prozess-faellt-die-wichtigsten-fakten\/","og_site_name":"Das NSU-Prozess-Blog","article_published_time":"2018-07-11T05:00:10+00:00","article_modified_time":"2018-07-11T05:06:41+00:00","author":"Tom Sundermann","twitter_misc":{"Geschrieben von":"Tom Sundermann","Gesch\u00e4tzte Lesezeit":"3\u00a0Minuten"},"schema":{"@context":"https:\/\/schema.org","@graph":[{"@type":"WebPage","@id":"https:\/\/blog.zeit.de\/nsu-prozess-blog\/2018\/07\/11\/438-prozesstag-das-urteil-im-nsu-prozess-faellt-die-wichtigsten-fakten\/","url":"https:\/\/blog.zeit.de\/nsu-prozess-blog\/2018\/07\/11\/438-prozesstag-das-urteil-im-nsu-prozess-faellt-die-wichtigsten-fakten\/","name":"438. Prozesstag \u2013 Das Urteil im NSU-Prozess f\u00e4llt: die wichtigsten Fakten - Das NSU-Prozess-Blog","isPartOf":{"@id":"https:\/\/blog.zeit.de\/nsu-prozess-blog\/#website"},"datePublished":"2018-07-11T05:00:10+00:00","dateModified":"2018-07-11T05:06:41+00:00","author":{"@id":"https:\/\/blog.zeit.de\/nsu-prozess-blog\/#\/schema\/person\/553ea9bb5d1fc2ae054c589bd59380a5"},"breadcrumb":{"@id":"https:\/\/blog.zeit.de\/nsu-prozess-blog\/2018\/07\/11\/438-prozesstag-das-urteil-im-nsu-prozess-faellt-die-wichtigsten-fakten\/#breadcrumb"},"inLanguage":"de","potentialAction":[{"@type":"ReadAction","target":["https:\/\/blog.zeit.de\/nsu-prozess-blog\/2018\/07\/11\/438-prozesstag-das-urteil-im-nsu-prozess-faellt-die-wichtigsten-fakten\/"]}]},{"@type":"BreadcrumbList","@id":"https:\/\/blog.zeit.de\/nsu-prozess-blog\/2018\/07\/11\/438-prozesstag-das-urteil-im-nsu-prozess-faellt-die-wichtigsten-fakten\/#breadcrumb","itemListElement":[{"@type":"ListItem","position":1,"name":"Startseite","item":"https:\/\/blog.zeit.de\/nsu-prozess-blog\/"},{"@type":"ListItem","position":2,"name":"438. Prozesstag \u2013 Das Urteil im NSU-Prozess f\u00e4llt: die wichtigsten Fakten"}]},{"@type":"WebSite","@id":"https:\/\/blog.zeit.de\/nsu-prozess-blog\/#website","url":"https:\/\/blog.zeit.de\/nsu-prozess-blog\/","name":"Das NSU-Prozess-Blog","description":"Alle Berichte zum Terrorverfahren in M\u00fcnchen","potentialAction":[{"@type":"SearchAction","target":{"@type":"EntryPoint","urlTemplate":"https:\/\/blog.zeit.de\/nsu-prozess-blog\/?s={search_term_string}"},"query-input":"required name=search_term_string"}],"inLanguage":"de"},{"@type":"Person","@id":"https:\/\/blog.zeit.de\/nsu-prozess-blog\/#\/schema\/person\/553ea9bb5d1fc2ae054c589bd59380a5","name":"Tom Sundermann","image":{"@type":"ImageObject","inLanguage":"de","@id":"https:\/\/blog.zeit.de\/nsu-prozess-blog\/#\/schema\/person\/image\/","url":"https:\/\/secure.gravatar.com\/avatar\/e108a3dc18766f719b2f797dc5d19093f06a1870c55b553ab6b7563f1f9a5e68?s=96&d=mm&r=g","contentUrl":"https:\/\/secure.gravatar.com\/avatar\/e108a3dc18766f719b2f797dc5d19093f06a1870c55b553ab6b7563f1f9a5e68?s=96&d=mm&r=g","caption":"Tom Sundermann"},"sameAs":["https:\/\/twitter.com\/messeticker"],"url":"https:\/\/blog.zeit.de\/nsu-prozess-blog\/author\/tsundermann\/"}]}},"jetpack_featured_media_url":"","jetpack_sharing_enabled":true,"_links":{"self":[{"href":"https:\/\/blog.zeit.de\/nsu-prozess-blog\/wp-json\/wp\/v2\/posts\/14533","targetHints":{"allow":["GET"]}}],"collection":[{"href":"https:\/\/blog.zeit.de\/nsu-prozess-blog\/wp-json\/wp\/v2\/posts"}],"about":[{"href":"https:\/\/blog.zeit.de\/nsu-prozess-blog\/wp-json\/wp\/v2\/types\/post"}],"author":[{"embeddable":true,"href":"https:\/\/blog.zeit.de\/nsu-prozess-blog\/wp-json\/wp\/v2\/users\/435"}],"replies":[{"embeddable":true,"href":"https:\/\/blog.zeit.de\/nsu-prozess-blog\/wp-json\/wp\/v2\/comments?post=14533"}],"version-history":[{"count":5,"href":"https:\/\/blog.zeit.de\/nsu-prozess-blog\/wp-json\/wp\/v2\/posts\/14533\/revisions"}],"predecessor-version":[{"id":15142,"href":"https:\/\/blog.zeit.de\/nsu-prozess-blog\/wp-json\/wp\/v2\/posts\/14533\/revisions\/15142"}],"wp:attachment":[{"href":"https:\/\/blog.zeit.de\/nsu-prozess-blog\/wp-json\/wp\/v2\/media?parent=14533"}],"wp:term":[{"taxonomy":"category","embeddable":true,"href":"https:\/\/blog.zeit.de\/nsu-prozess-blog\/wp-json\/wp\/v2\/categories?post=14533"},{"taxonomy":"post_tag","embeddable":true,"href":"https:\/\/blog.zeit.de\/nsu-prozess-blog\/wp-json\/wp\/v2\/tags?post=14533"}],"curies":[{"name":"wp","href":"https:\/\/api.w.org\/{rel}","templated":true}]}}