{"id":14600,"date":"2018-04-11T09:31:08","date_gmt":"2018-04-11T07:31:08","guid":{"rendered":"https:\/\/blog.zeit.de\/nsu-prozess-blog\/?p=14600"},"modified":"2018-04-11T09:31:08","modified_gmt":"2018-04-11T07:31:08","slug":"medienlog-andre-e-anwalt-daniel-sprafke-nsu","status":"publish","type":"post","link":"https:\/\/blog.zeit.de\/nsu-prozess-blog\/2018\/04\/11\/medienlog-andre-e-anwalt-daniel-sprafke-nsu\/","title":{"rendered":"Neuer Anwalt verz\u00f6gert Zsch\u00e4pe-Pl\u00e4doyer \u2013 Das Medienlog vom Mittwoch, 11. April 2018"},"content":{"rendered":"<p>Eigentlich h\u00e4tte am gestrigen Dienstag das Pl\u00e4doyer der Hauptangeklagten Beate Zsch\u00e4pe beginnen sollen, das mittlerweile seit zwei Monaten aussteht. Doch stattdessen entsponn sich ein juristisches Hickhack zwischen dem Gericht und dem neuen Wahlverteidiger des <a href=\"https:\/\/blog.zeit.de\/nsu-prozess-blog\/2017\/09\/12\/unverhofft-in-haft\/\">Mitangeklagten Andr\u00e9 E.<\/a>, Daniel Sprafke. Dieser, offenbar nach Konflikten zwischen E. und seinen Stammanw\u00e4lten hinzugekommen, hatte beantragt, als Pflichtverteidiger beigeordnet zu werden und zur Einarbeitung eine Prozesspause zu erhalten \u2013 was das Gericht ablehnte.<\/p>\n<p>Sprafke versuchte, den Fortgang der Verhandlung mit Befangenheitsantr\u00e4gen zu hindern. Mit der Verz\u00f6gerung war er letztlich erfolgreich, doch eine gute Figur machte er nicht. Der Anwalt &#8222;verheddert sich im eigenen Antragsdickicht&#8220;, kommentiert Wiebka Ramm in der <a href=\"http:\/\/www.sueddeutsche.de\/politik\/nsu-prozess-neuer-anwalt-von-andre-e-verheddert-sich-im-eigenen-antragsdickicht-1.3938774\" target=\"_blank\" rel=\"noopener\"><em>S\u00fcddeutschen Zeitung<\/em><\/a>. Der Anwalt habe &#8222;perplex&#8220; gewirkt, sich verhaspelt und auch inhaltlich verwirrt: So stellte er kurzerhand einen Befangenheitsantrag, den er gleich danach zur\u00fccknahm. Heute sollen zwei weitere Gesuche dieser Art folgen.<\/p>\n<p><!--more--><\/p>\n<p><em>An jedem Werktag sichten wir f\u00fcr das NSU-Prozess-Blog die Medien und stellen wichtige Berichte, Blogs, Videos und Tweets zusammen. Wir freuen uns \u00fcber Hinweise via Twitter mit dem Hashtag #nsublog \u2013 oder per E-Mail an <a href=\"mailto:nsublog@zeit.de\">nsublog@zeit.de<\/a>.<\/em><\/p>\n<p>Der Verteidiger &#8222;versuchte, sein Revier abzustecken. Mit hohem Unterhaltungswert&#8220;, meint Julia J\u00fcttner von <a href=\"http:\/\/www.spiegel.de\/panorama\/justiz\/nsu-prozess-plaedoyers-der-verteidigung-verzoegern-sich-weiter-a-1202157.html\" target=\"_blank\" rel=\"noopener\"><em>Spiegel Online<\/em><\/a>. &#8222;Nach diesem Sitzungstag steht endg\u00fcltig fest: Der NSU-Prozess hat sich in der Endphase verhakt.&#8220; <a href=\"https:\/\/blog.zeit.de\/nsu-prozess-blog\/2018\/03\/15\/medienlog-befangenheitsantrag-wohlleben-nsu\/\">\u00c4hnlich den Anw\u00e4lten des Mitangeklagten Ralf Wohlleben<\/a> probiere Sprafke offenbar, das Verfahren mit Befangenheitsantr\u00e4gen zu sabotieren \u2013 auch, &#8222;um Andr\u00e9 E. zu beeindrucken&#8220;.<\/p>\n<p>Sichtbar wurden w\u00e4hrend des juristischen Tauziehens Spannungen innerhalb der Verteidigung von Andr\u00e9 E.: Der Angeklagte beschwerte sich, dass seine bisherigen Verteidiger Michael Kaiser und Herbert Hedrich nicht gewillt seien, Beweisantr\u00e4ge zu stellen, und krank seien sie ebenfalls h\u00e4ufig.<\/p>\n<p>&#8222;Wieder zeigte sich, dass diese Verhandlung unvorhersehbar ist&#8220;, merkt Martin Debes von der <a href=\"http:\/\/www.thueringer-allgemeine.de\/startseite\/detail\/-\/specific\/Destruktive-Verwirrung-Im-NSU-Prozess-verschieben-sich-erneut-die-Plaedoyers-de-171340652\" target=\"_blank\" rel=\"noopener\"><em>Th\u00fcringer Allgemeinen<\/em><\/a> an. Denn mit zahlreichen Pausen f\u00fcr Antr\u00e4ge und Stellungnahmen zog sich der Tag, ohne Ergebnisse zu produzieren. Richter Manfred G\u00f6tzl habe schlie\u00dflich aufgegeben und die Sitzung vertagt. &#8222;Ob diese Woche die Pl\u00e4doyers beginnen k\u00f6nnen, ist ungewisser denn je&#8220;, hei\u00dft es.<\/p>\n<p>&#8222;Der Strafsenat gibt den Versuch nicht auf, das Tempo im gr\u00f6\u00dften Prozess zu rechtsextremem Terror seit der Wiedervereinigung doch zu erh\u00f6hen&#8220;, analysiert Frank Jansen vom <a href=\"https:\/\/www.tagesspiegel.de\/politik\/nsu-prozess-neuer-anwalt-blockiert-plaedoyers-der-verteidigung\/21160310.html\" target=\"_blank\" rel=\"noopener\"><em>Tagesspiegel<\/em><\/a>. Auch er hegt jedoch Zweifel, dass es nun einfach so mit den Pl\u00e4doyers weitergeht.<\/p>\n<p>In Protokollform wiedergegeben ist die schleppende Sitzung beim <a href=\"https:\/\/www.br.de\/nachrichten\/nsu-prozess\/180410-tagebuch-gerichtsreporter-100.html\" target=\"_blank\" rel=\"noopener\">Bayerischen Rundfunk<\/a>. Um den Hintergrund von Prozessverz\u00f6gerungen geht es in einem Artikel bei <a href=\"https:\/\/www.focus.de\/politik\/deutschland\/plaedoyers-erneut-verschoben-nsu-schleichprozess-welche-strategie-hinter-methoden-der-zschaepe-verteidiger-steckt_id_8741469.html\" target=\"_blank\" rel=\"noopener\"><em>Focus Online<\/em><\/a>.<\/p>\n<p><em>Das n\u00e4chste Medienlog erscheint am Donnerstag, 12. April 2018.<\/em><\/p>\n","protected":false},"excerpt":{"rendered":"<p>Eigentlich h\u00e4tte am gestrigen Dienstag das Pl\u00e4doyer der Hauptangeklagten Beate Zsch\u00e4pe beginnen sollen, das mittlerweile seit zwei Monaten aussteht. Doch stattdessen entsponn sich ein juristisches Hickhack zwischen dem Gericht und dem neuen Wahlverteidiger des Mitangeklagten Andr\u00e9 E., Daniel Sprafke. Dieser, offenbar nach Konflikten zwischen E. und seinen Stammanw\u00e4lten hinzugekommen, hatte beantragt, als Pflichtverteidiger beigeordnet zu [&hellip;]<\/p>\n","protected":false},"author":435,"featured_media":0,"comment_status":"open","ping_status":"open","sticky":false,"template":"","format":"standard","meta":{"_jetpack_memberships_contains_paid_content":false,"footnotes":""},"categories":[27531],"tags":[27561,29424,29430,35441,35435],"class_list":["post-14600","post","type-post","status-publish","format-standard","hentry","category-medienschau","tag-andre-e","tag-anwalte","tag-befangenheitsantrag","tag-daniel-sprafke","tag-plaedoyer"],"yoast_head":"<!-- This site is optimized with the Yoast SEO plugin v21.0 - https:\/\/yoast.com\/wordpress\/plugins\/seo\/ -->\n<title>Neuer Anwalt verz\u00f6gert Zsch\u00e4pe-Pl\u00e4doyer \u2013 Das Medienlog vom Mittwoch, 11. April 2018 - Das NSU-Prozess-Blog<\/title>\n<meta name=\"robots\" content=\"index, follow, max-snippet:-1, max-image-preview:large, max-video-preview:-1\" \/>\n<link rel=\"canonical\" href=\"https:\/\/blog.zeit.de\/nsu-prozess-blog\/2018\/04\/11\/medienlog-andre-e-anwalt-daniel-sprafke-nsu\/\" \/>\n<meta property=\"og:locale\" content=\"de_DE\" \/>\n<meta property=\"og:type\" content=\"article\" \/>\n<meta property=\"og:title\" content=\"Neuer Anwalt verz\u00f6gert Zsch\u00e4pe-Pl\u00e4doyer \u2013 Das Medienlog vom Mittwoch, 11. April 2018 - Das NSU-Prozess-Blog\" \/>\n<meta property=\"og:description\" content=\"Eigentlich h\u00e4tte am gestrigen Dienstag das Pl\u00e4doyer der Hauptangeklagten Beate Zsch\u00e4pe beginnen sollen, das mittlerweile seit zwei Monaten aussteht. Doch stattdessen entsponn sich ein juristisches Hickhack zwischen dem Gericht und dem neuen Wahlverteidiger des Mitangeklagten Andr\u00e9 E., Daniel Sprafke. Dieser, offenbar nach Konflikten zwischen E. und seinen Stammanw\u00e4lten hinzugekommen, hatte beantragt, als Pflichtverteidiger beigeordnet zu [&hellip;]\" \/>\n<meta property=\"og:url\" content=\"https:\/\/blog.zeit.de\/nsu-prozess-blog\/2018\/04\/11\/medienlog-andre-e-anwalt-daniel-sprafke-nsu\/\" \/>\n<meta property=\"og:site_name\" content=\"Das NSU-Prozess-Blog\" \/>\n<meta property=\"article:published_time\" content=\"2018-04-11T07:31:08+00:00\" \/>\n<meta name=\"author\" content=\"Tom Sundermann\" \/>\n<meta name=\"twitter:label1\" content=\"Geschrieben von\" \/>\n\t<meta name=\"twitter:data1\" content=\"Tom Sundermann\" \/>\n\t<meta name=\"twitter:label2\" content=\"Gesch\u00e4tzte Lesezeit\" \/>\n\t<meta name=\"twitter:data2\" content=\"2\u00a0Minuten\" \/>\n<script type=\"application\/ld+json\" class=\"yoast-schema-graph\">{\"@context\":\"https:\/\/schema.org\",\"@graph\":[{\"@type\":\"WebPage\",\"@id\":\"https:\/\/blog.zeit.de\/nsu-prozess-blog\/2018\/04\/11\/medienlog-andre-e-anwalt-daniel-sprafke-nsu\/\",\"url\":\"https:\/\/blog.zeit.de\/nsu-prozess-blog\/2018\/04\/11\/medienlog-andre-e-anwalt-daniel-sprafke-nsu\/\",\"name\":\"Neuer Anwalt verz\u00f6gert Zsch\u00e4pe-Pl\u00e4doyer \u2013 Das Medienlog vom Mittwoch, 11. April 2018 - Das NSU-Prozess-Blog\",\"isPartOf\":{\"@id\":\"https:\/\/blog.zeit.de\/nsu-prozess-blog\/#website\"},\"datePublished\":\"2018-04-11T07:31:08+00:00\",\"dateModified\":\"2018-04-11T07:31:08+00:00\",\"author\":{\"@id\":\"https:\/\/blog.zeit.de\/nsu-prozess-blog\/#\/schema\/person\/553ea9bb5d1fc2ae054c589bd59380a5\"},\"breadcrumb\":{\"@id\":\"https:\/\/blog.zeit.de\/nsu-prozess-blog\/2018\/04\/11\/medienlog-andre-e-anwalt-daniel-sprafke-nsu\/#breadcrumb\"},\"inLanguage\":\"de\",\"potentialAction\":[{\"@type\":\"ReadAction\",\"target\":[\"https:\/\/blog.zeit.de\/nsu-prozess-blog\/2018\/04\/11\/medienlog-andre-e-anwalt-daniel-sprafke-nsu\/\"]}]},{\"@type\":\"BreadcrumbList\",\"@id\":\"https:\/\/blog.zeit.de\/nsu-prozess-blog\/2018\/04\/11\/medienlog-andre-e-anwalt-daniel-sprafke-nsu\/#breadcrumb\",\"itemListElement\":[{\"@type\":\"ListItem\",\"position\":1,\"name\":\"Startseite\",\"item\":\"https:\/\/blog.zeit.de\/nsu-prozess-blog\/\"},{\"@type\":\"ListItem\",\"position\":2,\"name\":\"Neuer Anwalt verz\u00f6gert Zsch\u00e4pe-Pl\u00e4doyer \u2013 Das Medienlog vom Mittwoch, 11. April 2018\"}]},{\"@type\":\"WebSite\",\"@id\":\"https:\/\/blog.zeit.de\/nsu-prozess-blog\/#website\",\"url\":\"https:\/\/blog.zeit.de\/nsu-prozess-blog\/\",\"name\":\"Das NSU-Prozess-Blog\",\"description\":\"Alle Berichte zum Terrorverfahren in M\u00fcnchen\",\"potentialAction\":[{\"@type\":\"SearchAction\",\"target\":{\"@type\":\"EntryPoint\",\"urlTemplate\":\"https:\/\/blog.zeit.de\/nsu-prozess-blog\/?s={search_term_string}\"},\"query-input\":\"required name=search_term_string\"}],\"inLanguage\":\"de\"},{\"@type\":\"Person\",\"@id\":\"https:\/\/blog.zeit.de\/nsu-prozess-blog\/#\/schema\/person\/553ea9bb5d1fc2ae054c589bd59380a5\",\"name\":\"Tom Sundermann\",\"image\":{\"@type\":\"ImageObject\",\"inLanguage\":\"de\",\"@id\":\"https:\/\/blog.zeit.de\/nsu-prozess-blog\/#\/schema\/person\/image\/\",\"url\":\"https:\/\/secure.gravatar.com\/avatar\/e108a3dc18766f719b2f797dc5d19093f06a1870c55b553ab6b7563f1f9a5e68?s=96&d=mm&r=g\",\"contentUrl\":\"https:\/\/secure.gravatar.com\/avatar\/e108a3dc18766f719b2f797dc5d19093f06a1870c55b553ab6b7563f1f9a5e68?s=96&d=mm&r=g\",\"caption\":\"Tom Sundermann\"},\"sameAs\":[\"https:\/\/twitter.com\/messeticker\"],\"url\":\"https:\/\/blog.zeit.de\/nsu-prozess-blog\/author\/tsundermann\/\"}]}<\/script>\n<!-- \/ Yoast SEO plugin. -->","yoast_head_json":{"title":"Neuer Anwalt verz\u00f6gert Zsch\u00e4pe-Pl\u00e4doyer \u2013 Das Medienlog vom Mittwoch, 11. April 2018 - Das NSU-Prozess-Blog","robots":{"index":"index","follow":"follow","max-snippet":"max-snippet:-1","max-image-preview":"max-image-preview:large","max-video-preview":"max-video-preview:-1"},"canonical":"https:\/\/blog.zeit.de\/nsu-prozess-blog\/2018\/04\/11\/medienlog-andre-e-anwalt-daniel-sprafke-nsu\/","og_locale":"de_DE","og_type":"article","og_title":"Neuer Anwalt verz\u00f6gert Zsch\u00e4pe-Pl\u00e4doyer \u2013 Das Medienlog vom Mittwoch, 11. April 2018 - Das NSU-Prozess-Blog","og_description":"Eigentlich h\u00e4tte am gestrigen Dienstag das Pl\u00e4doyer der Hauptangeklagten Beate Zsch\u00e4pe beginnen sollen, das mittlerweile seit zwei Monaten aussteht. Doch stattdessen entsponn sich ein juristisches Hickhack zwischen dem Gericht und dem neuen Wahlverteidiger des Mitangeklagten Andr\u00e9 E., Daniel Sprafke. Dieser, offenbar nach Konflikten zwischen E. und seinen Stammanw\u00e4lten hinzugekommen, hatte beantragt, als Pflichtverteidiger beigeordnet zu [&hellip;]","og_url":"https:\/\/blog.zeit.de\/nsu-prozess-blog\/2018\/04\/11\/medienlog-andre-e-anwalt-daniel-sprafke-nsu\/","og_site_name":"Das NSU-Prozess-Blog","article_published_time":"2018-04-11T07:31:08+00:00","author":"Tom Sundermann","twitter_misc":{"Geschrieben von":"Tom Sundermann","Gesch\u00e4tzte Lesezeit":"2\u00a0Minuten"},"schema":{"@context":"https:\/\/schema.org","@graph":[{"@type":"WebPage","@id":"https:\/\/blog.zeit.de\/nsu-prozess-blog\/2018\/04\/11\/medienlog-andre-e-anwalt-daniel-sprafke-nsu\/","url":"https:\/\/blog.zeit.de\/nsu-prozess-blog\/2018\/04\/11\/medienlog-andre-e-anwalt-daniel-sprafke-nsu\/","name":"Neuer Anwalt verz\u00f6gert Zsch\u00e4pe-Pl\u00e4doyer \u2013 Das Medienlog vom Mittwoch, 11. April 2018 - Das NSU-Prozess-Blog","isPartOf":{"@id":"https:\/\/blog.zeit.de\/nsu-prozess-blog\/#website"},"datePublished":"2018-04-11T07:31:08+00:00","dateModified":"2018-04-11T07:31:08+00:00","author":{"@id":"https:\/\/blog.zeit.de\/nsu-prozess-blog\/#\/schema\/person\/553ea9bb5d1fc2ae054c589bd59380a5"},"breadcrumb":{"@id":"https:\/\/blog.zeit.de\/nsu-prozess-blog\/2018\/04\/11\/medienlog-andre-e-anwalt-daniel-sprafke-nsu\/#breadcrumb"},"inLanguage":"de","potentialAction":[{"@type":"ReadAction","target":["https:\/\/blog.zeit.de\/nsu-prozess-blog\/2018\/04\/11\/medienlog-andre-e-anwalt-daniel-sprafke-nsu\/"]}]},{"@type":"BreadcrumbList","@id":"https:\/\/blog.zeit.de\/nsu-prozess-blog\/2018\/04\/11\/medienlog-andre-e-anwalt-daniel-sprafke-nsu\/#breadcrumb","itemListElement":[{"@type":"ListItem","position":1,"name":"Startseite","item":"https:\/\/blog.zeit.de\/nsu-prozess-blog\/"},{"@type":"ListItem","position":2,"name":"Neuer Anwalt verz\u00f6gert Zsch\u00e4pe-Pl\u00e4doyer \u2013 Das Medienlog vom Mittwoch, 11. April 2018"}]},{"@type":"WebSite","@id":"https:\/\/blog.zeit.de\/nsu-prozess-blog\/#website","url":"https:\/\/blog.zeit.de\/nsu-prozess-blog\/","name":"Das NSU-Prozess-Blog","description":"Alle Berichte zum Terrorverfahren in M\u00fcnchen","potentialAction":[{"@type":"SearchAction","target":{"@type":"EntryPoint","urlTemplate":"https:\/\/blog.zeit.de\/nsu-prozess-blog\/?s={search_term_string}"},"query-input":"required name=search_term_string"}],"inLanguage":"de"},{"@type":"Person","@id":"https:\/\/blog.zeit.de\/nsu-prozess-blog\/#\/schema\/person\/553ea9bb5d1fc2ae054c589bd59380a5","name":"Tom Sundermann","image":{"@type":"ImageObject","inLanguage":"de","@id":"https:\/\/blog.zeit.de\/nsu-prozess-blog\/#\/schema\/person\/image\/","url":"https:\/\/secure.gravatar.com\/avatar\/e108a3dc18766f719b2f797dc5d19093f06a1870c55b553ab6b7563f1f9a5e68?s=96&d=mm&r=g","contentUrl":"https:\/\/secure.gravatar.com\/avatar\/e108a3dc18766f719b2f797dc5d19093f06a1870c55b553ab6b7563f1f9a5e68?s=96&d=mm&r=g","caption":"Tom Sundermann"},"sameAs":["https:\/\/twitter.com\/messeticker"],"url":"https:\/\/blog.zeit.de\/nsu-prozess-blog\/author\/tsundermann\/"}]}},"jetpack_featured_media_url":"","jetpack_sharing_enabled":true,"_links":{"self":[{"href":"https:\/\/blog.zeit.de\/nsu-prozess-blog\/wp-json\/wp\/v2\/posts\/14600","targetHints":{"allow":["GET"]}}],"collection":[{"href":"https:\/\/blog.zeit.de\/nsu-prozess-blog\/wp-json\/wp\/v2\/posts"}],"about":[{"href":"https:\/\/blog.zeit.de\/nsu-prozess-blog\/wp-json\/wp\/v2\/types\/post"}],"author":[{"embeddable":true,"href":"https:\/\/blog.zeit.de\/nsu-prozess-blog\/wp-json\/wp\/v2\/users\/435"}],"replies":[{"embeddable":true,"href":"https:\/\/blog.zeit.de\/nsu-prozess-blog\/wp-json\/wp\/v2\/comments?post=14600"}],"version-history":[{"count":5,"href":"https:\/\/blog.zeit.de\/nsu-prozess-blog\/wp-json\/wp\/v2\/posts\/14600\/revisions"}],"predecessor-version":[{"id":14609,"href":"https:\/\/blog.zeit.de\/nsu-prozess-blog\/wp-json\/wp\/v2\/posts\/14600\/revisions\/14609"}],"wp:attachment":[{"href":"https:\/\/blog.zeit.de\/nsu-prozess-blog\/wp-json\/wp\/v2\/media?parent=14600"}],"wp:term":[{"taxonomy":"category","embeddable":true,"href":"https:\/\/blog.zeit.de\/nsu-prozess-blog\/wp-json\/wp\/v2\/categories?post=14600"},{"taxonomy":"post_tag","embeddable":true,"href":"https:\/\/blog.zeit.de\/nsu-prozess-blog\/wp-json\/wp\/v2\/tags?post=14600"}],"curies":[{"name":"wp","href":"https:\/\/api.w.org\/{rel}","templated":true}]}}