{"id":14663,"date":"2018-04-26T11:02:24","date_gmt":"2018-04-26T09:02:24","guid":{"rendered":"https:\/\/blog.zeit.de\/nsu-prozess-blog\/?p=14663"},"modified":"2018-04-26T12:15:42","modified_gmt":"2018-04-26T10:15:42","slug":"medienlog-zschaepe-plaedoyer-bundesanwaltschaft-nsu","status":"publish","type":"post","link":"https:\/\/blog.zeit.de\/nsu-prozess-blog\/2018\/04\/26\/medienlog-zschaepe-plaedoyer-bundesanwaltschaft-nsu\/","title":{"rendered":"&#8222;Naives und dreistes Pl\u00e4doyer&#8220; \u2013 Das Medienlog vom Donnerstag, 26. April 2018"},"content":{"rendered":"<p>Im NSU-Prozess haben die Pl\u00e4doyers der Verteidigung begonnen. Am Mittwoch schloss Beate Zsch\u00e4pes Verteidiger Hermann Borchert seine Bewertung der Beweise ab. Dabei kritisierte er erneut heftig die Bundesanwaltschaft, die seiner Ansicht nach die Indizien gegen seine Mandantin einseitig ausgewertet habe.<\/p>\n<p>&#8222;Sein Frontalangriff auf die Bundesanwaltschaft d\u00fcrfte allerdings ins Leere zielen&#8220;, meint Marcel F\u00fcrstenau von der <a href=\"http:\/\/www.dw.com\/de\/kommentar-letzte-nebelkerzen-im-nsu-prozess\/a-43530649\" target=\"_blank\" rel=\"noopener\">Deutschen Welle<\/a>. Borchert versuchte, Zsch\u00e4pe als unbeteiligt an den Verbrechen des NSU darzustellen \u2013 dies sei &#8222;eine letzte Nebelkerze&#8220;, die &#8222;verpuffen&#8220; werde. Er habe ein &#8222;reichlich naives und zuweilen dreistes Pl\u00e4doyer&#8220; gehalten, in dem Zsch\u00e4pe aufgrund <a href=\"http:\/\/www.zeit.de\/politik\/ausland\/2015-12\/beate-schaepe-aussage-bewertung\">ihrer Aussage von 2015<\/a> als Opfer dargestellt wurde.<\/p>\n<p><!--more--><\/p>\n<p><em>An jedem Werktag sichten wir f\u00fcr das NSU-Prozess-Blog die Medien und stellen wichtige Berichte, Blogs, Videos und Tweets zusammen. Wir freuen uns \u00fcber Hinweise via Twitter mit dem Hashtag #nsublog \u2013 oder per E-Mail an <a href=\"mailto:nsublog@zeit.de\">nsublog@zeit.de<\/a>.<\/em><\/p>\n<p>Immer wieder wies Borchert darauf hin, dass Zsch\u00e4pe in ihrer Aussage bestritten hatte, in die Morde des NSU eingeweiht gewesen und somit mitschuldig zu sein. &#8222;Also m\u00fcssen die Staatsanw\u00e4lte manipulieren und alles zurechtbiegen&#8220;, fasst Annette Ramelsberger von der <a href=\"http:\/\/www.sueddeutsche.de\/politik\/nsu-prozess-der-schoenredner-1.3957275\" target=\"_blank\" rel=\"noopener\"><em>S\u00fcddeutschen Zeitung<\/em><\/a> seinen Standpunkt zusammen. &#8222;Immer wenn es schwierig wird, wischt Borchert das weg.&#8220;<\/p>\n<p>&#8222;Anwalt Borchert hat sich in Sachen Pl\u00e4doyer gr\u00fcndlich versch\u00e4tzt&#8220;, hei\u00dft es auch bei uns auf <a href=\"https:\/\/blog.zeit.de\/nsu-prozess-blog\/2018\/04\/25\/anwalt-im-angriffsmodus\/\" target=\"_blank\" rel=\"noopener\">ZEIT ONLINE<\/a>. Bei Beteiligten des Prozesses herrscht demnach nicht der &#8222;Eindruck, dass die Anklage gegen Zsch\u00e4pe ernsthaft ins Wackeln geraten ist, ja auch nur einen leichten Sto\u00df erhalten hat&#8220;. Der Anwalt genie\u00dfe seinen Auftritt und die deftigen Breitseiten, die er gegen die Bundesanwaltschaft austeilte \u2013 die davon alles andere als beeindruckt war.<\/p>\n<p>&#8222;Es f\u00e4llt schwer, seinen kleinteiligen, sich immer wiederholenden Ausf\u00fchrungen zu folgen&#8220;, res\u00fcmiert Julia J\u00fcttner von <a href=\"http:\/\/www.spiegel.de\/panorama\/justiz\/nsu-prozess-verteidiger-plaedoyer-scharfer-ton-wenig-substanz-a-1204751.html\" target=\"_blank\" rel=\"noopener\"><em>Spiegel Online<\/em><\/a>. Kompliziert werde auch die Aufgabe f\u00fcr Zsch\u00e4pes Altverteidiger Wolfgang Heer, Wolfgang Stahl und Anja Sturm, im Anschluss ein Pl\u00e4doyer zu halten.<\/p>\n<p>Der Vertrauensanwalt habe die Thesen der Anklage weggewischt, &#8222;ohne eine glaubhafte Alternative zu bieten&#8220;, analysiert Ina Krau\u00df vom <a href=\"https:\/\/www.br.de\/nachrichten\/nsu-prozess\/180425-tagebuch-gerichtsreporter-100.html\" target=\"_blank\" rel=\"noopener\">Bayerischen Rundfunk<\/a>. Die &#8222;markigen Worte&#8220; w\u00fcrden wohl nichts daran \u00e4ndern, dass Zsch\u00e4pe mit ihrer eigent\u00fcmlichen Version von dem, was in den 13 Jahren im Untergrund des NSU passierte, nicht durchkommen werde.<\/p>\n<p><em>Das n\u00e4chste Medienlog erscheint am Freitag, 27. April 2018.<\/em><\/p>\n","protected":false},"excerpt":{"rendered":"<p>Im NSU-Prozess haben die Pl\u00e4doyers der Verteidigung begonnen. Am Mittwoch schloss Beate Zsch\u00e4pes Verteidiger Hermann Borchert seine Bewertung der Beweise ab. Dabei kritisierte er erneut heftig die Bundesanwaltschaft, die seiner Ansicht nach die Indizien gegen seine Mandantin einseitig ausgewertet habe. &#8222;Sein Frontalangriff auf die Bundesanwaltschaft d\u00fcrfte allerdings ins Leere zielen&#8220;, meint Marcel F\u00fcrstenau von der [&hellip;]<\/p>\n","protected":false},"author":435,"featured_media":0,"comment_status":"open","ping_status":"open","sticky":false,"template":"","format":"standard","meta":{"_jetpack_memberships_contains_paid_content":false,"footnotes":""},"categories":[27531],"tags":[17793,29495,35392,35435],"class_list":["post-14663","post","type-post","status-publish","format-standard","hentry","category-medienschau","tag-beate-zschape","tag-bundesanwaltschaft","tag-hermann-borchert","tag-plaedoyer"],"yoast_head":"<!-- This site is optimized with the Yoast SEO plugin v21.0 - https:\/\/yoast.com\/wordpress\/plugins\/seo\/ -->\n<title>Das Verteidigerpl\u00e4doyer des NSU-Prozess - Medienlog<\/title>\n<meta name=\"description\" content=\"Im NSU-Prozess haben die Pl\u00e4doyers der Verteidigung begonnen. Am Mittwoch schloss Beate Zsch\u00e4pes Verteidiger Hermann Borchert seine Bewertung der Beweise ab. Eine \u00dcbersicht der Pressestimmen in unserem Medienlog.\" \/>\n<meta name=\"robots\" content=\"index, follow, max-snippet:-1, max-image-preview:large, max-video-preview:-1\" \/>\n<link rel=\"canonical\" href=\"https:\/\/blog.zeit.de\/nsu-prozess-blog\/2018\/04\/26\/medienlog-zschaepe-plaedoyer-bundesanwaltschaft-nsu\/\" \/>\n<meta property=\"og:locale\" content=\"de_DE\" \/>\n<meta property=\"og:type\" content=\"article\" \/>\n<meta property=\"og:title\" content=\"Das Verteidigerpl\u00e4doyer des NSU-Prozess - Medienlog\" \/>\n<meta property=\"og:description\" content=\"Im NSU-Prozess haben die Pl\u00e4doyers der Verteidigung begonnen. Am Mittwoch schloss Beate Zsch\u00e4pes Verteidiger Hermann Borchert seine Bewertung der Beweise ab. Eine \u00dcbersicht der Pressestimmen in unserem Medienlog.\" \/>\n<meta property=\"og:url\" content=\"https:\/\/blog.zeit.de\/nsu-prozess-blog\/2018\/04\/26\/medienlog-zschaepe-plaedoyer-bundesanwaltschaft-nsu\/\" \/>\n<meta property=\"og:site_name\" content=\"Das NSU-Prozess-Blog\" \/>\n<meta property=\"article:published_time\" content=\"2018-04-26T09:02:24+00:00\" \/>\n<meta property=\"article:modified_time\" content=\"2018-04-26T10:15:42+00:00\" \/>\n<meta name=\"author\" content=\"Tom Sundermann\" \/>\n<meta name=\"twitter:label1\" content=\"Geschrieben von\" \/>\n\t<meta name=\"twitter:data1\" content=\"Tom Sundermann\" \/>\n\t<meta name=\"twitter:label2\" content=\"Gesch\u00e4tzte Lesezeit\" \/>\n\t<meta name=\"twitter:data2\" content=\"2\u00a0Minuten\" \/>\n<script type=\"application\/ld+json\" class=\"yoast-schema-graph\">{\"@context\":\"https:\/\/schema.org\",\"@graph\":[{\"@type\":\"WebPage\",\"@id\":\"https:\/\/blog.zeit.de\/nsu-prozess-blog\/2018\/04\/26\/medienlog-zschaepe-plaedoyer-bundesanwaltschaft-nsu\/\",\"url\":\"https:\/\/blog.zeit.de\/nsu-prozess-blog\/2018\/04\/26\/medienlog-zschaepe-plaedoyer-bundesanwaltschaft-nsu\/\",\"name\":\"Das Verteidigerpl\u00e4doyer des NSU-Prozess - Medienlog\",\"isPartOf\":{\"@id\":\"https:\/\/blog.zeit.de\/nsu-prozess-blog\/#website\"},\"datePublished\":\"2018-04-26T09:02:24+00:00\",\"dateModified\":\"2018-04-26T10:15:42+00:00\",\"author\":{\"@id\":\"https:\/\/blog.zeit.de\/nsu-prozess-blog\/#\/schema\/person\/553ea9bb5d1fc2ae054c589bd59380a5\"},\"description\":\"Im NSU-Prozess haben die Pl\u00e4doyers der Verteidigung begonnen. Am Mittwoch schloss Beate Zsch\u00e4pes Verteidiger Hermann Borchert seine Bewertung der Beweise ab. Eine \u00dcbersicht der Pressestimmen in unserem Medienlog.\",\"breadcrumb\":{\"@id\":\"https:\/\/blog.zeit.de\/nsu-prozess-blog\/2018\/04\/26\/medienlog-zschaepe-plaedoyer-bundesanwaltschaft-nsu\/#breadcrumb\"},\"inLanguage\":\"de\",\"potentialAction\":[{\"@type\":\"ReadAction\",\"target\":[\"https:\/\/blog.zeit.de\/nsu-prozess-blog\/2018\/04\/26\/medienlog-zschaepe-plaedoyer-bundesanwaltschaft-nsu\/\"]}]},{\"@type\":\"BreadcrumbList\",\"@id\":\"https:\/\/blog.zeit.de\/nsu-prozess-blog\/2018\/04\/26\/medienlog-zschaepe-plaedoyer-bundesanwaltschaft-nsu\/#breadcrumb\",\"itemListElement\":[{\"@type\":\"ListItem\",\"position\":1,\"name\":\"Startseite\",\"item\":\"https:\/\/blog.zeit.de\/nsu-prozess-blog\/\"},{\"@type\":\"ListItem\",\"position\":2,\"name\":\"&#8222;Naives und dreistes Pl\u00e4doyer&#8220; \u2013 Das Medienlog vom Donnerstag, 26. April 2018\"}]},{\"@type\":\"WebSite\",\"@id\":\"https:\/\/blog.zeit.de\/nsu-prozess-blog\/#website\",\"url\":\"https:\/\/blog.zeit.de\/nsu-prozess-blog\/\",\"name\":\"Das NSU-Prozess-Blog\",\"description\":\"Alle Berichte zum Terrorverfahren in M\u00fcnchen\",\"potentialAction\":[{\"@type\":\"SearchAction\",\"target\":{\"@type\":\"EntryPoint\",\"urlTemplate\":\"https:\/\/blog.zeit.de\/nsu-prozess-blog\/?s={search_term_string}\"},\"query-input\":\"required name=search_term_string\"}],\"inLanguage\":\"de\"},{\"@type\":\"Person\",\"@id\":\"https:\/\/blog.zeit.de\/nsu-prozess-blog\/#\/schema\/person\/553ea9bb5d1fc2ae054c589bd59380a5\",\"name\":\"Tom Sundermann\",\"image\":{\"@type\":\"ImageObject\",\"inLanguage\":\"de\",\"@id\":\"https:\/\/blog.zeit.de\/nsu-prozess-blog\/#\/schema\/person\/image\/\",\"url\":\"https:\/\/secure.gravatar.com\/avatar\/e108a3dc18766f719b2f797dc5d19093f06a1870c55b553ab6b7563f1f9a5e68?s=96&d=mm&r=g\",\"contentUrl\":\"https:\/\/secure.gravatar.com\/avatar\/e108a3dc18766f719b2f797dc5d19093f06a1870c55b553ab6b7563f1f9a5e68?s=96&d=mm&r=g\",\"caption\":\"Tom Sundermann\"},\"sameAs\":[\"https:\/\/twitter.com\/messeticker\"],\"url\":\"https:\/\/blog.zeit.de\/nsu-prozess-blog\/author\/tsundermann\/\"}]}<\/script>\n<!-- \/ Yoast SEO plugin. -->","yoast_head_json":{"title":"Das Verteidigerpl\u00e4doyer des NSU-Prozess - Medienlog","description":"Im NSU-Prozess haben die Pl\u00e4doyers der Verteidigung begonnen. Am Mittwoch schloss Beate Zsch\u00e4pes Verteidiger Hermann Borchert seine Bewertung der Beweise ab. Eine \u00dcbersicht der Pressestimmen in unserem Medienlog.","robots":{"index":"index","follow":"follow","max-snippet":"max-snippet:-1","max-image-preview":"max-image-preview:large","max-video-preview":"max-video-preview:-1"},"canonical":"https:\/\/blog.zeit.de\/nsu-prozess-blog\/2018\/04\/26\/medienlog-zschaepe-plaedoyer-bundesanwaltschaft-nsu\/","og_locale":"de_DE","og_type":"article","og_title":"Das Verteidigerpl\u00e4doyer des NSU-Prozess - Medienlog","og_description":"Im NSU-Prozess haben die Pl\u00e4doyers der Verteidigung begonnen. Am Mittwoch schloss Beate Zsch\u00e4pes Verteidiger Hermann Borchert seine Bewertung der Beweise ab. Eine \u00dcbersicht der Pressestimmen in unserem Medienlog.","og_url":"https:\/\/blog.zeit.de\/nsu-prozess-blog\/2018\/04\/26\/medienlog-zschaepe-plaedoyer-bundesanwaltschaft-nsu\/","og_site_name":"Das NSU-Prozess-Blog","article_published_time":"2018-04-26T09:02:24+00:00","article_modified_time":"2018-04-26T10:15:42+00:00","author":"Tom Sundermann","twitter_misc":{"Geschrieben von":"Tom Sundermann","Gesch\u00e4tzte Lesezeit":"2\u00a0Minuten"},"schema":{"@context":"https:\/\/schema.org","@graph":[{"@type":"WebPage","@id":"https:\/\/blog.zeit.de\/nsu-prozess-blog\/2018\/04\/26\/medienlog-zschaepe-plaedoyer-bundesanwaltschaft-nsu\/","url":"https:\/\/blog.zeit.de\/nsu-prozess-blog\/2018\/04\/26\/medienlog-zschaepe-plaedoyer-bundesanwaltschaft-nsu\/","name":"Das Verteidigerpl\u00e4doyer des NSU-Prozess - Medienlog","isPartOf":{"@id":"https:\/\/blog.zeit.de\/nsu-prozess-blog\/#website"},"datePublished":"2018-04-26T09:02:24+00:00","dateModified":"2018-04-26T10:15:42+00:00","author":{"@id":"https:\/\/blog.zeit.de\/nsu-prozess-blog\/#\/schema\/person\/553ea9bb5d1fc2ae054c589bd59380a5"},"description":"Im NSU-Prozess haben die Pl\u00e4doyers der Verteidigung begonnen. Am Mittwoch schloss Beate Zsch\u00e4pes Verteidiger Hermann Borchert seine Bewertung der Beweise ab. Eine \u00dcbersicht der Pressestimmen in unserem Medienlog.","breadcrumb":{"@id":"https:\/\/blog.zeit.de\/nsu-prozess-blog\/2018\/04\/26\/medienlog-zschaepe-plaedoyer-bundesanwaltschaft-nsu\/#breadcrumb"},"inLanguage":"de","potentialAction":[{"@type":"ReadAction","target":["https:\/\/blog.zeit.de\/nsu-prozess-blog\/2018\/04\/26\/medienlog-zschaepe-plaedoyer-bundesanwaltschaft-nsu\/"]}]},{"@type":"BreadcrumbList","@id":"https:\/\/blog.zeit.de\/nsu-prozess-blog\/2018\/04\/26\/medienlog-zschaepe-plaedoyer-bundesanwaltschaft-nsu\/#breadcrumb","itemListElement":[{"@type":"ListItem","position":1,"name":"Startseite","item":"https:\/\/blog.zeit.de\/nsu-prozess-blog\/"},{"@type":"ListItem","position":2,"name":"&#8222;Naives und dreistes Pl\u00e4doyer&#8220; \u2013 Das Medienlog vom Donnerstag, 26. April 2018"}]},{"@type":"WebSite","@id":"https:\/\/blog.zeit.de\/nsu-prozess-blog\/#website","url":"https:\/\/blog.zeit.de\/nsu-prozess-blog\/","name":"Das NSU-Prozess-Blog","description":"Alle Berichte zum Terrorverfahren in M\u00fcnchen","potentialAction":[{"@type":"SearchAction","target":{"@type":"EntryPoint","urlTemplate":"https:\/\/blog.zeit.de\/nsu-prozess-blog\/?s={search_term_string}"},"query-input":"required name=search_term_string"}],"inLanguage":"de"},{"@type":"Person","@id":"https:\/\/blog.zeit.de\/nsu-prozess-blog\/#\/schema\/person\/553ea9bb5d1fc2ae054c589bd59380a5","name":"Tom Sundermann","image":{"@type":"ImageObject","inLanguage":"de","@id":"https:\/\/blog.zeit.de\/nsu-prozess-blog\/#\/schema\/person\/image\/","url":"https:\/\/secure.gravatar.com\/avatar\/e108a3dc18766f719b2f797dc5d19093f06a1870c55b553ab6b7563f1f9a5e68?s=96&d=mm&r=g","contentUrl":"https:\/\/secure.gravatar.com\/avatar\/e108a3dc18766f719b2f797dc5d19093f06a1870c55b553ab6b7563f1f9a5e68?s=96&d=mm&r=g","caption":"Tom Sundermann"},"sameAs":["https:\/\/twitter.com\/messeticker"],"url":"https:\/\/blog.zeit.de\/nsu-prozess-blog\/author\/tsundermann\/"}]}},"jetpack_featured_media_url":"","jetpack_sharing_enabled":true,"_links":{"self":[{"href":"https:\/\/blog.zeit.de\/nsu-prozess-blog\/wp-json\/wp\/v2\/posts\/14663","targetHints":{"allow":["GET"]}}],"collection":[{"href":"https:\/\/blog.zeit.de\/nsu-prozess-blog\/wp-json\/wp\/v2\/posts"}],"about":[{"href":"https:\/\/blog.zeit.de\/nsu-prozess-blog\/wp-json\/wp\/v2\/types\/post"}],"author":[{"embeddable":true,"href":"https:\/\/blog.zeit.de\/nsu-prozess-blog\/wp-json\/wp\/v2\/users\/435"}],"replies":[{"embeddable":true,"href":"https:\/\/blog.zeit.de\/nsu-prozess-blog\/wp-json\/wp\/v2\/comments?post=14663"}],"version-history":[{"count":5,"href":"https:\/\/blog.zeit.de\/nsu-prozess-blog\/wp-json\/wp\/v2\/posts\/14663\/revisions"}],"predecessor-version":[{"id":14673,"href":"https:\/\/blog.zeit.de\/nsu-prozess-blog\/wp-json\/wp\/v2\/posts\/14663\/revisions\/14673"}],"wp:attachment":[{"href":"https:\/\/blog.zeit.de\/nsu-prozess-blog\/wp-json\/wp\/v2\/media?parent=14663"}],"wp:term":[{"taxonomy":"category","embeddable":true,"href":"https:\/\/blog.zeit.de\/nsu-prozess-blog\/wp-json\/wp\/v2\/categories?post=14663"},{"taxonomy":"post_tag","embeddable":true,"href":"https:\/\/blog.zeit.de\/nsu-prozess-blog\/wp-json\/wp\/v2\/tags?post=14663"}],"curies":[{"name":"wp","href":"https:\/\/api.w.org\/{rel}","templated":true}]}}