{"id":14800,"date":"2018-05-18T09:28:05","date_gmt":"2018-05-18T07:28:05","guid":{"rendered":"https:\/\/blog.zeit.de\/nsu-prozess-blog\/?p=14800"},"modified":"2018-05-18T12:00:09","modified_gmt":"2018-05-18T10:00:09","slug":"medienlog-plaedoyer-wohlleben-nahrat-nsu","status":"publish","type":"post","link":"https:\/\/blog.zeit.de\/nsu-prozess-blog\/2018\/05\/18\/medienlog-plaedoyer-wohlleben-nahrat-nsu\/","title":{"rendered":"Wohlleben-Anw\u00e4lte lassen Tarnung fallen \u2013 Das Medienlog vom Freitag, 18. Mai 2018"},"content":{"rendered":"<p>Nach drei Tagen ist das <a href=\"https:\/\/blog.zeit.de\/nsu-prozess-blog\/2018\/05\/17\/medienlog-plaedoyer-wohlleben-klemke-nsu\/\">Pl\u00e4doyer der Anw\u00e4lte von Ralf Wohlleben<\/a> abgeschlossen. Es endete am Donnerstag mit einer Zuspitzung der Provokationen der Vortage, als Verteidiger Wolfram Nahrath einen Vortrag in rechtsextremer Ideologie hielt. Wie seine Kollegen Nicole Schneiders und Olaf Klemke forderte er Freispruch f\u00fcr Wohlleben.<\/p>\n<p>&#8222;Es war am Ende eher eine v\u00f6lkische Kampfrede als ein Pl\u00e4doyer in einem Strafprozess&#8220;, hei\u00dft es in einer <a href=\"http:\/\/www.fr.de\/politik\/rechtsextremismus\/nsu-neonazi\/ralf-wohlleben-nsu-prozess-plaedoyer-mit-hitler-zitaten-a-1508210\" target=\"_blank\" rel=\"noopener\">Meldung der dpa<\/a>.<\/p>\n<p><!--more--><\/p>\n<p><em>An jedem Werktag sichten wir f\u00fcr das NSU-Prozess-Blog die Medien und stellen wichtige Berichte, Blogs, Videos und Tweets zusammen. Wir freuen uns \u00fcber Hinweise via Twitter mit dem Hashtag #nsublog \u2013 oder per E-Mail an <a href=\"mailto:nsublog@zeit.de\">nsublog@zeit.de<\/a>.<\/em><\/p>\n<p>Nahrath zitierte in seinem Schlussvortrag unter anderem Adolf Hitler, Rudolf He\u00df und Joseph Goebbels und machte revisionistische Aussagen zu Deutschlands Rolle im Zweiten Weltkrieg. &#8222;Doch die wohl einkalkulierte Reaktion auf diese Provokation blieb aus&#8220;, berichtet Thies Marsen vom <a href=\"https:\/\/www.br.de\/nachrichten\/nsu-prozess\/427-verhandlungstag-tageszusammenfassung-100.html\" target=\"_blank\" rel=\"noopener\">Bayerischen Rundfunk<\/a>. Alle Prozessbeteiligten h\u00e4tten die Provokationen mit &#8222;stoischer Ruhe&#8220; ertragen \u2013 selbst als der Anwalt den Nationalsozialismus als &#8222;friedliebende Ideologie&#8220; darstellte.<\/p>\n<p>Dem fr\u00fcheren Vorsitzenden der rechtsextremen Wiking-Jugend &#8222;h\u00e4tte es wohl gefallen, wenn Anw\u00e4lte der Hinterbliebenen aus Protest den Saal verlassen oder die Richter ihn wegen seiner Ausschweifungen unterbrochen h\u00e4tten&#8220;, hei\u00dft es bei uns auf <a href=\"https:\/\/blog.zeit.de\/nsu-prozess-blog\/2018\/05\/17\/die-rechte-show-floppt\/\" target=\"_blank\" rel=\"noopener\">ZEIT ONLINE<\/a>. Aber: &#8222;Die rechte Show wird zum Flop, gerade weil sie reibungslos abl\u00e4uft.&#8220; Demnach war auch die m\u00f6glicherweise gehegte Hoffnung, sich als Opfer von Zensur durch das Gericht darzustellen, dahin.<\/p>\n<p>Die Anw\u00e4lte h\u00e4tten nach f\u00fcnf Jahren Prozess ihre &#8222;Tarnung&#8220; abgelegt, kommentiert Annette Ramelsberger von der <a href=\"http:\/\/www.sueddeutsche.de\/politik\/nsu-prozess-wohllebens-anwaelte-lassen-alle-hemmungen-fallen-1.3983839\" target=\"_blank\" rel=\"noopener\"><em>S\u00fcddeutschen Zeitung<\/em><\/a>. Zuvor hatten sie &#8222;immerhin so getan, als respektierten sie die formalen Regeln des Rechtsstaats&#8220;. Nun h\u00e4tten sie jedoch deutlich gemacht, dass sie die Strafjustiz nicht respektieren. Hatten sie ihre Ideologie bislang nur sparsam eingebracht, nutzten sie den Schlussvortrag nun &#8222;zu einem Schaulaufen f\u00fcr die rechte Szene, f\u00fcr ein Fanal ihrer Unbeugsamkeit&#8220;.<\/p>\n<p>\u00dcber den Prozesstag berichten auch der <a href=\"https:\/\/www.tagesspiegel.de\/politik\/nsu-prozess-wohlleben-anwalt-vergleicht-oberstaatsanwalt-mit-goering\/22577792.html\" target=\"_blank\" rel=\"noopener\"><em>Tagesspiegel<\/em><\/a> und <a href=\"http:\/\/www.spiegel.de\/panorama\/justiz\/nsu-prozess-ralf-wohlleben-verteidiger-fordern-freispruch-a-1208300.html\" target=\"_blank\" rel=\"noopener\"><em>Spiegel Online<\/em><\/a>.<\/p>\n<p>Eine Zusammenfassung der Pl\u00e4doyers der vier Mitangeklagten von Beate Zsch\u00e4pe liefert die <a href=\"http:\/\/www.dw.com\/de\/a-43816210\" target=\"_blank\" rel=\"noopener\">Deutsche Welle<\/a>.<\/p>\n<p><em>Das n\u00e4chste Medienlog erscheint am Dienstag, 22. Mai 2018.<\/em><\/p>\n","protected":false},"excerpt":{"rendered":"<p>Nach drei Tagen ist das Pl\u00e4doyer der Anw\u00e4lte von Ralf Wohlleben abgeschlossen. Es endete am Donnerstag mit einer Zuspitzung der Provokationen der Vortage, als Verteidiger Wolfram Nahrath einen Vortrag in rechtsextremer Ideologie hielt. Wie seine Kollegen Nicole Schneiders und Olaf Klemke forderte er Freispruch f\u00fcr Wohlleben. &#8222;Es war am Ende eher eine v\u00f6lkische Kampfrede als [&hellip;]<\/p>\n","protected":false},"author":435,"featured_media":0,"comment_status":"open","ping_status":"open","sticky":false,"template":"","format":"standard","meta":{"_jetpack_memberships_contains_paid_content":false,"footnotes":""},"categories":[27531],"tags":[29424,35435,17772,99,33601],"class_list":["post-14800","post","type-post","status-publish","format-standard","hentry","category-medienschau","tag-anwalte","tag-plaedoyer","tag-ralf-wohlleben","tag-rechtsextremismus","tag-wolfram-nahrat"],"yoast_head":"<!-- This site is optimized with the Yoast SEO plugin v21.0 - https:\/\/yoast.com\/wordpress\/plugins\/seo\/ -->\n<title>Wohlleben-Anw\u00e4lte lassen Tarnung fallen \u2013 Das Medienlog vom Freitag, 18. Mai 2018 - Das NSU-Prozess-Blog<\/title>\n<meta name=\"robots\" content=\"index, follow, max-snippet:-1, max-image-preview:large, max-video-preview:-1\" \/>\n<link rel=\"canonical\" href=\"https:\/\/blog.zeit.de\/nsu-prozess-blog\/2018\/05\/18\/medienlog-plaedoyer-wohlleben-nahrat-nsu\/\" \/>\n<meta property=\"og:locale\" content=\"de_DE\" \/>\n<meta property=\"og:type\" content=\"article\" \/>\n<meta property=\"og:title\" content=\"Wohlleben-Anw\u00e4lte lassen Tarnung fallen \u2013 Das Medienlog vom Freitag, 18. Mai 2018 - Das NSU-Prozess-Blog\" \/>\n<meta property=\"og:description\" content=\"Nach drei Tagen ist das Pl\u00e4doyer der Anw\u00e4lte von Ralf Wohlleben abgeschlossen. Es endete am Donnerstag mit einer Zuspitzung der Provokationen der Vortage, als Verteidiger Wolfram Nahrath einen Vortrag in rechtsextremer Ideologie hielt. Wie seine Kollegen Nicole Schneiders und Olaf Klemke forderte er Freispruch f\u00fcr Wohlleben. &#8222;Es war am Ende eher eine v\u00f6lkische Kampfrede als [&hellip;]\" \/>\n<meta property=\"og:url\" content=\"https:\/\/blog.zeit.de\/nsu-prozess-blog\/2018\/05\/18\/medienlog-plaedoyer-wohlleben-nahrat-nsu\/\" \/>\n<meta property=\"og:site_name\" content=\"Das NSU-Prozess-Blog\" \/>\n<meta property=\"article:published_time\" content=\"2018-05-18T07:28:05+00:00\" \/>\n<meta property=\"article:modified_time\" content=\"2018-05-18T10:00:09+00:00\" \/>\n<meta name=\"author\" content=\"Tom Sundermann\" \/>\n<meta name=\"twitter:label1\" content=\"Geschrieben von\" \/>\n\t<meta name=\"twitter:data1\" content=\"Tom Sundermann\" \/>\n\t<meta name=\"twitter:label2\" content=\"Gesch\u00e4tzte Lesezeit\" \/>\n\t<meta name=\"twitter:data2\" content=\"2\u00a0Minuten\" \/>\n<script type=\"application\/ld+json\" class=\"yoast-schema-graph\">{\"@context\":\"https:\/\/schema.org\",\"@graph\":[{\"@type\":\"WebPage\",\"@id\":\"https:\/\/blog.zeit.de\/nsu-prozess-blog\/2018\/05\/18\/medienlog-plaedoyer-wohlleben-nahrat-nsu\/\",\"url\":\"https:\/\/blog.zeit.de\/nsu-prozess-blog\/2018\/05\/18\/medienlog-plaedoyer-wohlleben-nahrat-nsu\/\",\"name\":\"Wohlleben-Anw\u00e4lte lassen Tarnung fallen \u2013 Das Medienlog vom Freitag, 18. Mai 2018 - Das NSU-Prozess-Blog\",\"isPartOf\":{\"@id\":\"https:\/\/blog.zeit.de\/nsu-prozess-blog\/#website\"},\"datePublished\":\"2018-05-18T07:28:05+00:00\",\"dateModified\":\"2018-05-18T10:00:09+00:00\",\"author\":{\"@id\":\"https:\/\/blog.zeit.de\/nsu-prozess-blog\/#\/schema\/person\/553ea9bb5d1fc2ae054c589bd59380a5\"},\"breadcrumb\":{\"@id\":\"https:\/\/blog.zeit.de\/nsu-prozess-blog\/2018\/05\/18\/medienlog-plaedoyer-wohlleben-nahrat-nsu\/#breadcrumb\"},\"inLanguage\":\"de\",\"potentialAction\":[{\"@type\":\"ReadAction\",\"target\":[\"https:\/\/blog.zeit.de\/nsu-prozess-blog\/2018\/05\/18\/medienlog-plaedoyer-wohlleben-nahrat-nsu\/\"]}]},{\"@type\":\"BreadcrumbList\",\"@id\":\"https:\/\/blog.zeit.de\/nsu-prozess-blog\/2018\/05\/18\/medienlog-plaedoyer-wohlleben-nahrat-nsu\/#breadcrumb\",\"itemListElement\":[{\"@type\":\"ListItem\",\"position\":1,\"name\":\"Startseite\",\"item\":\"https:\/\/blog.zeit.de\/nsu-prozess-blog\/\"},{\"@type\":\"ListItem\",\"position\":2,\"name\":\"Wohlleben-Anw\u00e4lte lassen Tarnung fallen \u2013 Das Medienlog vom Freitag, 18. Mai 2018\"}]},{\"@type\":\"WebSite\",\"@id\":\"https:\/\/blog.zeit.de\/nsu-prozess-blog\/#website\",\"url\":\"https:\/\/blog.zeit.de\/nsu-prozess-blog\/\",\"name\":\"Das NSU-Prozess-Blog\",\"description\":\"Alle Berichte zum Terrorverfahren in M\u00fcnchen\",\"potentialAction\":[{\"@type\":\"SearchAction\",\"target\":{\"@type\":\"EntryPoint\",\"urlTemplate\":\"https:\/\/blog.zeit.de\/nsu-prozess-blog\/?s={search_term_string}\"},\"query-input\":\"required name=search_term_string\"}],\"inLanguage\":\"de\"},{\"@type\":\"Person\",\"@id\":\"https:\/\/blog.zeit.de\/nsu-prozess-blog\/#\/schema\/person\/553ea9bb5d1fc2ae054c589bd59380a5\",\"name\":\"Tom Sundermann\",\"image\":{\"@type\":\"ImageObject\",\"inLanguage\":\"de\",\"@id\":\"https:\/\/blog.zeit.de\/nsu-prozess-blog\/#\/schema\/person\/image\/\",\"url\":\"https:\/\/secure.gravatar.com\/avatar\/e108a3dc18766f719b2f797dc5d19093f06a1870c55b553ab6b7563f1f9a5e68?s=96&d=mm&r=g\",\"contentUrl\":\"https:\/\/secure.gravatar.com\/avatar\/e108a3dc18766f719b2f797dc5d19093f06a1870c55b553ab6b7563f1f9a5e68?s=96&d=mm&r=g\",\"caption\":\"Tom Sundermann\"},\"sameAs\":[\"https:\/\/twitter.com\/messeticker\"],\"url\":\"https:\/\/blog.zeit.de\/nsu-prozess-blog\/author\/tsundermann\/\"}]}<\/script>\n<!-- \/ Yoast SEO plugin. -->","yoast_head_json":{"title":"Wohlleben-Anw\u00e4lte lassen Tarnung fallen \u2013 Das Medienlog vom Freitag, 18. Mai 2018 - Das NSU-Prozess-Blog","robots":{"index":"index","follow":"follow","max-snippet":"max-snippet:-1","max-image-preview":"max-image-preview:large","max-video-preview":"max-video-preview:-1"},"canonical":"https:\/\/blog.zeit.de\/nsu-prozess-blog\/2018\/05\/18\/medienlog-plaedoyer-wohlleben-nahrat-nsu\/","og_locale":"de_DE","og_type":"article","og_title":"Wohlleben-Anw\u00e4lte lassen Tarnung fallen \u2013 Das Medienlog vom Freitag, 18. Mai 2018 - Das NSU-Prozess-Blog","og_description":"Nach drei Tagen ist das Pl\u00e4doyer der Anw\u00e4lte von Ralf Wohlleben abgeschlossen. Es endete am Donnerstag mit einer Zuspitzung der Provokationen der Vortage, als Verteidiger Wolfram Nahrath einen Vortrag in rechtsextremer Ideologie hielt. Wie seine Kollegen Nicole Schneiders und Olaf Klemke forderte er Freispruch f\u00fcr Wohlleben. &#8222;Es war am Ende eher eine v\u00f6lkische Kampfrede als [&hellip;]","og_url":"https:\/\/blog.zeit.de\/nsu-prozess-blog\/2018\/05\/18\/medienlog-plaedoyer-wohlleben-nahrat-nsu\/","og_site_name":"Das NSU-Prozess-Blog","article_published_time":"2018-05-18T07:28:05+00:00","article_modified_time":"2018-05-18T10:00:09+00:00","author":"Tom Sundermann","twitter_misc":{"Geschrieben von":"Tom Sundermann","Gesch\u00e4tzte Lesezeit":"2\u00a0Minuten"},"schema":{"@context":"https:\/\/schema.org","@graph":[{"@type":"WebPage","@id":"https:\/\/blog.zeit.de\/nsu-prozess-blog\/2018\/05\/18\/medienlog-plaedoyer-wohlleben-nahrat-nsu\/","url":"https:\/\/blog.zeit.de\/nsu-prozess-blog\/2018\/05\/18\/medienlog-plaedoyer-wohlleben-nahrat-nsu\/","name":"Wohlleben-Anw\u00e4lte lassen Tarnung fallen \u2013 Das Medienlog vom Freitag, 18. Mai 2018 - Das NSU-Prozess-Blog","isPartOf":{"@id":"https:\/\/blog.zeit.de\/nsu-prozess-blog\/#website"},"datePublished":"2018-05-18T07:28:05+00:00","dateModified":"2018-05-18T10:00:09+00:00","author":{"@id":"https:\/\/blog.zeit.de\/nsu-prozess-blog\/#\/schema\/person\/553ea9bb5d1fc2ae054c589bd59380a5"},"breadcrumb":{"@id":"https:\/\/blog.zeit.de\/nsu-prozess-blog\/2018\/05\/18\/medienlog-plaedoyer-wohlleben-nahrat-nsu\/#breadcrumb"},"inLanguage":"de","potentialAction":[{"@type":"ReadAction","target":["https:\/\/blog.zeit.de\/nsu-prozess-blog\/2018\/05\/18\/medienlog-plaedoyer-wohlleben-nahrat-nsu\/"]}]},{"@type":"BreadcrumbList","@id":"https:\/\/blog.zeit.de\/nsu-prozess-blog\/2018\/05\/18\/medienlog-plaedoyer-wohlleben-nahrat-nsu\/#breadcrumb","itemListElement":[{"@type":"ListItem","position":1,"name":"Startseite","item":"https:\/\/blog.zeit.de\/nsu-prozess-blog\/"},{"@type":"ListItem","position":2,"name":"Wohlleben-Anw\u00e4lte lassen Tarnung fallen \u2013 Das Medienlog vom Freitag, 18. Mai 2018"}]},{"@type":"WebSite","@id":"https:\/\/blog.zeit.de\/nsu-prozess-blog\/#website","url":"https:\/\/blog.zeit.de\/nsu-prozess-blog\/","name":"Das NSU-Prozess-Blog","description":"Alle Berichte zum Terrorverfahren in M\u00fcnchen","potentialAction":[{"@type":"SearchAction","target":{"@type":"EntryPoint","urlTemplate":"https:\/\/blog.zeit.de\/nsu-prozess-blog\/?s={search_term_string}"},"query-input":"required name=search_term_string"}],"inLanguage":"de"},{"@type":"Person","@id":"https:\/\/blog.zeit.de\/nsu-prozess-blog\/#\/schema\/person\/553ea9bb5d1fc2ae054c589bd59380a5","name":"Tom Sundermann","image":{"@type":"ImageObject","inLanguage":"de","@id":"https:\/\/blog.zeit.de\/nsu-prozess-blog\/#\/schema\/person\/image\/","url":"https:\/\/secure.gravatar.com\/avatar\/e108a3dc18766f719b2f797dc5d19093f06a1870c55b553ab6b7563f1f9a5e68?s=96&d=mm&r=g","contentUrl":"https:\/\/secure.gravatar.com\/avatar\/e108a3dc18766f719b2f797dc5d19093f06a1870c55b553ab6b7563f1f9a5e68?s=96&d=mm&r=g","caption":"Tom Sundermann"},"sameAs":["https:\/\/twitter.com\/messeticker"],"url":"https:\/\/blog.zeit.de\/nsu-prozess-blog\/author\/tsundermann\/"}]}},"jetpack_featured_media_url":"","jetpack_sharing_enabled":true,"_links":{"self":[{"href":"https:\/\/blog.zeit.de\/nsu-prozess-blog\/wp-json\/wp\/v2\/posts\/14800","targetHints":{"allow":["GET"]}}],"collection":[{"href":"https:\/\/blog.zeit.de\/nsu-prozess-blog\/wp-json\/wp\/v2\/posts"}],"about":[{"href":"https:\/\/blog.zeit.de\/nsu-prozess-blog\/wp-json\/wp\/v2\/types\/post"}],"author":[{"embeddable":true,"href":"https:\/\/blog.zeit.de\/nsu-prozess-blog\/wp-json\/wp\/v2\/users\/435"}],"replies":[{"embeddable":true,"href":"https:\/\/blog.zeit.de\/nsu-prozess-blog\/wp-json\/wp\/v2\/comments?post=14800"}],"version-history":[{"count":5,"href":"https:\/\/blog.zeit.de\/nsu-prozess-blog\/wp-json\/wp\/v2\/posts\/14800\/revisions"}],"predecessor-version":[{"id":14807,"href":"https:\/\/blog.zeit.de\/nsu-prozess-blog\/wp-json\/wp\/v2\/posts\/14800\/revisions\/14807"}],"wp:attachment":[{"href":"https:\/\/blog.zeit.de\/nsu-prozess-blog\/wp-json\/wp\/v2\/media?parent=14800"}],"wp:term":[{"taxonomy":"category","embeddable":true,"href":"https:\/\/blog.zeit.de\/nsu-prozess-blog\/wp-json\/wp\/v2\/categories?post=14800"},{"taxonomy":"post_tag","embeddable":true,"href":"https:\/\/blog.zeit.de\/nsu-prozess-blog\/wp-json\/wp\/v2\/tags?post=14800"}],"curies":[{"name":"wp","href":"https:\/\/api.w.org\/{rel}","templated":true}]}}