{"id":14900,"date":"2018-07-03T07:00:53","date_gmt":"2018-07-03T05:00:53","guid":{"rendered":"https:\/\/blog.zeit.de\/nsu-prozess-blog\/?p=14900"},"modified":"2018-06-26T16:25:47","modified_gmt":"2018-06-26T14:25:47","slug":"437-prozesstag-die-letzten-worte-der-angeklagten","status":"publish","type":"post","link":"https:\/\/blog.zeit.de\/nsu-prozess-blog\/2018\/07\/03\/437-prozesstag-die-letzten-worte-der-angeklagten\/","title":{"rendered":"437. Prozesstag \u2013 Die letzten Worte der Angeklagten"},"content":{"rendered":"<p>Es ist der letzte \u2013 planm\u00e4\u00dfige \u2013 Schritt vor dem Urteil im NSU-Prozess: Heute haben die f\u00fcnf Angeklagten das Recht auf das letzte Wort. Sie k\u00f6nnen sich noch einmal zur Anklage \u00e4u\u00dfern, Rechtfertigungen oder Entschuldigungen vorbringen \u2013 oder auch schweigen.<\/p>\n<p>Au\u00dfer dem Mitangeklagten Andr\u00e9 E. wollen alle Angeklagten das Wort ergreifen. Beate Zsch\u00e4pe hatte angek\u00fcndigt, eine rund f\u00fcnfmin\u00fctige Stellungnahme abzugeben. Sie hatte sich zuletzt im September 2016 in einem <a href=\"https:\/\/www.zeit.de\/gesellschaft\/zeitgeschehen\/2016-09\/nsu-prozess-beate-zschaepe-schweigen-opfer\">sehr kurzen, abgelesenen Statement ge\u00e4u\u00dfert<\/a> und ihr &#8222;Fehlverhalten&#8220; bedauert.<\/p>\n<p>Andere Angeklagte waren offensiver: Der mutma\u00dfliche Waffenbeschaffer Carsten S. hatte schon zu Prozessbeginn 2013 eine Aussage gemacht und sich anschlie\u00dfend <a href=\"http:\/\/www.zeit.de\/politik\/deutschland\/2013-06\/nsu-prozess-carsten-s\">bei den Angeh\u00f6rigen der NSU-Opfer entschuldigt<\/a>. Ebenfalls ge\u00e4u\u00dfert hatte sich <a href=\"http:\/\/www.zeit.de\/gesellschaft\/zeitgeschehen\/2013-06\/nsu-prozess-aussage-holger-g\">der Mitangeklagte Holger G.<\/a> Kurz nach Beate Zsch\u00e4pes schriftlicher Aussage <a href=\"https:\/\/blog.zeit.de\/nsu-prozess-blog\/2015\/12\/16\/aussage-nach-zschapes-vorbild\/\">sprach auch Ralf Wohlleben<\/a> und dr\u00fcckte den Nebenkl\u00e4gern gegen\u00fcber sein Beileid aus.<\/p>\n<p><a href=\"https:\/\/blog.zeit.de\/nsu-prozess-blog\/2018\/05\/08\/andre-e-der-unschuldige-nationalsozialist\/\">Andr\u00e9 E.<\/a> hatte als einziger die ganzen f\u00fcnf Jahre lang geschwiegen.<\/p>\n<p><em>ZEIT ONLINE berichtet aus M\u00fcnchen und fasst den Prozesstag am Abend auf diesem Blog zusammen. Informationen aus der Verhandlung gibt es <a href=\"https:\/\/twitter.com\/zeitonline\/lists\/nsu-prozess\">via Twitter hier<\/a>. Weitere Berichte stellen wir morgen im <a href=\"https:\/\/blog.zeit.de\/nsu-prozess-blog\/category\/medienschau\/\">NSU-Medienlog<\/a> zusammen.<\/em><\/p>\n","protected":false},"excerpt":{"rendered":"<p>Es ist der letzte \u2013 planm\u00e4\u00dfige \u2013 Schritt vor dem Urteil im NSU-Prozess: Heute haben die f\u00fcnf Angeklagten das Recht auf das letzte Wort. Sie k\u00f6nnen sich noch einmal zur Anklage \u00e4u\u00dfern, Rechtfertigungen oder Entschuldigungen vorbringen \u2013 oder auch schweigen. Au\u00dfer dem Mitangeklagten Andr\u00e9 E. wollen alle Angeklagten das Wort ergreifen. Beate Zsch\u00e4pe hatte angek\u00fcndigt, [&hellip;]<\/p>\n","protected":false},"author":435,"featured_media":0,"comment_status":"open","ping_status":"open","sticky":false,"template":"","format":"standard","meta":{"_jetpack_memberships_contains_paid_content":false,"footnotes":""},"categories":[27532],"tags":[27561,17793,27541,27548,35444,17772],"class_list":["post-14900","post","type-post","status-publish","format-standard","hentry","category-prozesstage","tag-andre-e","tag-beate-zschape","tag-carsten-s","tag-holger-g","tag-letzte-worte","tag-ralf-wohlleben"],"yoast_head":"<!-- This site is optimized with the Yoast SEO plugin v21.0 - https:\/\/yoast.com\/wordpress\/plugins\/seo\/ -->\n<title>437. Prozesstag \u2013 Die letzten Worte der Angeklagten - Das NSU-Prozess-Blog<\/title>\n<meta name=\"robots\" content=\"index, follow, max-snippet:-1, max-image-preview:large, max-video-preview:-1\" \/>\n<link rel=\"canonical\" href=\"https:\/\/blog.zeit.de\/nsu-prozess-blog\/2018\/07\/03\/437-prozesstag-die-letzten-worte-der-angeklagten\/\" \/>\n<meta property=\"og:locale\" content=\"de_DE\" \/>\n<meta property=\"og:type\" content=\"article\" \/>\n<meta property=\"og:title\" content=\"437. Prozesstag \u2013 Die letzten Worte der Angeklagten - Das NSU-Prozess-Blog\" \/>\n<meta property=\"og:description\" content=\"Es ist der letzte \u2013 planm\u00e4\u00dfige \u2013 Schritt vor dem Urteil im NSU-Prozess: Heute haben die f\u00fcnf Angeklagten das Recht auf das letzte Wort. Sie k\u00f6nnen sich noch einmal zur Anklage \u00e4u\u00dfern, Rechtfertigungen oder Entschuldigungen vorbringen \u2013 oder auch schweigen. Au\u00dfer dem Mitangeklagten Andr\u00e9 E. wollen alle Angeklagten das Wort ergreifen. Beate Zsch\u00e4pe hatte angek\u00fcndigt, [&hellip;]\" \/>\n<meta property=\"og:url\" content=\"https:\/\/blog.zeit.de\/nsu-prozess-blog\/2018\/07\/03\/437-prozesstag-die-letzten-worte-der-angeklagten\/\" \/>\n<meta property=\"og:site_name\" content=\"Das NSU-Prozess-Blog\" \/>\n<meta property=\"article:published_time\" content=\"2018-07-03T05:00:53+00:00\" \/>\n<meta property=\"article:modified_time\" content=\"2018-06-26T14:25:47+00:00\" \/>\n<meta name=\"author\" content=\"Tom Sundermann\" \/>\n<meta name=\"twitter:label1\" content=\"Geschrieben von\" \/>\n\t<meta name=\"twitter:data1\" content=\"Tom Sundermann\" \/>\n\t<meta name=\"twitter:label2\" content=\"Gesch\u00e4tzte Lesezeit\" \/>\n\t<meta name=\"twitter:data2\" content=\"1\u00a0Minute\" \/>\n<script type=\"application\/ld+json\" class=\"yoast-schema-graph\">{\"@context\":\"https:\/\/schema.org\",\"@graph\":[{\"@type\":\"WebPage\",\"@id\":\"https:\/\/blog.zeit.de\/nsu-prozess-blog\/2018\/07\/03\/437-prozesstag-die-letzten-worte-der-angeklagten\/\",\"url\":\"https:\/\/blog.zeit.de\/nsu-prozess-blog\/2018\/07\/03\/437-prozesstag-die-letzten-worte-der-angeklagten\/\",\"name\":\"437. Prozesstag \u2013 Die letzten Worte der Angeklagten - Das NSU-Prozess-Blog\",\"isPartOf\":{\"@id\":\"https:\/\/blog.zeit.de\/nsu-prozess-blog\/#website\"},\"datePublished\":\"2018-07-03T05:00:53+00:00\",\"dateModified\":\"2018-06-26T14:25:47+00:00\",\"author\":{\"@id\":\"https:\/\/blog.zeit.de\/nsu-prozess-blog\/#\/schema\/person\/553ea9bb5d1fc2ae054c589bd59380a5\"},\"breadcrumb\":{\"@id\":\"https:\/\/blog.zeit.de\/nsu-prozess-blog\/2018\/07\/03\/437-prozesstag-die-letzten-worte-der-angeklagten\/#breadcrumb\"},\"inLanguage\":\"de\",\"potentialAction\":[{\"@type\":\"ReadAction\",\"target\":[\"https:\/\/blog.zeit.de\/nsu-prozess-blog\/2018\/07\/03\/437-prozesstag-die-letzten-worte-der-angeklagten\/\"]}]},{\"@type\":\"BreadcrumbList\",\"@id\":\"https:\/\/blog.zeit.de\/nsu-prozess-blog\/2018\/07\/03\/437-prozesstag-die-letzten-worte-der-angeklagten\/#breadcrumb\",\"itemListElement\":[{\"@type\":\"ListItem\",\"position\":1,\"name\":\"Startseite\",\"item\":\"https:\/\/blog.zeit.de\/nsu-prozess-blog\/\"},{\"@type\":\"ListItem\",\"position\":2,\"name\":\"437. Prozesstag \u2013 Die letzten Worte der Angeklagten\"}]},{\"@type\":\"WebSite\",\"@id\":\"https:\/\/blog.zeit.de\/nsu-prozess-blog\/#website\",\"url\":\"https:\/\/blog.zeit.de\/nsu-prozess-blog\/\",\"name\":\"Das NSU-Prozess-Blog\",\"description\":\"Alle Berichte zum Terrorverfahren in M\u00fcnchen\",\"potentialAction\":[{\"@type\":\"SearchAction\",\"target\":{\"@type\":\"EntryPoint\",\"urlTemplate\":\"https:\/\/blog.zeit.de\/nsu-prozess-blog\/?s={search_term_string}\"},\"query-input\":\"required name=search_term_string\"}],\"inLanguage\":\"de\"},{\"@type\":\"Person\",\"@id\":\"https:\/\/blog.zeit.de\/nsu-prozess-blog\/#\/schema\/person\/553ea9bb5d1fc2ae054c589bd59380a5\",\"name\":\"Tom Sundermann\",\"image\":{\"@type\":\"ImageObject\",\"inLanguage\":\"de\",\"@id\":\"https:\/\/blog.zeit.de\/nsu-prozess-blog\/#\/schema\/person\/image\/\",\"url\":\"https:\/\/secure.gravatar.com\/avatar\/e108a3dc18766f719b2f797dc5d19093f06a1870c55b553ab6b7563f1f9a5e68?s=96&d=mm&r=g\",\"contentUrl\":\"https:\/\/secure.gravatar.com\/avatar\/e108a3dc18766f719b2f797dc5d19093f06a1870c55b553ab6b7563f1f9a5e68?s=96&d=mm&r=g\",\"caption\":\"Tom Sundermann\"},\"sameAs\":[\"https:\/\/twitter.com\/messeticker\"],\"url\":\"https:\/\/blog.zeit.de\/nsu-prozess-blog\/author\/tsundermann\/\"}]}<\/script>\n<!-- \/ Yoast SEO plugin. -->","yoast_head_json":{"title":"437. Prozesstag \u2013 Die letzten Worte der Angeklagten - Das NSU-Prozess-Blog","robots":{"index":"index","follow":"follow","max-snippet":"max-snippet:-1","max-image-preview":"max-image-preview:large","max-video-preview":"max-video-preview:-1"},"canonical":"https:\/\/blog.zeit.de\/nsu-prozess-blog\/2018\/07\/03\/437-prozesstag-die-letzten-worte-der-angeklagten\/","og_locale":"de_DE","og_type":"article","og_title":"437. Prozesstag \u2013 Die letzten Worte der Angeklagten - Das NSU-Prozess-Blog","og_description":"Es ist der letzte \u2013 planm\u00e4\u00dfige \u2013 Schritt vor dem Urteil im NSU-Prozess: Heute haben die f\u00fcnf Angeklagten das Recht auf das letzte Wort. Sie k\u00f6nnen sich noch einmal zur Anklage \u00e4u\u00dfern, Rechtfertigungen oder Entschuldigungen vorbringen \u2013 oder auch schweigen. Au\u00dfer dem Mitangeklagten Andr\u00e9 E. wollen alle Angeklagten das Wort ergreifen. Beate Zsch\u00e4pe hatte angek\u00fcndigt, [&hellip;]","og_url":"https:\/\/blog.zeit.de\/nsu-prozess-blog\/2018\/07\/03\/437-prozesstag-die-letzten-worte-der-angeklagten\/","og_site_name":"Das NSU-Prozess-Blog","article_published_time":"2018-07-03T05:00:53+00:00","article_modified_time":"2018-06-26T14:25:47+00:00","author":"Tom Sundermann","twitter_misc":{"Geschrieben von":"Tom Sundermann","Gesch\u00e4tzte Lesezeit":"1\u00a0Minute"},"schema":{"@context":"https:\/\/schema.org","@graph":[{"@type":"WebPage","@id":"https:\/\/blog.zeit.de\/nsu-prozess-blog\/2018\/07\/03\/437-prozesstag-die-letzten-worte-der-angeklagten\/","url":"https:\/\/blog.zeit.de\/nsu-prozess-blog\/2018\/07\/03\/437-prozesstag-die-letzten-worte-der-angeklagten\/","name":"437. Prozesstag \u2013 Die letzten Worte der Angeklagten - Das NSU-Prozess-Blog","isPartOf":{"@id":"https:\/\/blog.zeit.de\/nsu-prozess-blog\/#website"},"datePublished":"2018-07-03T05:00:53+00:00","dateModified":"2018-06-26T14:25:47+00:00","author":{"@id":"https:\/\/blog.zeit.de\/nsu-prozess-blog\/#\/schema\/person\/553ea9bb5d1fc2ae054c589bd59380a5"},"breadcrumb":{"@id":"https:\/\/blog.zeit.de\/nsu-prozess-blog\/2018\/07\/03\/437-prozesstag-die-letzten-worte-der-angeklagten\/#breadcrumb"},"inLanguage":"de","potentialAction":[{"@type":"ReadAction","target":["https:\/\/blog.zeit.de\/nsu-prozess-blog\/2018\/07\/03\/437-prozesstag-die-letzten-worte-der-angeklagten\/"]}]},{"@type":"BreadcrumbList","@id":"https:\/\/blog.zeit.de\/nsu-prozess-blog\/2018\/07\/03\/437-prozesstag-die-letzten-worte-der-angeklagten\/#breadcrumb","itemListElement":[{"@type":"ListItem","position":1,"name":"Startseite","item":"https:\/\/blog.zeit.de\/nsu-prozess-blog\/"},{"@type":"ListItem","position":2,"name":"437. Prozesstag \u2013 Die letzten Worte der Angeklagten"}]},{"@type":"WebSite","@id":"https:\/\/blog.zeit.de\/nsu-prozess-blog\/#website","url":"https:\/\/blog.zeit.de\/nsu-prozess-blog\/","name":"Das NSU-Prozess-Blog","description":"Alle Berichte zum Terrorverfahren in M\u00fcnchen","potentialAction":[{"@type":"SearchAction","target":{"@type":"EntryPoint","urlTemplate":"https:\/\/blog.zeit.de\/nsu-prozess-blog\/?s={search_term_string}"},"query-input":"required name=search_term_string"}],"inLanguage":"de"},{"@type":"Person","@id":"https:\/\/blog.zeit.de\/nsu-prozess-blog\/#\/schema\/person\/553ea9bb5d1fc2ae054c589bd59380a5","name":"Tom Sundermann","image":{"@type":"ImageObject","inLanguage":"de","@id":"https:\/\/blog.zeit.de\/nsu-prozess-blog\/#\/schema\/person\/image\/","url":"https:\/\/secure.gravatar.com\/avatar\/e108a3dc18766f719b2f797dc5d19093f06a1870c55b553ab6b7563f1f9a5e68?s=96&d=mm&r=g","contentUrl":"https:\/\/secure.gravatar.com\/avatar\/e108a3dc18766f719b2f797dc5d19093f06a1870c55b553ab6b7563f1f9a5e68?s=96&d=mm&r=g","caption":"Tom Sundermann"},"sameAs":["https:\/\/twitter.com\/messeticker"],"url":"https:\/\/blog.zeit.de\/nsu-prozess-blog\/author\/tsundermann\/"}]}},"jetpack_featured_media_url":"","jetpack_sharing_enabled":true,"_links":{"self":[{"href":"https:\/\/blog.zeit.de\/nsu-prozess-blog\/wp-json\/wp\/v2\/posts\/14900","targetHints":{"allow":["GET"]}}],"collection":[{"href":"https:\/\/blog.zeit.de\/nsu-prozess-blog\/wp-json\/wp\/v2\/posts"}],"about":[{"href":"https:\/\/blog.zeit.de\/nsu-prozess-blog\/wp-json\/wp\/v2\/types\/post"}],"author":[{"embeddable":true,"href":"https:\/\/blog.zeit.de\/nsu-prozess-blog\/wp-json\/wp\/v2\/users\/435"}],"replies":[{"embeddable":true,"href":"https:\/\/blog.zeit.de\/nsu-prozess-blog\/wp-json\/wp\/v2\/comments?post=14900"}],"version-history":[{"count":3,"href":"https:\/\/blog.zeit.de\/nsu-prozess-blog\/wp-json\/wp\/v2\/posts\/14900\/revisions"}],"predecessor-version":[{"id":14996,"href":"https:\/\/blog.zeit.de\/nsu-prozess-blog\/wp-json\/wp\/v2\/posts\/14900\/revisions\/14996"}],"wp:attachment":[{"href":"https:\/\/blog.zeit.de\/nsu-prozess-blog\/wp-json\/wp\/v2\/media?parent=14900"}],"wp:term":[{"taxonomy":"category","embeddable":true,"href":"https:\/\/blog.zeit.de\/nsu-prozess-blog\/wp-json\/wp\/v2\/categories?post=14900"},{"taxonomy":"post_tag","embeddable":true,"href":"https:\/\/blog.zeit.de\/nsu-prozess-blog\/wp-json\/wp\/v2\/tags?post=14900"}],"curies":[{"name":"wp","href":"https:\/\/api.w.org\/{rel}","templated":true}]}}