{"id":15080,"date":"2018-07-09T11:01:04","date_gmt":"2018-07-09T09:01:04","guid":{"rendered":"https:\/\/blog.zeit.de\/nsu-prozess-blog\/?p=15080"},"modified":"2018-07-09T12:48:19","modified_gmt":"2018-07-09T10:48:19","slug":"medienlog-urteil-zschaepe-nsu","status":"publish","type":"post","link":"https:\/\/blog.zeit.de\/nsu-prozess-blog\/2018\/07\/09\/medienlog-urteil-zschaepe-nsu\/","title":{"rendered":"NSU-Prozess im Endspurt \u2013 Das Medienlog vom Montag, 9. Juli 2018"},"content":{"rendered":"<p>Vor dem Urteil im NSU-Prozess am Mittwoch steigt die Spannung. In den deutschen Medien wird im Vorfeld des Gro\u00dfereignisses bereits umfangreich analysiert und erkl\u00e4rt \u2013 trotz wachsender Ersch\u00f6pfung: Selbst die Hauptangeklagte Beate Zsch\u00e4pe verhalte sich so, &#8222;als ginge es darum, alles nur noch zu ertragen, bis es endlich vorbei ist&#8220;, beobachtet Karin Truscheit in der <a href=\"http:\/\/www.faz.net\/aktuell\/politik\/inland\/der-muenchner-nsu-prozess-offenbart-einblick-in-abgruende-15678552.html?premium\" target=\"_blank\" rel=\"noopener\"><em>Frankfurter Allgemeinen Zeitung<\/em><\/a> (kostenpflichtig). In den <a href=\"https:\/\/blog.zeit.de\/nsu-prozess-blog\/2018\/06\/26\/letzte-flammen\/\">Pl\u00e4doyers von Zsch\u00e4pes Verteidigern<\/a> habe sich indes schon angedeutet, dass diese in die Revision gehen wollten.<\/p>\n<p><!--more--><\/p>\n<p><em>An jedem Werktag sichten wir f\u00fcr das NSU-Prozess-Blog die Medien und stellen wichtige Berichte, Blogs, Videos und Tweets zusammen. Wir freuen uns \u00fcber Hinweise via Twitter mit dem Hashtag #nsublog \u2013 oder per E-Mail an <a href=\"mailto:nsublog@zeit.de\">nsublog@zeit.de<\/a>.<\/em><\/p>\n<p>Das lange, teure Verfahren habe zumindest in juristischer Hinsicht &#8222;seinen Zweck erf\u00fcllt&#8220;, meint Henning Rasche von der <a href=\"https:\/\/rp-online.de\/politik\/deutschland\/nsu-prozess-versuch-einer-bilanz-vor-dem-urteil_aid-23840589\" target=\"_blank\" rel=\"noopener\"><em>Rheinischen Post<\/em><\/a>. Dabei habe der Prozess auch Sabotageversuche etwa von Verteidigern \u00fcberstanden, die die Richter immer wieder wegen Befangenheit ablehnten. &#8222;Der Rechtsstaat funktioniert sogar dann, wenn er torpediert wird. Bei all den apokalyptischen Prognosen dieser Tage ist das doch eine beruhigende Nachricht.&#8220;<\/p>\n<p>Auf <a href=\"https:\/\/blog.zeit.de\/nsu-prozess-blog\/2018\/07\/08\/beate-zschaepe-nsu-prozess-macht\/\" target=\"_blank\" rel=\"noopener\">ZEIT ONLINE<\/a> setzen wir uns mit Beate Zsch\u00e4pe auseinander, die bis zum Schluss r\u00e4tselhaft geblieben ist. &#8222;Ahnungslosigkeit ist Ohnmacht. Ihr Schweigen ist Macht.&#8220; Mit der Zeit wurde der Prozess um die Terrorgruppe demnach immer komplizierter. &#8222;Das Verfahren ist ein Labyrinth, in dem man st\u00e4ndig f\u00fcrchten muss, den \u00dcberblick zu verlieren.&#8220;<\/p>\n<p>F\u00fcr Patrick Guyton von der <a href=\"https:\/\/www.badische-zeitung.de\/deutschland-1\/der-nsu-prozess-endet-am-mittwoch-ein-historisches-monstroeses-und-einzigartiges-verfahren--154353177.html\" target=\"_blank\" rel=\"noopener\"><em>Badischen Zeitung<\/em><\/a> ist der Prozess ein &#8222;in jeder Hinsicht einmaliges Verfahren&#8220;. Das liege auch daran, dass die Rolle von Beate Zsch\u00e4pe unklar sei: &#8222;T\u00e4terin, Mitl\u00e4uferin, Abh\u00e4ngige, Opfer?&#8220;<\/p>\n<p>In einem umfangreichen Dossier fasst die <a href=\"https:\/\/projekte.sueddeutsche.de\/artikel\/politik\/artikel-e891806\/\" target=\"_blank\" rel=\"noopener\"><em>S\u00fcddeutsche Zeitung<\/em><\/a> das Geschehen des Prozesses zusammen. In einer Zusammenstellung auf <a href=\"http:\/\/www.tagesschau.de\/inland\/nsu-portrait-101.html\" target=\"_blank\" rel=\"noopener\"><em>tagesschau.de<\/em><\/a> ist eine \u00dcbersicht \u00fcber die f\u00fcnf Angeklagten zu finden.<\/p>\n<p><em>Das n\u00e4chste Medienlog erscheint am Dienstag, 10. Juli 2018.<\/em><\/p>\n","protected":false},"excerpt":{"rendered":"<p>Vor dem Urteil im NSU-Prozess am Mittwoch steigt die Spannung. In den deutschen Medien wird im Vorfeld des Gro\u00dfereignisses bereits umfangreich analysiert und erkl\u00e4rt \u2013 trotz wachsender Ersch\u00f6pfung: Selbst die Hauptangeklagte Beate Zsch\u00e4pe verhalte sich so, &#8222;als ginge es darum, alles nur noch zu ertragen, bis es endlich vorbei ist&#8220;, beobachtet Karin Truscheit in der [&hellip;]<\/p>\n","protected":false},"author":435,"featured_media":0,"comment_status":"open","ping_status":"open","sticky":false,"template":"","format":"standard","meta":{"_jetpack_memberships_contains_paid_content":false,"footnotes":""},"categories":[27531],"tags":[17793,6388],"class_list":["post-15080","post","type-post","status-publish","format-standard","hentry","category-medienschau","tag-beate-zschape","tag-urteil"],"yoast_head":"<!-- This site is optimized with the Yoast SEO plugin v21.0 - https:\/\/yoast.com\/wordpress\/plugins\/seo\/ -->\n<title>NSU-Prozess im Endspurt \u2013 Das Medienlog vom Montag, 9. Juli 2018 - Das NSU-Prozess-Blog<\/title>\n<meta name=\"robots\" content=\"index, follow, max-snippet:-1, max-image-preview:large, max-video-preview:-1\" \/>\n<link rel=\"canonical\" href=\"https:\/\/blog.zeit.de\/nsu-prozess-blog\/2018\/07\/09\/medienlog-urteil-zschaepe-nsu\/\" \/>\n<meta property=\"og:locale\" content=\"de_DE\" \/>\n<meta property=\"og:type\" content=\"article\" \/>\n<meta property=\"og:title\" content=\"NSU-Prozess im Endspurt \u2013 Das Medienlog vom Montag, 9. Juli 2018 - Das NSU-Prozess-Blog\" \/>\n<meta property=\"og:description\" content=\"Vor dem Urteil im NSU-Prozess am Mittwoch steigt die Spannung. In den deutschen Medien wird im Vorfeld des Gro\u00dfereignisses bereits umfangreich analysiert und erkl\u00e4rt \u2013 trotz wachsender Ersch\u00f6pfung: Selbst die Hauptangeklagte Beate Zsch\u00e4pe verhalte sich so, &#8222;als ginge es darum, alles nur noch zu ertragen, bis es endlich vorbei ist&#8220;, beobachtet Karin Truscheit in der [&hellip;]\" \/>\n<meta property=\"og:url\" content=\"https:\/\/blog.zeit.de\/nsu-prozess-blog\/2018\/07\/09\/medienlog-urteil-zschaepe-nsu\/\" \/>\n<meta property=\"og:site_name\" content=\"Das NSU-Prozess-Blog\" \/>\n<meta property=\"article:published_time\" content=\"2018-07-09T09:01:04+00:00\" \/>\n<meta property=\"article:modified_time\" content=\"2018-07-09T10:48:19+00:00\" \/>\n<meta name=\"author\" content=\"Tom Sundermann\" \/>\n<meta name=\"twitter:label1\" content=\"Geschrieben von\" \/>\n\t<meta name=\"twitter:data1\" content=\"Tom Sundermann\" \/>\n\t<meta name=\"twitter:label2\" content=\"Gesch\u00e4tzte Lesezeit\" \/>\n\t<meta name=\"twitter:data2\" content=\"2\u00a0Minuten\" \/>\n<script type=\"application\/ld+json\" class=\"yoast-schema-graph\">{\"@context\":\"https:\/\/schema.org\",\"@graph\":[{\"@type\":\"WebPage\",\"@id\":\"https:\/\/blog.zeit.de\/nsu-prozess-blog\/2018\/07\/09\/medienlog-urteil-zschaepe-nsu\/\",\"url\":\"https:\/\/blog.zeit.de\/nsu-prozess-blog\/2018\/07\/09\/medienlog-urteil-zschaepe-nsu\/\",\"name\":\"NSU-Prozess im Endspurt \u2013 Das Medienlog vom Montag, 9. Juli 2018 - Das NSU-Prozess-Blog\",\"isPartOf\":{\"@id\":\"https:\/\/blog.zeit.de\/nsu-prozess-blog\/#website\"},\"datePublished\":\"2018-07-09T09:01:04+00:00\",\"dateModified\":\"2018-07-09T10:48:19+00:00\",\"author\":{\"@id\":\"https:\/\/blog.zeit.de\/nsu-prozess-blog\/#\/schema\/person\/553ea9bb5d1fc2ae054c589bd59380a5\"},\"breadcrumb\":{\"@id\":\"https:\/\/blog.zeit.de\/nsu-prozess-blog\/2018\/07\/09\/medienlog-urteil-zschaepe-nsu\/#breadcrumb\"},\"inLanguage\":\"de\",\"potentialAction\":[{\"@type\":\"ReadAction\",\"target\":[\"https:\/\/blog.zeit.de\/nsu-prozess-blog\/2018\/07\/09\/medienlog-urteil-zschaepe-nsu\/\"]}]},{\"@type\":\"BreadcrumbList\",\"@id\":\"https:\/\/blog.zeit.de\/nsu-prozess-blog\/2018\/07\/09\/medienlog-urteil-zschaepe-nsu\/#breadcrumb\",\"itemListElement\":[{\"@type\":\"ListItem\",\"position\":1,\"name\":\"Startseite\",\"item\":\"https:\/\/blog.zeit.de\/nsu-prozess-blog\/\"},{\"@type\":\"ListItem\",\"position\":2,\"name\":\"NSU-Prozess im Endspurt \u2013 Das Medienlog vom Montag, 9. Juli 2018\"}]},{\"@type\":\"WebSite\",\"@id\":\"https:\/\/blog.zeit.de\/nsu-prozess-blog\/#website\",\"url\":\"https:\/\/blog.zeit.de\/nsu-prozess-blog\/\",\"name\":\"Das NSU-Prozess-Blog\",\"description\":\"Alle Berichte zum Terrorverfahren in M\u00fcnchen\",\"potentialAction\":[{\"@type\":\"SearchAction\",\"target\":{\"@type\":\"EntryPoint\",\"urlTemplate\":\"https:\/\/blog.zeit.de\/nsu-prozess-blog\/?s={search_term_string}\"},\"query-input\":\"required name=search_term_string\"}],\"inLanguage\":\"de\"},{\"@type\":\"Person\",\"@id\":\"https:\/\/blog.zeit.de\/nsu-prozess-blog\/#\/schema\/person\/553ea9bb5d1fc2ae054c589bd59380a5\",\"name\":\"Tom Sundermann\",\"image\":{\"@type\":\"ImageObject\",\"inLanguage\":\"de\",\"@id\":\"https:\/\/blog.zeit.de\/nsu-prozess-blog\/#\/schema\/person\/image\/\",\"url\":\"https:\/\/secure.gravatar.com\/avatar\/e108a3dc18766f719b2f797dc5d19093f06a1870c55b553ab6b7563f1f9a5e68?s=96&d=mm&r=g\",\"contentUrl\":\"https:\/\/secure.gravatar.com\/avatar\/e108a3dc18766f719b2f797dc5d19093f06a1870c55b553ab6b7563f1f9a5e68?s=96&d=mm&r=g\",\"caption\":\"Tom Sundermann\"},\"sameAs\":[\"https:\/\/twitter.com\/messeticker\"],\"url\":\"https:\/\/blog.zeit.de\/nsu-prozess-blog\/author\/tsundermann\/\"}]}<\/script>\n<!-- \/ Yoast SEO plugin. -->","yoast_head_json":{"title":"NSU-Prozess im Endspurt \u2013 Das Medienlog vom Montag, 9. Juli 2018 - Das NSU-Prozess-Blog","robots":{"index":"index","follow":"follow","max-snippet":"max-snippet:-1","max-image-preview":"max-image-preview:large","max-video-preview":"max-video-preview:-1"},"canonical":"https:\/\/blog.zeit.de\/nsu-prozess-blog\/2018\/07\/09\/medienlog-urteil-zschaepe-nsu\/","og_locale":"de_DE","og_type":"article","og_title":"NSU-Prozess im Endspurt \u2013 Das Medienlog vom Montag, 9. Juli 2018 - Das NSU-Prozess-Blog","og_description":"Vor dem Urteil im NSU-Prozess am Mittwoch steigt die Spannung. In den deutschen Medien wird im Vorfeld des Gro\u00dfereignisses bereits umfangreich analysiert und erkl\u00e4rt \u2013 trotz wachsender Ersch\u00f6pfung: Selbst die Hauptangeklagte Beate Zsch\u00e4pe verhalte sich so, &#8222;als ginge es darum, alles nur noch zu ertragen, bis es endlich vorbei ist&#8220;, beobachtet Karin Truscheit in der [&hellip;]","og_url":"https:\/\/blog.zeit.de\/nsu-prozess-blog\/2018\/07\/09\/medienlog-urteil-zschaepe-nsu\/","og_site_name":"Das NSU-Prozess-Blog","article_published_time":"2018-07-09T09:01:04+00:00","article_modified_time":"2018-07-09T10:48:19+00:00","author":"Tom Sundermann","twitter_misc":{"Geschrieben von":"Tom Sundermann","Gesch\u00e4tzte Lesezeit":"2\u00a0Minuten"},"schema":{"@context":"https:\/\/schema.org","@graph":[{"@type":"WebPage","@id":"https:\/\/blog.zeit.de\/nsu-prozess-blog\/2018\/07\/09\/medienlog-urteil-zschaepe-nsu\/","url":"https:\/\/blog.zeit.de\/nsu-prozess-blog\/2018\/07\/09\/medienlog-urteil-zschaepe-nsu\/","name":"NSU-Prozess im Endspurt \u2013 Das Medienlog vom Montag, 9. Juli 2018 - Das NSU-Prozess-Blog","isPartOf":{"@id":"https:\/\/blog.zeit.de\/nsu-prozess-blog\/#website"},"datePublished":"2018-07-09T09:01:04+00:00","dateModified":"2018-07-09T10:48:19+00:00","author":{"@id":"https:\/\/blog.zeit.de\/nsu-prozess-blog\/#\/schema\/person\/553ea9bb5d1fc2ae054c589bd59380a5"},"breadcrumb":{"@id":"https:\/\/blog.zeit.de\/nsu-prozess-blog\/2018\/07\/09\/medienlog-urteil-zschaepe-nsu\/#breadcrumb"},"inLanguage":"de","potentialAction":[{"@type":"ReadAction","target":["https:\/\/blog.zeit.de\/nsu-prozess-blog\/2018\/07\/09\/medienlog-urteil-zschaepe-nsu\/"]}]},{"@type":"BreadcrumbList","@id":"https:\/\/blog.zeit.de\/nsu-prozess-blog\/2018\/07\/09\/medienlog-urteil-zschaepe-nsu\/#breadcrumb","itemListElement":[{"@type":"ListItem","position":1,"name":"Startseite","item":"https:\/\/blog.zeit.de\/nsu-prozess-blog\/"},{"@type":"ListItem","position":2,"name":"NSU-Prozess im Endspurt \u2013 Das Medienlog vom Montag, 9. Juli 2018"}]},{"@type":"WebSite","@id":"https:\/\/blog.zeit.de\/nsu-prozess-blog\/#website","url":"https:\/\/blog.zeit.de\/nsu-prozess-blog\/","name":"Das NSU-Prozess-Blog","description":"Alle Berichte zum Terrorverfahren in M\u00fcnchen","potentialAction":[{"@type":"SearchAction","target":{"@type":"EntryPoint","urlTemplate":"https:\/\/blog.zeit.de\/nsu-prozess-blog\/?s={search_term_string}"},"query-input":"required name=search_term_string"}],"inLanguage":"de"},{"@type":"Person","@id":"https:\/\/blog.zeit.de\/nsu-prozess-blog\/#\/schema\/person\/553ea9bb5d1fc2ae054c589bd59380a5","name":"Tom Sundermann","image":{"@type":"ImageObject","inLanguage":"de","@id":"https:\/\/blog.zeit.de\/nsu-prozess-blog\/#\/schema\/person\/image\/","url":"https:\/\/secure.gravatar.com\/avatar\/e108a3dc18766f719b2f797dc5d19093f06a1870c55b553ab6b7563f1f9a5e68?s=96&d=mm&r=g","contentUrl":"https:\/\/secure.gravatar.com\/avatar\/e108a3dc18766f719b2f797dc5d19093f06a1870c55b553ab6b7563f1f9a5e68?s=96&d=mm&r=g","caption":"Tom Sundermann"},"sameAs":["https:\/\/twitter.com\/messeticker"],"url":"https:\/\/blog.zeit.de\/nsu-prozess-blog\/author\/tsundermann\/"}]}},"jetpack_featured_media_url":"","jetpack_sharing_enabled":true,"_links":{"self":[{"href":"https:\/\/blog.zeit.de\/nsu-prozess-blog\/wp-json\/wp\/v2\/posts\/15080","targetHints":{"allow":["GET"]}}],"collection":[{"href":"https:\/\/blog.zeit.de\/nsu-prozess-blog\/wp-json\/wp\/v2\/posts"}],"about":[{"href":"https:\/\/blog.zeit.de\/nsu-prozess-blog\/wp-json\/wp\/v2\/types\/post"}],"author":[{"embeddable":true,"href":"https:\/\/blog.zeit.de\/nsu-prozess-blog\/wp-json\/wp\/v2\/users\/435"}],"replies":[{"embeddable":true,"href":"https:\/\/blog.zeit.de\/nsu-prozess-blog\/wp-json\/wp\/v2\/comments?post=15080"}],"version-history":[{"count":4,"href":"https:\/\/blog.zeit.de\/nsu-prozess-blog\/wp-json\/wp\/v2\/posts\/15080\/revisions"}],"predecessor-version":[{"id":15088,"href":"https:\/\/blog.zeit.de\/nsu-prozess-blog\/wp-json\/wp\/v2\/posts\/15080\/revisions\/15088"}],"wp:attachment":[{"href":"https:\/\/blog.zeit.de\/nsu-prozess-blog\/wp-json\/wp\/v2\/media?parent=15080"}],"wp:term":[{"taxonomy":"category","embeddable":true,"href":"https:\/\/blog.zeit.de\/nsu-prozess-blog\/wp-json\/wp\/v2\/categories?post=15080"},{"taxonomy":"post_tag","embeddable":true,"href":"https:\/\/blog.zeit.de\/nsu-prozess-blog\/wp-json\/wp\/v2\/tags?post=15080"}],"curies":[{"name":"wp","href":"https:\/\/api.w.org\/{rel}","templated":true}]}}