{"id":1789,"date":"2013-07-08T09:33:17","date_gmt":"2013-07-08T07:33:17","guid":{"rendered":"http:\/\/blog.zeit.de\/nsu-prozess-blog\/?p=1789"},"modified":"2013-07-09T09:58:23","modified_gmt":"2013-07-09T07:58:23","slug":"zusammenfassung-wochenende","status":"publish","type":"post","link":"https:\/\/blog.zeit.de\/nsu-prozess-blog\/2013\/07\/08\/zusammenfassung-wochenende\/","title":{"rendered":"&#8222;Ein t\u00e4terorientierter Prozess&#8220; \u2013 das NSU-Medienlog vom Montag, 8. Juli 2013"},"content":{"rendered":"<p>Auch am Wochenende war der NSU-Prozess Thema in den Medien. Dabei besch\u00e4ftigten sich zwei Berichte mit der Hauptangeklagten Beate Zsch\u00e4pe. Sowohl die <em>taz<\/em> (<a href=\"http:\/\/www.taz.de\/Beate-Zschaepe-vor-Gericht\/!119389\/\" target=\"_blank\">&#8222;Die Versteinerte&#8220;<\/a>) als auch der <em>Tagesspiegel<\/em> (<a href=\"http:\/\/www.tagesspiegel.de\/politik\/nsu-prozess-beate-zschaepe-scheint-auf-eine-buergerliche-zukunft-zu-hoffen\/8453130.html\" target=\"_blank\">&#8222;Beate Zsch\u00e4pe scheint auf eine b\u00fcrgerliche Zukunft zu hoffen&#8220;<\/a>) gehen noch einmal genauer auf das Verhalten der Angeklagten vor Gericht ein.<\/p>\n<p><!--more--><\/p>\n<p style=\"padding-left: 30px;\"><em>An jedem Werktag fassen wir im NSU-Prozess-Blog die wichtigsten Medienberichte, Blogs, Videos und Tweets zusammen. Wir freuen uns \u00fcber Hinweise via Twitter mit dem Hashtag #nsublog \u2013 oder per E-Mail an nsublog@zeit.de.<\/em><\/p>\n<p>Auf Frank Jansen vom <em>Tagesspiegel<\/em> wirkt Zsch\u00e4pe selbstbewusst, beinahe lebensfroh. Der Artikel, der auch\u00a0auf <a href=\"http:\/\/www.zeit.de\/gesellschaft\/zeitgeschehen\/2013-07\/nsu-zschaepe-zukunft\" target=\"_blank\">ZEIT ONLINE<\/a> ver\u00f6ffentlicht wurde, dreht sich vor allem um eine Bemerkung, die die Hauptangeklagte auf dem Gefangenentransport gemacht haben soll. Der sie begleitende BKA-Beamte hatte Zsch\u00e4pe von der RAF-Terroristin Susanne Albrecht erz\u00e4hlt, die nun ein <strong>b\u00fcrgerliches Leben<\/strong> f\u00fchre. Das wolle sie auch einmal, soll Zsch\u00e4pe dem Beamten daraufhin gesagt haben.<\/p>\n<p>Nach Meinung des Autors bekommt das Bild von Zsch\u00e4pe langsam mehr Farbe, obwohl sie schweige. Jansen schreibt: &#8222;Sie sieht nicht aus wie eine verbiesterte Fanatikerin, die sich auf ewig dem bewaffneten Kampf verschrieben hat.&#8220; Doch dem Journalisten bleiben Zweifel: &#8222;Zsch\u00e4pe mag auf eine b\u00fcrgerliche Perspektive hoffen, doch hat sie sich vom Rechtsextremismus gel\u00f6st? Oder will sie etwa beides kombinieren?&#8220;<\/p>\n<p>Die Aussage des BKA-Beamten am zur\u00fcckliegenden 18. Prozesstag besch\u00e4ftigt auch die t\u00fcrkischen Medien. W\u00e4hrend das Nachrichtenportal <em>Konya Haber <\/em>die Meldung aufgreift, wonach Zsch\u00e4pe eigentlich aussagen wollte, ihr Anwalt sie aber davon abgehalten habe, kritisiert die Tageszeitung <a href=\"http:\/\/zaman-online.de\/39522\/bayan-zschaepe-kimse-hayir-diyemiyor\" target=\"_blank\"><em>Zaman<\/em><\/a> vor allem eine Bemerkung des Beamten: &#8222;Niemand kann Nein zu Beate Zsch\u00e4pe sagen&#8220;, antwortete er vor Gericht auf die Frage, warum er Zsch\u00e4pe ihre im Gefangenenbus vergessene Brille ins Gef\u00e4ngnis brachte. F\u00fcr Autor \u015eevket Duman ist dies ein Hinweis darauf, dass zum einen dieser eine Beamte <strong>Zsch\u00e4pe sympathisch<\/strong> fand und zum anderen viele beim Verfassungsschutz der Angeklagten wohl gesonnen waren.<\/p>\n<p>Mit einem Interview des Nebenkl\u00e4ger-Anwalts Bernd Behnke wartet die <a href=\"http:\/\/www.badische-zeitung.de\/suedwest-1\/interview-am-samstag-das-ist-die-berufliche-ehre--73367547.html\" target=\"_blank\"><em>Badische Zeitung<\/em><\/a> auf. Behnke vertritt den Bruder des 2004 ermordeten Mehmet Turgut und <strong>kritisiert den Prozess als t\u00e4terorientiert.<\/strong> Die Interessen der T\u00e4ter w\u00fcrden intensiver betrachtet als die der Opfer. Dadurch blieben die Interessen der Opfer oft auf der Strecke. Insgesamt werde sein Mandant deshalb von dem Verfahren entt\u00e4uscht sein.<\/p>\n<p>Dennoch seien die Erwartungen hoch: Sein Mandant, so Behnke, will vom Prozess Gerechtigkeit, auch wenn er das Vertrauen in die deutschen Ermittlungsbeh\u00f6rden verloren habe. Au\u00dferdem hoffe er, dass sich die mutma\u00dflichen T\u00e4ter bei ihm entschuldigen. Auf die Frage hin, wie der Prozess seiner Meinung nach weitergehe, sagt Behnke: &#8222;Ich glaube, Zsch\u00e4pe wird sich irgendwann ohne Vorwarnung zu Wort melden. Ob sie sich entschuldigt, wie es mein Mandant erhofft, wei\u00df niemand.&#8220;<\/p>\n<p>Die englischsprachigen Onlinemedien berichten nach wie vor nicht \u00fcber den NSU-Prozess.<\/p>\n<p><em>Das n\u00e4chste Medienlog erscheint am Dienstag, den 9. Juli.<\/em><\/p>\n","protected":false},"excerpt":{"rendered":"<p>Auch am Wochenende war der NSU-Prozess Thema in den Medien. Dabei besch\u00e4ftigten sich zwei Berichte mit der Hauptangeklagten Beate Zsch\u00e4pe. Sowohl die taz (&#8222;Die Versteinerte&#8220;) als auch der Tagesspiegel (&#8222;Beate Zsch\u00e4pe scheint auf eine b\u00fcrgerliche Zukunft zu hoffen&#8220;) gehen noch einmal genauer auf das Verhalten der Angeklagten vor Gericht ein.<\/p>\n","protected":false},"author":410,"featured_media":0,"comment_status":"open","ping_status":"open","sticky":false,"template":"","format":"standard","meta":{"_jetpack_memberships_contains_paid_content":false,"footnotes":""},"categories":[27531],"tags":[17793,27562],"class_list":["post-1789","post","type-post","status-publish","format-standard","hentry","category-medienschau","tag-beate-zschape","tag-bka"],"yoast_head":"<!-- This site is optimized with the Yoast SEO plugin v21.0 - https:\/\/yoast.com\/wordpress\/plugins\/seo\/ -->\n<title>&quot;Ein t\u00e4terorientierter Prozess&quot; \u2013 das NSU-Medienlog vom Montag, 8. Juli 2013 - Das NSU-Prozess-Blog<\/title>\n<meta name=\"robots\" content=\"index, follow, max-snippet:-1, max-image-preview:large, max-video-preview:-1\" \/>\n<link rel=\"canonical\" href=\"https:\/\/blog.zeit.de\/nsu-prozess-blog\/2013\/07\/08\/zusammenfassung-wochenende\/\" \/>\n<meta property=\"og:locale\" content=\"de_DE\" \/>\n<meta property=\"og:type\" content=\"article\" \/>\n<meta property=\"og:title\" content=\"&quot;Ein t\u00e4terorientierter Prozess&quot; \u2013 das NSU-Medienlog vom Montag, 8. Juli 2013 - Das NSU-Prozess-Blog\" \/>\n<meta property=\"og:description\" content=\"Auch am Wochenende war der NSU-Prozess Thema in den Medien. Dabei besch\u00e4ftigten sich zwei Berichte mit der Hauptangeklagten Beate Zsch\u00e4pe. Sowohl die taz (&#8222;Die Versteinerte&#8220;) als auch der Tagesspiegel (&#8222;Beate Zsch\u00e4pe scheint auf eine b\u00fcrgerliche Zukunft zu hoffen&#8220;) gehen noch einmal genauer auf das Verhalten der Angeklagten vor Gericht ein.\" \/>\n<meta property=\"og:url\" content=\"https:\/\/blog.zeit.de\/nsu-prozess-blog\/2013\/07\/08\/zusammenfassung-wochenende\/\" \/>\n<meta property=\"og:site_name\" content=\"Das NSU-Prozess-Blog\" \/>\n<meta property=\"article:published_time\" content=\"2013-07-08T07:33:17+00:00\" \/>\n<meta property=\"article:modified_time\" content=\"2013-07-09T07:58:23+00:00\" \/>\n<meta name=\"author\" content=\"Mirjam Schmitt\" \/>\n<meta name=\"twitter:label1\" content=\"Geschrieben von\" \/>\n\t<meta name=\"twitter:data1\" content=\"Mirjam Schmitt\" \/>\n\t<meta name=\"twitter:label2\" content=\"Gesch\u00e4tzte Lesezeit\" \/>\n\t<meta name=\"twitter:data2\" content=\"2\u00a0Minuten\" \/>\n<script type=\"application\/ld+json\" class=\"yoast-schema-graph\">{\"@context\":\"https:\/\/schema.org\",\"@graph\":[{\"@type\":\"WebPage\",\"@id\":\"https:\/\/blog.zeit.de\/nsu-prozess-blog\/2013\/07\/08\/zusammenfassung-wochenende\/\",\"url\":\"https:\/\/blog.zeit.de\/nsu-prozess-blog\/2013\/07\/08\/zusammenfassung-wochenende\/\",\"name\":\"\\\"Ein t\u00e4terorientierter Prozess\\\" \u2013 das NSU-Medienlog vom Montag, 8. Juli 2013 - Das NSU-Prozess-Blog\",\"isPartOf\":{\"@id\":\"https:\/\/blog.zeit.de\/nsu-prozess-blog\/#website\"},\"datePublished\":\"2013-07-08T07:33:17+00:00\",\"dateModified\":\"2013-07-09T07:58:23+00:00\",\"author\":{\"@id\":\"https:\/\/blog.zeit.de\/nsu-prozess-blog\/#\/schema\/person\/45acffb344ee326a2ebea3f5c0ad3ae8\"},\"breadcrumb\":{\"@id\":\"https:\/\/blog.zeit.de\/nsu-prozess-blog\/2013\/07\/08\/zusammenfassung-wochenende\/#breadcrumb\"},\"inLanguage\":\"de\",\"potentialAction\":[{\"@type\":\"ReadAction\",\"target\":[\"https:\/\/blog.zeit.de\/nsu-prozess-blog\/2013\/07\/08\/zusammenfassung-wochenende\/\"]}]},{\"@type\":\"BreadcrumbList\",\"@id\":\"https:\/\/blog.zeit.de\/nsu-prozess-blog\/2013\/07\/08\/zusammenfassung-wochenende\/#breadcrumb\",\"itemListElement\":[{\"@type\":\"ListItem\",\"position\":1,\"name\":\"Startseite\",\"item\":\"https:\/\/blog.zeit.de\/nsu-prozess-blog\/\"},{\"@type\":\"ListItem\",\"position\":2,\"name\":\"&#8222;Ein t\u00e4terorientierter Prozess&#8220; \u2013 das NSU-Medienlog vom Montag, 8. Juli 2013\"}]},{\"@type\":\"WebSite\",\"@id\":\"https:\/\/blog.zeit.de\/nsu-prozess-blog\/#website\",\"url\":\"https:\/\/blog.zeit.de\/nsu-prozess-blog\/\",\"name\":\"Das NSU-Prozess-Blog\",\"description\":\"Alle Berichte zum Terrorverfahren in M\u00fcnchen\",\"potentialAction\":[{\"@type\":\"SearchAction\",\"target\":{\"@type\":\"EntryPoint\",\"urlTemplate\":\"https:\/\/blog.zeit.de\/nsu-prozess-blog\/?s={search_term_string}\"},\"query-input\":\"required name=search_term_string\"}],\"inLanguage\":\"de\"},{\"@type\":\"Person\",\"@id\":\"https:\/\/blog.zeit.de\/nsu-prozess-blog\/#\/schema\/person\/45acffb344ee326a2ebea3f5c0ad3ae8\",\"name\":\"Mirjam Schmitt\",\"image\":{\"@type\":\"ImageObject\",\"inLanguage\":\"de\",\"@id\":\"https:\/\/blog.zeit.de\/nsu-prozess-blog\/#\/schema\/person\/image\/\",\"url\":\"https:\/\/secure.gravatar.com\/avatar\/21ea3e922b6404f0cab7bb919e2b401850e5cef2e7155dba6caa935b66c5688b?s=96&d=mm&r=g\",\"contentUrl\":\"https:\/\/secure.gravatar.com\/avatar\/21ea3e922b6404f0cab7bb919e2b401850e5cef2e7155dba6caa935b66c5688b?s=96&d=mm&r=g\",\"caption\":\"Mirjam Schmitt\"},\"url\":\"https:\/\/blog.zeit.de\/nsu-prozess-blog\/author\/mschmitt\/\"}]}<\/script>\n<!-- \/ Yoast SEO plugin. -->","yoast_head_json":{"title":"\"Ein t\u00e4terorientierter Prozess\" \u2013 das NSU-Medienlog vom Montag, 8. Juli 2013 - Das NSU-Prozess-Blog","robots":{"index":"index","follow":"follow","max-snippet":"max-snippet:-1","max-image-preview":"max-image-preview:large","max-video-preview":"max-video-preview:-1"},"canonical":"https:\/\/blog.zeit.de\/nsu-prozess-blog\/2013\/07\/08\/zusammenfassung-wochenende\/","og_locale":"de_DE","og_type":"article","og_title":"\"Ein t\u00e4terorientierter Prozess\" \u2013 das NSU-Medienlog vom Montag, 8. Juli 2013 - Das NSU-Prozess-Blog","og_description":"Auch am Wochenende war der NSU-Prozess Thema in den Medien. Dabei besch\u00e4ftigten sich zwei Berichte mit der Hauptangeklagten Beate Zsch\u00e4pe. Sowohl die taz (&#8222;Die Versteinerte&#8220;) als auch der Tagesspiegel (&#8222;Beate Zsch\u00e4pe scheint auf eine b\u00fcrgerliche Zukunft zu hoffen&#8220;) gehen noch einmal genauer auf das Verhalten der Angeklagten vor Gericht ein.","og_url":"https:\/\/blog.zeit.de\/nsu-prozess-blog\/2013\/07\/08\/zusammenfassung-wochenende\/","og_site_name":"Das NSU-Prozess-Blog","article_published_time":"2013-07-08T07:33:17+00:00","article_modified_time":"2013-07-09T07:58:23+00:00","author":"Mirjam Schmitt","twitter_misc":{"Geschrieben von":"Mirjam Schmitt","Gesch\u00e4tzte Lesezeit":"2\u00a0Minuten"},"schema":{"@context":"https:\/\/schema.org","@graph":[{"@type":"WebPage","@id":"https:\/\/blog.zeit.de\/nsu-prozess-blog\/2013\/07\/08\/zusammenfassung-wochenende\/","url":"https:\/\/blog.zeit.de\/nsu-prozess-blog\/2013\/07\/08\/zusammenfassung-wochenende\/","name":"\"Ein t\u00e4terorientierter Prozess\" \u2013 das NSU-Medienlog vom Montag, 8. Juli 2013 - Das NSU-Prozess-Blog","isPartOf":{"@id":"https:\/\/blog.zeit.de\/nsu-prozess-blog\/#website"},"datePublished":"2013-07-08T07:33:17+00:00","dateModified":"2013-07-09T07:58:23+00:00","author":{"@id":"https:\/\/blog.zeit.de\/nsu-prozess-blog\/#\/schema\/person\/45acffb344ee326a2ebea3f5c0ad3ae8"},"breadcrumb":{"@id":"https:\/\/blog.zeit.de\/nsu-prozess-blog\/2013\/07\/08\/zusammenfassung-wochenende\/#breadcrumb"},"inLanguage":"de","potentialAction":[{"@type":"ReadAction","target":["https:\/\/blog.zeit.de\/nsu-prozess-blog\/2013\/07\/08\/zusammenfassung-wochenende\/"]}]},{"@type":"BreadcrumbList","@id":"https:\/\/blog.zeit.de\/nsu-prozess-blog\/2013\/07\/08\/zusammenfassung-wochenende\/#breadcrumb","itemListElement":[{"@type":"ListItem","position":1,"name":"Startseite","item":"https:\/\/blog.zeit.de\/nsu-prozess-blog\/"},{"@type":"ListItem","position":2,"name":"&#8222;Ein t\u00e4terorientierter Prozess&#8220; \u2013 das NSU-Medienlog vom Montag, 8. Juli 2013"}]},{"@type":"WebSite","@id":"https:\/\/blog.zeit.de\/nsu-prozess-blog\/#website","url":"https:\/\/blog.zeit.de\/nsu-prozess-blog\/","name":"Das NSU-Prozess-Blog","description":"Alle Berichte zum Terrorverfahren in M\u00fcnchen","potentialAction":[{"@type":"SearchAction","target":{"@type":"EntryPoint","urlTemplate":"https:\/\/blog.zeit.de\/nsu-prozess-blog\/?s={search_term_string}"},"query-input":"required name=search_term_string"}],"inLanguage":"de"},{"@type":"Person","@id":"https:\/\/blog.zeit.de\/nsu-prozess-blog\/#\/schema\/person\/45acffb344ee326a2ebea3f5c0ad3ae8","name":"Mirjam Schmitt","image":{"@type":"ImageObject","inLanguage":"de","@id":"https:\/\/blog.zeit.de\/nsu-prozess-blog\/#\/schema\/person\/image\/","url":"https:\/\/secure.gravatar.com\/avatar\/21ea3e922b6404f0cab7bb919e2b401850e5cef2e7155dba6caa935b66c5688b?s=96&d=mm&r=g","contentUrl":"https:\/\/secure.gravatar.com\/avatar\/21ea3e922b6404f0cab7bb919e2b401850e5cef2e7155dba6caa935b66c5688b?s=96&d=mm&r=g","caption":"Mirjam Schmitt"},"url":"https:\/\/blog.zeit.de\/nsu-prozess-blog\/author\/mschmitt\/"}]}},"jetpack_featured_media_url":"","jetpack_sharing_enabled":true,"_links":{"self":[{"href":"https:\/\/blog.zeit.de\/nsu-prozess-blog\/wp-json\/wp\/v2\/posts\/1789","targetHints":{"allow":["GET"]}}],"collection":[{"href":"https:\/\/blog.zeit.de\/nsu-prozess-blog\/wp-json\/wp\/v2\/posts"}],"about":[{"href":"https:\/\/blog.zeit.de\/nsu-prozess-blog\/wp-json\/wp\/v2\/types\/post"}],"author":[{"embeddable":true,"href":"https:\/\/blog.zeit.de\/nsu-prozess-blog\/wp-json\/wp\/v2\/users\/410"}],"replies":[{"embeddable":true,"href":"https:\/\/blog.zeit.de\/nsu-prozess-blog\/wp-json\/wp\/v2\/comments?post=1789"}],"version-history":[{"count":17,"href":"https:\/\/blog.zeit.de\/nsu-prozess-blog\/wp-json\/wp\/v2\/posts\/1789\/revisions"}],"predecessor-version":[{"id":1835,"href":"https:\/\/blog.zeit.de\/nsu-prozess-blog\/wp-json\/wp\/v2\/posts\/1789\/revisions\/1835"}],"wp:attachment":[{"href":"https:\/\/blog.zeit.de\/nsu-prozess-blog\/wp-json\/wp\/v2\/media?parent=1789"}],"wp:term":[{"taxonomy":"category","embeddable":true,"href":"https:\/\/blog.zeit.de\/nsu-prozess-blog\/wp-json\/wp\/v2\/categories?post=1789"},{"taxonomy":"post_tag","embeddable":true,"href":"https:\/\/blog.zeit.de\/nsu-prozess-blog\/wp-json\/wp\/v2\/tags?post=1789"}],"curies":[{"name":"wp","href":"https:\/\/api.w.org\/{rel}","templated":true}]}}