{"id":1910,"date":"2013-07-12T14:10:23","date_gmt":"2013-07-12T12:10:23","guid":{"rendered":"http:\/\/blog.zeit.de\/nsu-prozess-blog\/?p=1910"},"modified":"2013-07-13T11:18:51","modified_gmt":"2013-07-13T09:18:51","slug":"habil-kilic","status":"publish","type":"post","link":"https:\/\/blog.zeit.de\/nsu-prozess-blog\/2013\/07\/12\/habil-kilic\/","title":{"rendered":"Emotionen und ein Missverst\u00e4dnis \u2013 das Medienlog vom Freitag, 11. Juli 2013"},"content":{"rendered":"<p>Die Berichte \u00fcber den 22. Verhandlungstag drehten sich vor allem um die Aussagen von Pinar Kili\u00e7, der Witwe des 2001 in M\u00fcnchen ermordeten Habil Kili\u00e7 und dessen Schwiegermutter. Alle Autoren berichteten von einem emotionalen Tag im Gerichtssaal. Ebenfalls Thema war die Aussage von Josef Wilfing, ehemaliger Leiter der M\u00fcnchner Mordkommission.<\/p>\n<p><!--more--><\/p>\n<p style=\"padding-left: 30px;\"><em>An jedem Werktag fassen wir im NSU-Prozess-Blog die wichtigsten Medienberichte, Blogs, Videos und Tweets zusammen. Wir freuen uns \u00fcber Hinweise via Twitter mit dem Hashtag #nsublog \u2013 oder per E-Mail an nsublog@zeit.de.<\/em><\/p>\n<p>Lena Kampf schildert auf <a href=\"http:\/\/www.stern.de\/politik\/deutschland\/nsu-prozess-ein-grosses-missverstaendnis-2037269.html\" target=\"_blank\"><em>stern.de<\/em><\/a> den Verhandlungstag zun\u00e4chst aus der Sicht der Witwe Pinar Kili\u00e7: &#8222;Sie versteht nicht, warum sie das alles hier noch einmal erz\u00e4hlen soll.&#8220; Sie habe das alles doch schon so oft berichtet und wurde wieder und wieder von der Polizei vernommen. Die Autorin findet, dass die erste Zeugenvernehmung einer Hinterbliebenen ein<strong> &#8222;schier unertr\u00e4gliches Missverst\u00e4ndnis&#8220;<\/strong> sei. Der Vorsitzende Richter G\u00f6tzl wolle den Geschichten der Opfer Raum geben, doch die Wunden der Pinar Kili\u00e7 seien allzu deutlich und sie fasse die Fragen des Richters sofort als Ausfragen auf. &#8222;Pinar Kili\u00e7 wurde augenscheinlich schlecht vorbereitet auf das, was sie hier erwartet&#8220;, schreibt die Autorin.<\/p>\n<p><strong>Eine Schablone, die nicht passt:<\/strong> Um die Aussage von Josef Wilfing drehte sich der Artikel von Albert Sch\u00e4ffer in der <a href=\"http:\/\/www.faz.net\/aktuell\/politik\/nsu-prozess\/nsu-prozess-2013-ist-nicht-2001-12278830.html\" target=\"_blank\"><em>Frankfurter Allgemeinen Zeitung<\/em><\/a> (&#8222;2013 ist nicht 2001&#8220;). Diese habe immer wieder zur gleichen Frage gef\u00fchrt: &#8222;Warum ging die Polizei nicht sorgf\u00e4ltiger m\u00f6glichen rechtsextremen Motiven nach?&#8220; Hilfing habe das damit begr\u00fcndet, dass es damals keine Hinweise darauf gab, die kaltbl\u00fctige Ausf\u00fchrung der Morde habe etwa nicht zu vergangenen rechtsextremistischen Taten gepasst.<\/p>\n<p>&#8222;Ein wenig bekommt man das Gef\u00fchl, mit Wilfling sitze nicht ein Zeuge, sondern ein weiterer Angeklagter in M\u00fcnchen vor Gericht&#8220;, schreibt Anna Fischhaber in der <a href=\"http:\/\/www.sueddeutsche.de\/politik\/nsu-mord-in-muenchen-vor-gericht-neonazis-auf-dem-fahrrad-1.1719246\" target=\"_blank\"><em>S\u00fcddeutschen Zeitung<\/em><\/a>. Insgesamt sei die Stimmung im Gerichtssaal aufgeheizt gewesen. Einige Fragen des Richters an die Witwe Pinar\u00a0Kili\u00e7 h\u00e4tten zudem seltsam gewirkt.<\/p>\n<p>Vom 22. Verhandlungstag berichteten ebenfalls der <a href=\"http:\/\/www.thueringer-allgemeine.de\/startseite\/detail\/-\/specific\/Eine-professionelle-Hinrichtung-Gericht-verhandelt-4-NSU-Mord-1405290276\" target=\"_blank\"><em>Tagesspiegel<\/em><\/a> (&#8222;Wortgefechte und merkw\u00fcrdige Zeugenaussagen&#8220;) und <a href=\"http:\/\/www.zeit.de\/gesellschaft\/zeitgeschehen\/2013-07\/nsu-prozess-kilic-zschaepe\" target=\"_blank\">ZEIT ONLINE<\/a> (&#8222;Als w\u00e4re Habil Kili\u00e7 ein Mafioso gewesen&#8220;) sowie die WAZ und die <a href=\"http:\/\/www.thueringer-allgemeine.de\/startseite\/detail\/-\/specific\/Eine-professionelle-Hinrichtung-Gericht-verhandelt-4-NSU-Mord-1405290276\" target=\"_blank\"><em>Th\u00fcringer Allgemeine<\/em><\/a> (gleicher Text). Der Autor Martin Debes hat unter anderem mit den heutigen Besitzern des Ladens gesprochen in dem Habil Kili\u00e7 ermordet wurde, dem das jedoch sichtlich unangenehm war. In der <em><a href=\"http:\/\/www.berliner-zeitung.de\/politik\/nsu-prozess-ermittler-verteidigt-polizeiarbeit,10808018,23690852.html\" target=\"_blank\">Berliner Zeitung<\/a><\/em> konzentriert sich Autor Mirko Weber auf die Aussage Wilfingers (&#8222;Ermittler verteidigt Polizeiarbeit&#8220;), in der <a href=\"http:\/\/www.taz.de\/Nebenklaeger-beim-NSU-Prozess\/!119705\/\" target=\"_blank\"><em>taz<\/em><\/a> schreibt Autorin Marlene Halser, die Schwiegermutter des Opfers habe in &#8222;bewegenden Worten&#8220; berichet, dass ihr erst nach dreieinhalb Stunden Vernehmung vom Tod ihres Schwiegersohns berichtet worden war.<\/p>\n<style type=\"text\/css\"><!--\nP { margin-bottom: 0.21cm; }A:link {  }\n--><\/style>\n<p>Auf die Aussage von Josef Wilfing konzentriert sich auch Y\u00fccel \u00d6zdemir in seinem Artikel f\u00fcr die t\u00fcrkische Zeitung <em><a href=\"http:\/\/evrensel.net\/news.php?id=61881\" target=\"_blank\">Evrensel<\/a><\/em>. Besonders bemerkenswert findet er die Tatsache, dass man die beiden mutma\u00dflichen M\u00f6rder damals als Zeugen gesucht habe.<\/p>\n<p>Das t\u00fcrkischsprachige Online-Portal <a href=\"http:\/\/www.dunyabulteni.net\/?aType=haber&amp;ArticleID=266950\" target=\"_blank\"><em>d\u00fcnya b\u00fclenti<\/em><\/a> ver\u00f6ffentlicht ebenfalls eine Zusammenfassung des Prozesstages.<\/p>\n<p><em>Das n\u00e4chste Medienlog erscheint am Montag, den 14. Juli.<\/em><\/p>\n<p>&nbsp;<\/p>\n","protected":false},"excerpt":{"rendered":"<p>Die Berichte \u00fcber den 22. Verhandlungstag drehten sich vor allem um die Aussagen von Pinar Kili\u00e7, der Witwe des 2001 in M\u00fcnchen ermordeten Habil Kili\u00e7 und dessen Schwiegermutter. Alle Autoren berichteten von einem emotionalen Tag im Gerichtssaal. Ebenfalls Thema war die Aussage von Josef Wilfing, ehemaliger Leiter der M\u00fcnchner Mordkommission.<\/p>\n","protected":false},"author":410,"featured_media":0,"comment_status":"closed","ping_status":"closed","sticky":false,"template":"","format":"standard","meta":{"_jetpack_memberships_contains_paid_content":false,"footnotes":""},"categories":[27531],"tags":[17793,27572],"class_list":["post-1910","post","type-post","status-publish","format-standard","hentry","category-medienschau","tag-beate-zschape","tag-habil-kilic"],"yoast_head":"<!-- This site is optimized with the Yoast SEO plugin v21.0 - https:\/\/yoast.com\/wordpress\/plugins\/seo\/ -->\n<title>Emotionen und ein Missverst\u00e4dnis \u2013 das Medienlog vom Freitag, 11. Juli 2013 - Das NSU-Prozess-Blog<\/title>\n<meta name=\"robots\" content=\"index, follow, max-snippet:-1, max-image-preview:large, max-video-preview:-1\" \/>\n<link rel=\"canonical\" href=\"https:\/\/blog.zeit.de\/nsu-prozess-blog\/2013\/07\/12\/habil-kilic\/\" \/>\n<meta property=\"og:locale\" content=\"de_DE\" \/>\n<meta property=\"og:type\" content=\"article\" \/>\n<meta property=\"og:title\" content=\"Emotionen und ein Missverst\u00e4dnis \u2013 das Medienlog vom Freitag, 11. Juli 2013 - Das NSU-Prozess-Blog\" \/>\n<meta property=\"og:description\" content=\"Die Berichte \u00fcber den 22. Verhandlungstag drehten sich vor allem um die Aussagen von Pinar Kili\u00e7, der Witwe des 2001 in M\u00fcnchen ermordeten Habil Kili\u00e7 und dessen Schwiegermutter. Alle Autoren berichteten von einem emotionalen Tag im Gerichtssaal. Ebenfalls Thema war die Aussage von Josef Wilfing, ehemaliger Leiter der M\u00fcnchner Mordkommission.\" \/>\n<meta property=\"og:url\" content=\"https:\/\/blog.zeit.de\/nsu-prozess-blog\/2013\/07\/12\/habil-kilic\/\" \/>\n<meta property=\"og:site_name\" content=\"Das NSU-Prozess-Blog\" \/>\n<meta property=\"article:published_time\" content=\"2013-07-12T12:10:23+00:00\" \/>\n<meta property=\"article:modified_time\" content=\"2013-07-13T09:18:51+00:00\" \/>\n<meta name=\"author\" content=\"Mirjam Schmitt\" \/>\n<meta name=\"twitter:label1\" content=\"Geschrieben von\" \/>\n\t<meta name=\"twitter:data1\" content=\"Mirjam Schmitt\" \/>\n\t<meta name=\"twitter:label2\" content=\"Gesch\u00e4tzte Lesezeit\" \/>\n\t<meta name=\"twitter:data2\" content=\"2\u00a0Minuten\" \/>\n<script type=\"application\/ld+json\" class=\"yoast-schema-graph\">{\"@context\":\"https:\/\/schema.org\",\"@graph\":[{\"@type\":\"WebPage\",\"@id\":\"https:\/\/blog.zeit.de\/nsu-prozess-blog\/2013\/07\/12\/habil-kilic\/\",\"url\":\"https:\/\/blog.zeit.de\/nsu-prozess-blog\/2013\/07\/12\/habil-kilic\/\",\"name\":\"Emotionen und ein Missverst\u00e4dnis \u2013 das Medienlog vom Freitag, 11. Juli 2013 - Das NSU-Prozess-Blog\",\"isPartOf\":{\"@id\":\"https:\/\/blog.zeit.de\/nsu-prozess-blog\/#website\"},\"datePublished\":\"2013-07-12T12:10:23+00:00\",\"dateModified\":\"2013-07-13T09:18:51+00:00\",\"author\":{\"@id\":\"https:\/\/blog.zeit.de\/nsu-prozess-blog\/#\/schema\/person\/45acffb344ee326a2ebea3f5c0ad3ae8\"},\"breadcrumb\":{\"@id\":\"https:\/\/blog.zeit.de\/nsu-prozess-blog\/2013\/07\/12\/habil-kilic\/#breadcrumb\"},\"inLanguage\":\"de\",\"potentialAction\":[{\"@type\":\"ReadAction\",\"target\":[\"https:\/\/blog.zeit.de\/nsu-prozess-blog\/2013\/07\/12\/habil-kilic\/\"]}]},{\"@type\":\"BreadcrumbList\",\"@id\":\"https:\/\/blog.zeit.de\/nsu-prozess-blog\/2013\/07\/12\/habil-kilic\/#breadcrumb\",\"itemListElement\":[{\"@type\":\"ListItem\",\"position\":1,\"name\":\"Startseite\",\"item\":\"https:\/\/blog.zeit.de\/nsu-prozess-blog\/\"},{\"@type\":\"ListItem\",\"position\":2,\"name\":\"Emotionen und ein Missverst\u00e4dnis \u2013 das Medienlog vom Freitag, 11. Juli 2013\"}]},{\"@type\":\"WebSite\",\"@id\":\"https:\/\/blog.zeit.de\/nsu-prozess-blog\/#website\",\"url\":\"https:\/\/blog.zeit.de\/nsu-prozess-blog\/\",\"name\":\"Das NSU-Prozess-Blog\",\"description\":\"Alle Berichte zum Terrorverfahren in M\u00fcnchen\",\"potentialAction\":[{\"@type\":\"SearchAction\",\"target\":{\"@type\":\"EntryPoint\",\"urlTemplate\":\"https:\/\/blog.zeit.de\/nsu-prozess-blog\/?s={search_term_string}\"},\"query-input\":\"required name=search_term_string\"}],\"inLanguage\":\"de\"},{\"@type\":\"Person\",\"@id\":\"https:\/\/blog.zeit.de\/nsu-prozess-blog\/#\/schema\/person\/45acffb344ee326a2ebea3f5c0ad3ae8\",\"name\":\"Mirjam Schmitt\",\"image\":{\"@type\":\"ImageObject\",\"inLanguage\":\"de\",\"@id\":\"https:\/\/blog.zeit.de\/nsu-prozess-blog\/#\/schema\/person\/image\/\",\"url\":\"https:\/\/secure.gravatar.com\/avatar\/21ea3e922b6404f0cab7bb919e2b401850e5cef2e7155dba6caa935b66c5688b?s=96&d=mm&r=g\",\"contentUrl\":\"https:\/\/secure.gravatar.com\/avatar\/21ea3e922b6404f0cab7bb919e2b401850e5cef2e7155dba6caa935b66c5688b?s=96&d=mm&r=g\",\"caption\":\"Mirjam Schmitt\"},\"url\":\"https:\/\/blog.zeit.de\/nsu-prozess-blog\/author\/mschmitt\/\"}]}<\/script>\n<!-- \/ Yoast SEO plugin. -->","yoast_head_json":{"title":"Emotionen und ein Missverst\u00e4dnis \u2013 das Medienlog vom Freitag, 11. Juli 2013 - Das NSU-Prozess-Blog","robots":{"index":"index","follow":"follow","max-snippet":"max-snippet:-1","max-image-preview":"max-image-preview:large","max-video-preview":"max-video-preview:-1"},"canonical":"https:\/\/blog.zeit.de\/nsu-prozess-blog\/2013\/07\/12\/habil-kilic\/","og_locale":"de_DE","og_type":"article","og_title":"Emotionen und ein Missverst\u00e4dnis \u2013 das Medienlog vom Freitag, 11. Juli 2013 - Das NSU-Prozess-Blog","og_description":"Die Berichte \u00fcber den 22. Verhandlungstag drehten sich vor allem um die Aussagen von Pinar Kili\u00e7, der Witwe des 2001 in M\u00fcnchen ermordeten Habil Kili\u00e7 und dessen Schwiegermutter. Alle Autoren berichteten von einem emotionalen Tag im Gerichtssaal. Ebenfalls Thema war die Aussage von Josef Wilfing, ehemaliger Leiter der M\u00fcnchner Mordkommission.","og_url":"https:\/\/blog.zeit.de\/nsu-prozess-blog\/2013\/07\/12\/habil-kilic\/","og_site_name":"Das NSU-Prozess-Blog","article_published_time":"2013-07-12T12:10:23+00:00","article_modified_time":"2013-07-13T09:18:51+00:00","author":"Mirjam Schmitt","twitter_misc":{"Geschrieben von":"Mirjam Schmitt","Gesch\u00e4tzte Lesezeit":"2\u00a0Minuten"},"schema":{"@context":"https:\/\/schema.org","@graph":[{"@type":"WebPage","@id":"https:\/\/blog.zeit.de\/nsu-prozess-blog\/2013\/07\/12\/habil-kilic\/","url":"https:\/\/blog.zeit.de\/nsu-prozess-blog\/2013\/07\/12\/habil-kilic\/","name":"Emotionen und ein Missverst\u00e4dnis \u2013 das Medienlog vom Freitag, 11. Juli 2013 - Das NSU-Prozess-Blog","isPartOf":{"@id":"https:\/\/blog.zeit.de\/nsu-prozess-blog\/#website"},"datePublished":"2013-07-12T12:10:23+00:00","dateModified":"2013-07-13T09:18:51+00:00","author":{"@id":"https:\/\/blog.zeit.de\/nsu-prozess-blog\/#\/schema\/person\/45acffb344ee326a2ebea3f5c0ad3ae8"},"breadcrumb":{"@id":"https:\/\/blog.zeit.de\/nsu-prozess-blog\/2013\/07\/12\/habil-kilic\/#breadcrumb"},"inLanguage":"de","potentialAction":[{"@type":"ReadAction","target":["https:\/\/blog.zeit.de\/nsu-prozess-blog\/2013\/07\/12\/habil-kilic\/"]}]},{"@type":"BreadcrumbList","@id":"https:\/\/blog.zeit.de\/nsu-prozess-blog\/2013\/07\/12\/habil-kilic\/#breadcrumb","itemListElement":[{"@type":"ListItem","position":1,"name":"Startseite","item":"https:\/\/blog.zeit.de\/nsu-prozess-blog\/"},{"@type":"ListItem","position":2,"name":"Emotionen und ein Missverst\u00e4dnis \u2013 das Medienlog vom Freitag, 11. Juli 2013"}]},{"@type":"WebSite","@id":"https:\/\/blog.zeit.de\/nsu-prozess-blog\/#website","url":"https:\/\/blog.zeit.de\/nsu-prozess-blog\/","name":"Das NSU-Prozess-Blog","description":"Alle Berichte zum Terrorverfahren in M\u00fcnchen","potentialAction":[{"@type":"SearchAction","target":{"@type":"EntryPoint","urlTemplate":"https:\/\/blog.zeit.de\/nsu-prozess-blog\/?s={search_term_string}"},"query-input":"required name=search_term_string"}],"inLanguage":"de"},{"@type":"Person","@id":"https:\/\/blog.zeit.de\/nsu-prozess-blog\/#\/schema\/person\/45acffb344ee326a2ebea3f5c0ad3ae8","name":"Mirjam Schmitt","image":{"@type":"ImageObject","inLanguage":"de","@id":"https:\/\/blog.zeit.de\/nsu-prozess-blog\/#\/schema\/person\/image\/","url":"https:\/\/secure.gravatar.com\/avatar\/21ea3e922b6404f0cab7bb919e2b401850e5cef2e7155dba6caa935b66c5688b?s=96&d=mm&r=g","contentUrl":"https:\/\/secure.gravatar.com\/avatar\/21ea3e922b6404f0cab7bb919e2b401850e5cef2e7155dba6caa935b66c5688b?s=96&d=mm&r=g","caption":"Mirjam Schmitt"},"url":"https:\/\/blog.zeit.de\/nsu-prozess-blog\/author\/mschmitt\/"}]}},"jetpack_featured_media_url":"","jetpack_sharing_enabled":true,"_links":{"self":[{"href":"https:\/\/blog.zeit.de\/nsu-prozess-blog\/wp-json\/wp\/v2\/posts\/1910","targetHints":{"allow":["GET"]}}],"collection":[{"href":"https:\/\/blog.zeit.de\/nsu-prozess-blog\/wp-json\/wp\/v2\/posts"}],"about":[{"href":"https:\/\/blog.zeit.de\/nsu-prozess-blog\/wp-json\/wp\/v2\/types\/post"}],"author":[{"embeddable":true,"href":"https:\/\/blog.zeit.de\/nsu-prozess-blog\/wp-json\/wp\/v2\/users\/410"}],"replies":[{"embeddable":true,"href":"https:\/\/blog.zeit.de\/nsu-prozess-blog\/wp-json\/wp\/v2\/comments?post=1910"}],"version-history":[{"count":18,"href":"https:\/\/blog.zeit.de\/nsu-prozess-blog\/wp-json\/wp\/v2\/posts\/1910\/revisions"}],"predecessor-version":[{"id":1935,"href":"https:\/\/blog.zeit.de\/nsu-prozess-blog\/wp-json\/wp\/v2\/posts\/1910\/revisions\/1935"}],"wp:attachment":[{"href":"https:\/\/blog.zeit.de\/nsu-prozess-blog\/wp-json\/wp\/v2\/media?parent=1910"}],"wp:term":[{"taxonomy":"category","embeddable":true,"href":"https:\/\/blog.zeit.de\/nsu-prozess-blog\/wp-json\/wp\/v2\/categories?post=1910"},{"taxonomy":"post_tag","embeddable":true,"href":"https:\/\/blog.zeit.de\/nsu-prozess-blog\/wp-json\/wp\/v2\/tags?post=1910"}],"curies":[{"name":"wp","href":"https:\/\/api.w.org\/{rel}","templated":true}]}}