{"id":2312,"date":"2013-07-30T08:59:11","date_gmt":"2013-07-30T06:59:11","guid":{"rendered":"http:\/\/blog.zeit.de\/nsu-prozess-blog\/?p=2312"},"modified":"2013-07-30T14:41:25","modified_gmt":"2013-07-30T12:41:25","slug":"anja-sturm-2","status":"publish","type":"post","link":"https:\/\/blog.zeit.de\/nsu-prozess-blog\/2013\/07\/30\/anja-sturm-2\/","title":{"rendered":"Ein Mandat mit Folgen \u2013 das Medienlog vom Dienstag, 30. Juli 2013"},"content":{"rendered":"<p>Heute geht der NSU-Prozess <a href=\"https:\/\/blog.zeit.de\/nsu-prozess-blog\/2013\/07\/30\/29-prozesstag-wohnungsbrand-in-zwickau\/\">mit dem 29. Verhandlungstag<\/a> weiter. Dies war in den Medien allerdings (noch) kein Thema. Stattdessen ging es, wie bereits gestern und am Wochenende, um Anja Sturm, die ihr Mandat f\u00fcr die NSU-Hauptangeklagte Beate Zsch\u00e4pe <a href=\"https:\/\/blog.zeit.de\/nsu-prozess-blog\/2013\/07\/29\/rueckschau-wochenende-3\/\">Job und Heimat gekostet hat<\/a>.<\/p>\n<p><!--more--><\/p>\n<p style=\"padding-left: 30px;\"><em>An jedem Werktag fassen wir im NSU-Prozess-Blog die wichtigsten Medienberichte, Blogs, Videos und Tweets zusammen. Wir freuen uns \u00fcber Hinweise via Twitter mit dem Hashtag #nsublog \u2013 oder per E-Mail an nsublog@zeit.de.<\/em><\/p>\n<p>Offenbar hat man der Anw\u00e4ltin diese Sorgen auch angesehen. Dies will zumindest Kai Mudra bemerkt haben, der den NSU-Prozess unter anderem f\u00fcr die <a href=\"http:\/\/www.thueringer-allgemeine.de\/web\/zgt\/rechtsterrorismus\/detail\/-\/specific\/Verteidigerin-von-Beate-Zschaepe-Anja-Sturm-ist-Ruhepol-1584760999\" target=\"_blank\"><em>Th\u00fcringer Allgemeine<\/em><\/a> beobachtet. Sturm, so Mudra, sei in der Vergangenheit stets der Ruhepol des Zsch\u00e4pe-Verteidigertrios gewesen. Doch ihre ausgeglichene Fassade sei in den vergangenen Wochen einer zunehmenden Anspannung gewichen.<\/p>\n<p>Grunds\u00e4tzlicher wird es noch einmal im entsprechenden Artikel auf <a href=\"http:\/\/www.spiegel.de\/panorama\/justiz\/zschaepe-verteidigerin-wechselt-in-heers-kanzlei-in-koeln-a-913731.html\" target=\"_blank\"><em>Spiegel Online.<\/em><\/a> Darin zitieren die drei Autoren \u2013 darunter die <em>Spiegel<\/em>-Gerichtsreporterin Gisela Friedrichsen \u2013 den Pr\u00e4sidenten der Hanseatischen Rechtsanwaltskammer Otmar Kury. Anl\u00e4sslich eines Vergewaltigungsfalls in Indien \u2013 dort waren von insgesamt 2.500 indischen Anw\u00e4lten nur drei dazu bereit, die Verteidigung der Vergewaltiger zu \u00fcbernehmen \u2013 bezeichnet Kury die Verteidigung als<strong> &#8222;Menschenrecht und zugleich Kulturgut&#8220;<\/strong>. Die Grundrechte der Rechtsordnung werden verletzt, &#8222;wenn die Anwaltschaft nicht mehr bereit ist, Menschen in einem geordneten Verfahren kompromisslos, entschieden, engagiert und standhaft beizustehen&#8220;.<\/p>\n<p>Auch der <a href=\"http:\/\/juergenpohl.wordpress.com\/2013\/07\/29\/wegen-zschape-verteidigung-rain-anja-sturm-muss-kanzlei-und-wohnort-wechseln-ein-zwischenruf\/\" target=\"_blank\">Blogger J\u00fcrgen Pohl<\/a> besch\u00e4ftigt sich mit dem Fall Sturm und kontrastiert Prozess und Ermittlungen. Denn, so Pohl, gerade weil letztere so dilettantisch verlaufen seien, sei es um so wichtiger, dass der NSU-Prozess nach den <strong>Grunds\u00e4tzen eines Rechtsstaates<\/strong> gef\u00fchrt wird. Und dazu geh\u00f6re eben auch eine Verteidigung von Beate Zsch\u00e4pe. Die schlechtere Alternative w\u00e4re dem Autor zufolge, dass nur rechtsextreme Anw\u00e4lte Mandate f\u00fcr Neonazis \u00fcbernehmen. Als Beispiel nennt Pohl Nicole Schneiders, die den Mitangeklagten Ralf Wohlleben verteidigt und als Szeneanw\u00e4ltin gilt. Pohl kritisiert zudem die &#8222;sogenannten Qualit\u00e4tsmedien&#8220;, die Anja Sturm nur Hohn und Spott entgegenbringen w\u00fcrden \u2013 ohne allerdings Beispiele zu nennen.<\/p>\n<p>&#8222;Heer und Sturm&#8220;, so berichtet es <em><a href=\"http:\/\/www.focus.de\/politik\/deutschland\/nazi-terror\/sturm-verlaesst-ihre-arbeitgeber-zschaepe-verteidiger-eroeffnen-gemeinsame-kanzlei_aid_1056697.html\" target=\"_blank\">Focus Online<\/a><\/em>, soll der Name der Kanzlei sein, f\u00fcr die Sturm demn\u00e4chst arbeiten will: Sie zieht nach K\u00f6ln und unterst\u00fctzt ihren Verteidigerkollegen Wolfgang Heer in dessen Soziet\u00e4t.<\/p>\n<p>Keine Berichte zum NSU-Prozess in den englisch- und t\u00fcrkischsprachigen Medien.<\/p>\n<p><em>Das n\u00e4chste Medienlog erscheint am Mittwoch, den 31. Juli.<\/em><\/p>\n","protected":false},"excerpt":{"rendered":"<p>Heute geht der NSU-Prozess mit dem 29. Verhandlungstag weiter. Dies war in den Medien allerdings (noch) kein Thema. Stattdessen ging es, wie bereits gestern und am Wochenende, um Anja Sturm, die ihr Mandat f\u00fcr die NSU-Hauptangeklagte Beate Zsch\u00e4pe Job und Heimat gekostet hat.<\/p>\n","protected":false},"author":410,"featured_media":0,"comment_status":"open","ping_status":"open","sticky":false,"template":"","format":"standard","meta":{"_jetpack_memberships_contains_paid_content":false,"footnotes":""},"categories":[27531],"tags":[27575],"class_list":["post-2312","post","type-post","status-publish","format-standard","hentry","category-medienschau","tag-anja-sturm"],"yoast_head":"<!-- This site is optimized with the Yoast SEO plugin v21.0 - https:\/\/yoast.com\/wordpress\/plugins\/seo\/ -->\n<title>Ein Mandat mit Folgen \u2013 das Medienlog vom Dienstag, 30. Juli 2013 - Das NSU-Prozess-Blog<\/title>\n<meta name=\"robots\" content=\"index, follow, max-snippet:-1, max-image-preview:large, max-video-preview:-1\" \/>\n<link rel=\"canonical\" href=\"https:\/\/blog.zeit.de\/nsu-prozess-blog\/2013\/07\/30\/anja-sturm-2\/\" \/>\n<meta property=\"og:locale\" content=\"de_DE\" \/>\n<meta property=\"og:type\" content=\"article\" \/>\n<meta property=\"og:title\" content=\"Ein Mandat mit Folgen \u2013 das Medienlog vom Dienstag, 30. Juli 2013 - Das NSU-Prozess-Blog\" \/>\n<meta property=\"og:description\" content=\"Heute geht der NSU-Prozess mit dem 29. Verhandlungstag weiter. Dies war in den Medien allerdings (noch) kein Thema. Stattdessen ging es, wie bereits gestern und am Wochenende, um Anja Sturm, die ihr Mandat f\u00fcr die NSU-Hauptangeklagte Beate Zsch\u00e4pe Job und Heimat gekostet hat.\" \/>\n<meta property=\"og:url\" content=\"https:\/\/blog.zeit.de\/nsu-prozess-blog\/2013\/07\/30\/anja-sturm-2\/\" \/>\n<meta property=\"og:site_name\" content=\"Das NSU-Prozess-Blog\" \/>\n<meta property=\"article:published_time\" content=\"2013-07-30T06:59:11+00:00\" \/>\n<meta property=\"article:modified_time\" content=\"2013-07-30T12:41:25+00:00\" \/>\n<meta name=\"author\" content=\"Mirjam Schmitt\" \/>\n<meta name=\"twitter:label1\" content=\"Geschrieben von\" \/>\n\t<meta name=\"twitter:data1\" content=\"Mirjam Schmitt\" \/>\n\t<meta name=\"twitter:label2\" content=\"Gesch\u00e4tzte Lesezeit\" \/>\n\t<meta name=\"twitter:data2\" content=\"2\u00a0Minuten\" \/>\n<script type=\"application\/ld+json\" class=\"yoast-schema-graph\">{\"@context\":\"https:\/\/schema.org\",\"@graph\":[{\"@type\":\"WebPage\",\"@id\":\"https:\/\/blog.zeit.de\/nsu-prozess-blog\/2013\/07\/30\/anja-sturm-2\/\",\"url\":\"https:\/\/blog.zeit.de\/nsu-prozess-blog\/2013\/07\/30\/anja-sturm-2\/\",\"name\":\"Ein Mandat mit Folgen \u2013 das Medienlog vom Dienstag, 30. Juli 2013 - Das NSU-Prozess-Blog\",\"isPartOf\":{\"@id\":\"https:\/\/blog.zeit.de\/nsu-prozess-blog\/#website\"},\"datePublished\":\"2013-07-30T06:59:11+00:00\",\"dateModified\":\"2013-07-30T12:41:25+00:00\",\"author\":{\"@id\":\"https:\/\/blog.zeit.de\/nsu-prozess-blog\/#\/schema\/person\/45acffb344ee326a2ebea3f5c0ad3ae8\"},\"breadcrumb\":{\"@id\":\"https:\/\/blog.zeit.de\/nsu-prozess-blog\/2013\/07\/30\/anja-sturm-2\/#breadcrumb\"},\"inLanguage\":\"de\",\"potentialAction\":[{\"@type\":\"ReadAction\",\"target\":[\"https:\/\/blog.zeit.de\/nsu-prozess-blog\/2013\/07\/30\/anja-sturm-2\/\"]}]},{\"@type\":\"BreadcrumbList\",\"@id\":\"https:\/\/blog.zeit.de\/nsu-prozess-blog\/2013\/07\/30\/anja-sturm-2\/#breadcrumb\",\"itemListElement\":[{\"@type\":\"ListItem\",\"position\":1,\"name\":\"Startseite\",\"item\":\"https:\/\/blog.zeit.de\/nsu-prozess-blog\/\"},{\"@type\":\"ListItem\",\"position\":2,\"name\":\"Ein Mandat mit Folgen \u2013 das Medienlog vom Dienstag, 30. Juli 2013\"}]},{\"@type\":\"WebSite\",\"@id\":\"https:\/\/blog.zeit.de\/nsu-prozess-blog\/#website\",\"url\":\"https:\/\/blog.zeit.de\/nsu-prozess-blog\/\",\"name\":\"Das NSU-Prozess-Blog\",\"description\":\"Alle Berichte zum Terrorverfahren in M\u00fcnchen\",\"potentialAction\":[{\"@type\":\"SearchAction\",\"target\":{\"@type\":\"EntryPoint\",\"urlTemplate\":\"https:\/\/blog.zeit.de\/nsu-prozess-blog\/?s={search_term_string}\"},\"query-input\":\"required name=search_term_string\"}],\"inLanguage\":\"de\"},{\"@type\":\"Person\",\"@id\":\"https:\/\/blog.zeit.de\/nsu-prozess-blog\/#\/schema\/person\/45acffb344ee326a2ebea3f5c0ad3ae8\",\"name\":\"Mirjam Schmitt\",\"image\":{\"@type\":\"ImageObject\",\"inLanguage\":\"de\",\"@id\":\"https:\/\/blog.zeit.de\/nsu-prozess-blog\/#\/schema\/person\/image\/\",\"url\":\"https:\/\/secure.gravatar.com\/avatar\/21ea3e922b6404f0cab7bb919e2b401850e5cef2e7155dba6caa935b66c5688b?s=96&d=mm&r=g\",\"contentUrl\":\"https:\/\/secure.gravatar.com\/avatar\/21ea3e922b6404f0cab7bb919e2b401850e5cef2e7155dba6caa935b66c5688b?s=96&d=mm&r=g\",\"caption\":\"Mirjam Schmitt\"},\"url\":\"https:\/\/blog.zeit.de\/nsu-prozess-blog\/author\/mschmitt\/\"}]}<\/script>\n<!-- \/ Yoast SEO plugin. -->","yoast_head_json":{"title":"Ein Mandat mit Folgen \u2013 das Medienlog vom Dienstag, 30. Juli 2013 - Das NSU-Prozess-Blog","robots":{"index":"index","follow":"follow","max-snippet":"max-snippet:-1","max-image-preview":"max-image-preview:large","max-video-preview":"max-video-preview:-1"},"canonical":"https:\/\/blog.zeit.de\/nsu-prozess-blog\/2013\/07\/30\/anja-sturm-2\/","og_locale":"de_DE","og_type":"article","og_title":"Ein Mandat mit Folgen \u2013 das Medienlog vom Dienstag, 30. Juli 2013 - Das NSU-Prozess-Blog","og_description":"Heute geht der NSU-Prozess mit dem 29. Verhandlungstag weiter. Dies war in den Medien allerdings (noch) kein Thema. Stattdessen ging es, wie bereits gestern und am Wochenende, um Anja Sturm, die ihr Mandat f\u00fcr die NSU-Hauptangeklagte Beate Zsch\u00e4pe Job und Heimat gekostet hat.","og_url":"https:\/\/blog.zeit.de\/nsu-prozess-blog\/2013\/07\/30\/anja-sturm-2\/","og_site_name":"Das NSU-Prozess-Blog","article_published_time":"2013-07-30T06:59:11+00:00","article_modified_time":"2013-07-30T12:41:25+00:00","author":"Mirjam Schmitt","twitter_misc":{"Geschrieben von":"Mirjam Schmitt","Gesch\u00e4tzte Lesezeit":"2\u00a0Minuten"},"schema":{"@context":"https:\/\/schema.org","@graph":[{"@type":"WebPage","@id":"https:\/\/blog.zeit.de\/nsu-prozess-blog\/2013\/07\/30\/anja-sturm-2\/","url":"https:\/\/blog.zeit.de\/nsu-prozess-blog\/2013\/07\/30\/anja-sturm-2\/","name":"Ein Mandat mit Folgen \u2013 das Medienlog vom Dienstag, 30. Juli 2013 - Das NSU-Prozess-Blog","isPartOf":{"@id":"https:\/\/blog.zeit.de\/nsu-prozess-blog\/#website"},"datePublished":"2013-07-30T06:59:11+00:00","dateModified":"2013-07-30T12:41:25+00:00","author":{"@id":"https:\/\/blog.zeit.de\/nsu-prozess-blog\/#\/schema\/person\/45acffb344ee326a2ebea3f5c0ad3ae8"},"breadcrumb":{"@id":"https:\/\/blog.zeit.de\/nsu-prozess-blog\/2013\/07\/30\/anja-sturm-2\/#breadcrumb"},"inLanguage":"de","potentialAction":[{"@type":"ReadAction","target":["https:\/\/blog.zeit.de\/nsu-prozess-blog\/2013\/07\/30\/anja-sturm-2\/"]}]},{"@type":"BreadcrumbList","@id":"https:\/\/blog.zeit.de\/nsu-prozess-blog\/2013\/07\/30\/anja-sturm-2\/#breadcrumb","itemListElement":[{"@type":"ListItem","position":1,"name":"Startseite","item":"https:\/\/blog.zeit.de\/nsu-prozess-blog\/"},{"@type":"ListItem","position":2,"name":"Ein Mandat mit Folgen \u2013 das Medienlog vom Dienstag, 30. Juli 2013"}]},{"@type":"WebSite","@id":"https:\/\/blog.zeit.de\/nsu-prozess-blog\/#website","url":"https:\/\/blog.zeit.de\/nsu-prozess-blog\/","name":"Das NSU-Prozess-Blog","description":"Alle Berichte zum Terrorverfahren in M\u00fcnchen","potentialAction":[{"@type":"SearchAction","target":{"@type":"EntryPoint","urlTemplate":"https:\/\/blog.zeit.de\/nsu-prozess-blog\/?s={search_term_string}"},"query-input":"required name=search_term_string"}],"inLanguage":"de"},{"@type":"Person","@id":"https:\/\/blog.zeit.de\/nsu-prozess-blog\/#\/schema\/person\/45acffb344ee326a2ebea3f5c0ad3ae8","name":"Mirjam Schmitt","image":{"@type":"ImageObject","inLanguage":"de","@id":"https:\/\/blog.zeit.de\/nsu-prozess-blog\/#\/schema\/person\/image\/","url":"https:\/\/secure.gravatar.com\/avatar\/21ea3e922b6404f0cab7bb919e2b401850e5cef2e7155dba6caa935b66c5688b?s=96&d=mm&r=g","contentUrl":"https:\/\/secure.gravatar.com\/avatar\/21ea3e922b6404f0cab7bb919e2b401850e5cef2e7155dba6caa935b66c5688b?s=96&d=mm&r=g","caption":"Mirjam Schmitt"},"url":"https:\/\/blog.zeit.de\/nsu-prozess-blog\/author\/mschmitt\/"}]}},"jetpack_featured_media_url":"","jetpack_sharing_enabled":true,"_links":{"self":[{"href":"https:\/\/blog.zeit.de\/nsu-prozess-blog\/wp-json\/wp\/v2\/posts\/2312","targetHints":{"allow":["GET"]}}],"collection":[{"href":"https:\/\/blog.zeit.de\/nsu-prozess-blog\/wp-json\/wp\/v2\/posts"}],"about":[{"href":"https:\/\/blog.zeit.de\/nsu-prozess-blog\/wp-json\/wp\/v2\/types\/post"}],"author":[{"embeddable":true,"href":"https:\/\/blog.zeit.de\/nsu-prozess-blog\/wp-json\/wp\/v2\/users\/410"}],"replies":[{"embeddable":true,"href":"https:\/\/blog.zeit.de\/nsu-prozess-blog\/wp-json\/wp\/v2\/comments?post=2312"}],"version-history":[{"count":31,"href":"https:\/\/blog.zeit.de\/nsu-prozess-blog\/wp-json\/wp\/v2\/posts\/2312\/revisions"}],"predecessor-version":[{"id":2352,"href":"https:\/\/blog.zeit.de\/nsu-prozess-blog\/wp-json\/wp\/v2\/posts\/2312\/revisions\/2352"}],"wp:attachment":[{"href":"https:\/\/blog.zeit.de\/nsu-prozess-blog\/wp-json\/wp\/v2\/media?parent=2312"}],"wp:term":[{"taxonomy":"category","embeddable":true,"href":"https:\/\/blog.zeit.de\/nsu-prozess-blog\/wp-json\/wp\/v2\/categories?post=2312"},{"taxonomy":"post_tag","embeddable":true,"href":"https:\/\/blog.zeit.de\/nsu-prozess-blog\/wp-json\/wp\/v2\/tags?post=2312"}],"curies":[{"name":"wp","href":"https:\/\/api.w.org\/{rel}","templated":true}]}}