{"id":2474,"date":"2013-08-05T08:41:06","date_gmt":"2013-08-05T06:41:06","guid":{"rendered":"http:\/\/blog.zeit.de\/nsu-prozess-blog\/?p=2474"},"modified":"2013-08-14T14:04:06","modified_gmt":"2013-08-14T12:04:06","slug":"zwischenbilanz-sommerpause","status":"publish","type":"post","link":"https:\/\/blog.zeit.de\/nsu-prozess-blog\/2013\/08\/05\/zwischenbilanz-sommerpause\/","title":{"rendered":"Zwischenbilanz: Indizien, Anja Sturm und RAF \u2013 das Medienlog vom Montag, 5. August"},"content":{"rendered":"<p>Die Verhandlungswoche im NSU-Prozess ist diesmal nur kurz: Am morgigen Dienstag ist vorerst der letzte Verhandlungstag vor der Sommerpause. Aus diesem Anlass ziehen die Medien eine Zwischenbilanz: In der <a href=\"http:\/\/www.thueringer-allgemeine.de\/web\/zgt\/leben\/detail\/-\/specific\/Interesse-am-NSU-Verfahren-ist-weiter-ungebrochen-579150653\" target=\"_blank\"><em>Th\u00fcringer-Allgemeinen<\/em><\/a> etwa schreibt Kai Mudra, dass das Interesse am Prozess, entgegen der Erwartungen, nach wie vor hoch sei.<\/p>\n<p><!--more--><\/p>\n<p><em>An jedem Werktag fassen wir im NSU-Prozess-Blog die wichtigsten Medienberichte, Blogs, Videos und Tweets zusammen. Wir freuen uns \u00fcber Hinweise via Twitter mit dem Hashtag #nsublog \u2013 oder per E-Mail an nsublog@zeit.de.<\/em><\/p>\n<p>In seinem Artikel, der auch in der \u00f6sterreichischen Tageszeitung <a href=\"http:\/\/derstandard.at\/1375625620884\/NSU-Prozess-Zwischenbilanz-zur-Sommerpause\" target=\"_blank\"><em>Der Standard<\/em><\/a> erschien, fasst Mudra anschlie\u00dfend den bisherigen Prozessverlauf zusammen. Bemerkenswert sei, dass Richter Manfred G\u00f6tzl der Verteidigung und den Nebenkl\u00e4gern derzeit viel Raum f\u00fcr ihre Fragen l\u00e4sst. Der Autor zitiert dazu auch Nebenkl\u00e4ger-Anwalt Stephan Lucas. Dieser bezeichnet es als &#8222;eigentliche Errungenschaft&#8220;, dass die Verteidiger auch weitergehende Fragen stellen k\u00f6nnen.<\/p>\n<p>Auch Helene Bubrowski zieht in der <em>Frankfurter Allgemeinen<\/em> eine erste Bilanz (<a href=\"http:\/\/www.faz.net\/aktuell\/politik\/nsu-prozess\/zwischenbilanz-nsu-prozess-lehren-aus-stammheim-12316003.html\" target=\"_blank\">&#8222;Lehren aus Stammheim&#8220;<\/a>). Zun\u00e4chst fasst die Autorin zusammen, welche Aussagen f\u00fcr Zsch\u00e4pe als <strong>belastend oder entlastend<\/strong> gewertet werden k\u00f6nnen. So gab es einen &#8222;Tiefpunkt&#8220; f\u00fcr Zsch\u00e4pe: Die Aussage des Kriminalbeamten, der Holger G. vernommen hatte, denn G. hatte Zsch\u00e4pe als &#8222;gleichberechtigtes Mitglied&#8220; im NSU-Terrortrio bezeichnet. Belastend seien au\u00dferdem die Aussagen der ehemaligen Nachbarn aus der Fr\u00fchlingsstra\u00dfe. Die Aussage des Mitangeklagten S. dagegen k\u00f6nne man als entlastend werten.<\/p>\n<p>Zsch\u00e4pes Strategie, zu schweigen, so Bubroswki, k\u00f6nnte sich am Ende deshalb auch als Fehler erweisen. &#8222;Eine \u00dcberf\u00fchrung durch Indizien ist nach der bisherigen Beweisaufnahme durchaus vorstellbar. Ohne Gest\u00e4ndnis und damit ohne jedes Zeichen von Reue k\u00f6nnte das Gericht aber die besondere Schwere der Schuld feststellen und wegen Fortbestehens der Gef\u00e4hrlichkeit eine Sicherungsverwahrung anordnen.&#8220; Anschlie\u00dfend geht die Autorin auf die <strong>Abgrenzung von Mitt\u00e4terschaft und blo\u00dfer Unterst\u00fctzung<\/strong> ein und zieht, wie im Titel angek\u00fcndigt, Parallelen zum Stammheim-Prozess gegen die Mitglieder der Roten-Armee-Fraktion RAF.<\/p>\n<p>Auch Fritz Dinkelmann macht\u00a0im Schweizer Rundfunk SRF den Vergleich zur RAF. Es geht erneut um Zsch\u00e4pes Verteidigerin Anja Sturm, die ihre Berliner Kanzlei verlassen hat (<a href=\"http:\/\/www.srf.ch\/news\/international\/zschaepe-anwaeltin-ein-mandat-das-nur-probleme-bringt\" target=\"_blank\">&#8222;Zsch\u00e4pes Anw\u00e4ltin: <strong>Ein Mandat, das nur Probleme bringt<\/strong>.&#8220;<\/a>)Damals habe sich der sp\u00e4tere Innenminister Otto Schily zur &#8222;Unperson&#8220; gemacht, weil er die Terroristen der RAF verteidigte, schreibt der Autor. &#8222;Aber er hat den Rechtsstaat behauptet und das war wichtig. Anja Sturm hatte den Mut, in seine Fu\u00dfstapfen zu treten, und bezahlt daf\u00fcr einen hohen Preis.&#8220;<\/p>\n<p>Keine Berichte dagegen in englisch- und t\u00fcrkischsprachigen Onlinemedien.<\/p>\n<p><em>Das n\u00e4chste Medienlog erscheint am Dienstag, den 6. August.<\/em><\/p>\n","protected":false},"excerpt":{"rendered":"<p>Die Verhandlungswoche im NSU-Prozess ist diesmal nur kurz: Am morgigen Dienstag ist vorerst der letzte Verhandlungstag vor der Sommerpause. Aus diesem Anlass ziehen die Medien eine Zwischenbilanz: In der Th\u00fcringer-Allgemeinen etwa schreibt Kai Mudra, dass das Interesse am Prozess, entgegen der Erwartungen, nach wie vor hoch sei.<\/p>\n","protected":false},"author":410,"featured_media":0,"comment_status":"open","ping_status":"open","sticky":false,"template":"","format":"standard","meta":{"_jetpack_memberships_contains_paid_content":false,"footnotes":""},"categories":[27531],"tags":[27584,22889,2393],"class_list":["post-2474","post","type-post","status-publish","format-standard","hentry","category-medienschau","tag-otto-schily","tag-raf","tag-sommerpause"],"yoast_head":"<!-- This site is optimized with the Yoast SEO plugin v21.0 - https:\/\/yoast.com\/wordpress\/plugins\/seo\/ -->\n<title>Zwischenbilanz: Indizien, Anja Sturm und RAF \u2013 das Medienlog vom Montag, 5. August - Das NSU-Prozess-Blog<\/title>\n<meta name=\"robots\" content=\"index, follow, max-snippet:-1, max-image-preview:large, max-video-preview:-1\" \/>\n<link rel=\"canonical\" href=\"https:\/\/blog.zeit.de\/nsu-prozess-blog\/2013\/08\/05\/zwischenbilanz-sommerpause\/\" \/>\n<meta property=\"og:locale\" content=\"de_DE\" \/>\n<meta property=\"og:type\" content=\"article\" \/>\n<meta property=\"og:title\" content=\"Zwischenbilanz: Indizien, Anja Sturm und RAF \u2013 das Medienlog vom Montag, 5. August - Das NSU-Prozess-Blog\" \/>\n<meta property=\"og:description\" content=\"Die Verhandlungswoche im NSU-Prozess ist diesmal nur kurz: Am morgigen Dienstag ist vorerst der letzte Verhandlungstag vor der Sommerpause. Aus diesem Anlass ziehen die Medien eine Zwischenbilanz: In der Th\u00fcringer-Allgemeinen etwa schreibt Kai Mudra, dass das Interesse am Prozess, entgegen der Erwartungen, nach wie vor hoch sei.\" \/>\n<meta property=\"og:url\" content=\"https:\/\/blog.zeit.de\/nsu-prozess-blog\/2013\/08\/05\/zwischenbilanz-sommerpause\/\" \/>\n<meta property=\"og:site_name\" content=\"Das NSU-Prozess-Blog\" \/>\n<meta property=\"article:published_time\" content=\"2013-08-05T06:41:06+00:00\" \/>\n<meta property=\"article:modified_time\" content=\"2013-08-14T12:04:06+00:00\" \/>\n<meta name=\"author\" content=\"Mirjam Schmitt\" \/>\n<meta name=\"twitter:label1\" content=\"Geschrieben von\" \/>\n\t<meta name=\"twitter:data1\" content=\"Mirjam Schmitt\" \/>\n\t<meta name=\"twitter:label2\" content=\"Gesch\u00e4tzte Lesezeit\" \/>\n\t<meta name=\"twitter:data2\" content=\"2\u00a0Minuten\" \/>\n<script type=\"application\/ld+json\" class=\"yoast-schema-graph\">{\"@context\":\"https:\/\/schema.org\",\"@graph\":[{\"@type\":\"WebPage\",\"@id\":\"https:\/\/blog.zeit.de\/nsu-prozess-blog\/2013\/08\/05\/zwischenbilanz-sommerpause\/\",\"url\":\"https:\/\/blog.zeit.de\/nsu-prozess-blog\/2013\/08\/05\/zwischenbilanz-sommerpause\/\",\"name\":\"Zwischenbilanz: Indizien, Anja Sturm und RAF \u2013 das Medienlog vom Montag, 5. August - Das NSU-Prozess-Blog\",\"isPartOf\":{\"@id\":\"https:\/\/blog.zeit.de\/nsu-prozess-blog\/#website\"},\"datePublished\":\"2013-08-05T06:41:06+00:00\",\"dateModified\":\"2013-08-14T12:04:06+00:00\",\"author\":{\"@id\":\"https:\/\/blog.zeit.de\/nsu-prozess-blog\/#\/schema\/person\/45acffb344ee326a2ebea3f5c0ad3ae8\"},\"breadcrumb\":{\"@id\":\"https:\/\/blog.zeit.de\/nsu-prozess-blog\/2013\/08\/05\/zwischenbilanz-sommerpause\/#breadcrumb\"},\"inLanguage\":\"de\",\"potentialAction\":[{\"@type\":\"ReadAction\",\"target\":[\"https:\/\/blog.zeit.de\/nsu-prozess-blog\/2013\/08\/05\/zwischenbilanz-sommerpause\/\"]}]},{\"@type\":\"BreadcrumbList\",\"@id\":\"https:\/\/blog.zeit.de\/nsu-prozess-blog\/2013\/08\/05\/zwischenbilanz-sommerpause\/#breadcrumb\",\"itemListElement\":[{\"@type\":\"ListItem\",\"position\":1,\"name\":\"Startseite\",\"item\":\"https:\/\/blog.zeit.de\/nsu-prozess-blog\/\"},{\"@type\":\"ListItem\",\"position\":2,\"name\":\"Zwischenbilanz: Indizien, Anja Sturm und RAF \u2013 das Medienlog vom Montag, 5. August\"}]},{\"@type\":\"WebSite\",\"@id\":\"https:\/\/blog.zeit.de\/nsu-prozess-blog\/#website\",\"url\":\"https:\/\/blog.zeit.de\/nsu-prozess-blog\/\",\"name\":\"Das NSU-Prozess-Blog\",\"description\":\"Alle Berichte zum Terrorverfahren in M\u00fcnchen\",\"potentialAction\":[{\"@type\":\"SearchAction\",\"target\":{\"@type\":\"EntryPoint\",\"urlTemplate\":\"https:\/\/blog.zeit.de\/nsu-prozess-blog\/?s={search_term_string}\"},\"query-input\":\"required name=search_term_string\"}],\"inLanguage\":\"de\"},{\"@type\":\"Person\",\"@id\":\"https:\/\/blog.zeit.de\/nsu-prozess-blog\/#\/schema\/person\/45acffb344ee326a2ebea3f5c0ad3ae8\",\"name\":\"Mirjam Schmitt\",\"image\":{\"@type\":\"ImageObject\",\"inLanguage\":\"de\",\"@id\":\"https:\/\/blog.zeit.de\/nsu-prozess-blog\/#\/schema\/person\/image\/\",\"url\":\"https:\/\/secure.gravatar.com\/avatar\/21ea3e922b6404f0cab7bb919e2b401850e5cef2e7155dba6caa935b66c5688b?s=96&d=mm&r=g\",\"contentUrl\":\"https:\/\/secure.gravatar.com\/avatar\/21ea3e922b6404f0cab7bb919e2b401850e5cef2e7155dba6caa935b66c5688b?s=96&d=mm&r=g\",\"caption\":\"Mirjam Schmitt\"},\"url\":\"https:\/\/blog.zeit.de\/nsu-prozess-blog\/author\/mschmitt\/\"}]}<\/script>\n<!-- \/ Yoast SEO plugin. -->","yoast_head_json":{"title":"Zwischenbilanz: Indizien, Anja Sturm und RAF \u2013 das Medienlog vom Montag, 5. August - Das NSU-Prozess-Blog","robots":{"index":"index","follow":"follow","max-snippet":"max-snippet:-1","max-image-preview":"max-image-preview:large","max-video-preview":"max-video-preview:-1"},"canonical":"https:\/\/blog.zeit.de\/nsu-prozess-blog\/2013\/08\/05\/zwischenbilanz-sommerpause\/","og_locale":"de_DE","og_type":"article","og_title":"Zwischenbilanz: Indizien, Anja Sturm und RAF \u2013 das Medienlog vom Montag, 5. August - Das NSU-Prozess-Blog","og_description":"Die Verhandlungswoche im NSU-Prozess ist diesmal nur kurz: Am morgigen Dienstag ist vorerst der letzte Verhandlungstag vor der Sommerpause. Aus diesem Anlass ziehen die Medien eine Zwischenbilanz: In der Th\u00fcringer-Allgemeinen etwa schreibt Kai Mudra, dass das Interesse am Prozess, entgegen der Erwartungen, nach wie vor hoch sei.","og_url":"https:\/\/blog.zeit.de\/nsu-prozess-blog\/2013\/08\/05\/zwischenbilanz-sommerpause\/","og_site_name":"Das NSU-Prozess-Blog","article_published_time":"2013-08-05T06:41:06+00:00","article_modified_time":"2013-08-14T12:04:06+00:00","author":"Mirjam Schmitt","twitter_misc":{"Geschrieben von":"Mirjam Schmitt","Gesch\u00e4tzte Lesezeit":"2\u00a0Minuten"},"schema":{"@context":"https:\/\/schema.org","@graph":[{"@type":"WebPage","@id":"https:\/\/blog.zeit.de\/nsu-prozess-blog\/2013\/08\/05\/zwischenbilanz-sommerpause\/","url":"https:\/\/blog.zeit.de\/nsu-prozess-blog\/2013\/08\/05\/zwischenbilanz-sommerpause\/","name":"Zwischenbilanz: Indizien, Anja Sturm und RAF \u2013 das Medienlog vom Montag, 5. August - Das NSU-Prozess-Blog","isPartOf":{"@id":"https:\/\/blog.zeit.de\/nsu-prozess-blog\/#website"},"datePublished":"2013-08-05T06:41:06+00:00","dateModified":"2013-08-14T12:04:06+00:00","author":{"@id":"https:\/\/blog.zeit.de\/nsu-prozess-blog\/#\/schema\/person\/45acffb344ee326a2ebea3f5c0ad3ae8"},"breadcrumb":{"@id":"https:\/\/blog.zeit.de\/nsu-prozess-blog\/2013\/08\/05\/zwischenbilanz-sommerpause\/#breadcrumb"},"inLanguage":"de","potentialAction":[{"@type":"ReadAction","target":["https:\/\/blog.zeit.de\/nsu-prozess-blog\/2013\/08\/05\/zwischenbilanz-sommerpause\/"]}]},{"@type":"BreadcrumbList","@id":"https:\/\/blog.zeit.de\/nsu-prozess-blog\/2013\/08\/05\/zwischenbilanz-sommerpause\/#breadcrumb","itemListElement":[{"@type":"ListItem","position":1,"name":"Startseite","item":"https:\/\/blog.zeit.de\/nsu-prozess-blog\/"},{"@type":"ListItem","position":2,"name":"Zwischenbilanz: Indizien, Anja Sturm und RAF \u2013 das Medienlog vom Montag, 5. August"}]},{"@type":"WebSite","@id":"https:\/\/blog.zeit.de\/nsu-prozess-blog\/#website","url":"https:\/\/blog.zeit.de\/nsu-prozess-blog\/","name":"Das NSU-Prozess-Blog","description":"Alle Berichte zum Terrorverfahren in M\u00fcnchen","potentialAction":[{"@type":"SearchAction","target":{"@type":"EntryPoint","urlTemplate":"https:\/\/blog.zeit.de\/nsu-prozess-blog\/?s={search_term_string}"},"query-input":"required name=search_term_string"}],"inLanguage":"de"},{"@type":"Person","@id":"https:\/\/blog.zeit.de\/nsu-prozess-blog\/#\/schema\/person\/45acffb344ee326a2ebea3f5c0ad3ae8","name":"Mirjam Schmitt","image":{"@type":"ImageObject","inLanguage":"de","@id":"https:\/\/blog.zeit.de\/nsu-prozess-blog\/#\/schema\/person\/image\/","url":"https:\/\/secure.gravatar.com\/avatar\/21ea3e922b6404f0cab7bb919e2b401850e5cef2e7155dba6caa935b66c5688b?s=96&d=mm&r=g","contentUrl":"https:\/\/secure.gravatar.com\/avatar\/21ea3e922b6404f0cab7bb919e2b401850e5cef2e7155dba6caa935b66c5688b?s=96&d=mm&r=g","caption":"Mirjam Schmitt"},"url":"https:\/\/blog.zeit.de\/nsu-prozess-blog\/author\/mschmitt\/"}]}},"jetpack_featured_media_url":"","jetpack_sharing_enabled":true,"_links":{"self":[{"href":"https:\/\/blog.zeit.de\/nsu-prozess-blog\/wp-json\/wp\/v2\/posts\/2474","targetHints":{"allow":["GET"]}}],"collection":[{"href":"https:\/\/blog.zeit.de\/nsu-prozess-blog\/wp-json\/wp\/v2\/posts"}],"about":[{"href":"https:\/\/blog.zeit.de\/nsu-prozess-blog\/wp-json\/wp\/v2\/types\/post"}],"author":[{"embeddable":true,"href":"https:\/\/blog.zeit.de\/nsu-prozess-blog\/wp-json\/wp\/v2\/users\/410"}],"replies":[{"embeddable":true,"href":"https:\/\/blog.zeit.de\/nsu-prozess-blog\/wp-json\/wp\/v2\/comments?post=2474"}],"version-history":[{"count":21,"href":"https:\/\/blog.zeit.de\/nsu-prozess-blog\/wp-json\/wp\/v2\/posts\/2474\/revisions"}],"predecessor-version":[{"id":2492,"href":"https:\/\/blog.zeit.de\/nsu-prozess-blog\/wp-json\/wp\/v2\/posts\/2474\/revisions\/2492"}],"wp:attachment":[{"href":"https:\/\/blog.zeit.de\/nsu-prozess-blog\/wp-json\/wp\/v2\/media?parent=2474"}],"wp:term":[{"taxonomy":"category","embeddable":true,"href":"https:\/\/blog.zeit.de\/nsu-prozess-blog\/wp-json\/wp\/v2\/categories?post=2474"},{"taxonomy":"post_tag","embeddable":true,"href":"https:\/\/blog.zeit.de\/nsu-prozess-blog\/wp-json\/wp\/v2\/tags?post=2474"}],"curies":[{"name":"wp","href":"https:\/\/api.w.org\/{rel}","templated":true}]}}