{"id":2673,"date":"2013-08-20T07:18:53","date_gmt":"2013-08-20T05:18:53","guid":{"rendered":"http:\/\/blog.zeit.de\/nsu-prozess-blog\/?p=2673"},"modified":"2013-08-23T09:26:45","modified_gmt":"2013-08-23T07:26:45","slug":"keine-berichte-zum-nsu-prozess","status":"publish","type":"post","link":"https:\/\/blog.zeit.de\/nsu-prozess-blog\/2013\/08\/20\/keine-berichte-zum-nsu-prozess\/","title":{"rendered":"Keine Berichte zum NSU-Prozess"},"content":{"rendered":"<p>Freitag, 23. August 2013: Wie schon am Donnerstag stand der Abschlussbericht des Untersuchungsausschusses zur NSU-Mordserie im Mittelpunkt der Berichterstattung, sowohl in den <a href=\"http:\/\/www.zeit.de\/politik\/deutschland\/2013-08\/nsu-ausschuss-rechtsextremismus-behoerdenversagen-kommentar\" target=\"_blank\">deutschen<\/a> als auch in den <a href=\"http:\/\/www.sabah.de\/rapor-tamam-sira-mecliste.html\" target=\"_blank\">t\u00fcrkischsprachigen<\/a> Onlinemedien.<\/p>\n<p>Das Blog <a href=\"http:\/\/www.publikative.org\/2013\/08\/22\/der-fehler-liegt-im-system\/\" target=\"_blank\"><em>Publikative.org<\/em><\/a> ver\u00f6ffentlicht eine Pressemitteilung der Nebenklagevertr\u00e4ter zum Abschlussbericht. Die Nebenkl\u00e4ger kritisieren unter anderem, dass in dem Bericht zwar auf das Beh\u00f6rdenversagen hingewiesen wurde, jedoch nicht auf institutionellen Rassismus. Keine Berichte jedoch direkt zum NSU-Prozess.<\/p>\n<p><!--more--><\/p>\n<p>Donnerstag, 22. August 2013: Zum NSU-Prozess keine Berichte. Zur NSU-Mordserie legt der Untersuchungsausschuss heute <a href=\"http:\/\/www.zeit.de\/gesellschaft\/zeitgeschehen\/2013-08\/nsu-abschlussbericht-verfassungsschutz\" target=\"_blank\">seinen Abschlussbericht vor.<\/a><\/p>\n<p>Mittwoch, 21. August 2013: Keine Berichte<\/p>\n<p>Dienstag, 20. August: Keine Berichte<\/p>\n<p><em>An jedem Werktag sichten wir f\u00fcr das NSU-Prozess-Blog die Medien und stellen wichtige Berichte, Blogs, Videos und Tweets zusammen. Wir freuen uns \u00fcber Hinweise via Twitter mit dem Hashtag #nsublog \u2013 oder per E-Mail an nsublog@zeit.de.<\/em><\/p>\n<p><em>Das n\u00e4chste Medienlog erscheint am Montag, den 26. August 213<\/em><\/p>\n<p>&nbsp;<\/p>\n<p>&nbsp;<\/p>\n","protected":false},"excerpt":{"rendered":"<p>Freitag, 23. August 2013: Wie schon am Donnerstag stand der Abschlussbericht des Untersuchungsausschusses zur NSU-Mordserie im Mittelpunkt der Berichterstattung, sowohl in den deutschen als auch in den t\u00fcrkischsprachigen Onlinemedien. Das Blog Publikative.org ver\u00f6ffentlicht eine Pressemitteilung der Nebenklagevertr\u00e4ter zum Abschlussbericht. Die Nebenkl\u00e4ger kritisieren unter anderem, dass in dem Bericht zwar auf das Beh\u00f6rdenversagen hingewiesen wurde, jedoch [&hellip;]<\/p>\n","protected":false},"author":410,"featured_media":0,"comment_status":"open","ping_status":"open","sticky":false,"template":"","format":"standard","meta":{"_jetpack_memberships_contains_paid_content":false,"footnotes":""},"categories":[27531],"tags":[],"class_list":["post-2673","post","type-post","status-publish","format-standard","hentry","category-medienschau"],"yoast_head":"<!-- This site is optimized with the Yoast SEO plugin v21.0 - https:\/\/yoast.com\/wordpress\/plugins\/seo\/ -->\n<title>Keine Berichte zum NSU-Prozess - Das NSU-Prozess-Blog<\/title>\n<meta name=\"robots\" content=\"index, follow, max-snippet:-1, max-image-preview:large, max-video-preview:-1\" \/>\n<link rel=\"canonical\" href=\"https:\/\/blog.zeit.de\/nsu-prozess-blog\/2013\/08\/20\/keine-berichte-zum-nsu-prozess\/\" \/>\n<meta property=\"og:locale\" content=\"de_DE\" \/>\n<meta property=\"og:type\" content=\"article\" \/>\n<meta property=\"og:title\" content=\"Keine Berichte zum NSU-Prozess - Das NSU-Prozess-Blog\" \/>\n<meta property=\"og:description\" content=\"Freitag, 23. August 2013: Wie schon am Donnerstag stand der Abschlussbericht des Untersuchungsausschusses zur NSU-Mordserie im Mittelpunkt der Berichterstattung, sowohl in den deutschen als auch in den t\u00fcrkischsprachigen Onlinemedien. Das Blog Publikative.org ver\u00f6ffentlicht eine Pressemitteilung der Nebenklagevertr\u00e4ter zum Abschlussbericht. Die Nebenkl\u00e4ger kritisieren unter anderem, dass in dem Bericht zwar auf das Beh\u00f6rdenversagen hingewiesen wurde, jedoch [&hellip;]\" \/>\n<meta property=\"og:url\" content=\"https:\/\/blog.zeit.de\/nsu-prozess-blog\/2013\/08\/20\/keine-berichte-zum-nsu-prozess\/\" \/>\n<meta property=\"og:site_name\" content=\"Das NSU-Prozess-Blog\" \/>\n<meta property=\"article:published_time\" content=\"2013-08-20T05:18:53+00:00\" \/>\n<meta property=\"article:modified_time\" content=\"2013-08-23T07:26:45+00:00\" \/>\n<meta name=\"author\" content=\"Mirjam Schmitt\" \/>\n<meta name=\"twitter:label1\" content=\"Geschrieben von\" \/>\n\t<meta name=\"twitter:data1\" content=\"Mirjam Schmitt\" \/>\n\t<meta name=\"twitter:label2\" content=\"Gesch\u00e4tzte Lesezeit\" \/>\n\t<meta name=\"twitter:data2\" content=\"1\u00a0Minute\" \/>\n<script type=\"application\/ld+json\" class=\"yoast-schema-graph\">{\"@context\":\"https:\/\/schema.org\",\"@graph\":[{\"@type\":\"WebPage\",\"@id\":\"https:\/\/blog.zeit.de\/nsu-prozess-blog\/2013\/08\/20\/keine-berichte-zum-nsu-prozess\/\",\"url\":\"https:\/\/blog.zeit.de\/nsu-prozess-blog\/2013\/08\/20\/keine-berichte-zum-nsu-prozess\/\",\"name\":\"Keine Berichte zum NSU-Prozess - Das NSU-Prozess-Blog\",\"isPartOf\":{\"@id\":\"https:\/\/blog.zeit.de\/nsu-prozess-blog\/#website\"},\"datePublished\":\"2013-08-20T05:18:53+00:00\",\"dateModified\":\"2013-08-23T07:26:45+00:00\",\"author\":{\"@id\":\"https:\/\/blog.zeit.de\/nsu-prozess-blog\/#\/schema\/person\/45acffb344ee326a2ebea3f5c0ad3ae8\"},\"breadcrumb\":{\"@id\":\"https:\/\/blog.zeit.de\/nsu-prozess-blog\/2013\/08\/20\/keine-berichte-zum-nsu-prozess\/#breadcrumb\"},\"inLanguage\":\"de\",\"potentialAction\":[{\"@type\":\"ReadAction\",\"target\":[\"https:\/\/blog.zeit.de\/nsu-prozess-blog\/2013\/08\/20\/keine-berichte-zum-nsu-prozess\/\"]}]},{\"@type\":\"BreadcrumbList\",\"@id\":\"https:\/\/blog.zeit.de\/nsu-prozess-blog\/2013\/08\/20\/keine-berichte-zum-nsu-prozess\/#breadcrumb\",\"itemListElement\":[{\"@type\":\"ListItem\",\"position\":1,\"name\":\"Startseite\",\"item\":\"https:\/\/blog.zeit.de\/nsu-prozess-blog\/\"},{\"@type\":\"ListItem\",\"position\":2,\"name\":\"Keine Berichte zum NSU-Prozess\"}]},{\"@type\":\"WebSite\",\"@id\":\"https:\/\/blog.zeit.de\/nsu-prozess-blog\/#website\",\"url\":\"https:\/\/blog.zeit.de\/nsu-prozess-blog\/\",\"name\":\"Das NSU-Prozess-Blog\",\"description\":\"Alle Berichte zum Terrorverfahren in M\u00fcnchen\",\"potentialAction\":[{\"@type\":\"SearchAction\",\"target\":{\"@type\":\"EntryPoint\",\"urlTemplate\":\"https:\/\/blog.zeit.de\/nsu-prozess-blog\/?s={search_term_string}\"},\"query-input\":\"required name=search_term_string\"}],\"inLanguage\":\"de\"},{\"@type\":\"Person\",\"@id\":\"https:\/\/blog.zeit.de\/nsu-prozess-blog\/#\/schema\/person\/45acffb344ee326a2ebea3f5c0ad3ae8\",\"name\":\"Mirjam Schmitt\",\"image\":{\"@type\":\"ImageObject\",\"inLanguage\":\"de\",\"@id\":\"https:\/\/blog.zeit.de\/nsu-prozess-blog\/#\/schema\/person\/image\/\",\"url\":\"https:\/\/secure.gravatar.com\/avatar\/21ea3e922b6404f0cab7bb919e2b401850e5cef2e7155dba6caa935b66c5688b?s=96&d=mm&r=g\",\"contentUrl\":\"https:\/\/secure.gravatar.com\/avatar\/21ea3e922b6404f0cab7bb919e2b401850e5cef2e7155dba6caa935b66c5688b?s=96&d=mm&r=g\",\"caption\":\"Mirjam Schmitt\"},\"url\":\"https:\/\/blog.zeit.de\/nsu-prozess-blog\/author\/mschmitt\/\"}]}<\/script>\n<!-- \/ Yoast SEO plugin. -->","yoast_head_json":{"title":"Keine Berichte zum NSU-Prozess - Das NSU-Prozess-Blog","robots":{"index":"index","follow":"follow","max-snippet":"max-snippet:-1","max-image-preview":"max-image-preview:large","max-video-preview":"max-video-preview:-1"},"canonical":"https:\/\/blog.zeit.de\/nsu-prozess-blog\/2013\/08\/20\/keine-berichte-zum-nsu-prozess\/","og_locale":"de_DE","og_type":"article","og_title":"Keine Berichte zum NSU-Prozess - Das NSU-Prozess-Blog","og_description":"Freitag, 23. August 2013: Wie schon am Donnerstag stand der Abschlussbericht des Untersuchungsausschusses zur NSU-Mordserie im Mittelpunkt der Berichterstattung, sowohl in den deutschen als auch in den t\u00fcrkischsprachigen Onlinemedien. Das Blog Publikative.org ver\u00f6ffentlicht eine Pressemitteilung der Nebenklagevertr\u00e4ter zum Abschlussbericht. Die Nebenkl\u00e4ger kritisieren unter anderem, dass in dem Bericht zwar auf das Beh\u00f6rdenversagen hingewiesen wurde, jedoch [&hellip;]","og_url":"https:\/\/blog.zeit.de\/nsu-prozess-blog\/2013\/08\/20\/keine-berichte-zum-nsu-prozess\/","og_site_name":"Das NSU-Prozess-Blog","article_published_time":"2013-08-20T05:18:53+00:00","article_modified_time":"2013-08-23T07:26:45+00:00","author":"Mirjam Schmitt","twitter_misc":{"Geschrieben von":"Mirjam Schmitt","Gesch\u00e4tzte Lesezeit":"1\u00a0Minute"},"schema":{"@context":"https:\/\/schema.org","@graph":[{"@type":"WebPage","@id":"https:\/\/blog.zeit.de\/nsu-prozess-blog\/2013\/08\/20\/keine-berichte-zum-nsu-prozess\/","url":"https:\/\/blog.zeit.de\/nsu-prozess-blog\/2013\/08\/20\/keine-berichte-zum-nsu-prozess\/","name":"Keine Berichte zum NSU-Prozess - Das NSU-Prozess-Blog","isPartOf":{"@id":"https:\/\/blog.zeit.de\/nsu-prozess-blog\/#website"},"datePublished":"2013-08-20T05:18:53+00:00","dateModified":"2013-08-23T07:26:45+00:00","author":{"@id":"https:\/\/blog.zeit.de\/nsu-prozess-blog\/#\/schema\/person\/45acffb344ee326a2ebea3f5c0ad3ae8"},"breadcrumb":{"@id":"https:\/\/blog.zeit.de\/nsu-prozess-blog\/2013\/08\/20\/keine-berichte-zum-nsu-prozess\/#breadcrumb"},"inLanguage":"de","potentialAction":[{"@type":"ReadAction","target":["https:\/\/blog.zeit.de\/nsu-prozess-blog\/2013\/08\/20\/keine-berichte-zum-nsu-prozess\/"]}]},{"@type":"BreadcrumbList","@id":"https:\/\/blog.zeit.de\/nsu-prozess-blog\/2013\/08\/20\/keine-berichte-zum-nsu-prozess\/#breadcrumb","itemListElement":[{"@type":"ListItem","position":1,"name":"Startseite","item":"https:\/\/blog.zeit.de\/nsu-prozess-blog\/"},{"@type":"ListItem","position":2,"name":"Keine Berichte zum NSU-Prozess"}]},{"@type":"WebSite","@id":"https:\/\/blog.zeit.de\/nsu-prozess-blog\/#website","url":"https:\/\/blog.zeit.de\/nsu-prozess-blog\/","name":"Das NSU-Prozess-Blog","description":"Alle Berichte zum Terrorverfahren in M\u00fcnchen","potentialAction":[{"@type":"SearchAction","target":{"@type":"EntryPoint","urlTemplate":"https:\/\/blog.zeit.de\/nsu-prozess-blog\/?s={search_term_string}"},"query-input":"required name=search_term_string"}],"inLanguage":"de"},{"@type":"Person","@id":"https:\/\/blog.zeit.de\/nsu-prozess-blog\/#\/schema\/person\/45acffb344ee326a2ebea3f5c0ad3ae8","name":"Mirjam Schmitt","image":{"@type":"ImageObject","inLanguage":"de","@id":"https:\/\/blog.zeit.de\/nsu-prozess-blog\/#\/schema\/person\/image\/","url":"https:\/\/secure.gravatar.com\/avatar\/21ea3e922b6404f0cab7bb919e2b401850e5cef2e7155dba6caa935b66c5688b?s=96&d=mm&r=g","contentUrl":"https:\/\/secure.gravatar.com\/avatar\/21ea3e922b6404f0cab7bb919e2b401850e5cef2e7155dba6caa935b66c5688b?s=96&d=mm&r=g","caption":"Mirjam Schmitt"},"url":"https:\/\/blog.zeit.de\/nsu-prozess-blog\/author\/mschmitt\/"}]}},"jetpack_featured_media_url":"","jetpack_sharing_enabled":true,"_links":{"self":[{"href":"https:\/\/blog.zeit.de\/nsu-prozess-blog\/wp-json\/wp\/v2\/posts\/2673","targetHints":{"allow":["GET"]}}],"collection":[{"href":"https:\/\/blog.zeit.de\/nsu-prozess-blog\/wp-json\/wp\/v2\/posts"}],"about":[{"href":"https:\/\/blog.zeit.de\/nsu-prozess-blog\/wp-json\/wp\/v2\/types\/post"}],"author":[{"embeddable":true,"href":"https:\/\/blog.zeit.de\/nsu-prozess-blog\/wp-json\/wp\/v2\/users\/410"}],"replies":[{"embeddable":true,"href":"https:\/\/blog.zeit.de\/nsu-prozess-blog\/wp-json\/wp\/v2\/comments?post=2673"}],"version-history":[{"count":8,"href":"https:\/\/blog.zeit.de\/nsu-prozess-blog\/wp-json\/wp\/v2\/posts\/2673\/revisions"}],"predecessor-version":[{"id":2677,"href":"https:\/\/blog.zeit.de\/nsu-prozess-blog\/wp-json\/wp\/v2\/posts\/2673\/revisions\/2677"}],"wp:attachment":[{"href":"https:\/\/blog.zeit.de\/nsu-prozess-blog\/wp-json\/wp\/v2\/media?parent=2673"}],"wp:term":[{"taxonomy":"category","embeddable":true,"href":"https:\/\/blog.zeit.de\/nsu-prozess-blog\/wp-json\/wp\/v2\/categories?post=2673"},{"taxonomy":"post_tag","embeddable":true,"href":"https:\/\/blog.zeit.de\/nsu-prozess-blog\/wp-json\/wp\/v2\/tags?post=2673"}],"curies":[{"name":"wp","href":"https:\/\/api.w.org\/{rel}","templated":true}]}}