{"id":3270,"date":"2013-09-30T08:50:01","date_gmt":"2013-09-30T06:50:01","guid":{"rendered":"http:\/\/blog.zeit.de\/nsu-prozess-blog\/?p=3270"},"modified":"2013-09-30T15:10:03","modified_gmt":"2013-09-30T13:10:03","slug":"verfassungsschutz-andreas-t","status":"publish","type":"post","link":"https:\/\/blog.zeit.de\/nsu-prozess-blog\/2013\/09\/30\/verfassungsschutz-andreas-t\/","title":{"rendered":"Woche der spannenden Zeugen \u2013 das Medienlog vom Montag, 30. September 2013"},"content":{"rendered":"<p>Diese Woche geht es im NSU-Prozess unter anderem um den Mord an Halit Yozgat, der im April 2006 in seinem Internetcaf\u00e9 in Kassel erschossen wurde. F\u00fcr die Autorin Lena Kampf ein Anlass, um sich auf <em>stern.de<\/em> ausf\u00fchrlich mit einem umstrittenen Zeugen zu besch\u00e4ftigen: Andreas T., ehemaliger Mitarbeiter des Landesamts f\u00fcr Verfassungsschutz in Hessen. Der Vorsitzende Richter G\u00f6tzl hat T. f\u00fcr Dienstag geladen. <a href=\"http:\/\/blogs.stern.de\/nsu-prozess\/der-schatten-des-verfassungsschutzers\/\" target=\"_blank\">(&#8222;Der Schatten des Verfassungssch\u00fctzers&#8220;<\/a>)<\/p>\n<p><!--more--><\/p>\n<p><em>An jedem Werktag sichten wir f\u00fcr das NSU-Prozess-Blog die Medien und stellen wichtige Berichte, Blogs, Videos und Tweets zusammen. Wir freuen uns \u00fcber Hinweise via Twitter mit dem Hashtag #nsublog \u2013 oder per E-Mail an nsublog@zeit.de.<\/em><\/p>\n<p>Die Autorin zeigt einen <strong>Widerspruch<\/strong> in den Zeugenaussagen auf: T. habe angegeben, dass er das Internetcaf\u00e9 in Kassel kurz vor dem Mord an Yozgat verlassen habe. &#8222;Zwischen seinem Abmelden am Computer und dem von der Polizei ermittelten Zeitpunkt des Mordes bleiben h\u00f6chstens wenige Sekunden. Sekunden, in denen T. Halit Yozgat nicht gesehen haben will und ihn daraufhin kurz gesucht habe&#8220;, schreibt die Autorin. Nur: &#8222;Wo soll Halit Yozgat in der Zeit gewesen sein?&#8220;<\/p>\n<p>Nach Aussage des Zeugen S., der ebenfalls im Internetcaf\u00e9 sa\u00df und &#8222;Luftballons hat platzen h\u00f6ren&#8220;, m\u00fcsste T. den Tatort kurz nach dem Mord verlassen haben. Sollte T. wirklich erst kurz nach der Tat gegangen sein, h\u00e4tte er den tot hinter seinem Schreibtisch liegenden Yozgat sehen m\u00fcssen, schreibt Kampf auf <a href=\"http:\/\/blogs.stern.de\/nsu-prozess\/der-schatten-des-verfassungsschutzers\/\" target=\"_blank\"><em>stern.de.<\/em><\/a><\/p>\n<p>In der <a href=\"http:\/\/www.jungewelt.de\/2013\/09-30\/037.php\" target=\"_blank\"><em>Jungen Welt<\/em><\/a> geht es ebenfalls um Andreas T.: <strong>&#8222;Klein Adolf vor Gericht&#8220;<\/strong>, hei\u00dft es dort. \u00c4hnlich wie Lena Kampf stellt die Autorin Claudia Wangerin fest: &#8222;Obwohl Sportsch\u00fctze, will T. die Ger\u00e4usche nicht bemerkt und den Schmauch nicht gerochen haben.&#8220; Im Untersuchungsausschuss habe im \u00dcbrigen Hessens damaliger Innenminister Volker Bouffier (CDU) direkte Fragen der Polizei an den Verfassungssch\u00fctzer unterbunden. Im Prozess k\u00f6nnten mehr als 70 Anw\u00e4lte von Nebenkl\u00e4gern Fragen an T. haben, daher vermutet die Autorin: &#8222;Einige der Fragen, die jetzt auf ihn zukommen, sind Andreas T. vielleicht in anderen Vernehmungen noch nicht gestellt worden.&#8220;<\/p>\n<p>&#8222;Es ist die <strong>Woche der spannenden Zeugen<\/strong> im M\u00fcnchner NSU-Prozess&#8220;, schreibt Holger Schmidt im <a href=\"http:\/\/www.swr.de\/landesschau-aktuell\/deutschland-welt\/-\/id=1884346\/nid=1884346\/did=12144306\/dnouec\/\" target=\"_blank\">SWR<\/a>. Schon durch die am heutigen Montag geladene Zeugin k\u00f6nnte es \u00dcberraschungen geben: Veronika A. will Zsch\u00e4pe auf dem Grundst\u00fcck ihrer Nachbarn in Dortmund gesehen haben, wo die beiden NSU-Terroristen Mundlos und B\u00f6hnhardt einen Kioskbesitzer erschossen haben sollen.<\/p>\n<p>Inzwischen glauben viele Prozessbeobachter an eine Verwechslung. So auch SWR-Autor Schmidt, der die Argumente daf\u00fcr zusammenbringt. Zum einen habe der Nachbar zu Protokoll gegeben, dass seine Frau Zsch\u00e4pe sehr \u00e4hnlich sehe. Zum anderen werde die Sachlage zus\u00e4tzlich verkompliziert: So habe der Nachbar &#8222;m\u00f6glicherweise einen Hang zur rechten Szene \u2013 unter anderem, weil er seine S\u00f6hne nach germanischen Gottheiten benannte.&#8220; Dar\u00fcber hinaus engagierte sich Veronika A., die &#8222;Zeugin vom Dachfenster&#8220;, fr\u00fcher f\u00fcr die Deutsche Kommunistische Partei. &#8222;Alles scheint deshalb m\u00f6glich.&#8220;<\/p>\n<p>In der <a href=\"http:\/\/www.jungewelt.de\/2013\/09-30\/039.php\" target=\"_blank\"><em>Jungen Welt<\/em><\/a> wiederum kritisiert Wangerin, dass die <em>taz<\/em> den Zweifel an der Rolle der Geheimdienste nur der rechten Szene zuschreibt. (<a href=\"https:\/\/blog.zeit.de\/nsu-prozess-blog\/2013\/09\/26\/yozgat-boulgarides-polizei\/\" target=\"_blank\">Vergleich Medienlog vom 26. September 2013<\/a>) Zwar w\u00fcrde dieses Thema vor allem Nicole Schneiders, Anw\u00e4ltin des Mitangeklagten Ralf Wohlleben, ansprechen. Doch: &#8222;Kein Wort verlieren die Autoren dar\u00fcber, dass auch die Anw\u00e4lte der Familie Yozgat mit dem Einverst\u00e4ndnis ihrer Mandanten die Rolle staatlicher Akteure n\u00e4her beleuchten wollen.&#8220;<\/p>\n<p>Keine aktuellen Berichte in englisch-oder t\u00fcrkischsprachigen Medien online verf\u00fcgbar.<\/p>\n<p><em>Das n\u00e4chste Medienlog erscheint am Dienstag, 1. Oktober 2013.<\/em><\/p>\n","protected":false},"excerpt":{"rendered":"<p>Diese Woche geht es im NSU-Prozess unter anderem um den Mord an Halit Yozgat, der im April 2006 in seinem Internetcaf\u00e9 in Kassel erschossen wurde. F\u00fcr die Autorin Lena Kampf ein Anlass, um sich auf stern.de ausf\u00fchrlich mit einem umstrittenen Zeugen zu besch\u00e4ftigen: Andreas T., ehemaliger Mitarbeiter des Landesamts f\u00fcr Verfassungsschutz in Hessen. Der Vorsitzende [&hellip;]<\/p>\n","protected":false},"author":410,"featured_media":0,"comment_status":"open","ping_status":"open","sticky":false,"template":"","format":"standard","meta":{"_jetpack_memberships_contains_paid_content":false,"footnotes":""},"categories":[27531],"tags":[29442,29435],"class_list":["post-3270","post","type-post","status-publish","format-standard","hentry","category-medienschau","tag-andreas-t","tag-halit-yozgat"],"yoast_head":"<!-- This site is optimized with the Yoast SEO plugin v21.0 - https:\/\/yoast.com\/wordpress\/plugins\/seo\/ -->\n<title>Woche der spannenden Zeugen \u2013 das Medienlog vom Montag, 30. September 2013 - Das NSU-Prozess-Blog<\/title>\n<meta name=\"robots\" content=\"index, follow, max-snippet:-1, max-image-preview:large, max-video-preview:-1\" \/>\n<link rel=\"canonical\" href=\"https:\/\/blog.zeit.de\/nsu-prozess-blog\/2013\/09\/30\/verfassungsschutz-andreas-t\/\" \/>\n<meta property=\"og:locale\" content=\"de_DE\" \/>\n<meta property=\"og:type\" content=\"article\" \/>\n<meta property=\"og:title\" content=\"Woche der spannenden Zeugen \u2013 das Medienlog vom Montag, 30. September 2013 - Das NSU-Prozess-Blog\" \/>\n<meta property=\"og:description\" content=\"Diese Woche geht es im NSU-Prozess unter anderem um den Mord an Halit Yozgat, der im April 2006 in seinem Internetcaf\u00e9 in Kassel erschossen wurde. F\u00fcr die Autorin Lena Kampf ein Anlass, um sich auf stern.de ausf\u00fchrlich mit einem umstrittenen Zeugen zu besch\u00e4ftigen: Andreas T., ehemaliger Mitarbeiter des Landesamts f\u00fcr Verfassungsschutz in Hessen. Der Vorsitzende [&hellip;]\" \/>\n<meta property=\"og:url\" content=\"https:\/\/blog.zeit.de\/nsu-prozess-blog\/2013\/09\/30\/verfassungsschutz-andreas-t\/\" \/>\n<meta property=\"og:site_name\" content=\"Das NSU-Prozess-Blog\" \/>\n<meta property=\"article:published_time\" content=\"2013-09-30T06:50:01+00:00\" \/>\n<meta property=\"article:modified_time\" content=\"2013-09-30T13:10:03+00:00\" \/>\n<meta name=\"author\" content=\"Mirjam Schmitt\" \/>\n<meta name=\"twitter:label1\" content=\"Geschrieben von\" \/>\n\t<meta name=\"twitter:data1\" content=\"Mirjam Schmitt\" \/>\n\t<meta name=\"twitter:label2\" content=\"Gesch\u00e4tzte Lesezeit\" \/>\n\t<meta name=\"twitter:data2\" content=\"3\u00a0Minuten\" \/>\n<script type=\"application\/ld+json\" class=\"yoast-schema-graph\">{\"@context\":\"https:\/\/schema.org\",\"@graph\":[{\"@type\":\"WebPage\",\"@id\":\"https:\/\/blog.zeit.de\/nsu-prozess-blog\/2013\/09\/30\/verfassungsschutz-andreas-t\/\",\"url\":\"https:\/\/blog.zeit.de\/nsu-prozess-blog\/2013\/09\/30\/verfassungsschutz-andreas-t\/\",\"name\":\"Woche der spannenden Zeugen \u2013 das Medienlog vom Montag, 30. September 2013 - Das NSU-Prozess-Blog\",\"isPartOf\":{\"@id\":\"https:\/\/blog.zeit.de\/nsu-prozess-blog\/#website\"},\"datePublished\":\"2013-09-30T06:50:01+00:00\",\"dateModified\":\"2013-09-30T13:10:03+00:00\",\"author\":{\"@id\":\"https:\/\/blog.zeit.de\/nsu-prozess-blog\/#\/schema\/person\/45acffb344ee326a2ebea3f5c0ad3ae8\"},\"breadcrumb\":{\"@id\":\"https:\/\/blog.zeit.de\/nsu-prozess-blog\/2013\/09\/30\/verfassungsschutz-andreas-t\/#breadcrumb\"},\"inLanguage\":\"de\",\"potentialAction\":[{\"@type\":\"ReadAction\",\"target\":[\"https:\/\/blog.zeit.de\/nsu-prozess-blog\/2013\/09\/30\/verfassungsschutz-andreas-t\/\"]}]},{\"@type\":\"BreadcrumbList\",\"@id\":\"https:\/\/blog.zeit.de\/nsu-prozess-blog\/2013\/09\/30\/verfassungsschutz-andreas-t\/#breadcrumb\",\"itemListElement\":[{\"@type\":\"ListItem\",\"position\":1,\"name\":\"Startseite\",\"item\":\"https:\/\/blog.zeit.de\/nsu-prozess-blog\/\"},{\"@type\":\"ListItem\",\"position\":2,\"name\":\"Woche der spannenden Zeugen \u2013 das Medienlog vom Montag, 30. September 2013\"}]},{\"@type\":\"WebSite\",\"@id\":\"https:\/\/blog.zeit.de\/nsu-prozess-blog\/#website\",\"url\":\"https:\/\/blog.zeit.de\/nsu-prozess-blog\/\",\"name\":\"Das NSU-Prozess-Blog\",\"description\":\"Alle Berichte zum Terrorverfahren in M\u00fcnchen\",\"potentialAction\":[{\"@type\":\"SearchAction\",\"target\":{\"@type\":\"EntryPoint\",\"urlTemplate\":\"https:\/\/blog.zeit.de\/nsu-prozess-blog\/?s={search_term_string}\"},\"query-input\":\"required name=search_term_string\"}],\"inLanguage\":\"de\"},{\"@type\":\"Person\",\"@id\":\"https:\/\/blog.zeit.de\/nsu-prozess-blog\/#\/schema\/person\/45acffb344ee326a2ebea3f5c0ad3ae8\",\"name\":\"Mirjam Schmitt\",\"image\":{\"@type\":\"ImageObject\",\"inLanguage\":\"de\",\"@id\":\"https:\/\/blog.zeit.de\/nsu-prozess-blog\/#\/schema\/person\/image\/\",\"url\":\"https:\/\/secure.gravatar.com\/avatar\/21ea3e922b6404f0cab7bb919e2b401850e5cef2e7155dba6caa935b66c5688b?s=96&d=mm&r=g\",\"contentUrl\":\"https:\/\/secure.gravatar.com\/avatar\/21ea3e922b6404f0cab7bb919e2b401850e5cef2e7155dba6caa935b66c5688b?s=96&d=mm&r=g\",\"caption\":\"Mirjam Schmitt\"},\"url\":\"https:\/\/blog.zeit.de\/nsu-prozess-blog\/author\/mschmitt\/\"}]}<\/script>\n<!-- \/ Yoast SEO plugin. -->","yoast_head_json":{"title":"Woche der spannenden Zeugen \u2013 das Medienlog vom Montag, 30. September 2013 - Das NSU-Prozess-Blog","robots":{"index":"index","follow":"follow","max-snippet":"max-snippet:-1","max-image-preview":"max-image-preview:large","max-video-preview":"max-video-preview:-1"},"canonical":"https:\/\/blog.zeit.de\/nsu-prozess-blog\/2013\/09\/30\/verfassungsschutz-andreas-t\/","og_locale":"de_DE","og_type":"article","og_title":"Woche der spannenden Zeugen \u2013 das Medienlog vom Montag, 30. September 2013 - Das NSU-Prozess-Blog","og_description":"Diese Woche geht es im NSU-Prozess unter anderem um den Mord an Halit Yozgat, der im April 2006 in seinem Internetcaf\u00e9 in Kassel erschossen wurde. F\u00fcr die Autorin Lena Kampf ein Anlass, um sich auf stern.de ausf\u00fchrlich mit einem umstrittenen Zeugen zu besch\u00e4ftigen: Andreas T., ehemaliger Mitarbeiter des Landesamts f\u00fcr Verfassungsschutz in Hessen. Der Vorsitzende [&hellip;]","og_url":"https:\/\/blog.zeit.de\/nsu-prozess-blog\/2013\/09\/30\/verfassungsschutz-andreas-t\/","og_site_name":"Das NSU-Prozess-Blog","article_published_time":"2013-09-30T06:50:01+00:00","article_modified_time":"2013-09-30T13:10:03+00:00","author":"Mirjam Schmitt","twitter_misc":{"Geschrieben von":"Mirjam Schmitt","Gesch\u00e4tzte Lesezeit":"3\u00a0Minuten"},"schema":{"@context":"https:\/\/schema.org","@graph":[{"@type":"WebPage","@id":"https:\/\/blog.zeit.de\/nsu-prozess-blog\/2013\/09\/30\/verfassungsschutz-andreas-t\/","url":"https:\/\/blog.zeit.de\/nsu-prozess-blog\/2013\/09\/30\/verfassungsschutz-andreas-t\/","name":"Woche der spannenden Zeugen \u2013 das Medienlog vom Montag, 30. September 2013 - Das NSU-Prozess-Blog","isPartOf":{"@id":"https:\/\/blog.zeit.de\/nsu-prozess-blog\/#website"},"datePublished":"2013-09-30T06:50:01+00:00","dateModified":"2013-09-30T13:10:03+00:00","author":{"@id":"https:\/\/blog.zeit.de\/nsu-prozess-blog\/#\/schema\/person\/45acffb344ee326a2ebea3f5c0ad3ae8"},"breadcrumb":{"@id":"https:\/\/blog.zeit.de\/nsu-prozess-blog\/2013\/09\/30\/verfassungsschutz-andreas-t\/#breadcrumb"},"inLanguage":"de","potentialAction":[{"@type":"ReadAction","target":["https:\/\/blog.zeit.de\/nsu-prozess-blog\/2013\/09\/30\/verfassungsschutz-andreas-t\/"]}]},{"@type":"BreadcrumbList","@id":"https:\/\/blog.zeit.de\/nsu-prozess-blog\/2013\/09\/30\/verfassungsschutz-andreas-t\/#breadcrumb","itemListElement":[{"@type":"ListItem","position":1,"name":"Startseite","item":"https:\/\/blog.zeit.de\/nsu-prozess-blog\/"},{"@type":"ListItem","position":2,"name":"Woche der spannenden Zeugen \u2013 das Medienlog vom Montag, 30. September 2013"}]},{"@type":"WebSite","@id":"https:\/\/blog.zeit.de\/nsu-prozess-blog\/#website","url":"https:\/\/blog.zeit.de\/nsu-prozess-blog\/","name":"Das NSU-Prozess-Blog","description":"Alle Berichte zum Terrorverfahren in M\u00fcnchen","potentialAction":[{"@type":"SearchAction","target":{"@type":"EntryPoint","urlTemplate":"https:\/\/blog.zeit.de\/nsu-prozess-blog\/?s={search_term_string}"},"query-input":"required name=search_term_string"}],"inLanguage":"de"},{"@type":"Person","@id":"https:\/\/blog.zeit.de\/nsu-prozess-blog\/#\/schema\/person\/45acffb344ee326a2ebea3f5c0ad3ae8","name":"Mirjam Schmitt","image":{"@type":"ImageObject","inLanguage":"de","@id":"https:\/\/blog.zeit.de\/nsu-prozess-blog\/#\/schema\/person\/image\/","url":"https:\/\/secure.gravatar.com\/avatar\/21ea3e922b6404f0cab7bb919e2b401850e5cef2e7155dba6caa935b66c5688b?s=96&d=mm&r=g","contentUrl":"https:\/\/secure.gravatar.com\/avatar\/21ea3e922b6404f0cab7bb919e2b401850e5cef2e7155dba6caa935b66c5688b?s=96&d=mm&r=g","caption":"Mirjam Schmitt"},"url":"https:\/\/blog.zeit.de\/nsu-prozess-blog\/author\/mschmitt\/"}]}},"jetpack_featured_media_url":"","jetpack_sharing_enabled":true,"_links":{"self":[{"href":"https:\/\/blog.zeit.de\/nsu-prozess-blog\/wp-json\/wp\/v2\/posts\/3270","targetHints":{"allow":["GET"]}}],"collection":[{"href":"https:\/\/blog.zeit.de\/nsu-prozess-blog\/wp-json\/wp\/v2\/posts"}],"about":[{"href":"https:\/\/blog.zeit.de\/nsu-prozess-blog\/wp-json\/wp\/v2\/types\/post"}],"author":[{"embeddable":true,"href":"https:\/\/blog.zeit.de\/nsu-prozess-blog\/wp-json\/wp\/v2\/users\/410"}],"replies":[{"embeddable":true,"href":"https:\/\/blog.zeit.de\/nsu-prozess-blog\/wp-json\/wp\/v2\/comments?post=3270"}],"version-history":[{"count":29,"href":"https:\/\/blog.zeit.de\/nsu-prozess-blog\/wp-json\/wp\/v2\/posts\/3270\/revisions"}],"predecessor-version":[{"id":3304,"href":"https:\/\/blog.zeit.de\/nsu-prozess-blog\/wp-json\/wp\/v2\/posts\/3270\/revisions\/3304"}],"wp:attachment":[{"href":"https:\/\/blog.zeit.de\/nsu-prozess-blog\/wp-json\/wp\/v2\/media?parent=3270"}],"wp:term":[{"taxonomy":"category","embeddable":true,"href":"https:\/\/blog.zeit.de\/nsu-prozess-blog\/wp-json\/wp\/v2\/categories?post=3270"},{"taxonomy":"post_tag","embeddable":true,"href":"https:\/\/blog.zeit.de\/nsu-prozess-blog\/wp-json\/wp\/v2\/tags?post=3270"}],"curies":[{"name":"wp","href":"https:\/\/api.w.org\/{rel}","templated":true}]}}