{"id":3425,"date":"2013-10-07T09:49:18","date_gmt":"2013-10-07T07:49:18","guid":{"rendered":"http:\/\/blog.zeit.de\/nsu-prozess-blog\/?p=3425"},"modified":"2013-10-07T10:07:28","modified_gmt":"2013-10-07T08:07:28","slug":"taschenlampe-nuernberg-nsu-ermittlungspanne","status":"publish","type":"post","link":"https:\/\/blog.zeit.de\/nsu-prozess-blog\/2013\/10\/07\/taschenlampe-nuernberg-nsu-ermittlungspanne\/","title":{"rendered":"Ermittlungspanne bei NSU-Taschenlampen-Bombe \u2013 das Medienlog vom Montag 7. Oktober 2013"},"content":{"rendered":"<p>In dieser Woche geht es im NSU-Prozess um sechs verschiedene Morde. Das Oberlandesgericht h\u00f6rt Zeugen zu den F\u00e4llen \u00d6z\u00fcdogru, Task\u00f6pr\u00fc, Kubasik, Yozgat, Yasar und Kilic. Im Vorfeld gibt es aber zun\u00e4chst Berichte \u00fcber einen weiteren Fall, der mit dem NSU in Verbindung gebracht wird: die sogenannte Taschenlampen-Explosion in einer N\u00fcrnberger Gastst\u00e4tte. Wie <em><a href=\"http:\/\/www.br.de\/nachrichten\/nsu-prozess\/nsu-taschenlampenbombe-ermittlungspanne-100.html\" target=\"_blank\">BR<\/a><\/em> und <a href=\"http:\/\/www.swr.de\/blog\/terrorismus\/2013\/10\/03\/pannen-bei-der-nurnberger-taschenlampenbombe-ging-uwe-um-2330-uhr-aus-der-kneipe\/#more-6583\" target=\"_blank\"><em>SWR<\/em><\/a> schreiben, sollen sich die Ermittler auch hier schwere\u00a0 Ermittlungspannen geleistet haben.<!--more--><\/p>\n<p><i>An jedem Werktag sichten wir f\u00fcr das NSU-Prozess-Blog die Medien und stellen wichtige Berichte, Blogs, Videos und Tweets zusammen. Wir freuen uns \u00fcber Hinweise via Twitter mit dem Hashtag #nsublog \u2013 oder per E-Mail an nsublog@zeit.de.<\/i><\/p>\n<p>Im Jahr 1999 explodierte in der N\u00fcrnberger Pilsbar <em>Sonnenschein<\/em> eine Taschenlampen-Bombe. Verd\u00e4chtigt wurde lange das Opfer, doch offenbar handelt es sich auch hier um eine Tat des NSU-Trios. Dabei wird der Vorwurf erhoben, es habe schwere Ermittlungspannen gegeben. Schon 2000 wurde das Verfahren nach sechs Monaten eingestellt, &#8222;obwohl das Bayerische Landeskriminalamt bei der Analyse des Sprengsatzes zur Einsch\u00e4tzung gekommen war, dass bei der Konstruktion der Bombe zwar Fehler gemacht, jedoch offenkundig eine besonders hohe Splitterwirkung beabsichtigt war&#8220;, <a href=\"http:\/\/www.br.de\/nachrichten\/nsu-prozess\/nsu-taschenlampenbombe-ermittlungspanne-100.html\" target=\"_blank\">so der BR<\/a>. Aus heutiger Sicht spreche nach den Recherchen von SWR und BR viel daf\u00fcr, dass es Uwe B\u00f6hnhardt oder Uwe Mundlos gewesen sein k\u00f6nnten.<\/p>\n<p><a href=\"http:\/\/www.swr.de\/blog\/terrorismus\/2013\/10\/03\/pannen-bei-der-nurnberger-taschenlampenbombe-ging-uwe-um-2330-uhr-aus-der-kneipe\/#more-6583\" target=\"_blank\">SWR-Terrorismusexperte Holger Schmidt schreibt<\/a>, er w\u00e4re &#8222;einigerma\u00dfen fassungslos&#8220; angesichts der Akten zu dem Fall. &#8222;Das hat sowohl damit zu tun, was in der Akte steht, als auch mit dem, was fehlt.&#8220; Doch Schmidt sieht auch einen positiven Aspekt: &#8222;Immerhin: Die Akte ist noch da \u2013 und auch die Rohrbombe ist noch da: Sie diente der Polizei als Schulungsmaterial \u2013 wie auch eine DNA-Analyse des BKA bewies. Sie ergab nur einen klaren Treffer: ein Chemiker des bayerischen LKA.&#8220;<\/p>\n<p>Den Verstrickungen zwischen V-Leuten und NSU widmet sich\u00a0in einem ausf\u00fchrlichen Artikel <em><a href=\"http:\/\/www.publikative.org\/2013\/10\/06\/vermeintlicher-nsu-vordenker-als-v-mann-enttarnt\/\" target=\"_blank\">Publikative.org<\/a><\/em>. So schreibt Kai Budler: &#8222;Bei der Aufarbeitung der Mordserie des extrem rechten Terrornetzwerks &#8218;Nationalsozialistischer Untergrund&#8216; geraten immer wieder der Verfassungsschutz und seine V-Leute in den Blickpunkt der \u00d6ffentlichkeit. Der jetzt bekannt gewordene Fall des V-Manns &#8218;Tarif&#8216; alias Michael See zeigt erneut: Die Beh\u00f6rde hatte offenbar keinerlei Ber\u00fchrungs\u00e4ngste bei der Zusammenarbeit mit militanten Neonazis, auch wenn die w\u00e4hrend ihrer Zeit als V-Mann Straftaten ver\u00fcbten.&#8220; Ausf\u00fchrlich beschreibt Budler die Verbindungen von See zu neonazistischen Kreisen und kritisiert: &#8222;Die Beh\u00f6rdenpapiere lie\u00df der Geheimdienst selbst vernichten und muss sich damit erneut vorwerfen lassen, die Aufkl\u00e4rung der t\u00f6dlichen Fehler im Rahmen der NSU-Ermittlungen behindert statt voran getrieben zu haben.&#8220; Denn &#8222;Tarif&#8220; hatte offenbar Kontakte in den Th\u00fcringer Heimatschutz. Er soll das Konzept der autonom operierenden neonazistischen Gruppen entwickelt haben, aus dem der NSU entstand. \u201eDoch seine Akte wurde im November 2011 geschreddert, sieben Tage nachdem der NSU sich selbst enttarnt hatte\u201c, so Budler.<\/p>\n<p>Keine aktuellen Berichte in englisch- oder t\u00fcrkischsprachigen Medien online verf\u00fcgbar.<\/p>\n<p><i>Das n\u00e4chste Medienlog erscheint am Dienstag, 8. Oktober 2013.<\/i><\/p>\n","protected":false},"excerpt":{"rendered":"<p>In dieser Woche geht es im NSU-Prozess um sechs verschiedene Morde. Das Oberlandesgericht h\u00f6rt Zeugen zu den F\u00e4llen \u00d6z\u00fcdogru, Task\u00f6pr\u00fc, Kubasik, Yozgat, Yasar und Kilic. Im Vorfeld gibt es aber zun\u00e4chst Berichte \u00fcber einen weiteren Fall, der mit dem NSU in Verbindung gebracht wird: die sogenannte Taschenlampen-Explosion in einer N\u00fcrnberger Gastst\u00e4tte. Wie BR und SWR [&hellip;]<\/p>\n","protected":false},"author":427,"featured_media":0,"comment_status":"open","ping_status":"open","sticky":false,"template":"","format":"standard","meta":{"_jetpack_memberships_contains_paid_content":false,"footnotes":""},"categories":[27531],"tags":[],"class_list":["post-3425","post","type-post","status-publish","format-standard","hentry","category-medienschau"],"yoast_head":"<!-- This site is optimized with the Yoast SEO plugin v21.0 - https:\/\/yoast.com\/wordpress\/plugins\/seo\/ -->\n<title>Ermittlungspanne bei NSU-Taschenlampen-Bombe \u2013 das Medienlog vom Montag 7. Oktober 2013 - Das NSU-Prozess-Blog<\/title>\n<meta name=\"robots\" content=\"index, follow, max-snippet:-1, max-image-preview:large, max-video-preview:-1\" \/>\n<link rel=\"canonical\" href=\"https:\/\/blog.zeit.de\/nsu-prozess-blog\/2013\/10\/07\/taschenlampe-nuernberg-nsu-ermittlungspanne\/\" \/>\n<meta property=\"og:locale\" content=\"de_DE\" \/>\n<meta property=\"og:type\" content=\"article\" \/>\n<meta property=\"og:title\" content=\"Ermittlungspanne bei NSU-Taschenlampen-Bombe \u2013 das Medienlog vom Montag 7. Oktober 2013 - Das NSU-Prozess-Blog\" \/>\n<meta property=\"og:description\" content=\"In dieser Woche geht es im NSU-Prozess um sechs verschiedene Morde. Das Oberlandesgericht h\u00f6rt Zeugen zu den F\u00e4llen \u00d6z\u00fcdogru, Task\u00f6pr\u00fc, Kubasik, Yozgat, Yasar und Kilic. Im Vorfeld gibt es aber zun\u00e4chst Berichte \u00fcber einen weiteren Fall, der mit dem NSU in Verbindung gebracht wird: die sogenannte Taschenlampen-Explosion in einer N\u00fcrnberger Gastst\u00e4tte. Wie BR und SWR [&hellip;]\" \/>\n<meta property=\"og:url\" content=\"https:\/\/blog.zeit.de\/nsu-prozess-blog\/2013\/10\/07\/taschenlampe-nuernberg-nsu-ermittlungspanne\/\" \/>\n<meta property=\"og:site_name\" content=\"Das NSU-Prozess-Blog\" \/>\n<meta property=\"article:published_time\" content=\"2013-10-07T07:49:18+00:00\" \/>\n<meta property=\"article:modified_time\" content=\"2013-10-07T08:07:28+00:00\" \/>\n<meta name=\"author\" content=\"Christopher Pramstaller\" \/>\n<meta name=\"twitter:label1\" content=\"Geschrieben von\" \/>\n\t<meta name=\"twitter:data1\" content=\"Christopher Pramstaller\" \/>\n\t<meta name=\"twitter:label2\" content=\"Gesch\u00e4tzte Lesezeit\" \/>\n\t<meta name=\"twitter:data2\" content=\"2\u00a0Minuten\" \/>\n<script type=\"application\/ld+json\" class=\"yoast-schema-graph\">{\"@context\":\"https:\/\/schema.org\",\"@graph\":[{\"@type\":\"WebPage\",\"@id\":\"https:\/\/blog.zeit.de\/nsu-prozess-blog\/2013\/10\/07\/taschenlampe-nuernberg-nsu-ermittlungspanne\/\",\"url\":\"https:\/\/blog.zeit.de\/nsu-prozess-blog\/2013\/10\/07\/taschenlampe-nuernberg-nsu-ermittlungspanne\/\",\"name\":\"Ermittlungspanne bei NSU-Taschenlampen-Bombe \u2013 das Medienlog vom Montag 7. Oktober 2013 - Das NSU-Prozess-Blog\",\"isPartOf\":{\"@id\":\"https:\/\/blog.zeit.de\/nsu-prozess-blog\/#website\"},\"datePublished\":\"2013-10-07T07:49:18+00:00\",\"dateModified\":\"2013-10-07T08:07:28+00:00\",\"author\":{\"@id\":\"https:\/\/blog.zeit.de\/nsu-prozess-blog\/#\/schema\/person\/5b1be5e727adc48c5322d258bdb9b1d9\"},\"breadcrumb\":{\"@id\":\"https:\/\/blog.zeit.de\/nsu-prozess-blog\/2013\/10\/07\/taschenlampe-nuernberg-nsu-ermittlungspanne\/#breadcrumb\"},\"inLanguage\":\"de\",\"potentialAction\":[{\"@type\":\"ReadAction\",\"target\":[\"https:\/\/blog.zeit.de\/nsu-prozess-blog\/2013\/10\/07\/taschenlampe-nuernberg-nsu-ermittlungspanne\/\"]}]},{\"@type\":\"BreadcrumbList\",\"@id\":\"https:\/\/blog.zeit.de\/nsu-prozess-blog\/2013\/10\/07\/taschenlampe-nuernberg-nsu-ermittlungspanne\/#breadcrumb\",\"itemListElement\":[{\"@type\":\"ListItem\",\"position\":1,\"name\":\"Startseite\",\"item\":\"https:\/\/blog.zeit.de\/nsu-prozess-blog\/\"},{\"@type\":\"ListItem\",\"position\":2,\"name\":\"Ermittlungspanne bei NSU-Taschenlampen-Bombe \u2013 das Medienlog vom Montag 7. Oktober 2013\"}]},{\"@type\":\"WebSite\",\"@id\":\"https:\/\/blog.zeit.de\/nsu-prozess-blog\/#website\",\"url\":\"https:\/\/blog.zeit.de\/nsu-prozess-blog\/\",\"name\":\"Das NSU-Prozess-Blog\",\"description\":\"Alle Berichte zum Terrorverfahren in M\u00fcnchen\",\"potentialAction\":[{\"@type\":\"SearchAction\",\"target\":{\"@type\":\"EntryPoint\",\"urlTemplate\":\"https:\/\/blog.zeit.de\/nsu-prozess-blog\/?s={search_term_string}\"},\"query-input\":\"required name=search_term_string\"}],\"inLanguage\":\"de\"},{\"@type\":\"Person\",\"@id\":\"https:\/\/blog.zeit.de\/nsu-prozess-blog\/#\/schema\/person\/5b1be5e727adc48c5322d258bdb9b1d9\",\"name\":\"Christopher Pramstaller\",\"image\":{\"@type\":\"ImageObject\",\"inLanguage\":\"de\",\"@id\":\"https:\/\/blog.zeit.de\/nsu-prozess-blog\/#\/schema\/person\/image\/\",\"url\":\"https:\/\/secure.gravatar.com\/avatar\/a7ce55ae29128e2e797b5b85a8eb28fba8057fd0400f8fff519170f1ade7c0de?s=96&d=mm&r=g\",\"contentUrl\":\"https:\/\/secure.gravatar.com\/avatar\/a7ce55ae29128e2e797b5b85a8eb28fba8057fd0400f8fff519170f1ade7c0de?s=96&d=mm&r=g\",\"caption\":\"Christopher Pramstaller\"},\"url\":\"https:\/\/blog.zeit.de\/nsu-prozess-blog\/author\/cpramstaller\/\"}]}<\/script>\n<!-- \/ Yoast SEO plugin. -->","yoast_head_json":{"title":"Ermittlungspanne bei NSU-Taschenlampen-Bombe \u2013 das Medienlog vom Montag 7. Oktober 2013 - Das NSU-Prozess-Blog","robots":{"index":"index","follow":"follow","max-snippet":"max-snippet:-1","max-image-preview":"max-image-preview:large","max-video-preview":"max-video-preview:-1"},"canonical":"https:\/\/blog.zeit.de\/nsu-prozess-blog\/2013\/10\/07\/taschenlampe-nuernberg-nsu-ermittlungspanne\/","og_locale":"de_DE","og_type":"article","og_title":"Ermittlungspanne bei NSU-Taschenlampen-Bombe \u2013 das Medienlog vom Montag 7. Oktober 2013 - Das NSU-Prozess-Blog","og_description":"In dieser Woche geht es im NSU-Prozess um sechs verschiedene Morde. Das Oberlandesgericht h\u00f6rt Zeugen zu den F\u00e4llen \u00d6z\u00fcdogru, Task\u00f6pr\u00fc, Kubasik, Yozgat, Yasar und Kilic. Im Vorfeld gibt es aber zun\u00e4chst Berichte \u00fcber einen weiteren Fall, der mit dem NSU in Verbindung gebracht wird: die sogenannte Taschenlampen-Explosion in einer N\u00fcrnberger Gastst\u00e4tte. Wie BR und SWR [&hellip;]","og_url":"https:\/\/blog.zeit.de\/nsu-prozess-blog\/2013\/10\/07\/taschenlampe-nuernberg-nsu-ermittlungspanne\/","og_site_name":"Das NSU-Prozess-Blog","article_published_time":"2013-10-07T07:49:18+00:00","article_modified_time":"2013-10-07T08:07:28+00:00","author":"Christopher Pramstaller","twitter_misc":{"Geschrieben von":"Christopher Pramstaller","Gesch\u00e4tzte Lesezeit":"2\u00a0Minuten"},"schema":{"@context":"https:\/\/schema.org","@graph":[{"@type":"WebPage","@id":"https:\/\/blog.zeit.de\/nsu-prozess-blog\/2013\/10\/07\/taschenlampe-nuernberg-nsu-ermittlungspanne\/","url":"https:\/\/blog.zeit.de\/nsu-prozess-blog\/2013\/10\/07\/taschenlampe-nuernberg-nsu-ermittlungspanne\/","name":"Ermittlungspanne bei NSU-Taschenlampen-Bombe \u2013 das Medienlog vom Montag 7. Oktober 2013 - Das NSU-Prozess-Blog","isPartOf":{"@id":"https:\/\/blog.zeit.de\/nsu-prozess-blog\/#website"},"datePublished":"2013-10-07T07:49:18+00:00","dateModified":"2013-10-07T08:07:28+00:00","author":{"@id":"https:\/\/blog.zeit.de\/nsu-prozess-blog\/#\/schema\/person\/5b1be5e727adc48c5322d258bdb9b1d9"},"breadcrumb":{"@id":"https:\/\/blog.zeit.de\/nsu-prozess-blog\/2013\/10\/07\/taschenlampe-nuernberg-nsu-ermittlungspanne\/#breadcrumb"},"inLanguage":"de","potentialAction":[{"@type":"ReadAction","target":["https:\/\/blog.zeit.de\/nsu-prozess-blog\/2013\/10\/07\/taschenlampe-nuernberg-nsu-ermittlungspanne\/"]}]},{"@type":"BreadcrumbList","@id":"https:\/\/blog.zeit.de\/nsu-prozess-blog\/2013\/10\/07\/taschenlampe-nuernberg-nsu-ermittlungspanne\/#breadcrumb","itemListElement":[{"@type":"ListItem","position":1,"name":"Startseite","item":"https:\/\/blog.zeit.de\/nsu-prozess-blog\/"},{"@type":"ListItem","position":2,"name":"Ermittlungspanne bei NSU-Taschenlampen-Bombe \u2013 das Medienlog vom Montag 7. Oktober 2013"}]},{"@type":"WebSite","@id":"https:\/\/blog.zeit.de\/nsu-prozess-blog\/#website","url":"https:\/\/blog.zeit.de\/nsu-prozess-blog\/","name":"Das NSU-Prozess-Blog","description":"Alle Berichte zum Terrorverfahren in M\u00fcnchen","potentialAction":[{"@type":"SearchAction","target":{"@type":"EntryPoint","urlTemplate":"https:\/\/blog.zeit.de\/nsu-prozess-blog\/?s={search_term_string}"},"query-input":"required name=search_term_string"}],"inLanguage":"de"},{"@type":"Person","@id":"https:\/\/blog.zeit.de\/nsu-prozess-blog\/#\/schema\/person\/5b1be5e727adc48c5322d258bdb9b1d9","name":"Christopher Pramstaller","image":{"@type":"ImageObject","inLanguage":"de","@id":"https:\/\/blog.zeit.de\/nsu-prozess-blog\/#\/schema\/person\/image\/","url":"https:\/\/secure.gravatar.com\/avatar\/a7ce55ae29128e2e797b5b85a8eb28fba8057fd0400f8fff519170f1ade7c0de?s=96&d=mm&r=g","contentUrl":"https:\/\/secure.gravatar.com\/avatar\/a7ce55ae29128e2e797b5b85a8eb28fba8057fd0400f8fff519170f1ade7c0de?s=96&d=mm&r=g","caption":"Christopher Pramstaller"},"url":"https:\/\/blog.zeit.de\/nsu-prozess-blog\/author\/cpramstaller\/"}]}},"jetpack_featured_media_url":"","jetpack_sharing_enabled":true,"_links":{"self":[{"href":"https:\/\/blog.zeit.de\/nsu-prozess-blog\/wp-json\/wp\/v2\/posts\/3425","targetHints":{"allow":["GET"]}}],"collection":[{"href":"https:\/\/blog.zeit.de\/nsu-prozess-blog\/wp-json\/wp\/v2\/posts"}],"about":[{"href":"https:\/\/blog.zeit.de\/nsu-prozess-blog\/wp-json\/wp\/v2\/types\/post"}],"author":[{"embeddable":true,"href":"https:\/\/blog.zeit.de\/nsu-prozess-blog\/wp-json\/wp\/v2\/users\/427"}],"replies":[{"embeddable":true,"href":"https:\/\/blog.zeit.de\/nsu-prozess-blog\/wp-json\/wp\/v2\/comments?post=3425"}],"version-history":[{"count":11,"href":"https:\/\/blog.zeit.de\/nsu-prozess-blog\/wp-json\/wp\/v2\/posts\/3425\/revisions"}],"predecessor-version":[{"id":3435,"href":"https:\/\/blog.zeit.de\/nsu-prozess-blog\/wp-json\/wp\/v2\/posts\/3425\/revisions\/3435"}],"wp:attachment":[{"href":"https:\/\/blog.zeit.de\/nsu-prozess-blog\/wp-json\/wp\/v2\/media?parent=3425"}],"wp:term":[{"taxonomy":"category","embeddable":true,"href":"https:\/\/blog.zeit.de\/nsu-prozess-blog\/wp-json\/wp\/v2\/categories?post=3425"},{"taxonomy":"post_tag","embeddable":true,"href":"https:\/\/blog.zeit.de\/nsu-prozess-blog\/wp-json\/wp\/v2\/tags?post=3425"}],"curies":[{"name":"wp","href":"https:\/\/api.w.org\/{rel}","templated":true}]}}