{"id":3455,"date":"2013-10-09T07:47:05","date_gmt":"2013-10-09T05:47:05","guid":{"rendered":"http:\/\/blog.zeit.de\/nsu-prozess-blog\/?p=3455"},"modified":"2013-10-09T23:34:45","modified_gmt":"2013-10-09T21:34:45","slug":"44-prozesstag-zeugenhorung-zu-den-morden-kilic-und-yasar","status":"publish","type":"post","link":"https:\/\/blog.zeit.de\/nsu-prozess-blog\/2013\/10\/09\/44-prozesstag-zeugenhorung-zu-den-morden-kilic-und-yasar\/","title":{"rendered":"44. Prozesstag \u2013 Ismail Ya\u015far \/ Autoanmietung"},"content":{"rendered":"<p><a href=\"https:\/\/blog.zeit.de\/nsu-prozess-blog\/2013\/10\/08\/43-prozesstag-suleyman-taskopru-zeugen-dortmund\/img_1746-3\/\" rel=\"attachment wp-att-3265\"><img loading=\"lazy\" decoding=\"async\" class=\"aligncenter size-large wp-image-3265\" alt=\"IMG_1746 3\" src=\"https:\/\/blog.zeit.de\/nsu-prozess-blog\/files\/2013\/09\/IMG_1746-3-580x116.jpg\" width=\"580\" height=\"116\" srcset=\"https:\/\/blog.zeit.de\/nsu-prozess-blog\/files\/2013\/09\/IMG_1746-3-580x116.jpg 580w, https:\/\/blog.zeit.de\/nsu-prozess-blog\/files\/2013\/09\/IMG_1746-3-220x44.jpg 220w\" sizes=\"auto, (max-width: 580px) 100vw, 580px\" \/><\/a><\/p>\n<p>Am heutigen 44. Verhandlungstag sagte ein Zeuge zum Mord an Ismail Ya\u015far aus. Der 50-J\u00e4hrige wurde am 9. Juni 2005 mit insgesamt f\u00fcnf Sch\u00fcssen in seinem D\u00f6ner-Imbiss in N\u00fcrnberg get\u00f6tet. Der Zeuge sagte, dass er die mutma\u00dflichen T\u00e4ter unmittelbar vor dem Mord an Ya\u015far gesehen haben. Die beiden M\u00e4nner h\u00e4tten direkt vor ihm mit ihren Fahrr\u00e4dern die Stra\u00dfe \u00fcberquert. Auf einem Foto hatte er Uwe Mundlos auf Anhieb erkannt.<\/p>\n<p>Am Nachmittag ging das Gericht dann in die Detailarbeit: Es wurde ein Kriminalbeamter vernommen, der die Mietvertr\u00e4ge \u00fcber Autos und Wohnmobile ausgewertet hatte, welche die mutma\u00dflichen Terroristen nutzten. Insgesamt wurden die Daten zu 65 Mietvertr\u00e4gen abgefragt. Teilweise nutzten die Untergetauchten die Fahrzeuge f\u00fcr \u00dcberf\u00e4lle und Anschl\u00e4ge. <em>(mit dpa)<\/em><\/p>\n<p><em>\u00a0Berichte \u00fcber den 44. Verhandlungstag fassen wir morgen im<a href=\"https:\/\/blog.zeit.de\/nsu-prozess-blog\/category\/medienschau\/\"> NSU-Medienlog<\/a> zusammen.<\/em><\/p>\n<p>&nbsp;<\/p>\n<p>&nbsp;<\/p>\n","protected":false},"excerpt":{"rendered":"<p>Am heutigen 44. Verhandlungstag sagte ein Zeuge zum Mord an Ismail Ya\u015far aus. Der 50-J\u00e4hrige wurde am 9. Juni 2005 mit insgesamt f\u00fcnf Sch\u00fcssen in seinem D\u00f6ner-Imbiss in N\u00fcrnberg get\u00f6tet. Der Zeuge sagte, dass er die mutma\u00dflichen T\u00e4ter unmittelbar vor dem Mord an Ya\u015far gesehen haben. Die beiden M\u00e4nner h\u00e4tten direkt vor ihm mit ihren [&hellip;]<\/p>\n","protected":false},"author":410,"featured_media":0,"comment_status":"open","ping_status":"open","sticky":false,"template":"","format":"standard","meta":{"_jetpack_memberships_contains_paid_content":false,"footnotes":""},"categories":[27532],"tags":[27573,27578,27551,27560],"class_list":["post-3455","post","type-post","status-publish","format-standard","hentry","category-prozesstage","tag-brand","tag-ismail-yasar","tag-prozesstag","tag-zwickau"],"yoast_head":"<!-- This site is optimized with the Yoast SEO plugin v21.0 - https:\/\/yoast.com\/wordpress\/plugins\/seo\/ -->\n<title>44. Prozesstag \u2013 Ismail Ya\u015far \/ Autoanmietung - Das NSU-Prozess-Blog<\/title>\n<meta name=\"robots\" content=\"index, follow, max-snippet:-1, max-image-preview:large, max-video-preview:-1\" \/>\n<link rel=\"canonical\" href=\"https:\/\/blog.zeit.de\/nsu-prozess-blog\/2013\/10\/09\/44-prozesstag-zeugenhorung-zu-den-morden-kilic-und-yasar\/\" \/>\n<meta property=\"og:locale\" content=\"de_DE\" \/>\n<meta property=\"og:type\" content=\"article\" \/>\n<meta property=\"og:title\" content=\"44. Prozesstag \u2013 Ismail Ya\u015far \/ Autoanmietung - Das NSU-Prozess-Blog\" \/>\n<meta property=\"og:description\" content=\"Am heutigen 44. Verhandlungstag sagte ein Zeuge zum Mord an Ismail Ya\u015far aus. Der 50-J\u00e4hrige wurde am 9. Juni 2005 mit insgesamt f\u00fcnf Sch\u00fcssen in seinem D\u00f6ner-Imbiss in N\u00fcrnberg get\u00f6tet. Der Zeuge sagte, dass er die mutma\u00dflichen T\u00e4ter unmittelbar vor dem Mord an Ya\u015far gesehen haben. Die beiden M\u00e4nner h\u00e4tten direkt vor ihm mit ihren [&hellip;]\" \/>\n<meta property=\"og:url\" content=\"https:\/\/blog.zeit.de\/nsu-prozess-blog\/2013\/10\/09\/44-prozesstag-zeugenhorung-zu-den-morden-kilic-und-yasar\/\" \/>\n<meta property=\"og:site_name\" content=\"Das NSU-Prozess-Blog\" \/>\n<meta property=\"article:published_time\" content=\"2013-10-09T05:47:05+00:00\" \/>\n<meta property=\"article:modified_time\" content=\"2013-10-09T21:34:45+00:00\" \/>\n<meta property=\"og:image\" content=\"https:\/\/blog.zeit.de\/nsu-prozess-blog\/files\/2013\/09\/IMG_1746-3-580x116.jpg\" \/>\n<meta name=\"author\" content=\"Mirjam Schmitt\" \/>\n<meta name=\"twitter:label1\" content=\"Geschrieben von\" \/>\n\t<meta name=\"twitter:data1\" content=\"Mirjam Schmitt\" \/>\n\t<meta name=\"twitter:label2\" content=\"Gesch\u00e4tzte Lesezeit\" \/>\n\t<meta name=\"twitter:data2\" content=\"1\u00a0Minute\" \/>\n<script type=\"application\/ld+json\" class=\"yoast-schema-graph\">{\"@context\":\"https:\/\/schema.org\",\"@graph\":[{\"@type\":\"WebPage\",\"@id\":\"https:\/\/blog.zeit.de\/nsu-prozess-blog\/2013\/10\/09\/44-prozesstag-zeugenhorung-zu-den-morden-kilic-und-yasar\/\",\"url\":\"https:\/\/blog.zeit.de\/nsu-prozess-blog\/2013\/10\/09\/44-prozesstag-zeugenhorung-zu-den-morden-kilic-und-yasar\/\",\"name\":\"44. Prozesstag \u2013 Ismail Ya\u015far \/ Autoanmietung - Das NSU-Prozess-Blog\",\"isPartOf\":{\"@id\":\"https:\/\/blog.zeit.de\/nsu-prozess-blog\/#website\"},\"datePublished\":\"2013-10-09T05:47:05+00:00\",\"dateModified\":\"2013-10-09T21:34:45+00:00\",\"author\":{\"@id\":\"https:\/\/blog.zeit.de\/nsu-prozess-blog\/#\/schema\/person\/45acffb344ee326a2ebea3f5c0ad3ae8\"},\"breadcrumb\":{\"@id\":\"https:\/\/blog.zeit.de\/nsu-prozess-blog\/2013\/10\/09\/44-prozesstag-zeugenhorung-zu-den-morden-kilic-und-yasar\/#breadcrumb\"},\"inLanguage\":\"de\",\"potentialAction\":[{\"@type\":\"ReadAction\",\"target\":[\"https:\/\/blog.zeit.de\/nsu-prozess-blog\/2013\/10\/09\/44-prozesstag-zeugenhorung-zu-den-morden-kilic-und-yasar\/\"]}]},{\"@type\":\"BreadcrumbList\",\"@id\":\"https:\/\/blog.zeit.de\/nsu-prozess-blog\/2013\/10\/09\/44-prozesstag-zeugenhorung-zu-den-morden-kilic-und-yasar\/#breadcrumb\",\"itemListElement\":[{\"@type\":\"ListItem\",\"position\":1,\"name\":\"Startseite\",\"item\":\"https:\/\/blog.zeit.de\/nsu-prozess-blog\/\"},{\"@type\":\"ListItem\",\"position\":2,\"name\":\"44. Prozesstag \u2013 Ismail Ya\u015far \/ Autoanmietung\"}]},{\"@type\":\"WebSite\",\"@id\":\"https:\/\/blog.zeit.de\/nsu-prozess-blog\/#website\",\"url\":\"https:\/\/blog.zeit.de\/nsu-prozess-blog\/\",\"name\":\"Das NSU-Prozess-Blog\",\"description\":\"Alle Berichte zum Terrorverfahren in M\u00fcnchen\",\"potentialAction\":[{\"@type\":\"SearchAction\",\"target\":{\"@type\":\"EntryPoint\",\"urlTemplate\":\"https:\/\/blog.zeit.de\/nsu-prozess-blog\/?s={search_term_string}\"},\"query-input\":\"required name=search_term_string\"}],\"inLanguage\":\"de\"},{\"@type\":\"Person\",\"@id\":\"https:\/\/blog.zeit.de\/nsu-prozess-blog\/#\/schema\/person\/45acffb344ee326a2ebea3f5c0ad3ae8\",\"name\":\"Mirjam Schmitt\",\"image\":{\"@type\":\"ImageObject\",\"inLanguage\":\"de\",\"@id\":\"https:\/\/blog.zeit.de\/nsu-prozess-blog\/#\/schema\/person\/image\/\",\"url\":\"https:\/\/secure.gravatar.com\/avatar\/21ea3e922b6404f0cab7bb919e2b401850e5cef2e7155dba6caa935b66c5688b?s=96&d=mm&r=g\",\"contentUrl\":\"https:\/\/secure.gravatar.com\/avatar\/21ea3e922b6404f0cab7bb919e2b401850e5cef2e7155dba6caa935b66c5688b?s=96&d=mm&r=g\",\"caption\":\"Mirjam Schmitt\"},\"url\":\"https:\/\/blog.zeit.de\/nsu-prozess-blog\/author\/mschmitt\/\"}]}<\/script>\n<!-- \/ Yoast SEO plugin. -->","yoast_head_json":{"title":"44. Prozesstag \u2013 Ismail Ya\u015far \/ Autoanmietung - Das NSU-Prozess-Blog","robots":{"index":"index","follow":"follow","max-snippet":"max-snippet:-1","max-image-preview":"max-image-preview:large","max-video-preview":"max-video-preview:-1"},"canonical":"https:\/\/blog.zeit.de\/nsu-prozess-blog\/2013\/10\/09\/44-prozesstag-zeugenhorung-zu-den-morden-kilic-und-yasar\/","og_locale":"de_DE","og_type":"article","og_title":"44. Prozesstag \u2013 Ismail Ya\u015far \/ Autoanmietung - Das NSU-Prozess-Blog","og_description":"Am heutigen 44. Verhandlungstag sagte ein Zeuge zum Mord an Ismail Ya\u015far aus. Der 50-J\u00e4hrige wurde am 9. Juni 2005 mit insgesamt f\u00fcnf Sch\u00fcssen in seinem D\u00f6ner-Imbiss in N\u00fcrnberg get\u00f6tet. Der Zeuge sagte, dass er die mutma\u00dflichen T\u00e4ter unmittelbar vor dem Mord an Ya\u015far gesehen haben. Die beiden M\u00e4nner h\u00e4tten direkt vor ihm mit ihren [&hellip;]","og_url":"https:\/\/blog.zeit.de\/nsu-prozess-blog\/2013\/10\/09\/44-prozesstag-zeugenhorung-zu-den-morden-kilic-und-yasar\/","og_site_name":"Das NSU-Prozess-Blog","article_published_time":"2013-10-09T05:47:05+00:00","article_modified_time":"2013-10-09T21:34:45+00:00","og_image":[{"url":"https:\/\/blog.zeit.de\/nsu-prozess-blog\/files\/2013\/09\/IMG_1746-3-580x116.jpg"}],"author":"Mirjam Schmitt","twitter_misc":{"Geschrieben von":"Mirjam Schmitt","Gesch\u00e4tzte Lesezeit":"1\u00a0Minute"},"schema":{"@context":"https:\/\/schema.org","@graph":[{"@type":"WebPage","@id":"https:\/\/blog.zeit.de\/nsu-prozess-blog\/2013\/10\/09\/44-prozesstag-zeugenhorung-zu-den-morden-kilic-und-yasar\/","url":"https:\/\/blog.zeit.de\/nsu-prozess-blog\/2013\/10\/09\/44-prozesstag-zeugenhorung-zu-den-morden-kilic-und-yasar\/","name":"44. Prozesstag \u2013 Ismail Ya\u015far \/ Autoanmietung - Das NSU-Prozess-Blog","isPartOf":{"@id":"https:\/\/blog.zeit.de\/nsu-prozess-blog\/#website"},"datePublished":"2013-10-09T05:47:05+00:00","dateModified":"2013-10-09T21:34:45+00:00","author":{"@id":"https:\/\/blog.zeit.de\/nsu-prozess-blog\/#\/schema\/person\/45acffb344ee326a2ebea3f5c0ad3ae8"},"breadcrumb":{"@id":"https:\/\/blog.zeit.de\/nsu-prozess-blog\/2013\/10\/09\/44-prozesstag-zeugenhorung-zu-den-morden-kilic-und-yasar\/#breadcrumb"},"inLanguage":"de","potentialAction":[{"@type":"ReadAction","target":["https:\/\/blog.zeit.de\/nsu-prozess-blog\/2013\/10\/09\/44-prozesstag-zeugenhorung-zu-den-morden-kilic-und-yasar\/"]}]},{"@type":"BreadcrumbList","@id":"https:\/\/blog.zeit.de\/nsu-prozess-blog\/2013\/10\/09\/44-prozesstag-zeugenhorung-zu-den-morden-kilic-und-yasar\/#breadcrumb","itemListElement":[{"@type":"ListItem","position":1,"name":"Startseite","item":"https:\/\/blog.zeit.de\/nsu-prozess-blog\/"},{"@type":"ListItem","position":2,"name":"44. Prozesstag \u2013 Ismail Ya\u015far \/ Autoanmietung"}]},{"@type":"WebSite","@id":"https:\/\/blog.zeit.de\/nsu-prozess-blog\/#website","url":"https:\/\/blog.zeit.de\/nsu-prozess-blog\/","name":"Das NSU-Prozess-Blog","description":"Alle Berichte zum Terrorverfahren in M\u00fcnchen","potentialAction":[{"@type":"SearchAction","target":{"@type":"EntryPoint","urlTemplate":"https:\/\/blog.zeit.de\/nsu-prozess-blog\/?s={search_term_string}"},"query-input":"required name=search_term_string"}],"inLanguage":"de"},{"@type":"Person","@id":"https:\/\/blog.zeit.de\/nsu-prozess-blog\/#\/schema\/person\/45acffb344ee326a2ebea3f5c0ad3ae8","name":"Mirjam Schmitt","image":{"@type":"ImageObject","inLanguage":"de","@id":"https:\/\/blog.zeit.de\/nsu-prozess-blog\/#\/schema\/person\/image\/","url":"https:\/\/secure.gravatar.com\/avatar\/21ea3e922b6404f0cab7bb919e2b401850e5cef2e7155dba6caa935b66c5688b?s=96&d=mm&r=g","contentUrl":"https:\/\/secure.gravatar.com\/avatar\/21ea3e922b6404f0cab7bb919e2b401850e5cef2e7155dba6caa935b66c5688b?s=96&d=mm&r=g","caption":"Mirjam Schmitt"},"url":"https:\/\/blog.zeit.de\/nsu-prozess-blog\/author\/mschmitt\/"}]}},"jetpack_featured_media_url":"","jetpack_sharing_enabled":true,"_links":{"self":[{"href":"https:\/\/blog.zeit.de\/nsu-prozess-blog\/wp-json\/wp\/v2\/posts\/3455","targetHints":{"allow":["GET"]}}],"collection":[{"href":"https:\/\/blog.zeit.de\/nsu-prozess-blog\/wp-json\/wp\/v2\/posts"}],"about":[{"href":"https:\/\/blog.zeit.de\/nsu-prozess-blog\/wp-json\/wp\/v2\/types\/post"}],"author":[{"embeddable":true,"href":"https:\/\/blog.zeit.de\/nsu-prozess-blog\/wp-json\/wp\/v2\/users\/410"}],"replies":[{"embeddable":true,"href":"https:\/\/blog.zeit.de\/nsu-prozess-blog\/wp-json\/wp\/v2\/comments?post=3455"}],"version-history":[{"count":7,"href":"https:\/\/blog.zeit.de\/nsu-prozess-blog\/wp-json\/wp\/v2\/posts\/3455\/revisions"}],"predecessor-version":[{"id":3505,"href":"https:\/\/blog.zeit.de\/nsu-prozess-blog\/wp-json\/wp\/v2\/posts\/3455\/revisions\/3505"}],"wp:attachment":[{"href":"https:\/\/blog.zeit.de\/nsu-prozess-blog\/wp-json\/wp\/v2\/media?parent=3455"}],"wp:term":[{"taxonomy":"category","embeddable":true,"href":"https:\/\/blog.zeit.de\/nsu-prozess-blog\/wp-json\/wp\/v2\/categories?post=3455"},{"taxonomy":"post_tag","embeddable":true,"href":"https:\/\/blog.zeit.de\/nsu-prozess-blog\/wp-json\/wp\/v2\/tags?post=3455"}],"curies":[{"name":"wp","href":"https:\/\/api.w.org\/{rel}","templated":true}]}}