{"id":3459,"date":"2013-10-09T08:04:34","date_gmt":"2013-10-09T06:04:34","guid":{"rendered":"http:\/\/blog.zeit.de\/nsu-prozess-blog\/?p=3459"},"modified":"2013-10-09T16:53:59","modified_gmt":"2013-10-09T14:53:59","slug":"zschaepe-dortmund-zeugen","status":"publish","type":"post","link":"https:\/\/blog.zeit.de\/nsu-prozess-blog\/2013\/10\/09\/zschaepe-dortmund-zeugen\/","title":{"rendered":"&#8222;F\u00fcr Beate Zsch\u00e4pe war es ein guter Tag&#8220; \u2013 das Medienlog vom Mittwoch, 9. September 2013"},"content":{"rendered":"<p>War Beate Zsch\u00e4pe in Dortmund oder handelt es sich um eine Verwechslung? Diese Frage besch\u00e4ftigte die Medien nach dem 43. Verhandlungstag. Die Zweifel an der Zeugenaussage von Veronika A., die Zsch\u00e4pe zur Zeit eines NSU-Mordes dort gesehen haben will, sind noch einmal gr\u00f6\u00dfer geworden.<\/p>\n<p><!--more--><\/p>\n<p><i>An jedem Werktag sichten wir f\u00fcr das NSU-Prozess-Blog die Medien und stellen wichtige Berichte, Blogs, Videos und Tweets zusammen. Wir freuen uns \u00fcber Hinweise via Twitter mit dem Hashtag #nsublog \u2013 oder per E-Mail an nsublog@zeit.de.<\/i><\/p>\n<p>Im April 2006 will Veronika A. Zsch\u00e4pe auf dem Grundst\u00fcck ihres Nachbarn in Dortmund gesehen haben. Dazu wurde am 43. Verhandlungstag der Nachbar Thomas D. geh\u00f6rt. Seine Frau \u00e4hnelt Beate Zsch\u00e4pe. Die meisten Prozessbeobachter sind jedoch der Meinung, dass sich die \u00c4hnlichkeit der beiden Frauen in Grenzen h\u00e4lt. So etwa Ralf Isermann (<a href=\"http:\/\/www.stern.de\/politik\/deutschland\/nsu-prozess-zschaepes-unaehnliche-doppelgaengerin-2063337.html#utm_source=standard&amp;utm_medium=rss-feed&amp;utm_campaign=alle\" target=\"_blank\">AFP\/<\/a><em><a href=\"http:\/\/www.stern.de\/politik\/deutschland\/nsu-prozess-zschaepes-unaehnliche-doppelgaengerin-2063337.html#utm_source=standard&amp;utm_medium=rss-feed&amp;utm_campaign=alle\" target=\"_blank\">stern.de<\/a>) <\/em>und Julia J\u00fcttner von <a href=\"http:\/\/www.spiegel.de\/panorama\/justiz\/vermeintliches-treffen-in-dortmund-zeuge-sagt-im-nsu-prozess-aus-a-926799.html\" target=\"_blank\"><em>Spiegel Online<\/em><\/a>. Ein Aufenthalt von Zsch\u00e4pe in Dortmund zur Zeit des Mordes an dem Kioskbetreiber Mehmet Kubasik sei dennoch nicht belegbar. J\u00fcttner res\u00fcmiert: &#8222;F\u00fcr Beate Zsch\u00e4pe war es ein guter Tag.&#8220;<\/p>\n<style type=\"text\/css\"><!--\nP { margin-bottom: 0.21cm; }A:link {  }\n--><\/style>\n<p>Tom Sundermann dagegen schreibt auf <a href=\"https:\/\/blog.zeit.de\/nsu-prozess-blog\/wp-admin\/zwischen%20D.s%20heutiger%20Frau%20und%20Beate%20Zsch\u00e4pe%20lassen%20sich%20durchaus%20\u00c4hnlichkeiten%20feststellen\" target=\"_blank\">ZEIT ONLINE<\/a>: &#8222;Zwischen D.s heutiger Frau und Beate Zsch\u00e4pe lassen sich durchaus \u00c4hnlichkeiten feststellen.&#8220; Dass Zsch\u00e4pe auf dem Grundst\u00fcck in Dortmund war, lie\u00dfe sich nicht beweisen, daher gelte: Im Zweifel f\u00fcr die Angeklagte.<\/p>\n\n<div class=\"embed-wrapper embed-wrapper--blocked js-embed-consent\" data-method=\"embed\">\n<script class=\"raw__source\" type=\"text\/template\"><div class=\"embed-twitter\"><blockquote class=\"twitter-tweet\" data-width=\"550\" data-dnt=\"true\"><p data-replace lang=\"de\" dir=\"ltr\">Ja, gut, er habe \u201eZick, zack Kanackenpack\u201c beim Fu\u00dfball gerufen und stand in der S\u00fcdkurve bei den Hooligans. Aber rechts sei er nicht. <a href=\"https:\/\/twitter.com\/hashtag\/nsu?src=hash&amp;ref_src=twsrc%5Etfw\">#nsu<\/a><\/p>&mdash; PZ hautnah (@PZhautnah) <a href=\"https:\/\/twitter.com\/PZhautnah\/status\/387534446120816640?ref_src=twsrc%5Etfw\">October 8, 2013<\/a><\/blockquote><scr+ipt async src=\"https:\/\/platform.twitter.com\/widgets.js\" charset=\"utf-8\"><\/scr+ipt><\/div><\/script>\n<div class=\"embed-wrapper__inner\">\n<div class=\"embed-wrapper__text\">\n<h3>Empfohlener redaktioneller Inhalt<\/h3>\n<p data-replace=\"no\">An dieser Stelle finden Sie externen Inhalt, der den Artikel erg\u00e4nzt. Sie k\u00f6nnen sich externe Inhalte mit einem Klick anzeigen lassen und wieder ausblenden.<noscript>Bitte aktivieren Sie JavaScript damit Sie diesen Inhalt anzeigen k\u00f6nnen.<\/noscript><\/p>\n<\/div>\n<div class=\"embed-consent\">\n<label class=\"embed-consent__toggle\">\n<input class=\"js-embed-consent__toggle\" type=\"checkbox\" autocomplete=\"off\">\n<span><\/span>\nExterner Inhalt\n<\/label>\n<a href=\"https:\/\/www.zeit.de\/hilfe\/datenschutz\" target=\"_blank\" class=\"embed-consent__datalink-when-active\">Datenschutzerkl\u00e4rung<\/a>\n<\/div>\n<div class=\"embed-wrapper__footer\">\n<p data-replace=\"no\">\nIch bin damit einverstanden, dass mir externe Inhalte angezeigt werden. Damit k\u00f6nnen personenbezogene Daten an Drittplattformen \u00fcbermittelt werden. <a href=\"https:\/\/www.zeit.de\/hilfe\/datenschutz\" target=\"_blank\">Mehr dazu in unserer Datenschutzerkl\u00e4rung.<\/a>\n<\/p>\n<\/div>\n<\/div>\n<\/div>\n<p>Thomas D. stritt in der Vernehmung jede Verbindung mit der rechten Szene ab. &#8222;Im Laufe der Befragung zeigte sich allerdings, dass die Frage, was &#8218;rechts&#8216; ist, bei diesem Zeugen nicht eindeutig zu beantworten ist&#8220;, kommentiert <a href=\"http:\/\/www.merkur-online.de\/aktuelles\/politik\/double-zschaepe-gericht-prueft-nsu-verbindungen-nach-dortmund-zr-3154127.html\" target=\"_blank\">Jochen Neumeyer (dpa)<\/a>. Sein Res\u00fcmee: &#8222;So gab die Befragung des Nachbarn zwar in diesem Prozess ein weiteres Beispiel f\u00fcr <strong>dumpfes, fremdenfeindliches Gedankengut<\/strong> \u2013 doch f\u00fcr Verbindungen des Nationalsozialistischen Untergrunds in die \u00f6rtliche rechte Szene Dortmunds ergaben sich keine Anhaltspunkte.&#8220;<\/p>\n<style type=\"text\/css\"><!--\nP { margin-bottom: 0.21cm; }A:link {  }\n--><\/style>\n<p>Am Rande des Prozesses gibt es neue Erkenntnisse von Seiten der Ermittler: Auf einer Festplatte aus dem Brandschutt in der Zwickauer Fr\u00fchlingsstra\u00dfe fanden sie eine Fotomontage. Darauf zu sehen ist der ehemalige Bundeskanzler <strong>Gerhard Schr\u00f6der<\/strong> \u2013 abgebildet hinter Gittern, mit einem Judenstern auf der Brust und mit &#8222;<em>You are the next one<\/em>&#8220; (dt.: Du bist der N\u00e4chste) \u00fcberschrieben. &#8222;Hatten die M\u00f6rder der Zelle etwa auch den Kanzler im Visier?&#8220;, fragt Per Hinrichs anschlie\u00dfend in der <em><a href=\"http:\/\/www.welt.de\/politik\/deutschland\/article120736919\/NSU-plante-offenbar-Attentat-auf-Gerhard-Schroeder.html\" target=\"_blank\">Welt<\/a><\/em> und mutma\u00dft: &#8222;Offenbar r\u00fcckten die Drei von dem Vorhaben wieder ab&#8220;, denn die Datei sei nicht in das Bekenner-Video eingef\u00fcgt worden.<\/p>\n<p>&#8222;Auch Hinweise auf eine Tatbeteiligung des ebenfalls Angeklagten Andr\u00e9 E. finden sich auf den <strong>Datentr\u00e4gern<\/strong>, zumindest darauf, dass er engen Kontakt zu dem Trio hatte&#8220;, schreibt Sundermann. Etwa seien darauf Bilder aus E.&#8217;s Privatleben abgespeichert.<\/p>\n<p>Die Festplatte war auch Thema in der <em>Th\u00fcringer-Allgemeinen<\/em>:<a href=\"http:\/\/www.thueringer-allgemeine.de\/web\/zgt\/leben\/detail\/-\/specific\/Fotos-von-Ex-Bundeskanzler-Schroeder-auf-NSU-Festplatte-gefunden-1564392005\" target=\"_blank\"> &#8222;Fotos von Exbundeskanzler Gerhard Schr\u00f6der auf NSU-Festplatte gefunden&#8220;<\/a>.<\/p>\n<p>Keine Berichte in englisch- und t\u00fcrkischsprachigen Medien online verf\u00fcgbar.<\/p>\n<p><em>Das n\u00e4chste Medienlog erscheint am Donnerstag, 10. September.<\/em><\/p>\n","protected":false},"excerpt":{"rendered":"<p>War Beate Zsch\u00e4pe in Dortmund oder handelt es sich um eine Verwechslung? Diese Frage besch\u00e4ftigte die Medien nach dem 43. Verhandlungstag. Die Zweifel an der Zeugenaussage von Veronika A., die Zsch\u00e4pe zur Zeit eines NSU-Mordes dort gesehen haben will, sind noch einmal gr\u00f6\u00dfer geworden.<\/p>\n","protected":false},"author":410,"featured_media":0,"comment_status":"closed","ping_status":"closed","sticky":false,"template":"","format":"standard","meta":{"_jetpack_memberships_contains_paid_content":false,"footnotes":""},"categories":[27531],"tags":[17793,1538,29441],"class_list":["post-3459","post","type-post","status-publish","format-standard","hentry","category-medienschau","tag-beate-zschape","tag-dortmund","tag-veronika-a"],"yoast_head":"<!-- This site is optimized with the Yoast SEO plugin v21.0 - https:\/\/yoast.com\/wordpress\/plugins\/seo\/ -->\n<title>&quot;F\u00fcr Beate Zsch\u00e4pe war es ein guter Tag&quot; \u2013 das Medienlog vom Mittwoch, 9. September 2013 - Das NSU-Prozess-Blog<\/title>\n<meta name=\"robots\" content=\"index, follow, max-snippet:-1, max-image-preview:large, max-video-preview:-1\" \/>\n<link rel=\"canonical\" href=\"https:\/\/blog.zeit.de\/nsu-prozess-blog\/2013\/10\/09\/zschaepe-dortmund-zeugen\/\" \/>\n<meta property=\"og:locale\" content=\"de_DE\" \/>\n<meta property=\"og:type\" content=\"article\" \/>\n<meta property=\"og:title\" content=\"&quot;F\u00fcr Beate Zsch\u00e4pe war es ein guter Tag&quot; \u2013 das Medienlog vom Mittwoch, 9. September 2013 - Das NSU-Prozess-Blog\" \/>\n<meta property=\"og:description\" content=\"War Beate Zsch\u00e4pe in Dortmund oder handelt es sich um eine Verwechslung? Diese Frage besch\u00e4ftigte die Medien nach dem 43. Verhandlungstag. Die Zweifel an der Zeugenaussage von Veronika A., die Zsch\u00e4pe zur Zeit eines NSU-Mordes dort gesehen haben will, sind noch einmal gr\u00f6\u00dfer geworden.\" \/>\n<meta property=\"og:url\" content=\"https:\/\/blog.zeit.de\/nsu-prozess-blog\/2013\/10\/09\/zschaepe-dortmund-zeugen\/\" \/>\n<meta property=\"og:site_name\" content=\"Das NSU-Prozess-Blog\" \/>\n<meta property=\"article:published_time\" content=\"2013-10-09T06:04:34+00:00\" \/>\n<meta property=\"article:modified_time\" content=\"2013-10-09T14:53:59+00:00\" \/>\n<meta name=\"author\" content=\"Mirjam Schmitt\" \/>\n<meta name=\"twitter:label1\" content=\"Geschrieben von\" \/>\n\t<meta name=\"twitter:data1\" content=\"Mirjam Schmitt\" \/>\n\t<meta name=\"twitter:label2\" content=\"Gesch\u00e4tzte Lesezeit\" \/>\n\t<meta name=\"twitter:data2\" content=\"2\u00a0Minuten\" \/>\n<script type=\"application\/ld+json\" class=\"yoast-schema-graph\">{\"@context\":\"https:\/\/schema.org\",\"@graph\":[{\"@type\":\"WebPage\",\"@id\":\"https:\/\/blog.zeit.de\/nsu-prozess-blog\/2013\/10\/09\/zschaepe-dortmund-zeugen\/\",\"url\":\"https:\/\/blog.zeit.de\/nsu-prozess-blog\/2013\/10\/09\/zschaepe-dortmund-zeugen\/\",\"name\":\"\\\"F\u00fcr Beate Zsch\u00e4pe war es ein guter Tag\\\" \u2013 das Medienlog vom Mittwoch, 9. September 2013 - Das NSU-Prozess-Blog\",\"isPartOf\":{\"@id\":\"https:\/\/blog.zeit.de\/nsu-prozess-blog\/#website\"},\"datePublished\":\"2013-10-09T06:04:34+00:00\",\"dateModified\":\"2013-10-09T14:53:59+00:00\",\"author\":{\"@id\":\"https:\/\/blog.zeit.de\/nsu-prozess-blog\/#\/schema\/person\/45acffb344ee326a2ebea3f5c0ad3ae8\"},\"breadcrumb\":{\"@id\":\"https:\/\/blog.zeit.de\/nsu-prozess-blog\/2013\/10\/09\/zschaepe-dortmund-zeugen\/#breadcrumb\"},\"inLanguage\":\"de\",\"potentialAction\":[{\"@type\":\"ReadAction\",\"target\":[\"https:\/\/blog.zeit.de\/nsu-prozess-blog\/2013\/10\/09\/zschaepe-dortmund-zeugen\/\"]}]},{\"@type\":\"BreadcrumbList\",\"@id\":\"https:\/\/blog.zeit.de\/nsu-prozess-blog\/2013\/10\/09\/zschaepe-dortmund-zeugen\/#breadcrumb\",\"itemListElement\":[{\"@type\":\"ListItem\",\"position\":1,\"name\":\"Startseite\",\"item\":\"https:\/\/blog.zeit.de\/nsu-prozess-blog\/\"},{\"@type\":\"ListItem\",\"position\":2,\"name\":\"&#8222;F\u00fcr Beate Zsch\u00e4pe war es ein guter Tag&#8220; \u2013 das Medienlog vom Mittwoch, 9. September 2013\"}]},{\"@type\":\"WebSite\",\"@id\":\"https:\/\/blog.zeit.de\/nsu-prozess-blog\/#website\",\"url\":\"https:\/\/blog.zeit.de\/nsu-prozess-blog\/\",\"name\":\"Das NSU-Prozess-Blog\",\"description\":\"Alle Berichte zum Terrorverfahren in M\u00fcnchen\",\"potentialAction\":[{\"@type\":\"SearchAction\",\"target\":{\"@type\":\"EntryPoint\",\"urlTemplate\":\"https:\/\/blog.zeit.de\/nsu-prozess-blog\/?s={search_term_string}\"},\"query-input\":\"required name=search_term_string\"}],\"inLanguage\":\"de\"},{\"@type\":\"Person\",\"@id\":\"https:\/\/blog.zeit.de\/nsu-prozess-blog\/#\/schema\/person\/45acffb344ee326a2ebea3f5c0ad3ae8\",\"name\":\"Mirjam Schmitt\",\"image\":{\"@type\":\"ImageObject\",\"inLanguage\":\"de\",\"@id\":\"https:\/\/blog.zeit.de\/nsu-prozess-blog\/#\/schema\/person\/image\/\",\"url\":\"https:\/\/secure.gravatar.com\/avatar\/21ea3e922b6404f0cab7bb919e2b401850e5cef2e7155dba6caa935b66c5688b?s=96&d=mm&r=g\",\"contentUrl\":\"https:\/\/secure.gravatar.com\/avatar\/21ea3e922b6404f0cab7bb919e2b401850e5cef2e7155dba6caa935b66c5688b?s=96&d=mm&r=g\",\"caption\":\"Mirjam Schmitt\"},\"url\":\"https:\/\/blog.zeit.de\/nsu-prozess-blog\/author\/mschmitt\/\"}]}<\/script>\n<!-- \/ Yoast SEO plugin. -->","yoast_head_json":{"title":"\"F\u00fcr Beate Zsch\u00e4pe war es ein guter Tag\" \u2013 das Medienlog vom Mittwoch, 9. September 2013 - Das NSU-Prozess-Blog","robots":{"index":"index","follow":"follow","max-snippet":"max-snippet:-1","max-image-preview":"max-image-preview:large","max-video-preview":"max-video-preview:-1"},"canonical":"https:\/\/blog.zeit.de\/nsu-prozess-blog\/2013\/10\/09\/zschaepe-dortmund-zeugen\/","og_locale":"de_DE","og_type":"article","og_title":"\"F\u00fcr Beate Zsch\u00e4pe war es ein guter Tag\" \u2013 das Medienlog vom Mittwoch, 9. September 2013 - Das NSU-Prozess-Blog","og_description":"War Beate Zsch\u00e4pe in Dortmund oder handelt es sich um eine Verwechslung? Diese Frage besch\u00e4ftigte die Medien nach dem 43. Verhandlungstag. Die Zweifel an der Zeugenaussage von Veronika A., die Zsch\u00e4pe zur Zeit eines NSU-Mordes dort gesehen haben will, sind noch einmal gr\u00f6\u00dfer geworden.","og_url":"https:\/\/blog.zeit.de\/nsu-prozess-blog\/2013\/10\/09\/zschaepe-dortmund-zeugen\/","og_site_name":"Das NSU-Prozess-Blog","article_published_time":"2013-10-09T06:04:34+00:00","article_modified_time":"2013-10-09T14:53:59+00:00","author":"Mirjam Schmitt","twitter_misc":{"Geschrieben von":"Mirjam Schmitt","Gesch\u00e4tzte Lesezeit":"2\u00a0Minuten"},"schema":{"@context":"https:\/\/schema.org","@graph":[{"@type":"WebPage","@id":"https:\/\/blog.zeit.de\/nsu-prozess-blog\/2013\/10\/09\/zschaepe-dortmund-zeugen\/","url":"https:\/\/blog.zeit.de\/nsu-prozess-blog\/2013\/10\/09\/zschaepe-dortmund-zeugen\/","name":"\"F\u00fcr Beate Zsch\u00e4pe war es ein guter Tag\" \u2013 das Medienlog vom Mittwoch, 9. September 2013 - Das NSU-Prozess-Blog","isPartOf":{"@id":"https:\/\/blog.zeit.de\/nsu-prozess-blog\/#website"},"datePublished":"2013-10-09T06:04:34+00:00","dateModified":"2013-10-09T14:53:59+00:00","author":{"@id":"https:\/\/blog.zeit.de\/nsu-prozess-blog\/#\/schema\/person\/45acffb344ee326a2ebea3f5c0ad3ae8"},"breadcrumb":{"@id":"https:\/\/blog.zeit.de\/nsu-prozess-blog\/2013\/10\/09\/zschaepe-dortmund-zeugen\/#breadcrumb"},"inLanguage":"de","potentialAction":[{"@type":"ReadAction","target":["https:\/\/blog.zeit.de\/nsu-prozess-blog\/2013\/10\/09\/zschaepe-dortmund-zeugen\/"]}]},{"@type":"BreadcrumbList","@id":"https:\/\/blog.zeit.de\/nsu-prozess-blog\/2013\/10\/09\/zschaepe-dortmund-zeugen\/#breadcrumb","itemListElement":[{"@type":"ListItem","position":1,"name":"Startseite","item":"https:\/\/blog.zeit.de\/nsu-prozess-blog\/"},{"@type":"ListItem","position":2,"name":"&#8222;F\u00fcr Beate Zsch\u00e4pe war es ein guter Tag&#8220; \u2013 das Medienlog vom Mittwoch, 9. September 2013"}]},{"@type":"WebSite","@id":"https:\/\/blog.zeit.de\/nsu-prozess-blog\/#website","url":"https:\/\/blog.zeit.de\/nsu-prozess-blog\/","name":"Das NSU-Prozess-Blog","description":"Alle Berichte zum Terrorverfahren in M\u00fcnchen","potentialAction":[{"@type":"SearchAction","target":{"@type":"EntryPoint","urlTemplate":"https:\/\/blog.zeit.de\/nsu-prozess-blog\/?s={search_term_string}"},"query-input":"required name=search_term_string"}],"inLanguage":"de"},{"@type":"Person","@id":"https:\/\/blog.zeit.de\/nsu-prozess-blog\/#\/schema\/person\/45acffb344ee326a2ebea3f5c0ad3ae8","name":"Mirjam Schmitt","image":{"@type":"ImageObject","inLanguage":"de","@id":"https:\/\/blog.zeit.de\/nsu-prozess-blog\/#\/schema\/person\/image\/","url":"https:\/\/secure.gravatar.com\/avatar\/21ea3e922b6404f0cab7bb919e2b401850e5cef2e7155dba6caa935b66c5688b?s=96&d=mm&r=g","contentUrl":"https:\/\/secure.gravatar.com\/avatar\/21ea3e922b6404f0cab7bb919e2b401850e5cef2e7155dba6caa935b66c5688b?s=96&d=mm&r=g","caption":"Mirjam Schmitt"},"url":"https:\/\/blog.zeit.de\/nsu-prozess-blog\/author\/mschmitt\/"}]}},"jetpack_featured_media_url":"","jetpack_sharing_enabled":true,"_links":{"self":[{"href":"https:\/\/blog.zeit.de\/nsu-prozess-blog\/wp-json\/wp\/v2\/posts\/3459","targetHints":{"allow":["GET"]}}],"collection":[{"href":"https:\/\/blog.zeit.de\/nsu-prozess-blog\/wp-json\/wp\/v2\/posts"}],"about":[{"href":"https:\/\/blog.zeit.de\/nsu-prozess-blog\/wp-json\/wp\/v2\/types\/post"}],"author":[{"embeddable":true,"href":"https:\/\/blog.zeit.de\/nsu-prozess-blog\/wp-json\/wp\/v2\/users\/410"}],"replies":[{"embeddable":true,"href":"https:\/\/blog.zeit.de\/nsu-prozess-blog\/wp-json\/wp\/v2\/comments?post=3459"}],"version-history":[{"count":43,"href":"https:\/\/blog.zeit.de\/nsu-prozess-blog\/wp-json\/wp\/v2\/posts\/3459\/revisions"}],"predecessor-version":[{"id":3517,"href":"https:\/\/blog.zeit.de\/nsu-prozess-blog\/wp-json\/wp\/v2\/posts\/3459\/revisions\/3517"}],"wp:attachment":[{"href":"https:\/\/blog.zeit.de\/nsu-prozess-blog\/wp-json\/wp\/v2\/media?parent=3459"}],"wp:term":[{"taxonomy":"category","embeddable":true,"href":"https:\/\/blog.zeit.de\/nsu-prozess-blog\/wp-json\/wp\/v2\/categories?post=3459"},{"taxonomy":"post_tag","embeddable":true,"href":"https:\/\/blog.zeit.de\/nsu-prozess-blog\/wp-json\/wp\/v2\/tags?post=3459"}],"curies":[{"name":"wp","href":"https:\/\/api.w.org\/{rel}","templated":true}]}}