{"id":3665,"date":"2013-10-17T09:15:55","date_gmt":"2013-10-17T07:15:55","guid":{"rendered":"http:\/\/blog.zeit.de\/nsu-prozess-blog\/?p=3665"},"modified":"2013-10-20T16:02:22","modified_gmt":"2013-10-20T14:02:22","slug":"waffen-mit-schalldampfern-ein-sammlerstuck-das-medienlog-vom-mittwoch-17-oktober","status":"publish","type":"post","link":"https:\/\/blog.zeit.de\/nsu-prozess-blog\/2013\/10\/17\/waffen-mit-schalldampfern-ein-sammlerstuck-das-medienlog-vom-mittwoch-17-oktober\/","title":{"rendered":"Ein ganz &#8222;normaler&#8220; Waffendeal \u2013 das Medienlog vom Donnerstag, 17. Oktober"},"content":{"rendered":"<p>Die Berichterstattung zum NSU-Prozess konzentriert sich fast vollst\u00e4ndig auf die Aussagen des Schweizer Waffenh\u00e4ndlers Franz S., der am gestrigen Mittwoch \u00fcber den Weg der NSU-Mordwaffe Auskunft gab. Viele Autoren sind erschrocken, wie gleichg\u00fcltig sich der Eidgenosse gibt. Freim\u00fctig erz\u00e4hlt er, er habe sich nicht daf\u00fcr interessiert, ob seine Kunden Morde und Gewalttaten planten.<\/p>\n<p><!--more--><\/p>\n<p><em>An jedem Werktag sichten wir f\u00fcr das NSU-Prozess-Blog die Medien und stellen wichtige Berichte, Blogs, Videos und Tweets zusammen. Wir freuen uns \u00fcber Hinweise via Twitter mit dem Hashtag #nsublog \u2013 oder per E-Mail an nsublog@zeit.de.<\/em><\/p>\n<p>In der <a href=\"http:\/\/www.welt.de\/politik\/deutschland\/article120964701\/Ceska-83-mit-Schalldaempfer-Waren-wohl-Sammler.html\"><em>Welt<\/em><\/a> zitiert Per Hinrichs aus einem Dokument des Bundeskriminalamt (BKA), das den Weg der Ceska 83 rekonstruiert: Zun\u00e4chst habe Franz S. die Waffe legal an Anton G. verkauft, der sie an Hans-Ulrich M. weiterleitete. Von da an sei sie aus der Schweiz illegal an Enrico T. gegangen, dann an J\u00fcrgen L. und schlie\u00dflich an den Jenaer Szeneh\u00e4ndler Andreas S. Der verkaufte sie schlie\u00dflich an Carsten S., der nun wegen des Verdachts der Beihilfe zum mehrfachen Mord vor Gericht steht.<\/p>\n<p>Tom Sundermann spricht in seinem Artikel f\u00fcr\u00a0<a href=\"http:\/\/www.zeit.de\/gesellschaft\/zeitgeschehen\/2013-10\/nsu-prozess-tag47\">ZEIT ONLINE<\/a> von einer &#8222;Geschichte wie aus einem Agententhriller&#8220;, von &#8222;klandestinen Transporten und rechtsextremen Seilschaften&#8220;. Leider k\u00f6nnen die Anklage folgende Fragen nicht beantworten: &#8222;Woher kam das Modell Bruni 315, mit dem die T\u00e4ter bei zwei der Morde zus\u00e4tzlich auf ihre Opfer schossen? Woher die Pistolen Radom und TOZ, die beim Mord an der Polizistin Mich\u00e9le Kiesewetter in Heilbronn zum Einsatz kamen? Und woher all die anderen?&#8220;<\/p>\n<p>Karin Truscheit von der <a href=\"http:\/\/www.faz.net\/aktuell\/politik\/nsu-prozess\/nsu-prozess-die-verschlungenen-wege-der-ceska-83-12620940.html\"><em>Frankfurter Allgemeinen<\/em><\/a><a href=\"http:\/\/www.faz.net\/aktuell\/politik\/nsu-prozess\/nsu-prozess-die-verschlungenen-wege-der-ceska-83-12620940.html\"> <em>Zeitung<\/em><\/a> beschreibt den Zeugen zwar als souver\u00e4n. Demnach habe er jede Frage nach An- und Verkauf seiner Waffen beantworten k\u00f6nnen. Trotzdem bleiben auch f\u00fcr sie nach dem 47. Verhandlungstag &#8222;manche Stationen der Ceska weiterhin im Dunklen&#8220;, vor allem, weil der zweite Zeuge Peter G. nicht erschienen ist.<\/p>\n<p><strong>&#8222;Warum also fragen?&#8220;<\/strong><\/p>\n<p>Holger Schmidt vom SWR schreibt auf <em><a href=\"http:\/\/www.tagesschau.de\/inland\/nsuprozess184.html\">tagesschau.de<\/a><\/em> von &#8222;bizarren&#8220; Erkenntnissen. Dazu geh\u00f6re auch, dass laut Aussage des Zeugen manche Menschen eine Waffe mit Schalld\u00e4mpfer als &#8222;Sammlerst\u00fcck&#8220; s\u00e4hen. &#8222;Im NSU-Prozess nahm man die Erkl\u00e4rungen des fr\u00fcheren Waffenh\u00e4ndlers mit gemischten Gef\u00fchlen entgegen. Daran, dass der Zeuge nichts mit den Taten zu tun hat, konnte kein Zweifel bestehen. Doch die Selbstverst\u00e4ndlichkeit, mit der S. von mehr als zwanzig Sets von Ceska-Pistolen und Schalld\u00e4mpfern berichtete, die er zwischen 1994 und 1996 mindestens verkauft haben muss, befremdete viele Beobachter.&#8220;<\/p>\n<p>Gisela Friedrichs ist erstaunt dar\u00fcber, wie leicht es vor gut zehn Jahren war, in der Schweiz an Waffen zu kommen: Mehr als einen einfachen Waffenerwerbsschein und ein amtliches Dokument, aus dem die Adresse hervorgeht, brauchte ein K\u00e4ufer nicht, schreibt sie auf <a href=\"http:\/\/www.spiegel.de\/panorama\/justiz\/nsu-prozess-zeuge-zur-tatwaffe-ceska-83-a-928210.html\"><em>SpiegelOnline<\/em><\/a>. Den Zeugen Franz S. beschreibt sie als n\u00fcchtern: &#8222;Auf die Frage, ob er seine Kunden gefragt habe, warum sie einen Schalld\u00e4mpfer brauchten, erwiderte der Schweizer Zeuge unter dem Gel\u00e4chter des Publikums trocken: &#8218;Wenn jemand etwas Illegales damit vorhatte, dann h\u00e4tte er uns dies ganz bestimmt nicht auf die Nase gebunden. Warum also fragen?'&#8220;<\/p>\n<blockquote><p>Franz S. berichtet aus dem Alltag eines Schweizer Waffenh\u00e4ndlers. Er sagt: \u201eEin ganz normaler Warenhandel.\u201c <a href=\"https:\/\/twitter.com\/search?q=%23nsu&amp;src=hash\">#nsu<\/a><\/p>\n<p>\u2014 PZ hautnah (@PZhautnah) <a href=\"https:\/\/twitter.com\/PZhautnah\/statuses\/390407501079789568\">October 16, 2013<\/a><\/p><\/blockquote>\n<p>Frank Jansen schreibt im <a href=\"http:\/\/www.tagesspiegel.de\/politik\/rechtsextremismus-woher-kam-die-mordwaffe-der-nsu-terroristen\/8940936.html\"><em>Tagesspiegel<\/em><\/a>, die Waffe sei f\u00fcr die M\u00f6rder mehr als ein Schussapparat, sie sei auch eine Art Botschaft gewesen: &#8222;Der Gebrauch der immer selben Waffe sollte eine gezielte Serie von Attentaten auf Ausl\u00e4nder signalisieren.&#8220; Dies w\u00fcrde auch die Fehler der Ermittler erneut verdeutlichen: Obwohl die Ermittler die Mordserie die Ceska-Serie nannten, wurde dem Verdacht auf einen rassistischen Hintergrund &#8222;nur gebremst nachgegangen&#8220;.<\/p>\n<p><strong>Medien Teil der Verschw\u00f6rung deutscher Beh\u00f6rden?<\/strong><\/p>\n<p>Warum dies so ist, darauf findet der Blog <em><a href=\"http:\/\/machtelite.wordpress.com\/2013\/05\/05\/warum-setzte-wdr-5-beitrag-uber-nsu-ausschuss-ab\/\">Machtelite.Wordpress<\/a> <\/em>eine ganz eigene Erkl\u00e4rung. Dazu ver\u00f6ffentlicht er einen Artikel des Autoren und Prozessbeobachters Thomas Moser, der in der Vergangenheit mehrmals f\u00fcr die Stuttgarter Wochenzeitung <em>Kontext<\/em> t\u00e4tig war. Zwei seiner Texte allerdings, so der Blog, seien &#8222;vom stellvertretenden Redaktionsleiter &#8218;zensiert'&#8220; worden. <em>Machtelite<\/em> ver\u00f6ffentlicht den Text, der bei <em>Kontext<\/em> angeblich nicht erscheinen durfte.<\/p>\n<p>Darin stellt Moser die These auf, dass die Bundesanwaltschaft Erkenntnisse zur\u00fcckh\u00e4lt, die den Mord an Halit Yozgat im April 2006 betreffen. Es geht dabei vor allem um den Verfassungssch\u00fctzer Andreas T., der am Tatort in dem Kasseler Internetcaf\u00e9 war, von der Erschie\u00dfung aber nichts mitbekommen haben will und sich nach dem Mord auch nicht als Zeuge meldete. Als nach Auffliegen des NSU im November 2011 die Akten von damals erneut \u00fcberpr\u00fcft wurden, waren die Berichte \u00fcber T. an mehreren Stellen geschw\u00e4rzt. Gibt es Zusammenh\u00e4nge zwischen Verfassungsschutz und NSU? Hat die Bundesanwaltschaft wirklich Informationen \u00fcber T. verschwinden lassen? Moser stellt in seinem Text diese Fragen in den Raum und l\u00e4sst sie offen.<\/p>\n<p>Dass <em>Kontext<\/em> Mosers Text nicht drucken wollte, werten die Macher von <em>Machtelite.Wordpress<\/em> als &#8222;gezielte Vertuschung&#8220; der &#8222;Verstrickungen deutscher Beh\u00f6rden und Dienste mit dem Umfeld des rechten Neonazi-Netzwerks&#8220;.<\/p>\n","protected":false},"excerpt":{"rendered":"<p>Die Berichterstattung zum NSU-Prozess konzentriert sich fast vollst\u00e4ndig auf die Aussagen des Schweizer Waffenh\u00e4ndlers Franz S., der am gestrigen Mittwoch \u00fcber den Weg der NSU-Mordwaffe Auskunft gab. Viele Autoren sind erschrocken, wie gleichg\u00fcltig sich der Eidgenosse gibt. Freim\u00fctig erz\u00e4hlt er, er habe sich nicht daf\u00fcr interessiert, ob seine Kunden Morde und Gewalttaten planten.<\/p>\n","protected":false},"author":428,"featured_media":0,"comment_status":"open","ping_status":"open","sticky":false,"template":"","format":"standard","meta":{"_jetpack_memberships_contains_paid_content":false,"footnotes":""},"categories":[27531],"tags":[],"class_list":["post-3665","post","type-post","status-publish","format-standard","hentry","category-medienschau"],"yoast_head":"<!-- This site is optimized with the Yoast SEO plugin v21.0 - https:\/\/yoast.com\/wordpress\/plugins\/seo\/ -->\n<title>Ein ganz &quot;normaler&quot; Waffendeal \u2013 das Medienlog vom Donnerstag, 17. Oktober - Das NSU-Prozess-Blog<\/title>\n<meta name=\"robots\" content=\"index, follow, max-snippet:-1, max-image-preview:large, max-video-preview:-1\" \/>\n<link rel=\"canonical\" href=\"https:\/\/blog.zeit.de\/nsu-prozess-blog\/2013\/10\/17\/waffen-mit-schalldampfern-ein-sammlerstuck-das-medienlog-vom-mittwoch-17-oktober\/\" \/>\n<meta property=\"og:locale\" content=\"de_DE\" \/>\n<meta property=\"og:type\" content=\"article\" \/>\n<meta property=\"og:title\" content=\"Ein ganz &quot;normaler&quot; Waffendeal \u2013 das Medienlog vom Donnerstag, 17. Oktober - Das NSU-Prozess-Blog\" \/>\n<meta property=\"og:description\" content=\"Die Berichterstattung zum NSU-Prozess konzentriert sich fast vollst\u00e4ndig auf die Aussagen des Schweizer Waffenh\u00e4ndlers Franz S., der am gestrigen Mittwoch \u00fcber den Weg der NSU-Mordwaffe Auskunft gab. Viele Autoren sind erschrocken, wie gleichg\u00fcltig sich der Eidgenosse gibt. Freim\u00fctig erz\u00e4hlt er, er habe sich nicht daf\u00fcr interessiert, ob seine Kunden Morde und Gewalttaten planten.\" \/>\n<meta property=\"og:url\" content=\"https:\/\/blog.zeit.de\/nsu-prozess-blog\/2013\/10\/17\/waffen-mit-schalldampfern-ein-sammlerstuck-das-medienlog-vom-mittwoch-17-oktober\/\" \/>\n<meta property=\"og:site_name\" content=\"Das NSU-Prozess-Blog\" \/>\n<meta property=\"article:published_time\" content=\"2013-10-17T07:15:55+00:00\" \/>\n<meta property=\"article:modified_time\" content=\"2013-10-20T14:02:22+00:00\" \/>\n<meta name=\"author\" content=\"Anne Fromm\" \/>\n<meta name=\"twitter:label1\" content=\"Geschrieben von\" \/>\n\t<meta name=\"twitter:data1\" content=\"Anne Fromm\" \/>\n\t<meta name=\"twitter:label2\" content=\"Gesch\u00e4tzte Lesezeit\" \/>\n\t<meta name=\"twitter:data2\" content=\"4\u00a0Minuten\" \/>\n<script type=\"application\/ld+json\" class=\"yoast-schema-graph\">{\"@context\":\"https:\/\/schema.org\",\"@graph\":[{\"@type\":\"WebPage\",\"@id\":\"https:\/\/blog.zeit.de\/nsu-prozess-blog\/2013\/10\/17\/waffen-mit-schalldampfern-ein-sammlerstuck-das-medienlog-vom-mittwoch-17-oktober\/\",\"url\":\"https:\/\/blog.zeit.de\/nsu-prozess-blog\/2013\/10\/17\/waffen-mit-schalldampfern-ein-sammlerstuck-das-medienlog-vom-mittwoch-17-oktober\/\",\"name\":\"Ein ganz \\\"normaler\\\" Waffendeal \u2013 das Medienlog vom Donnerstag, 17. Oktober - Das NSU-Prozess-Blog\",\"isPartOf\":{\"@id\":\"https:\/\/blog.zeit.de\/nsu-prozess-blog\/#website\"},\"datePublished\":\"2013-10-17T07:15:55+00:00\",\"dateModified\":\"2013-10-20T14:02:22+00:00\",\"author\":{\"@id\":\"https:\/\/blog.zeit.de\/nsu-prozess-blog\/#\/schema\/person\/aa6abd8b5dfcf6b910706c5b050f69af\"},\"breadcrumb\":{\"@id\":\"https:\/\/blog.zeit.de\/nsu-prozess-blog\/2013\/10\/17\/waffen-mit-schalldampfern-ein-sammlerstuck-das-medienlog-vom-mittwoch-17-oktober\/#breadcrumb\"},\"inLanguage\":\"de\",\"potentialAction\":[{\"@type\":\"ReadAction\",\"target\":[\"https:\/\/blog.zeit.de\/nsu-prozess-blog\/2013\/10\/17\/waffen-mit-schalldampfern-ein-sammlerstuck-das-medienlog-vom-mittwoch-17-oktober\/\"]}]},{\"@type\":\"BreadcrumbList\",\"@id\":\"https:\/\/blog.zeit.de\/nsu-prozess-blog\/2013\/10\/17\/waffen-mit-schalldampfern-ein-sammlerstuck-das-medienlog-vom-mittwoch-17-oktober\/#breadcrumb\",\"itemListElement\":[{\"@type\":\"ListItem\",\"position\":1,\"name\":\"Startseite\",\"item\":\"https:\/\/blog.zeit.de\/nsu-prozess-blog\/\"},{\"@type\":\"ListItem\",\"position\":2,\"name\":\"Ein ganz &#8222;normaler&#8220; Waffendeal \u2013 das Medienlog vom Donnerstag, 17. Oktober\"}]},{\"@type\":\"WebSite\",\"@id\":\"https:\/\/blog.zeit.de\/nsu-prozess-blog\/#website\",\"url\":\"https:\/\/blog.zeit.de\/nsu-prozess-blog\/\",\"name\":\"Das NSU-Prozess-Blog\",\"description\":\"Alle Berichte zum Terrorverfahren in M\u00fcnchen\",\"potentialAction\":[{\"@type\":\"SearchAction\",\"target\":{\"@type\":\"EntryPoint\",\"urlTemplate\":\"https:\/\/blog.zeit.de\/nsu-prozess-blog\/?s={search_term_string}\"},\"query-input\":\"required name=search_term_string\"}],\"inLanguage\":\"de\"},{\"@type\":\"Person\",\"@id\":\"https:\/\/blog.zeit.de\/nsu-prozess-blog\/#\/schema\/person\/aa6abd8b5dfcf6b910706c5b050f69af\",\"name\":\"Anne Fromm\",\"image\":{\"@type\":\"ImageObject\",\"inLanguage\":\"de\",\"@id\":\"https:\/\/blog.zeit.de\/nsu-prozess-blog\/#\/schema\/person\/image\/\",\"url\":\"https:\/\/secure.gravatar.com\/avatar\/b43a2703d3374deacf54d51f59fb7b5eb0e6ae88901149be7d7b2d0f82c07f6e?s=96&d=mm&r=g\",\"contentUrl\":\"https:\/\/secure.gravatar.com\/avatar\/b43a2703d3374deacf54d51f59fb7b5eb0e6ae88901149be7d7b2d0f82c07f6e?s=96&d=mm&r=g\",\"caption\":\"Anne Fromm\"},\"url\":\"https:\/\/blog.zeit.de\/nsu-prozess-blog\/author\/afromme\/\"}]}<\/script>\n<!-- \/ Yoast SEO plugin. -->","yoast_head_json":{"title":"Ein ganz \"normaler\" Waffendeal \u2013 das Medienlog vom Donnerstag, 17. Oktober - Das NSU-Prozess-Blog","robots":{"index":"index","follow":"follow","max-snippet":"max-snippet:-1","max-image-preview":"max-image-preview:large","max-video-preview":"max-video-preview:-1"},"canonical":"https:\/\/blog.zeit.de\/nsu-prozess-blog\/2013\/10\/17\/waffen-mit-schalldampfern-ein-sammlerstuck-das-medienlog-vom-mittwoch-17-oktober\/","og_locale":"de_DE","og_type":"article","og_title":"Ein ganz \"normaler\" Waffendeal \u2013 das Medienlog vom Donnerstag, 17. Oktober - Das NSU-Prozess-Blog","og_description":"Die Berichterstattung zum NSU-Prozess konzentriert sich fast vollst\u00e4ndig auf die Aussagen des Schweizer Waffenh\u00e4ndlers Franz S., der am gestrigen Mittwoch \u00fcber den Weg der NSU-Mordwaffe Auskunft gab. Viele Autoren sind erschrocken, wie gleichg\u00fcltig sich der Eidgenosse gibt. Freim\u00fctig erz\u00e4hlt er, er habe sich nicht daf\u00fcr interessiert, ob seine Kunden Morde und Gewalttaten planten.","og_url":"https:\/\/blog.zeit.de\/nsu-prozess-blog\/2013\/10\/17\/waffen-mit-schalldampfern-ein-sammlerstuck-das-medienlog-vom-mittwoch-17-oktober\/","og_site_name":"Das NSU-Prozess-Blog","article_published_time":"2013-10-17T07:15:55+00:00","article_modified_time":"2013-10-20T14:02:22+00:00","author":"Anne Fromm","twitter_misc":{"Geschrieben von":"Anne Fromm","Gesch\u00e4tzte Lesezeit":"4\u00a0Minuten"},"schema":{"@context":"https:\/\/schema.org","@graph":[{"@type":"WebPage","@id":"https:\/\/blog.zeit.de\/nsu-prozess-blog\/2013\/10\/17\/waffen-mit-schalldampfern-ein-sammlerstuck-das-medienlog-vom-mittwoch-17-oktober\/","url":"https:\/\/blog.zeit.de\/nsu-prozess-blog\/2013\/10\/17\/waffen-mit-schalldampfern-ein-sammlerstuck-das-medienlog-vom-mittwoch-17-oktober\/","name":"Ein ganz \"normaler\" Waffendeal \u2013 das Medienlog vom Donnerstag, 17. Oktober - Das NSU-Prozess-Blog","isPartOf":{"@id":"https:\/\/blog.zeit.de\/nsu-prozess-blog\/#website"},"datePublished":"2013-10-17T07:15:55+00:00","dateModified":"2013-10-20T14:02:22+00:00","author":{"@id":"https:\/\/blog.zeit.de\/nsu-prozess-blog\/#\/schema\/person\/aa6abd8b5dfcf6b910706c5b050f69af"},"breadcrumb":{"@id":"https:\/\/blog.zeit.de\/nsu-prozess-blog\/2013\/10\/17\/waffen-mit-schalldampfern-ein-sammlerstuck-das-medienlog-vom-mittwoch-17-oktober\/#breadcrumb"},"inLanguage":"de","potentialAction":[{"@type":"ReadAction","target":["https:\/\/blog.zeit.de\/nsu-prozess-blog\/2013\/10\/17\/waffen-mit-schalldampfern-ein-sammlerstuck-das-medienlog-vom-mittwoch-17-oktober\/"]}]},{"@type":"BreadcrumbList","@id":"https:\/\/blog.zeit.de\/nsu-prozess-blog\/2013\/10\/17\/waffen-mit-schalldampfern-ein-sammlerstuck-das-medienlog-vom-mittwoch-17-oktober\/#breadcrumb","itemListElement":[{"@type":"ListItem","position":1,"name":"Startseite","item":"https:\/\/blog.zeit.de\/nsu-prozess-blog\/"},{"@type":"ListItem","position":2,"name":"Ein ganz &#8222;normaler&#8220; Waffendeal \u2013 das Medienlog vom Donnerstag, 17. Oktober"}]},{"@type":"WebSite","@id":"https:\/\/blog.zeit.de\/nsu-prozess-blog\/#website","url":"https:\/\/blog.zeit.de\/nsu-prozess-blog\/","name":"Das NSU-Prozess-Blog","description":"Alle Berichte zum Terrorverfahren in M\u00fcnchen","potentialAction":[{"@type":"SearchAction","target":{"@type":"EntryPoint","urlTemplate":"https:\/\/blog.zeit.de\/nsu-prozess-blog\/?s={search_term_string}"},"query-input":"required name=search_term_string"}],"inLanguage":"de"},{"@type":"Person","@id":"https:\/\/blog.zeit.de\/nsu-prozess-blog\/#\/schema\/person\/aa6abd8b5dfcf6b910706c5b050f69af","name":"Anne Fromm","image":{"@type":"ImageObject","inLanguage":"de","@id":"https:\/\/blog.zeit.de\/nsu-prozess-blog\/#\/schema\/person\/image\/","url":"https:\/\/secure.gravatar.com\/avatar\/b43a2703d3374deacf54d51f59fb7b5eb0e6ae88901149be7d7b2d0f82c07f6e?s=96&d=mm&r=g","contentUrl":"https:\/\/secure.gravatar.com\/avatar\/b43a2703d3374deacf54d51f59fb7b5eb0e6ae88901149be7d7b2d0f82c07f6e?s=96&d=mm&r=g","caption":"Anne Fromm"},"url":"https:\/\/blog.zeit.de\/nsu-prozess-blog\/author\/afromme\/"}]}},"jetpack_featured_media_url":"","jetpack_sharing_enabled":true,"_links":{"self":[{"href":"https:\/\/blog.zeit.de\/nsu-prozess-blog\/wp-json\/wp\/v2\/posts\/3665","targetHints":{"allow":["GET"]}}],"collection":[{"href":"https:\/\/blog.zeit.de\/nsu-prozess-blog\/wp-json\/wp\/v2\/posts"}],"about":[{"href":"https:\/\/blog.zeit.de\/nsu-prozess-blog\/wp-json\/wp\/v2\/types\/post"}],"author":[{"embeddable":true,"href":"https:\/\/blog.zeit.de\/nsu-prozess-blog\/wp-json\/wp\/v2\/users\/428"}],"replies":[{"embeddable":true,"href":"https:\/\/blog.zeit.de\/nsu-prozess-blog\/wp-json\/wp\/v2\/comments?post=3665"}],"version-history":[{"count":13,"href":"https:\/\/blog.zeit.de\/nsu-prozess-blog\/wp-json\/wp\/v2\/posts\/3665\/revisions"}],"predecessor-version":[{"id":3719,"href":"https:\/\/blog.zeit.de\/nsu-prozess-blog\/wp-json\/wp\/v2\/posts\/3665\/revisions\/3719"}],"wp:attachment":[{"href":"https:\/\/blog.zeit.de\/nsu-prozess-blog\/wp-json\/wp\/v2\/media?parent=3665"}],"wp:term":[{"taxonomy":"category","embeddable":true,"href":"https:\/\/blog.zeit.de\/nsu-prozess-blog\/wp-json\/wp\/v2\/categories?post=3665"},{"taxonomy":"post_tag","embeddable":true,"href":"https:\/\/blog.zeit.de\/nsu-prozess-blog\/wp-json\/wp\/v2\/tags?post=3665"}],"curies":[{"name":"wp","href":"https:\/\/api.w.org\/{rel}","templated":true}]}}