{"id":3809,"date":"2013-10-24T09:01:45","date_gmt":"2013-10-24T07:01:45","guid":{"rendered":"http:\/\/blog.zeit.de\/nsu-prozess-blog\/?p=3809"},"modified":"2013-10-24T19:20:48","modified_gmt":"2013-10-24T17:20:48","slug":"mehmet-turgut","status":"publish","type":"post","link":"https:\/\/blog.zeit.de\/nsu-prozess-blog\/2013\/10\/24\/mehmet-turgut\/","title":{"rendered":"Erst fixiert und dann kaltbl\u00fctig get\u00f6tet \u2013 das Medienlog vom Donnerstag, 24. Oktober 2013"},"content":{"rendered":"<p>Am 49. Verhandlungstag ging es um den Mord im Jahr 2005 an Mehmet Turgut in Rostock. Dazu sagte ein Kriminalbeamter aus, den viele Medien mit den Worten zitierten: &#8222;Das einzige Ziel war zu t\u00f6ten.&#8220; So etwa Mirko Weber in <a href=\"http:\/\/www.berliner-zeitung.de\/politik\/nsu-prozess-ueberwaeltigt--fixiert-und-dann-getoetet,10808018,24761472.html\" target=\"_blank\"><em>Berliner Zeitung<\/em><\/a> und <a href=\"http:\/\/www.stuttgarter-zeitung.de\/inhalt.nsu-prozess-in-muenchen-die-wollten-einfach-nur-toeten.12a57448-ceaa-4c82-b443-ab997e8e8dde.html\" target=\"_blank\"><em>Stuttgarter Zeitung,<\/em><\/a> sowie die t\u00fcrkischsprachigen Portale <em><a href=\"http:\/\/www.turkishny.com\/other-news\/4-other-news\/136369-nsu-uyelerinin-tek-dertleri-oldurmekti\" target=\"_blank\">TurkishNY<\/a><\/em> und <em><a href=\"http:\/\/t24.com.tr\/haber\/neonazi-davasinda-tanik-ifadesi-tek-dertleri-oldurmekti\/242485\" target=\"_blank\">T24<\/a><\/em>.<\/p>\n<p><!--more--><\/p>\n<p><em>An jedem Werktag sichten wir f\u00fcr das NSU-Prozess-Blog die Medien und stellen wichtige Berichte, Blogs, Videos und Tweets zusammen. Wir freuen uns \u00fcber Hinweise via Twitter mit dem Hashtag #nsublog \u2013 oder per E-Mail an <a href=\"mailto:nsublog@zeit.de\">nsublog@zeit.de.<\/a><\/em><\/p>\n<p>Gisela Friedrichsen von <a href=\"http:\/\/www.spiegel.de\/panorama\/justiz\/nsu-prozess-kripobeamter-sagt-zu-mord-an-mehmet-turgut-aus-a-929586.html\" target=\"_blank\"><em>Spiegel Online<\/em><\/a> geht auf die Aussage des Beamten ein, der sich gefragt hatte, &#8222;wieso sich die T\u00e4ter ausgerechnet diesen Ort ausgesucht haben&#8220;. Friedrichsen fragt: &#8222;Wieso &#8218;die&#8216; T\u00e4ter?&#8220; Habe ein einzelner M\u00f6rder die Tat so begehen k\u00f6nnen? &#8222;Es muss eine regelrechte Hinrichtung gewesen sein.&#8220;<\/p>\n<p>Laut Aussage des Beamten lag das Mordopfer schon am Boden, als die Sch\u00fcsse fielen. M\u00f6glicherweise wehrte sich Turgut nicht.<\/p>\n<p>Dass das Opfer fixiert wurde, zweifelt nicht nur der Verteidiger von Ralf Wohlleben an, sondern auch der Anwalt der Familie Turgut, wie Tom Sundermann auf <a href=\"http:\/\/www.zeit.de\/gesellschaft\/zeitgeschehen\/2013-10\/nsu-mord-mehmet-turgut-rostock\" target=\"_blank\">ZEIT ONLINE<\/a> ausf\u00fchrt. Das Opfer k\u00f6nne sich demnach auch unter Eindruck der Waffe hingelegt haben.<\/p>\n<p>Der Beamte deutete in der Verhandlung au\u00dferdem an, dass die T\u00e4ter gute Ortskenntnisse gehabt haben m\u00fcssen. Der Imbiss-Stand liegt in einer abgelegenen Wohngegend. F\u00fcr die Vermutung, dass die Terroristen ortskundige Helfer hatten, fehlten allerdings die Beweise, schreibt Tanjev Schultz von der <a href=\"http:\/\/www.sueddeutsche.de\/politik\/aussage-eines-mordermittlers-im-nsu-prozess-die-wollten-einfach-nur-toeten-1.1801862\" target=\"_blank\"><em>S\u00fcddeutschen Zeitung<\/em><\/a>. &#8222;Von dort ist es nicht weit bis zur Autobahn, und der NSU hat die Tatorte zuvor, wie gefundene Notizen und Karten zeigen, offenbar gut ausgesp\u00e4ht.&#8220;<\/p>\n<p>Schon einen Monat nach der Tat haben die Kriminalbeamten ein ausl\u00e4nderfeindliches Motiv ausgeschlossen, erw\u00e4hnt unter anderem Kai Mudra in der <a href=\"http:\/\/www.derwesten.de\/thema\/rechter_terror\/polizei-in-rostock-blendete-rassistisches-motiv-rasch-aus-id8594711.html\" target=\"_blank\"><em>WAZ<\/em>.<\/a> Das steht auch im Mittelpunkt des Berichts der t\u00fcrkischsprachigen Zeitung <a href=\"http:\/\/www.sabah.de\/bir-haftada-yok-demisler.html\" target=\"_blank\"><em>Sabah<\/em><\/a>.<\/p>\n<p>Der <em><a href=\"http:\/\/www.br.de\/nachrichten\/nsu-prozess\/nsu-prozess-49-verhandlungstag-100.html\" target=\"_blank\">Bayerische Rundfunk<\/a><\/em> zitiert Yunus Turgut, den Bruder des Ermordeten, der mit einem weiteren Bruder aus der T\u00fcrkei gekommen ist, um an der Verhandlung teilzunehmen: &#8222;Ich will und ich muss glauben, dass das Gericht gr\u00fcndlich arbeitet.&#8220;<\/p>\n<p>Terrorismusexperte Holger Schmidt erkl\u00e4rt auf seinem <a href=\"http:\/\/www.swr.de\/blog\/terrorismus\/2013\/10\/23\/die-verwechselten-turgut-bruder\/\" target=\"_blank\">Blog<\/a> noch mal, wie es zu Verwechslung der Br\u00fcder Mehmet und Yunus Turgut kam: Yunus Turgut steht noch als Opfer in der Anklageschrift, jedoch wurde Mehmet Turgut ermordet. Bei der Ausstellung der Ausweise habe ein t\u00fcrkischer Beamter die Namen offenbar verwechselt. Tom Sundermann auf ZEIT ONLINE schreibt, dass die Br\u00fcder die Ausweise vertauscht h\u00e4tten.<\/p>\n<p>Die Verhandlung in M\u00fcnchen habe bis jetzt nur geringen Erkenntnisgewinn gebracht, kritisiert Ren\u00e9 Heilig von der Zeitung <a href=\"http:\/\/www.neues-deutschland.de\/artikel\/836953.wenn-anwaelte-ermitteln.html\" target=\"_blank\"><em>Neues Deutschland<\/em><\/a>. Das habe mit &#8222;zahlreichen, objektiv wie subjektiv begr\u00fcndeten Ermittlungsl\u00fccken der Polizei zu tun&#8220;, so Heilig. Es sei zu begr\u00fc\u00dfen, dass sich ab und an Nebenkl\u00e4geranw\u00e4lte als Detektive versuchten, jedoch sei das selten ertragreich.<\/p>\n<p>Keine Ver\u00f6ffentlichungen zum NSU-Prozess in englischsprachigen Onlinemedien.<\/p>\n<p><em>Das n\u00e4chste Medienlog erscheint am Freitag, 25. Oktober 2013<\/em><\/p>\n","protected":false},"excerpt":{"rendered":"<p>Am 49. Verhandlungstag ging es um den Mord im Jahr 2005 an Mehmet Turgut in Rostock. Dazu sagte ein Kriminalbeamter aus, den viele Medien mit den Worten zitierten: &#8222;Das einzige Ziel war zu t\u00f6ten.&#8220; So etwa Mirko Weber in Berliner Zeitung und Stuttgarter Zeitung, sowie die t\u00fcrkischsprachigen Portale TurkishNY und T24.<\/p>\n","protected":false},"author":410,"featured_media":0,"comment_status":"open","ping_status":"open","sticky":false,"template":"","format":"standard","meta":{"_jetpack_memberships_contains_paid_content":false,"footnotes":""},"categories":[27531],"tags":[24610,27581],"class_list":["post-3809","post","type-post","status-publish","format-standard","hentry","category-medienschau","tag-mehmet-turgut","tag-yunus-turgut"],"yoast_head":"<!-- This site is optimized with the Yoast SEO plugin v21.0 - https:\/\/yoast.com\/wordpress\/plugins\/seo\/ -->\n<title>Erst fixiert und dann kaltbl\u00fctig get\u00f6tet \u2013 das Medienlog vom Donnerstag, 24. Oktober 2013 - Das NSU-Prozess-Blog<\/title>\n<meta name=\"robots\" content=\"index, follow, max-snippet:-1, max-image-preview:large, max-video-preview:-1\" \/>\n<link rel=\"canonical\" href=\"https:\/\/blog.zeit.de\/nsu-prozess-blog\/2013\/10\/24\/mehmet-turgut\/\" \/>\n<meta property=\"og:locale\" content=\"de_DE\" \/>\n<meta property=\"og:type\" content=\"article\" \/>\n<meta property=\"og:title\" content=\"Erst fixiert und dann kaltbl\u00fctig get\u00f6tet \u2013 das Medienlog vom Donnerstag, 24. Oktober 2013 - Das NSU-Prozess-Blog\" \/>\n<meta property=\"og:description\" content=\"Am 49. Verhandlungstag ging es um den Mord im Jahr 2005 an Mehmet Turgut in Rostock. Dazu sagte ein Kriminalbeamter aus, den viele Medien mit den Worten zitierten: &#8222;Das einzige Ziel war zu t\u00f6ten.&#8220; So etwa Mirko Weber in Berliner Zeitung und Stuttgarter Zeitung, sowie die t\u00fcrkischsprachigen Portale TurkishNY und T24.\" \/>\n<meta property=\"og:url\" content=\"https:\/\/blog.zeit.de\/nsu-prozess-blog\/2013\/10\/24\/mehmet-turgut\/\" \/>\n<meta property=\"og:site_name\" content=\"Das NSU-Prozess-Blog\" \/>\n<meta property=\"article:published_time\" content=\"2013-10-24T07:01:45+00:00\" \/>\n<meta property=\"article:modified_time\" content=\"2013-10-24T17:20:48+00:00\" \/>\n<meta name=\"author\" content=\"Mirjam Schmitt\" \/>\n<meta name=\"twitter:label1\" content=\"Geschrieben von\" \/>\n\t<meta name=\"twitter:data1\" content=\"Mirjam Schmitt\" \/>\n\t<meta name=\"twitter:label2\" content=\"Gesch\u00e4tzte Lesezeit\" \/>\n\t<meta name=\"twitter:data2\" content=\"2\u00a0Minuten\" \/>\n<script type=\"application\/ld+json\" class=\"yoast-schema-graph\">{\"@context\":\"https:\/\/schema.org\",\"@graph\":[{\"@type\":\"WebPage\",\"@id\":\"https:\/\/blog.zeit.de\/nsu-prozess-blog\/2013\/10\/24\/mehmet-turgut\/\",\"url\":\"https:\/\/blog.zeit.de\/nsu-prozess-blog\/2013\/10\/24\/mehmet-turgut\/\",\"name\":\"Erst fixiert und dann kaltbl\u00fctig get\u00f6tet \u2013 das Medienlog vom Donnerstag, 24. Oktober 2013 - Das NSU-Prozess-Blog\",\"isPartOf\":{\"@id\":\"https:\/\/blog.zeit.de\/nsu-prozess-blog\/#website\"},\"datePublished\":\"2013-10-24T07:01:45+00:00\",\"dateModified\":\"2013-10-24T17:20:48+00:00\",\"author\":{\"@id\":\"https:\/\/blog.zeit.de\/nsu-prozess-blog\/#\/schema\/person\/45acffb344ee326a2ebea3f5c0ad3ae8\"},\"breadcrumb\":{\"@id\":\"https:\/\/blog.zeit.de\/nsu-prozess-blog\/2013\/10\/24\/mehmet-turgut\/#breadcrumb\"},\"inLanguage\":\"de\",\"potentialAction\":[{\"@type\":\"ReadAction\",\"target\":[\"https:\/\/blog.zeit.de\/nsu-prozess-blog\/2013\/10\/24\/mehmet-turgut\/\"]}]},{\"@type\":\"BreadcrumbList\",\"@id\":\"https:\/\/blog.zeit.de\/nsu-prozess-blog\/2013\/10\/24\/mehmet-turgut\/#breadcrumb\",\"itemListElement\":[{\"@type\":\"ListItem\",\"position\":1,\"name\":\"Startseite\",\"item\":\"https:\/\/blog.zeit.de\/nsu-prozess-blog\/\"},{\"@type\":\"ListItem\",\"position\":2,\"name\":\"Erst fixiert und dann kaltbl\u00fctig get\u00f6tet \u2013 das Medienlog vom Donnerstag, 24. Oktober 2013\"}]},{\"@type\":\"WebSite\",\"@id\":\"https:\/\/blog.zeit.de\/nsu-prozess-blog\/#website\",\"url\":\"https:\/\/blog.zeit.de\/nsu-prozess-blog\/\",\"name\":\"Das NSU-Prozess-Blog\",\"description\":\"Alle Berichte zum Terrorverfahren in M\u00fcnchen\",\"potentialAction\":[{\"@type\":\"SearchAction\",\"target\":{\"@type\":\"EntryPoint\",\"urlTemplate\":\"https:\/\/blog.zeit.de\/nsu-prozess-blog\/?s={search_term_string}\"},\"query-input\":\"required name=search_term_string\"}],\"inLanguage\":\"de\"},{\"@type\":\"Person\",\"@id\":\"https:\/\/blog.zeit.de\/nsu-prozess-blog\/#\/schema\/person\/45acffb344ee326a2ebea3f5c0ad3ae8\",\"name\":\"Mirjam Schmitt\",\"image\":{\"@type\":\"ImageObject\",\"inLanguage\":\"de\",\"@id\":\"https:\/\/blog.zeit.de\/nsu-prozess-blog\/#\/schema\/person\/image\/\",\"url\":\"https:\/\/secure.gravatar.com\/avatar\/21ea3e922b6404f0cab7bb919e2b401850e5cef2e7155dba6caa935b66c5688b?s=96&d=mm&r=g\",\"contentUrl\":\"https:\/\/secure.gravatar.com\/avatar\/21ea3e922b6404f0cab7bb919e2b401850e5cef2e7155dba6caa935b66c5688b?s=96&d=mm&r=g\",\"caption\":\"Mirjam Schmitt\"},\"url\":\"https:\/\/blog.zeit.de\/nsu-prozess-blog\/author\/mschmitt\/\"}]}<\/script>\n<!-- \/ Yoast SEO plugin. -->","yoast_head_json":{"title":"Erst fixiert und dann kaltbl\u00fctig get\u00f6tet \u2013 das Medienlog vom Donnerstag, 24. Oktober 2013 - Das NSU-Prozess-Blog","robots":{"index":"index","follow":"follow","max-snippet":"max-snippet:-1","max-image-preview":"max-image-preview:large","max-video-preview":"max-video-preview:-1"},"canonical":"https:\/\/blog.zeit.de\/nsu-prozess-blog\/2013\/10\/24\/mehmet-turgut\/","og_locale":"de_DE","og_type":"article","og_title":"Erst fixiert und dann kaltbl\u00fctig get\u00f6tet \u2013 das Medienlog vom Donnerstag, 24. Oktober 2013 - Das NSU-Prozess-Blog","og_description":"Am 49. Verhandlungstag ging es um den Mord im Jahr 2005 an Mehmet Turgut in Rostock. Dazu sagte ein Kriminalbeamter aus, den viele Medien mit den Worten zitierten: &#8222;Das einzige Ziel war zu t\u00f6ten.&#8220; So etwa Mirko Weber in Berliner Zeitung und Stuttgarter Zeitung, sowie die t\u00fcrkischsprachigen Portale TurkishNY und T24.","og_url":"https:\/\/blog.zeit.de\/nsu-prozess-blog\/2013\/10\/24\/mehmet-turgut\/","og_site_name":"Das NSU-Prozess-Blog","article_published_time":"2013-10-24T07:01:45+00:00","article_modified_time":"2013-10-24T17:20:48+00:00","author":"Mirjam Schmitt","twitter_misc":{"Geschrieben von":"Mirjam Schmitt","Gesch\u00e4tzte Lesezeit":"2\u00a0Minuten"},"schema":{"@context":"https:\/\/schema.org","@graph":[{"@type":"WebPage","@id":"https:\/\/blog.zeit.de\/nsu-prozess-blog\/2013\/10\/24\/mehmet-turgut\/","url":"https:\/\/blog.zeit.de\/nsu-prozess-blog\/2013\/10\/24\/mehmet-turgut\/","name":"Erst fixiert und dann kaltbl\u00fctig get\u00f6tet \u2013 das Medienlog vom Donnerstag, 24. Oktober 2013 - Das NSU-Prozess-Blog","isPartOf":{"@id":"https:\/\/blog.zeit.de\/nsu-prozess-blog\/#website"},"datePublished":"2013-10-24T07:01:45+00:00","dateModified":"2013-10-24T17:20:48+00:00","author":{"@id":"https:\/\/blog.zeit.de\/nsu-prozess-blog\/#\/schema\/person\/45acffb344ee326a2ebea3f5c0ad3ae8"},"breadcrumb":{"@id":"https:\/\/blog.zeit.de\/nsu-prozess-blog\/2013\/10\/24\/mehmet-turgut\/#breadcrumb"},"inLanguage":"de","potentialAction":[{"@type":"ReadAction","target":["https:\/\/blog.zeit.de\/nsu-prozess-blog\/2013\/10\/24\/mehmet-turgut\/"]}]},{"@type":"BreadcrumbList","@id":"https:\/\/blog.zeit.de\/nsu-prozess-blog\/2013\/10\/24\/mehmet-turgut\/#breadcrumb","itemListElement":[{"@type":"ListItem","position":1,"name":"Startseite","item":"https:\/\/blog.zeit.de\/nsu-prozess-blog\/"},{"@type":"ListItem","position":2,"name":"Erst fixiert und dann kaltbl\u00fctig get\u00f6tet \u2013 das Medienlog vom Donnerstag, 24. Oktober 2013"}]},{"@type":"WebSite","@id":"https:\/\/blog.zeit.de\/nsu-prozess-blog\/#website","url":"https:\/\/blog.zeit.de\/nsu-prozess-blog\/","name":"Das NSU-Prozess-Blog","description":"Alle Berichte zum Terrorverfahren in M\u00fcnchen","potentialAction":[{"@type":"SearchAction","target":{"@type":"EntryPoint","urlTemplate":"https:\/\/blog.zeit.de\/nsu-prozess-blog\/?s={search_term_string}"},"query-input":"required name=search_term_string"}],"inLanguage":"de"},{"@type":"Person","@id":"https:\/\/blog.zeit.de\/nsu-prozess-blog\/#\/schema\/person\/45acffb344ee326a2ebea3f5c0ad3ae8","name":"Mirjam Schmitt","image":{"@type":"ImageObject","inLanguage":"de","@id":"https:\/\/blog.zeit.de\/nsu-prozess-blog\/#\/schema\/person\/image\/","url":"https:\/\/secure.gravatar.com\/avatar\/21ea3e922b6404f0cab7bb919e2b401850e5cef2e7155dba6caa935b66c5688b?s=96&d=mm&r=g","contentUrl":"https:\/\/secure.gravatar.com\/avatar\/21ea3e922b6404f0cab7bb919e2b401850e5cef2e7155dba6caa935b66c5688b?s=96&d=mm&r=g","caption":"Mirjam Schmitt"},"url":"https:\/\/blog.zeit.de\/nsu-prozess-blog\/author\/mschmitt\/"}]}},"jetpack_featured_media_url":"","jetpack_sharing_enabled":true,"_links":{"self":[{"href":"https:\/\/blog.zeit.de\/nsu-prozess-blog\/wp-json\/wp\/v2\/posts\/3809","targetHints":{"allow":["GET"]}}],"collection":[{"href":"https:\/\/blog.zeit.de\/nsu-prozess-blog\/wp-json\/wp\/v2\/posts"}],"about":[{"href":"https:\/\/blog.zeit.de\/nsu-prozess-blog\/wp-json\/wp\/v2\/types\/post"}],"author":[{"embeddable":true,"href":"https:\/\/blog.zeit.de\/nsu-prozess-blog\/wp-json\/wp\/v2\/users\/410"}],"replies":[{"embeddable":true,"href":"https:\/\/blog.zeit.de\/nsu-prozess-blog\/wp-json\/wp\/v2\/comments?post=3809"}],"version-history":[{"count":36,"href":"https:\/\/blog.zeit.de\/nsu-prozess-blog\/wp-json\/wp\/v2\/posts\/3809\/revisions"}],"predecessor-version":[{"id":3859,"href":"https:\/\/blog.zeit.de\/nsu-prozess-blog\/wp-json\/wp\/v2\/posts\/3809\/revisions\/3859"}],"wp:attachment":[{"href":"https:\/\/blog.zeit.de\/nsu-prozess-blog\/wp-json\/wp\/v2\/media?parent=3809"}],"wp:term":[{"taxonomy":"category","embeddable":true,"href":"https:\/\/blog.zeit.de\/nsu-prozess-blog\/wp-json\/wp\/v2\/categories?post=3809"},{"taxonomy":"post_tag","embeddable":true,"href":"https:\/\/blog.zeit.de\/nsu-prozess-blog\/wp-json\/wp\/v2\/tags?post=3809"}],"curies":[{"name":"wp","href":"https:\/\/api.w.org\/{rel}","templated":true}]}}