{"id":387,"date":"2013-05-14T11:31:58","date_gmt":"2013-05-14T09:31:58","guid":{"rendered":"http:\/\/blog.zeit.de\/nsu-prozess-blog\/?p=387"},"modified":"2013-05-14T20:07:25","modified_gmt":"2013-05-14T18:07:25","slug":"2-prozesstag","status":"publish","type":"post","link":"https:\/\/blog.zeit.de\/nsu-prozess-blog\/2013\/05\/14\/2-prozesstag\/","title":{"rendered":"2. Prozesstag"},"content":{"rendered":"<p>Nach einw\u00f6chiger Unterbrechung geht es im NSU-Prozess weiter.<br \/>\nDie Befangenheitsantr\u00e4ge <a href=\"http:\/\/www.zeit.de\/schlagworte\/personen\/beate-zschaepe\/index\">Beate Zsch\u00e4pes<\/a> und des Mitangeklagten <a href=\"https:\/\/blog.zeit.de\/nsu-prozess-blog\/die-angeklagten\/\">Ralf Wohlleben<\/a> gegen drei Richter des Senats vom 6. Mai <a href=\"http:\/\/www.zeit.de\/gesellschaft\/zeitgeschehen\/2013-05\/befangenheit-wohlleben-abgelehnt\">hatte das Oberlandesgericht M\u00fcnchen zur\u00fcckgewiesen.<\/a><\/p>\n<p>Nach einigen Antr\u00e4gen und Unterbrechungen hat Bundesanwalt Herbert Diemer<a href=\"http:\/\/www.zeit.de\/gesellschaft\/2013-05\/Zschaepe-NSU-Prozess-Anklage\"> schlie\u00dflich die Anklage verlesen. <\/a><\/p>\n<p><a href=\"https:\/\/blog.zeit.de\/nsu-prozess-blog\/2013\/05\/14\/2-prozesstag\/img_0289\/\" rel=\"attachment wp-att-405\"><img loading=\"lazy\" decoding=\"async\" class=\"alignleft size-large wp-image-405\" alt=\"IMG_0289\" src=\"https:\/\/blog.zeit.de\/nsu-prozess-blog\/files\/2013\/05\/IMG_0289-580x87.jpg\" width=\"580\" height=\"87\" srcset=\"https:\/\/blog.zeit.de\/nsu-prozess-blog\/files\/2013\/05\/IMG_0289-580x87.jpg 580w, https:\/\/blog.zeit.de\/nsu-prozess-blog\/files\/2013\/05\/IMG_0289-220x33.jpg 220w\" sizes=\"auto, (max-width: 580px) 100vw, 580px\" \/><\/a><\/p>\n<p>&nbsp;<\/p>\n","protected":false},"excerpt":{"rendered":"<p>Nach einw\u00f6chiger Unterbrechung geht es im NSU-Prozess weiter. Die Befangenheitsantr\u00e4ge Beate Zsch\u00e4pes und des Mitangeklagten Ralf Wohlleben gegen drei Richter des Senats vom 6. Mai hatte das Oberlandesgericht M\u00fcnchen zur\u00fcckgewiesen. Nach einigen Antr\u00e4gen und Unterbrechungen hat Bundesanwalt Herbert Diemer schlie\u00dflich die Anklage verlesen. &nbsp;<\/p>\n","protected":false},"author":410,"featured_media":0,"comment_status":"open","ping_status":"open","sticky":false,"template":"","format":"standard","meta":{"_jetpack_memberships_contains_paid_content":false,"footnotes":""},"categories":[27532],"tags":[],"class_list":["post-387","post","type-post","status-publish","format-standard","hentry","category-prozesstage"],"yoast_head":"<!-- This site is optimized with the Yoast SEO plugin v21.0 - https:\/\/yoast.com\/wordpress\/plugins\/seo\/ -->\n<title>2. Prozesstag - Das NSU-Prozess-Blog<\/title>\n<meta name=\"robots\" content=\"index, follow, max-snippet:-1, max-image-preview:large, max-video-preview:-1\" \/>\n<link rel=\"canonical\" href=\"https:\/\/blog.zeit.de\/nsu-prozess-blog\/2013\/05\/14\/2-prozesstag\/\" \/>\n<meta property=\"og:locale\" content=\"de_DE\" \/>\n<meta property=\"og:type\" content=\"article\" \/>\n<meta property=\"og:title\" content=\"2. Prozesstag - Das NSU-Prozess-Blog\" \/>\n<meta property=\"og:description\" content=\"Nach einw\u00f6chiger Unterbrechung geht es im NSU-Prozess weiter. Die Befangenheitsantr\u00e4ge Beate Zsch\u00e4pes und des Mitangeklagten Ralf Wohlleben gegen drei Richter des Senats vom 6. Mai hatte das Oberlandesgericht M\u00fcnchen zur\u00fcckgewiesen. Nach einigen Antr\u00e4gen und Unterbrechungen hat Bundesanwalt Herbert Diemer schlie\u00dflich die Anklage verlesen. &nbsp;\" \/>\n<meta property=\"og:url\" content=\"https:\/\/blog.zeit.de\/nsu-prozess-blog\/2013\/05\/14\/2-prozesstag\/\" \/>\n<meta property=\"og:site_name\" content=\"Das NSU-Prozess-Blog\" \/>\n<meta property=\"article:published_time\" content=\"2013-05-14T09:31:58+00:00\" \/>\n<meta property=\"article:modified_time\" content=\"2013-05-14T18:07:25+00:00\" \/>\n<meta property=\"og:image\" content=\"https:\/\/blog.zeit.de\/nsu-prozess-blog\/files\/2013\/05\/IMG_0289-580x87.jpg\" \/>\n<meta name=\"author\" content=\"Mirjam Schmitt\" \/>\n<meta name=\"twitter:label1\" content=\"Geschrieben von\" \/>\n\t<meta name=\"twitter:data1\" content=\"Mirjam Schmitt\" \/>\n<script type=\"application\/ld+json\" class=\"yoast-schema-graph\">{\"@context\":\"https:\/\/schema.org\",\"@graph\":[{\"@type\":\"WebPage\",\"@id\":\"https:\/\/blog.zeit.de\/nsu-prozess-blog\/2013\/05\/14\/2-prozesstag\/\",\"url\":\"https:\/\/blog.zeit.de\/nsu-prozess-blog\/2013\/05\/14\/2-prozesstag\/\",\"name\":\"2. Prozesstag - Das NSU-Prozess-Blog\",\"isPartOf\":{\"@id\":\"https:\/\/blog.zeit.de\/nsu-prozess-blog\/#website\"},\"datePublished\":\"2013-05-14T09:31:58+00:00\",\"dateModified\":\"2013-05-14T18:07:25+00:00\",\"author\":{\"@id\":\"https:\/\/blog.zeit.de\/nsu-prozess-blog\/#\/schema\/person\/45acffb344ee326a2ebea3f5c0ad3ae8\"},\"breadcrumb\":{\"@id\":\"https:\/\/blog.zeit.de\/nsu-prozess-blog\/2013\/05\/14\/2-prozesstag\/#breadcrumb\"},\"inLanguage\":\"de\",\"potentialAction\":[{\"@type\":\"ReadAction\",\"target\":[\"https:\/\/blog.zeit.de\/nsu-prozess-blog\/2013\/05\/14\/2-prozesstag\/\"]}]},{\"@type\":\"BreadcrumbList\",\"@id\":\"https:\/\/blog.zeit.de\/nsu-prozess-blog\/2013\/05\/14\/2-prozesstag\/#breadcrumb\",\"itemListElement\":[{\"@type\":\"ListItem\",\"position\":1,\"name\":\"Startseite\",\"item\":\"https:\/\/blog.zeit.de\/nsu-prozess-blog\/\"},{\"@type\":\"ListItem\",\"position\":2,\"name\":\"2. Prozesstag\"}]},{\"@type\":\"WebSite\",\"@id\":\"https:\/\/blog.zeit.de\/nsu-prozess-blog\/#website\",\"url\":\"https:\/\/blog.zeit.de\/nsu-prozess-blog\/\",\"name\":\"Das NSU-Prozess-Blog\",\"description\":\"Alle Berichte zum Terrorverfahren in M\u00fcnchen\",\"potentialAction\":[{\"@type\":\"SearchAction\",\"target\":{\"@type\":\"EntryPoint\",\"urlTemplate\":\"https:\/\/blog.zeit.de\/nsu-prozess-blog\/?s={search_term_string}\"},\"query-input\":\"required name=search_term_string\"}],\"inLanguage\":\"de\"},{\"@type\":\"Person\",\"@id\":\"https:\/\/blog.zeit.de\/nsu-prozess-blog\/#\/schema\/person\/45acffb344ee326a2ebea3f5c0ad3ae8\",\"name\":\"Mirjam Schmitt\",\"image\":{\"@type\":\"ImageObject\",\"inLanguage\":\"de\",\"@id\":\"https:\/\/blog.zeit.de\/nsu-prozess-blog\/#\/schema\/person\/image\/\",\"url\":\"https:\/\/secure.gravatar.com\/avatar\/21ea3e922b6404f0cab7bb919e2b401850e5cef2e7155dba6caa935b66c5688b?s=96&d=mm&r=g\",\"contentUrl\":\"https:\/\/secure.gravatar.com\/avatar\/21ea3e922b6404f0cab7bb919e2b401850e5cef2e7155dba6caa935b66c5688b?s=96&d=mm&r=g\",\"caption\":\"Mirjam Schmitt\"},\"url\":\"https:\/\/blog.zeit.de\/nsu-prozess-blog\/author\/mschmitt\/\"}]}<\/script>\n<!-- \/ Yoast SEO plugin. -->","yoast_head_json":{"title":"2. Prozesstag - Das NSU-Prozess-Blog","robots":{"index":"index","follow":"follow","max-snippet":"max-snippet:-1","max-image-preview":"max-image-preview:large","max-video-preview":"max-video-preview:-1"},"canonical":"https:\/\/blog.zeit.de\/nsu-prozess-blog\/2013\/05\/14\/2-prozesstag\/","og_locale":"de_DE","og_type":"article","og_title":"2. Prozesstag - Das NSU-Prozess-Blog","og_description":"Nach einw\u00f6chiger Unterbrechung geht es im NSU-Prozess weiter. Die Befangenheitsantr\u00e4ge Beate Zsch\u00e4pes und des Mitangeklagten Ralf Wohlleben gegen drei Richter des Senats vom 6. Mai hatte das Oberlandesgericht M\u00fcnchen zur\u00fcckgewiesen. Nach einigen Antr\u00e4gen und Unterbrechungen hat Bundesanwalt Herbert Diemer schlie\u00dflich die Anklage verlesen. &nbsp;","og_url":"https:\/\/blog.zeit.de\/nsu-prozess-blog\/2013\/05\/14\/2-prozesstag\/","og_site_name":"Das NSU-Prozess-Blog","article_published_time":"2013-05-14T09:31:58+00:00","article_modified_time":"2013-05-14T18:07:25+00:00","og_image":[{"url":"https:\/\/blog.zeit.de\/nsu-prozess-blog\/files\/2013\/05\/IMG_0289-580x87.jpg"}],"author":"Mirjam Schmitt","twitter_misc":{"Geschrieben von":"Mirjam Schmitt"},"schema":{"@context":"https:\/\/schema.org","@graph":[{"@type":"WebPage","@id":"https:\/\/blog.zeit.de\/nsu-prozess-blog\/2013\/05\/14\/2-prozesstag\/","url":"https:\/\/blog.zeit.de\/nsu-prozess-blog\/2013\/05\/14\/2-prozesstag\/","name":"2. Prozesstag - Das NSU-Prozess-Blog","isPartOf":{"@id":"https:\/\/blog.zeit.de\/nsu-prozess-blog\/#website"},"datePublished":"2013-05-14T09:31:58+00:00","dateModified":"2013-05-14T18:07:25+00:00","author":{"@id":"https:\/\/blog.zeit.de\/nsu-prozess-blog\/#\/schema\/person\/45acffb344ee326a2ebea3f5c0ad3ae8"},"breadcrumb":{"@id":"https:\/\/blog.zeit.de\/nsu-prozess-blog\/2013\/05\/14\/2-prozesstag\/#breadcrumb"},"inLanguage":"de","potentialAction":[{"@type":"ReadAction","target":["https:\/\/blog.zeit.de\/nsu-prozess-blog\/2013\/05\/14\/2-prozesstag\/"]}]},{"@type":"BreadcrumbList","@id":"https:\/\/blog.zeit.de\/nsu-prozess-blog\/2013\/05\/14\/2-prozesstag\/#breadcrumb","itemListElement":[{"@type":"ListItem","position":1,"name":"Startseite","item":"https:\/\/blog.zeit.de\/nsu-prozess-blog\/"},{"@type":"ListItem","position":2,"name":"2. Prozesstag"}]},{"@type":"WebSite","@id":"https:\/\/blog.zeit.de\/nsu-prozess-blog\/#website","url":"https:\/\/blog.zeit.de\/nsu-prozess-blog\/","name":"Das NSU-Prozess-Blog","description":"Alle Berichte zum Terrorverfahren in M\u00fcnchen","potentialAction":[{"@type":"SearchAction","target":{"@type":"EntryPoint","urlTemplate":"https:\/\/blog.zeit.de\/nsu-prozess-blog\/?s={search_term_string}"},"query-input":"required name=search_term_string"}],"inLanguage":"de"},{"@type":"Person","@id":"https:\/\/blog.zeit.de\/nsu-prozess-blog\/#\/schema\/person\/45acffb344ee326a2ebea3f5c0ad3ae8","name":"Mirjam Schmitt","image":{"@type":"ImageObject","inLanguage":"de","@id":"https:\/\/blog.zeit.de\/nsu-prozess-blog\/#\/schema\/person\/image\/","url":"https:\/\/secure.gravatar.com\/avatar\/21ea3e922b6404f0cab7bb919e2b401850e5cef2e7155dba6caa935b66c5688b?s=96&d=mm&r=g","contentUrl":"https:\/\/secure.gravatar.com\/avatar\/21ea3e922b6404f0cab7bb919e2b401850e5cef2e7155dba6caa935b66c5688b?s=96&d=mm&r=g","caption":"Mirjam Schmitt"},"url":"https:\/\/blog.zeit.de\/nsu-prozess-blog\/author\/mschmitt\/"}]}},"jetpack_featured_media_url":"","jetpack_sharing_enabled":true,"_links":{"self":[{"href":"https:\/\/blog.zeit.de\/nsu-prozess-blog\/wp-json\/wp\/v2\/posts\/387","targetHints":{"allow":["GET"]}}],"collection":[{"href":"https:\/\/blog.zeit.de\/nsu-prozess-blog\/wp-json\/wp\/v2\/posts"}],"about":[{"href":"https:\/\/blog.zeit.de\/nsu-prozess-blog\/wp-json\/wp\/v2\/types\/post"}],"author":[{"embeddable":true,"href":"https:\/\/blog.zeit.de\/nsu-prozess-blog\/wp-json\/wp\/v2\/users\/410"}],"replies":[{"embeddable":true,"href":"https:\/\/blog.zeit.de\/nsu-prozess-blog\/wp-json\/wp\/v2\/comments?post=387"}],"version-history":[{"count":9,"href":"https:\/\/blog.zeit.de\/nsu-prozess-blog\/wp-json\/wp\/v2\/posts\/387\/revisions"}],"predecessor-version":[{"id":432,"href":"https:\/\/blog.zeit.de\/nsu-prozess-blog\/wp-json\/wp\/v2\/posts\/387\/revisions\/432"}],"wp:attachment":[{"href":"https:\/\/blog.zeit.de\/nsu-prozess-blog\/wp-json\/wp\/v2\/media?parent=387"}],"wp:term":[{"taxonomy":"category","embeddable":true,"href":"https:\/\/blog.zeit.de\/nsu-prozess-blog\/wp-json\/wp\/v2\/categories?post=387"},{"taxonomy":"post_tag","embeddable":true,"href":"https:\/\/blog.zeit.de\/nsu-prozess-blog\/wp-json\/wp\/v2\/tags?post=387"}],"curies":[{"name":"wp","href":"https:\/\/api.w.org\/{rel}","templated":true}]}}