{"id":3947,"date":"2013-11-01T08:49:27","date_gmt":"2013-11-01T07:49:27","guid":{"rendered":"http:\/\/blog.zeit.de\/nsu-prozess-blog\/?p=3947"},"modified":"2013-11-03T18:35:17","modified_gmt":"2013-11-03T17:35:17","slug":"waffenexperte-widerspricht-selbstmordthese","status":"publish","type":"post","link":"https:\/\/blog.zeit.de\/nsu-prozess-blog\/2013\/11\/01\/waffenexperte-widerspricht-selbstmordthese\/","title":{"rendered":"Waffenexperte widerspricht Selbstmord-These \u2013 das Medienlog vom Freitag, 1. November 2013"},"content":{"rendered":"<p>Uwe Mundlos und Uwe B\u00f6hnhardt haben keinen Selbstmord begangen. Zu diesem Schluss kommt zumindest der Waffenexperte Siegmund Mittag laut Bericht der t\u00fcrkischsprachigen Tageszeitung <a href=\"http:\/\/www.sabah.de\/intihar-etmediler.html\" target=\"_blank\"><em>Sabah<\/em><\/a>. Die Zeitung bezieht sich wiederum auf einen Beitrag des Nachrichtensenders N24, der am kommenden Montag ausgestrahlt werden soll.<\/p>\n<p><em>An jedem Werktag sichten wir f\u00fcr das NSU-Prozess-Blog die Medien und stellen wichtige Berichte, Blogs, Videos und Tweets zusammen. Wir freuen uns \u00fcber Hinweise via Twitter mit dem Hashtag #nsublog \u2013 oder per E-Mail an <a href=\"mailto:nsublog@zeit.de\">nsublog@zeit.de.<\/a><\/em><\/p>\n<p><!--more--><\/p>\n<p>Der NSU flog vor zwei Jahren auf, nachdem Polizisten die Leichen von Mundlos und B\u00f6hnhardt in einem ausgebrannten Wohnmobil entdeckt hatten. Das BKA geht seitdem von Selbstmord der beiden mutma\u00dflichen Rechtsterroristen aus.<\/p>\n<p>Waffenexperte Mittag h\u00e4lt diese These in dem Beitrag f\u00fcr N24 laut <em>Sabah<\/em> jedoch f\u00fcr &#8222;unm\u00f6glich&#8220;. Dagegen spreche unter anderem die Anzahl der im Wohnmobil gefundenen <strong>Patronenh\u00fclsen<\/strong>. Zudem sei in dem Wohnmobil eine <strong>unbekannte DNA-Spur<\/strong> entdeckt worden. Diese Spur sowie Zeugenaussagen deuten darauf hin, dass sich noch eine weitere Person im Wohnmobil befunden hat. Laut des TV-Beitrags geht die Polizei davon aus, dass die DNA zu einem Mann aus Litauen geh\u00f6rt.<\/p>\n<p>Auch die\u00a0<a href=\"http:\/\/www.stuttgarter-zeitung.de\/inhalt.nationalsozialistischer-untergrund-hatte-der-nsu-kontakte-zu-litauischen-verbrechern.1620adc3-a2bf-46b8-a2fe-8882d5672658.html\" target=\"_blank\"><em>Stuttgarter Zeitung<\/em><\/a> greift dieses Thema auf und titelt: &#8222;Hatte der NSU Kontakt zu litauischen Verbrechern?&#8220; Autor Andreas F\u00f6rster schreibt zur DNA-Spur: &#8222;Sie stimmt mit einem genetischen Fingerabdruck \u00fcberein, den die Polizei auch bei drei anderen Verbrechen sichern konnte, die scheinbar nichts mit dem Nationalsozialistischen Untergrund (NSU) zu tun haben.&#8220; Den Unbekannten habe die Polizei laut F\u00f6rster &#8222;P 24&#8220; genannt und herausgefunden, dass die Spur bei Verbrechen in Berlin, Hessen und Nordrhein-Westfalen gesichert wurde. &#8222;Wer dieser mysteri\u00f6se Tatverd\u00e4chtige ist, wei\u00df die Polizei bis heute nicht. Allerdings gehen die Beh\u00f6rden davon aus, dass hinter den Straftaten in Hessen und Nordrhein-Westfalen eine litauische T\u00e4tergruppe steckt&#8220;, so der Autor.<\/p>\n<p>Keine Berichte in englischsprachigen Onlinemedien.<\/p>\n<p><em>Das n\u00e4chste Medienlog erscheint am Montag, 4. November.<\/em><\/p>\n","protected":false},"excerpt":{"rendered":"<p>Uwe Mundlos und Uwe B\u00f6hnhardt haben keinen Selbstmord begangen. Zu diesem Schluss kommt zumindest der Waffenexperte Siegmund Mittag laut Bericht der t\u00fcrkischsprachigen Tageszeitung Sabah. Die Zeitung bezieht sich wiederum auf einen Beitrag des Nachrichtensenders N24, der am kommenden Montag ausgestrahlt werden soll. An jedem Werktag sichten wir f\u00fcr das NSU-Prozess-Blog die Medien und stellen wichtige [&hellip;]<\/p>\n","protected":false},"author":410,"featured_media":0,"comment_status":"open","ping_status":"open","sticky":false,"template":"","format":"standard","meta":{"_jetpack_memberships_contains_paid_content":false,"footnotes":""},"categories":[27531],"tags":[17793,22860,22859,27560],"class_list":["post-3947","post","type-post","status-publish","format-standard","hentry","category-medienschau","tag-beate-zschape","tag-uwe-bohnhardt","tag-uwe-mundlos","tag-zwickau"],"yoast_head":"<!-- This site is optimized with the Yoast SEO plugin v21.0 - https:\/\/yoast.com\/wordpress\/plugins\/seo\/ -->\n<title>Waffenexperte widerspricht Selbstmord-These \u2013 das Medienlog vom Freitag, 1. November 2013 - Das NSU-Prozess-Blog<\/title>\n<meta name=\"robots\" content=\"index, follow, max-snippet:-1, max-image-preview:large, max-video-preview:-1\" \/>\n<link rel=\"canonical\" href=\"https:\/\/blog.zeit.de\/nsu-prozess-blog\/2013\/11\/01\/waffenexperte-widerspricht-selbstmordthese\/\" \/>\n<meta property=\"og:locale\" content=\"de_DE\" \/>\n<meta property=\"og:type\" content=\"article\" \/>\n<meta property=\"og:title\" content=\"Waffenexperte widerspricht Selbstmord-These \u2013 das Medienlog vom Freitag, 1. November 2013 - Das NSU-Prozess-Blog\" \/>\n<meta property=\"og:description\" content=\"Uwe Mundlos und Uwe B\u00f6hnhardt haben keinen Selbstmord begangen. Zu diesem Schluss kommt zumindest der Waffenexperte Siegmund Mittag laut Bericht der t\u00fcrkischsprachigen Tageszeitung Sabah. Die Zeitung bezieht sich wiederum auf einen Beitrag des Nachrichtensenders N24, der am kommenden Montag ausgestrahlt werden soll. An jedem Werktag sichten wir f\u00fcr das NSU-Prozess-Blog die Medien und stellen wichtige [&hellip;]\" \/>\n<meta property=\"og:url\" content=\"https:\/\/blog.zeit.de\/nsu-prozess-blog\/2013\/11\/01\/waffenexperte-widerspricht-selbstmordthese\/\" \/>\n<meta property=\"og:site_name\" content=\"Das NSU-Prozess-Blog\" \/>\n<meta property=\"article:published_time\" content=\"2013-11-01T07:49:27+00:00\" \/>\n<meta property=\"article:modified_time\" content=\"2013-11-03T17:35:17+00:00\" \/>\n<meta name=\"author\" content=\"Mirjam Schmitt\" \/>\n<meta name=\"twitter:label1\" content=\"Geschrieben von\" \/>\n\t<meta name=\"twitter:data1\" content=\"Mirjam Schmitt\" \/>\n\t<meta name=\"twitter:label2\" content=\"Gesch\u00e4tzte Lesezeit\" \/>\n\t<meta name=\"twitter:data2\" content=\"2\u00a0Minuten\" \/>\n<script type=\"application\/ld+json\" class=\"yoast-schema-graph\">{\"@context\":\"https:\/\/schema.org\",\"@graph\":[{\"@type\":\"WebPage\",\"@id\":\"https:\/\/blog.zeit.de\/nsu-prozess-blog\/2013\/11\/01\/waffenexperte-widerspricht-selbstmordthese\/\",\"url\":\"https:\/\/blog.zeit.de\/nsu-prozess-blog\/2013\/11\/01\/waffenexperte-widerspricht-selbstmordthese\/\",\"name\":\"Waffenexperte widerspricht Selbstmord-These \u2013 das Medienlog vom Freitag, 1. November 2013 - Das NSU-Prozess-Blog\",\"isPartOf\":{\"@id\":\"https:\/\/blog.zeit.de\/nsu-prozess-blog\/#website\"},\"datePublished\":\"2013-11-01T07:49:27+00:00\",\"dateModified\":\"2013-11-03T17:35:17+00:00\",\"author\":{\"@id\":\"https:\/\/blog.zeit.de\/nsu-prozess-blog\/#\/schema\/person\/45acffb344ee326a2ebea3f5c0ad3ae8\"},\"breadcrumb\":{\"@id\":\"https:\/\/blog.zeit.de\/nsu-prozess-blog\/2013\/11\/01\/waffenexperte-widerspricht-selbstmordthese\/#breadcrumb\"},\"inLanguage\":\"de\",\"potentialAction\":[{\"@type\":\"ReadAction\",\"target\":[\"https:\/\/blog.zeit.de\/nsu-prozess-blog\/2013\/11\/01\/waffenexperte-widerspricht-selbstmordthese\/\"]}]},{\"@type\":\"BreadcrumbList\",\"@id\":\"https:\/\/blog.zeit.de\/nsu-prozess-blog\/2013\/11\/01\/waffenexperte-widerspricht-selbstmordthese\/#breadcrumb\",\"itemListElement\":[{\"@type\":\"ListItem\",\"position\":1,\"name\":\"Startseite\",\"item\":\"https:\/\/blog.zeit.de\/nsu-prozess-blog\/\"},{\"@type\":\"ListItem\",\"position\":2,\"name\":\"Waffenexperte widerspricht Selbstmord-These \u2013 das Medienlog vom Freitag, 1. November 2013\"}]},{\"@type\":\"WebSite\",\"@id\":\"https:\/\/blog.zeit.de\/nsu-prozess-blog\/#website\",\"url\":\"https:\/\/blog.zeit.de\/nsu-prozess-blog\/\",\"name\":\"Das NSU-Prozess-Blog\",\"description\":\"Alle Berichte zum Terrorverfahren in M\u00fcnchen\",\"potentialAction\":[{\"@type\":\"SearchAction\",\"target\":{\"@type\":\"EntryPoint\",\"urlTemplate\":\"https:\/\/blog.zeit.de\/nsu-prozess-blog\/?s={search_term_string}\"},\"query-input\":\"required name=search_term_string\"}],\"inLanguage\":\"de\"},{\"@type\":\"Person\",\"@id\":\"https:\/\/blog.zeit.de\/nsu-prozess-blog\/#\/schema\/person\/45acffb344ee326a2ebea3f5c0ad3ae8\",\"name\":\"Mirjam Schmitt\",\"image\":{\"@type\":\"ImageObject\",\"inLanguage\":\"de\",\"@id\":\"https:\/\/blog.zeit.de\/nsu-prozess-blog\/#\/schema\/person\/image\/\",\"url\":\"https:\/\/secure.gravatar.com\/avatar\/21ea3e922b6404f0cab7bb919e2b401850e5cef2e7155dba6caa935b66c5688b?s=96&d=mm&r=g\",\"contentUrl\":\"https:\/\/secure.gravatar.com\/avatar\/21ea3e922b6404f0cab7bb919e2b401850e5cef2e7155dba6caa935b66c5688b?s=96&d=mm&r=g\",\"caption\":\"Mirjam Schmitt\"},\"url\":\"https:\/\/blog.zeit.de\/nsu-prozess-blog\/author\/mschmitt\/\"}]}<\/script>\n<!-- \/ Yoast SEO plugin. -->","yoast_head_json":{"title":"Waffenexperte widerspricht Selbstmord-These \u2013 das Medienlog vom Freitag, 1. November 2013 - Das NSU-Prozess-Blog","robots":{"index":"index","follow":"follow","max-snippet":"max-snippet:-1","max-image-preview":"max-image-preview:large","max-video-preview":"max-video-preview:-1"},"canonical":"https:\/\/blog.zeit.de\/nsu-prozess-blog\/2013\/11\/01\/waffenexperte-widerspricht-selbstmordthese\/","og_locale":"de_DE","og_type":"article","og_title":"Waffenexperte widerspricht Selbstmord-These \u2013 das Medienlog vom Freitag, 1. November 2013 - Das NSU-Prozess-Blog","og_description":"Uwe Mundlos und Uwe B\u00f6hnhardt haben keinen Selbstmord begangen. Zu diesem Schluss kommt zumindest der Waffenexperte Siegmund Mittag laut Bericht der t\u00fcrkischsprachigen Tageszeitung Sabah. Die Zeitung bezieht sich wiederum auf einen Beitrag des Nachrichtensenders N24, der am kommenden Montag ausgestrahlt werden soll. An jedem Werktag sichten wir f\u00fcr das NSU-Prozess-Blog die Medien und stellen wichtige [&hellip;]","og_url":"https:\/\/blog.zeit.de\/nsu-prozess-blog\/2013\/11\/01\/waffenexperte-widerspricht-selbstmordthese\/","og_site_name":"Das NSU-Prozess-Blog","article_published_time":"2013-11-01T07:49:27+00:00","article_modified_time":"2013-11-03T17:35:17+00:00","author":"Mirjam Schmitt","twitter_misc":{"Geschrieben von":"Mirjam Schmitt","Gesch\u00e4tzte Lesezeit":"2\u00a0Minuten"},"schema":{"@context":"https:\/\/schema.org","@graph":[{"@type":"WebPage","@id":"https:\/\/blog.zeit.de\/nsu-prozess-blog\/2013\/11\/01\/waffenexperte-widerspricht-selbstmordthese\/","url":"https:\/\/blog.zeit.de\/nsu-prozess-blog\/2013\/11\/01\/waffenexperte-widerspricht-selbstmordthese\/","name":"Waffenexperte widerspricht Selbstmord-These \u2013 das Medienlog vom Freitag, 1. November 2013 - Das NSU-Prozess-Blog","isPartOf":{"@id":"https:\/\/blog.zeit.de\/nsu-prozess-blog\/#website"},"datePublished":"2013-11-01T07:49:27+00:00","dateModified":"2013-11-03T17:35:17+00:00","author":{"@id":"https:\/\/blog.zeit.de\/nsu-prozess-blog\/#\/schema\/person\/45acffb344ee326a2ebea3f5c0ad3ae8"},"breadcrumb":{"@id":"https:\/\/blog.zeit.de\/nsu-prozess-blog\/2013\/11\/01\/waffenexperte-widerspricht-selbstmordthese\/#breadcrumb"},"inLanguage":"de","potentialAction":[{"@type":"ReadAction","target":["https:\/\/blog.zeit.de\/nsu-prozess-blog\/2013\/11\/01\/waffenexperte-widerspricht-selbstmordthese\/"]}]},{"@type":"BreadcrumbList","@id":"https:\/\/blog.zeit.de\/nsu-prozess-blog\/2013\/11\/01\/waffenexperte-widerspricht-selbstmordthese\/#breadcrumb","itemListElement":[{"@type":"ListItem","position":1,"name":"Startseite","item":"https:\/\/blog.zeit.de\/nsu-prozess-blog\/"},{"@type":"ListItem","position":2,"name":"Waffenexperte widerspricht Selbstmord-These \u2013 das Medienlog vom Freitag, 1. November 2013"}]},{"@type":"WebSite","@id":"https:\/\/blog.zeit.de\/nsu-prozess-blog\/#website","url":"https:\/\/blog.zeit.de\/nsu-prozess-blog\/","name":"Das NSU-Prozess-Blog","description":"Alle Berichte zum Terrorverfahren in M\u00fcnchen","potentialAction":[{"@type":"SearchAction","target":{"@type":"EntryPoint","urlTemplate":"https:\/\/blog.zeit.de\/nsu-prozess-blog\/?s={search_term_string}"},"query-input":"required name=search_term_string"}],"inLanguage":"de"},{"@type":"Person","@id":"https:\/\/blog.zeit.de\/nsu-prozess-blog\/#\/schema\/person\/45acffb344ee326a2ebea3f5c0ad3ae8","name":"Mirjam Schmitt","image":{"@type":"ImageObject","inLanguage":"de","@id":"https:\/\/blog.zeit.de\/nsu-prozess-blog\/#\/schema\/person\/image\/","url":"https:\/\/secure.gravatar.com\/avatar\/21ea3e922b6404f0cab7bb919e2b401850e5cef2e7155dba6caa935b66c5688b?s=96&d=mm&r=g","contentUrl":"https:\/\/secure.gravatar.com\/avatar\/21ea3e922b6404f0cab7bb919e2b401850e5cef2e7155dba6caa935b66c5688b?s=96&d=mm&r=g","caption":"Mirjam Schmitt"},"url":"https:\/\/blog.zeit.de\/nsu-prozess-blog\/author\/mschmitt\/"}]}},"jetpack_featured_media_url":"","jetpack_sharing_enabled":true,"_links":{"self":[{"href":"https:\/\/blog.zeit.de\/nsu-prozess-blog\/wp-json\/wp\/v2\/posts\/3947","targetHints":{"allow":["GET"]}}],"collection":[{"href":"https:\/\/blog.zeit.de\/nsu-prozess-blog\/wp-json\/wp\/v2\/posts"}],"about":[{"href":"https:\/\/blog.zeit.de\/nsu-prozess-blog\/wp-json\/wp\/v2\/types\/post"}],"author":[{"embeddable":true,"href":"https:\/\/blog.zeit.de\/nsu-prozess-blog\/wp-json\/wp\/v2\/users\/410"}],"replies":[{"embeddable":true,"href":"https:\/\/blog.zeit.de\/nsu-prozess-blog\/wp-json\/wp\/v2\/comments?post=3947"}],"version-history":[{"count":21,"href":"https:\/\/blog.zeit.de\/nsu-prozess-blog\/wp-json\/wp\/v2\/posts\/3947\/revisions"}],"predecessor-version":[{"id":3966,"href":"https:\/\/blog.zeit.de\/nsu-prozess-blog\/wp-json\/wp\/v2\/posts\/3947\/revisions\/3966"}],"wp:attachment":[{"href":"https:\/\/blog.zeit.de\/nsu-prozess-blog\/wp-json\/wp\/v2\/media?parent=3947"}],"wp:term":[{"taxonomy":"category","embeddable":true,"href":"https:\/\/blog.zeit.de\/nsu-prozess-blog\/wp-json\/wp\/v2\/categories?post=3947"},{"taxonomy":"post_tag","embeddable":true,"href":"https:\/\/blog.zeit.de\/nsu-prozess-blog\/wp-json\/wp\/v2\/tags?post=3947"}],"curies":[{"name":"wp","href":"https:\/\/api.w.org\/{rel}","templated":true}]}}