{"id":3998,"date":"2013-11-05T08:18:44","date_gmt":"2013-11-05T07:18:44","guid":{"rendered":"http:\/\/blog.zeit.de\/nsu-prozess-blog\/?p=3998"},"modified":"2013-11-05T23:19:12","modified_gmt":"2013-11-05T22:19:12","slug":"51-prozesstag-mordfall-mehmet-kubasik","status":"publish","type":"post","link":"https:\/\/blog.zeit.de\/nsu-prozess-blog\/2013\/11\/05\/51-prozesstag-mordfall-mehmet-kubasik\/","title":{"rendered":"51. Prozesstag \u2013 Mordfall Mehmet Kuba\u015f\u0131k"},"content":{"rendered":"<p><a href=\"https:\/\/blog.zeit.de\/nsu-prozess-blog\/2013\/11\/05\/51-prozesstag-mordfall-mehmet-kubasik\/img_1745-4-2\/\" rel=\"attachment wp-att-4005\"><img loading=\"lazy\" decoding=\"async\" class=\"aligncenter size-large wp-image-4005\" alt=\"IMG_1745 4\" src=\"https:\/\/blog.zeit.de\/nsu-prozess-blog\/files\/2013\/11\/IMG_1745-41-580x84.jpg\" width=\"580\" height=\"84\" srcset=\"https:\/\/blog.zeit.de\/nsu-prozess-blog\/files\/2013\/11\/IMG_1745-41-580x84.jpg 580w, https:\/\/blog.zeit.de\/nsu-prozess-blog\/files\/2013\/11\/IMG_1745-41-220x32.jpg 220w\" sizes=\"auto, (max-width: 580px) 100vw, 580px\" \/><\/a><\/p>\n<p>Am heutigen Dienstag sagte eine Zeugin aus, die m\u00f6glicherweise Uwe Mundlos und Uwe B\u00f6hnhardt vor dem Mord an Mehmet Kuba\u015f\u0131k in Dortmund beobachtet hatte. Laut Anklage erschossen die Neonazi-Terroristen B\u00f6hnhardt und Mundlos den t\u00fcrkischst\u00e4mmigen Kioskbesitzer am 4. April 2006. Die Zeugin habe bei der Vernehmung damals gesagt, die beiden h\u00e4tten &#8222;wie Junkies oder Nazis&#8220; ausgesehen.<\/p>\n<p>Ebenfalls geladen waren die Ehefrau und die Tochter des ermordeten Mehmet Kuba\u015f\u0131k, Elif und Gamze Kuba\u015f\u0131k. Beide sind Nebenkl\u00e4ger vor dem Oberlandesgericht M\u00fcnchen. Sie schilderten die Folgen des Mordes f\u00fcr die Familie und berichteten von den Verd\u00e4chtigungen, der t\u00fcrkischst\u00e4mmige Kioskbesitzer sei in Drogenhandel und Organisierte Kriminalit\u00e4t verstrickt gewesen. Es habe Tuscheleien und Anfeindungen gegeben. <em>(mit dpa)<\/em><\/p>\n<p dir=\"ltr\" id=\"docs-internal-guid--6178279-2948-c6ba-fd56-569e56f03059\"><em><a href=\"http:\/\/www.zeit.de\/gesellschaft\/zeitgeschehen\/2013-11\/nsu-prozess-kubasik\" target=\"_blank\">Hier<\/a> ein ausf\u00fchrlicher Prozessbericht von unserem Autor Tom Sundermann. Weitere Berichte \u00fcber den Verhandlungstag fassen wir morgen im<a href=\"https:\/\/blog.zeit.de\/nsu-prozess-blog\/category\/medienschau\/\"> NSU-Medienlog<\/a> zusammen.<br \/>\n<\/em><\/p>\n<p><em>\u00a0<\/em><\/p>\n<p>&nbsp;<\/p>\n","protected":false},"excerpt":{"rendered":"<p>Am heutigen Dienstag sagte eine Zeugin aus, die m\u00f6glicherweise Uwe Mundlos und Uwe B\u00f6hnhardt vor dem Mord an Mehmet Kuba\u015f\u0131k in Dortmund beobachtet hatte. Laut Anklage erschossen die Neonazi-Terroristen B\u00f6hnhardt und Mundlos den t\u00fcrkischst\u00e4mmigen Kioskbesitzer am 4. April 2006. Die Zeugin habe bei der Vernehmung damals gesagt, die beiden h\u00e4tten &#8222;wie Junkies oder Nazis&#8220; ausgesehen. [&hellip;]<\/p>\n","protected":false},"author":410,"featured_media":0,"comment_status":"open","ping_status":"open","sticky":false,"template":"","format":"standard","meta":{"_jetpack_memberships_contains_paid_content":false,"footnotes":""},"categories":[27532],"tags":[1538,29456,29455,29431,22860,22859],"class_list":["post-3998","post","type-post","status-publish","format-standard","hentry","category-prozesstage","tag-dortmund","tag-elif-kubasik","tag-gamze-kubasik","tag-mehmet-kubasik","tag-uwe-bohnhardt","tag-uwe-mundlos"],"yoast_head":"<!-- This site is optimized with the Yoast SEO plugin v21.0 - https:\/\/yoast.com\/wordpress\/plugins\/seo\/ -->\n<title>51. Prozesstag \u2013 Mordfall Mehmet Kuba\u015f\u0131k - Das NSU-Prozess-Blog<\/title>\n<meta name=\"robots\" content=\"index, follow, max-snippet:-1, max-image-preview:large, max-video-preview:-1\" \/>\n<link rel=\"canonical\" href=\"https:\/\/blog.zeit.de\/nsu-prozess-blog\/2013\/11\/05\/51-prozesstag-mordfall-mehmet-kubasik\/\" \/>\n<meta property=\"og:locale\" content=\"de_DE\" \/>\n<meta property=\"og:type\" content=\"article\" \/>\n<meta property=\"og:title\" content=\"51. Prozesstag \u2013 Mordfall Mehmet Kuba\u015f\u0131k - Das NSU-Prozess-Blog\" \/>\n<meta property=\"og:description\" content=\"Am heutigen Dienstag sagte eine Zeugin aus, die m\u00f6glicherweise Uwe Mundlos und Uwe B\u00f6hnhardt vor dem Mord an Mehmet Kuba\u015f\u0131k in Dortmund beobachtet hatte. Laut Anklage erschossen die Neonazi-Terroristen B\u00f6hnhardt und Mundlos den t\u00fcrkischst\u00e4mmigen Kioskbesitzer am 4. April 2006. Die Zeugin habe bei der Vernehmung damals gesagt, die beiden h\u00e4tten &#8222;wie Junkies oder Nazis&#8220; ausgesehen. [&hellip;]\" \/>\n<meta property=\"og:url\" content=\"https:\/\/blog.zeit.de\/nsu-prozess-blog\/2013\/11\/05\/51-prozesstag-mordfall-mehmet-kubasik\/\" \/>\n<meta property=\"og:site_name\" content=\"Das NSU-Prozess-Blog\" \/>\n<meta property=\"article:published_time\" content=\"2013-11-05T07:18:44+00:00\" \/>\n<meta property=\"article:modified_time\" content=\"2013-11-05T22:19:12+00:00\" \/>\n<meta property=\"og:image\" content=\"https:\/\/blog.zeit.de\/nsu-prozess-blog\/files\/2013\/11\/IMG_1745-41-580x84.jpg\" \/>\n<meta name=\"author\" content=\"Mirjam Schmitt\" \/>\n<meta name=\"twitter:label1\" content=\"Geschrieben von\" \/>\n\t<meta name=\"twitter:data1\" content=\"Mirjam Schmitt\" \/>\n\t<meta name=\"twitter:label2\" content=\"Gesch\u00e4tzte Lesezeit\" \/>\n\t<meta name=\"twitter:data2\" content=\"1\u00a0Minute\" \/>\n<script type=\"application\/ld+json\" class=\"yoast-schema-graph\">{\"@context\":\"https:\/\/schema.org\",\"@graph\":[{\"@type\":\"WebPage\",\"@id\":\"https:\/\/blog.zeit.de\/nsu-prozess-blog\/2013\/11\/05\/51-prozesstag-mordfall-mehmet-kubasik\/\",\"url\":\"https:\/\/blog.zeit.de\/nsu-prozess-blog\/2013\/11\/05\/51-prozesstag-mordfall-mehmet-kubasik\/\",\"name\":\"51. Prozesstag \u2013 Mordfall Mehmet Kuba\u015f\u0131k - Das NSU-Prozess-Blog\",\"isPartOf\":{\"@id\":\"https:\/\/blog.zeit.de\/nsu-prozess-blog\/#website\"},\"datePublished\":\"2013-11-05T07:18:44+00:00\",\"dateModified\":\"2013-11-05T22:19:12+00:00\",\"author\":{\"@id\":\"https:\/\/blog.zeit.de\/nsu-prozess-blog\/#\/schema\/person\/45acffb344ee326a2ebea3f5c0ad3ae8\"},\"breadcrumb\":{\"@id\":\"https:\/\/blog.zeit.de\/nsu-prozess-blog\/2013\/11\/05\/51-prozesstag-mordfall-mehmet-kubasik\/#breadcrumb\"},\"inLanguage\":\"de\",\"potentialAction\":[{\"@type\":\"ReadAction\",\"target\":[\"https:\/\/blog.zeit.de\/nsu-prozess-blog\/2013\/11\/05\/51-prozesstag-mordfall-mehmet-kubasik\/\"]}]},{\"@type\":\"BreadcrumbList\",\"@id\":\"https:\/\/blog.zeit.de\/nsu-prozess-blog\/2013\/11\/05\/51-prozesstag-mordfall-mehmet-kubasik\/#breadcrumb\",\"itemListElement\":[{\"@type\":\"ListItem\",\"position\":1,\"name\":\"Startseite\",\"item\":\"https:\/\/blog.zeit.de\/nsu-prozess-blog\/\"},{\"@type\":\"ListItem\",\"position\":2,\"name\":\"51. Prozesstag \u2013 Mordfall Mehmet Kuba\u015f\u0131k\"}]},{\"@type\":\"WebSite\",\"@id\":\"https:\/\/blog.zeit.de\/nsu-prozess-blog\/#website\",\"url\":\"https:\/\/blog.zeit.de\/nsu-prozess-blog\/\",\"name\":\"Das NSU-Prozess-Blog\",\"description\":\"Alle Berichte zum Terrorverfahren in M\u00fcnchen\",\"potentialAction\":[{\"@type\":\"SearchAction\",\"target\":{\"@type\":\"EntryPoint\",\"urlTemplate\":\"https:\/\/blog.zeit.de\/nsu-prozess-blog\/?s={search_term_string}\"},\"query-input\":\"required name=search_term_string\"}],\"inLanguage\":\"de\"},{\"@type\":\"Person\",\"@id\":\"https:\/\/blog.zeit.de\/nsu-prozess-blog\/#\/schema\/person\/45acffb344ee326a2ebea3f5c0ad3ae8\",\"name\":\"Mirjam Schmitt\",\"image\":{\"@type\":\"ImageObject\",\"inLanguage\":\"de\",\"@id\":\"https:\/\/blog.zeit.de\/nsu-prozess-blog\/#\/schema\/person\/image\/\",\"url\":\"https:\/\/secure.gravatar.com\/avatar\/21ea3e922b6404f0cab7bb919e2b401850e5cef2e7155dba6caa935b66c5688b?s=96&d=mm&r=g\",\"contentUrl\":\"https:\/\/secure.gravatar.com\/avatar\/21ea3e922b6404f0cab7bb919e2b401850e5cef2e7155dba6caa935b66c5688b?s=96&d=mm&r=g\",\"caption\":\"Mirjam Schmitt\"},\"url\":\"https:\/\/blog.zeit.de\/nsu-prozess-blog\/author\/mschmitt\/\"}]}<\/script>\n<!-- \/ Yoast SEO plugin. -->","yoast_head_json":{"title":"51. Prozesstag \u2013 Mordfall Mehmet Kuba\u015f\u0131k - Das NSU-Prozess-Blog","robots":{"index":"index","follow":"follow","max-snippet":"max-snippet:-1","max-image-preview":"max-image-preview:large","max-video-preview":"max-video-preview:-1"},"canonical":"https:\/\/blog.zeit.de\/nsu-prozess-blog\/2013\/11\/05\/51-prozesstag-mordfall-mehmet-kubasik\/","og_locale":"de_DE","og_type":"article","og_title":"51. Prozesstag \u2013 Mordfall Mehmet Kuba\u015f\u0131k - Das NSU-Prozess-Blog","og_description":"Am heutigen Dienstag sagte eine Zeugin aus, die m\u00f6glicherweise Uwe Mundlos und Uwe B\u00f6hnhardt vor dem Mord an Mehmet Kuba\u015f\u0131k in Dortmund beobachtet hatte. Laut Anklage erschossen die Neonazi-Terroristen B\u00f6hnhardt und Mundlos den t\u00fcrkischst\u00e4mmigen Kioskbesitzer am 4. April 2006. Die Zeugin habe bei der Vernehmung damals gesagt, die beiden h\u00e4tten &#8222;wie Junkies oder Nazis&#8220; ausgesehen. [&hellip;]","og_url":"https:\/\/blog.zeit.de\/nsu-prozess-blog\/2013\/11\/05\/51-prozesstag-mordfall-mehmet-kubasik\/","og_site_name":"Das NSU-Prozess-Blog","article_published_time":"2013-11-05T07:18:44+00:00","article_modified_time":"2013-11-05T22:19:12+00:00","og_image":[{"url":"https:\/\/blog.zeit.de\/nsu-prozess-blog\/files\/2013\/11\/IMG_1745-41-580x84.jpg"}],"author":"Mirjam Schmitt","twitter_misc":{"Geschrieben von":"Mirjam Schmitt","Gesch\u00e4tzte Lesezeit":"1\u00a0Minute"},"schema":{"@context":"https:\/\/schema.org","@graph":[{"@type":"WebPage","@id":"https:\/\/blog.zeit.de\/nsu-prozess-blog\/2013\/11\/05\/51-prozesstag-mordfall-mehmet-kubasik\/","url":"https:\/\/blog.zeit.de\/nsu-prozess-blog\/2013\/11\/05\/51-prozesstag-mordfall-mehmet-kubasik\/","name":"51. Prozesstag \u2013 Mordfall Mehmet Kuba\u015f\u0131k - Das NSU-Prozess-Blog","isPartOf":{"@id":"https:\/\/blog.zeit.de\/nsu-prozess-blog\/#website"},"datePublished":"2013-11-05T07:18:44+00:00","dateModified":"2013-11-05T22:19:12+00:00","author":{"@id":"https:\/\/blog.zeit.de\/nsu-prozess-blog\/#\/schema\/person\/45acffb344ee326a2ebea3f5c0ad3ae8"},"breadcrumb":{"@id":"https:\/\/blog.zeit.de\/nsu-prozess-blog\/2013\/11\/05\/51-prozesstag-mordfall-mehmet-kubasik\/#breadcrumb"},"inLanguage":"de","potentialAction":[{"@type":"ReadAction","target":["https:\/\/blog.zeit.de\/nsu-prozess-blog\/2013\/11\/05\/51-prozesstag-mordfall-mehmet-kubasik\/"]}]},{"@type":"BreadcrumbList","@id":"https:\/\/blog.zeit.de\/nsu-prozess-blog\/2013\/11\/05\/51-prozesstag-mordfall-mehmet-kubasik\/#breadcrumb","itemListElement":[{"@type":"ListItem","position":1,"name":"Startseite","item":"https:\/\/blog.zeit.de\/nsu-prozess-blog\/"},{"@type":"ListItem","position":2,"name":"51. Prozesstag \u2013 Mordfall Mehmet Kuba\u015f\u0131k"}]},{"@type":"WebSite","@id":"https:\/\/blog.zeit.de\/nsu-prozess-blog\/#website","url":"https:\/\/blog.zeit.de\/nsu-prozess-blog\/","name":"Das NSU-Prozess-Blog","description":"Alle Berichte zum Terrorverfahren in M\u00fcnchen","potentialAction":[{"@type":"SearchAction","target":{"@type":"EntryPoint","urlTemplate":"https:\/\/blog.zeit.de\/nsu-prozess-blog\/?s={search_term_string}"},"query-input":"required name=search_term_string"}],"inLanguage":"de"},{"@type":"Person","@id":"https:\/\/blog.zeit.de\/nsu-prozess-blog\/#\/schema\/person\/45acffb344ee326a2ebea3f5c0ad3ae8","name":"Mirjam Schmitt","image":{"@type":"ImageObject","inLanguage":"de","@id":"https:\/\/blog.zeit.de\/nsu-prozess-blog\/#\/schema\/person\/image\/","url":"https:\/\/secure.gravatar.com\/avatar\/21ea3e922b6404f0cab7bb919e2b401850e5cef2e7155dba6caa935b66c5688b?s=96&d=mm&r=g","contentUrl":"https:\/\/secure.gravatar.com\/avatar\/21ea3e922b6404f0cab7bb919e2b401850e5cef2e7155dba6caa935b66c5688b?s=96&d=mm&r=g","caption":"Mirjam Schmitt"},"url":"https:\/\/blog.zeit.de\/nsu-prozess-blog\/author\/mschmitt\/"}]}},"jetpack_featured_media_url":"","jetpack_sharing_enabled":true,"_links":{"self":[{"href":"https:\/\/blog.zeit.de\/nsu-prozess-blog\/wp-json\/wp\/v2\/posts\/3998","targetHints":{"allow":["GET"]}}],"collection":[{"href":"https:\/\/blog.zeit.de\/nsu-prozess-blog\/wp-json\/wp\/v2\/posts"}],"about":[{"href":"https:\/\/blog.zeit.de\/nsu-prozess-blog\/wp-json\/wp\/v2\/types\/post"}],"author":[{"embeddable":true,"href":"https:\/\/blog.zeit.de\/nsu-prozess-blog\/wp-json\/wp\/v2\/users\/410"}],"replies":[{"embeddable":true,"href":"https:\/\/blog.zeit.de\/nsu-prozess-blog\/wp-json\/wp\/v2\/comments?post=3998"}],"version-history":[{"count":14,"href":"https:\/\/blog.zeit.de\/nsu-prozess-blog\/wp-json\/wp\/v2\/posts\/3998\/revisions"}],"predecessor-version":[{"id":4035,"href":"https:\/\/blog.zeit.de\/nsu-prozess-blog\/wp-json\/wp\/v2\/posts\/3998\/revisions\/4035"}],"wp:attachment":[{"href":"https:\/\/blog.zeit.de\/nsu-prozess-blog\/wp-json\/wp\/v2\/media?parent=3998"}],"wp:term":[{"taxonomy":"category","embeddable":true,"href":"https:\/\/blog.zeit.de\/nsu-prozess-blog\/wp-json\/wp\/v2\/categories?post=3998"},{"taxonomy":"post_tag","embeddable":true,"href":"https:\/\/blog.zeit.de\/nsu-prozess-blog\/wp-json\/wp\/v2\/tags?post=3998"}],"curies":[{"name":"wp","href":"https:\/\/api.w.org\/{rel}","templated":true}]}}