{"id":4232,"date":"2013-11-13T08:28:58","date_gmt":"2013-11-13T07:28:58","guid":{"rendered":"http:\/\/blog.zeit.de\/nsu-prozess-blog\/?p=4232"},"modified":"2013-11-13T08:28:58","modified_gmt":"2013-11-13T07:28:58","slug":"friseurin-aussage-dokumente","status":"publish","type":"post","link":"https:\/\/blog.zeit.de\/nsu-prozess-blog\/2013\/11\/13\/friseurin-aussage-dokumente\/","title":{"rendered":"Die Zeugin wei\u00df von nichts \u2013 das Medienlog vom Mittwoch, 13. November 2013"},"content":{"rendered":"<p>Die Aussage der Zeugin Silvia S. am 54.Verhandlungstag beschrieben die Medien als z\u00e4h. S. hatte Holger G. unter anderem ihre Krankenkassenkarte \u00fcberlassen, die Beate Zsch\u00e4pe im Untergrund nutzte. &#8222;Silvia S. pr\u00e4sentiert sich als naives Unschuldslamm&#8220;, schreiben Annette Ramelsberger und Tanjev Schultz in der <a href=\"http:\/\/www.sueddeutsche.de\/politik\/nsu-prozess-das-patzige-schweigen-der-silvia-s-1.1817044\" target=\"_blank\"><em>S\u00fcddeutschen Zeitung<\/em><\/a> \u00fcber die Aussage der Zeugin vor Gericht.<\/p>\n<p><!--more--><\/p>\n<p><em>An jedem Werktag sichten wir f\u00fcr das NSU-Prozess-Blog die Medien und stellen wichtige Berichte, Blogs, Videos und Tweets zusammen. Wir freuen uns \u00fcber Hinweise via Twitter mit dem Hashtag #nsublog \u2013 oder per E-Mail an <a href=\"mailto:nsublog@zeit.de\">nsublog@zeit.de<\/a><\/em><\/p>\n<p>&#8222;Kann ein Mensch so naiv sein?&#8220;, fragt auch Ann-Kathrin Gerke im <a href=\"http:\/\/www.merkur-online.de\/aktuelles\/politik\/zeugin-nachfragte-3217078.html\" target=\"_blank\"><em>M\u00fcnchner Merkur<\/em><\/a> und beschreibt S. als <strong>eine Frau, die keine Fragen stellt<\/strong>. &#8222;Nicht \u00fcber die politischen Ansichten ihrer Bekannten (\u201ePolitik interessiert mich nicht\u201c), nicht \u00fcber die Neonazi-Vergangenheit ihres Mannes (\u201eWarum auch?\u201c). Und auch nicht \u00fcber das seltsame Angebot, das ihr Bekannter Holger G. ihr im Jahr 2005 machte: 300 Euro bot er der Fris\u00f6rin f\u00fcr ihre Krankenkassenkarte.&#8220; Die Zeugin habe vor Gericht beteuert, das es wirklich &#8222;ihre Wahrheit&#8220; sei, die sie erz\u00e4hle. Ob es auch die tats\u00e4chliche Wahrheit sei, bleibe zweifelhaft, kommentiert die Autorin.<\/p>\n<p>Nichts sehen, nichts h\u00f6ren, nichts sagen oder wissen, die Aussage erinnere an die sprichw\u00f6rtlichen drei Affen, kommentieren Mikdat Karaalio\u011flu und Rahmi Turan in der t\u00fcrkischsprachigen <a href=\"http:\/\/www.sabah.de\/uc-maymunu-oynadilar.html\" target=\"_blank\"><em>Sabah<\/em><\/a>.<\/p>\n<p>Auf Marcel F\u00fcrstenau von der <a href=\"http:\/\/www.dw.de\/nsu-prozess-zsch%C3%A4pe-und-die-krankenkassenkarte\/a-17221476\" target=\"_blank\">Deutschen Welle<\/a> wirkt die Silvia S. oft unkonzentriert. S. habe auch einger\u00e4umt, dass ihr Mann &#8222;wahrscheinlich&#8220; in der <strong>Skinhead Szene<\/strong> gewesen sei. Mehr k\u00f6nne sie dazu aber nicht sagen.<\/p>\n<p>&#8222;Es wird bei der Vernehmung der Zeugin nicht ganz klar, ob sie die Fragen des Richters tats\u00e4chlich nicht versteht oder einfach nicht verstehen will&#8220;, kommentiert Gisela Friedrichsen auf <a href=\"http:\/\/www.spiegel.de\/panorama\/justiz\/nsu-prozess-wortkarge-zeugin-silvia-s-sorgt-fuer-geduldsprobe-a-933239.html\" target=\"_blank\"><em>Spiegel Online<\/em><\/a>. Vielleicht falle es S. aber auch nur schwer zuzugeben, dass sie B\u00f6hnhardt, Mundlos und Zsch\u00e4pe geholfen hat ein normales Leben zu f\u00fchren. Das Res\u00fcmee der Autorin: Die Befragung habe den Prozess nicht vorangebracht.<\/p>\n<p>&#8222;S. ist <strong>keine Unbeteiligte<\/strong>, die durch Zufall in das Verfahren hineingezogen wurde. Sie hat sich hineinziehen lassen, als sie die Krankenkassenkarte ihrem Bekannten Holger G. f\u00fcr 300 Euro verkaufte&#8220;, stellt Tom Sundermann auf <a href=\"http:\/\/www.zeit.de\/gesellschaft\/zeitgeschehen\/2013-11\/nsu-gefallen-krankenkassenkarte\" target=\"_blank\">ZEIT ONLINE<\/a> fest. Auch er schreibt, dass in der Vernehmung nicht klar geworden sei, ob S. wirklich unkritisch sei oder ihre Tat herunterspiele. Der Verdacht gegen die Zeugin wiege schwer: &#8222;Akzeptierte sie das ungew\u00f6hnliche Angebot von Holger G., weil sie mit der rechten Szene sympathisierte?&#8220;, fragt Sundermann.<\/p>\n<p>Immer wieder w\u00fcrden im NSU-Prozess Zeugen aussagen, die behaupten, sich nicht gewundert und nichts hinterfragt zu haben, schreibt Linda Wurster auf <a href=\"http:\/\/www.focus.de\/politik\/deutschland\/tid-34641\/gaehnende-leere-im-kopf-zeugin-im-nsu-prozess-ich-habe-nur-das-geld-gesehen_aid_1156569.html\" target=\"_blank\"><em>Focus Online<\/em><\/a>. Der Mitangeklagte Carsten S. etwa, habe sich nicht gefragt, wof\u00fcr die Waffe verwendet werden soll, die er besorgen sollte. Die Zeugin Silvia S. treibe dieses Spiel (des Nicht-Sagens) nach Ansicht der Autorin auf die Spitze. Sie kommentiert: &#8222;Was Silvia S. an diesem 54. Verhandlungstag vor Gericht macht, schrammt haarscharf an einer <strong>Aussageverweigerung<\/strong> vorbei.&#8220;<\/p>\n<p>Eigentlich sollte Uwe B\u00f6hnhardts Mutter am 54. Verhandlungstag aussagen. Die Vernehmung wurde auf den 19. November verschoben.<\/p>\n<p>Keine Berichte in englischsprachigen Onlinemedien.<\/p>\n<p><em>Das n\u00e4chste Medienlog erscheint am Donnerstag, 15. November 2013.<\/em><\/p>\n<p>&nbsp;<\/p>\n","protected":false},"excerpt":{"rendered":"<p>Die Aussage der Zeugin Silvia S. am 54.Verhandlungstag beschrieben die Medien als z\u00e4h. S. hatte Holger G. unter anderem ihre Krankenkassenkarte \u00fcberlassen, die Beate Zsch\u00e4pe im Untergrund nutzte. &#8222;Silvia S. pr\u00e4sentiert sich als naives Unschuldslamm&#8220;, schreiben Annette Ramelsberger und Tanjev Schultz in der S\u00fcddeutschen Zeitung \u00fcber die Aussage der Zeugin vor Gericht.<\/p>\n","protected":false},"author":410,"featured_media":0,"comment_status":"open","ping_status":"open","sticky":false,"template":"","format":"standard","meta":{"_jetpack_memberships_contains_paid_content":false,"footnotes":""},"categories":[27531],"tags":[17793,29460,22860,22859],"class_list":["post-4232","post","type-post","status-publish","format-standard","hentry","category-medienschau","tag-beate-zschape","tag-silivia-s","tag-uwe-bohnhardt","tag-uwe-mundlos"],"yoast_head":"<!-- This site is optimized with the Yoast SEO plugin v21.0 - https:\/\/yoast.com\/wordpress\/plugins\/seo\/ -->\n<title>Die Zeugin wei\u00df von nichts \u2013 das Medienlog vom Mittwoch, 13. November 2013 - Das NSU-Prozess-Blog<\/title>\n<meta name=\"robots\" content=\"index, follow, max-snippet:-1, max-image-preview:large, max-video-preview:-1\" \/>\n<link rel=\"canonical\" href=\"https:\/\/blog.zeit.de\/nsu-prozess-blog\/2013\/11\/13\/friseurin-aussage-dokumente\/\" \/>\n<meta property=\"og:locale\" content=\"de_DE\" \/>\n<meta property=\"og:type\" content=\"article\" \/>\n<meta property=\"og:title\" content=\"Die Zeugin wei\u00df von nichts \u2013 das Medienlog vom Mittwoch, 13. November 2013 - Das NSU-Prozess-Blog\" \/>\n<meta property=\"og:description\" content=\"Die Aussage der Zeugin Silvia S. am 54.Verhandlungstag beschrieben die Medien als z\u00e4h. S. hatte Holger G. unter anderem ihre Krankenkassenkarte \u00fcberlassen, die Beate Zsch\u00e4pe im Untergrund nutzte. &#8222;Silvia S. pr\u00e4sentiert sich als naives Unschuldslamm&#8220;, schreiben Annette Ramelsberger und Tanjev Schultz in der S\u00fcddeutschen Zeitung \u00fcber die Aussage der Zeugin vor Gericht.\" \/>\n<meta property=\"og:url\" content=\"https:\/\/blog.zeit.de\/nsu-prozess-blog\/2013\/11\/13\/friseurin-aussage-dokumente\/\" \/>\n<meta property=\"og:site_name\" content=\"Das NSU-Prozess-Blog\" \/>\n<meta property=\"article:published_time\" content=\"2013-11-13T07:28:58+00:00\" \/>\n<meta name=\"author\" content=\"Mirjam Schmitt\" \/>\n<meta name=\"twitter:label1\" content=\"Geschrieben von\" \/>\n\t<meta name=\"twitter:data1\" content=\"Mirjam Schmitt\" \/>\n\t<meta name=\"twitter:label2\" content=\"Gesch\u00e4tzte Lesezeit\" \/>\n\t<meta name=\"twitter:data2\" content=\"3\u00a0Minuten\" \/>\n<script type=\"application\/ld+json\" class=\"yoast-schema-graph\">{\"@context\":\"https:\/\/schema.org\",\"@graph\":[{\"@type\":\"WebPage\",\"@id\":\"https:\/\/blog.zeit.de\/nsu-prozess-blog\/2013\/11\/13\/friseurin-aussage-dokumente\/\",\"url\":\"https:\/\/blog.zeit.de\/nsu-prozess-blog\/2013\/11\/13\/friseurin-aussage-dokumente\/\",\"name\":\"Die Zeugin wei\u00df von nichts \u2013 das Medienlog vom Mittwoch, 13. November 2013 - Das NSU-Prozess-Blog\",\"isPartOf\":{\"@id\":\"https:\/\/blog.zeit.de\/nsu-prozess-blog\/#website\"},\"datePublished\":\"2013-11-13T07:28:58+00:00\",\"dateModified\":\"2013-11-13T07:28:58+00:00\",\"author\":{\"@id\":\"https:\/\/blog.zeit.de\/nsu-prozess-blog\/#\/schema\/person\/45acffb344ee326a2ebea3f5c0ad3ae8\"},\"breadcrumb\":{\"@id\":\"https:\/\/blog.zeit.de\/nsu-prozess-blog\/2013\/11\/13\/friseurin-aussage-dokumente\/#breadcrumb\"},\"inLanguage\":\"de\",\"potentialAction\":[{\"@type\":\"ReadAction\",\"target\":[\"https:\/\/blog.zeit.de\/nsu-prozess-blog\/2013\/11\/13\/friseurin-aussage-dokumente\/\"]}]},{\"@type\":\"BreadcrumbList\",\"@id\":\"https:\/\/blog.zeit.de\/nsu-prozess-blog\/2013\/11\/13\/friseurin-aussage-dokumente\/#breadcrumb\",\"itemListElement\":[{\"@type\":\"ListItem\",\"position\":1,\"name\":\"Startseite\",\"item\":\"https:\/\/blog.zeit.de\/nsu-prozess-blog\/\"},{\"@type\":\"ListItem\",\"position\":2,\"name\":\"Die Zeugin wei\u00df von nichts \u2013 das Medienlog vom Mittwoch, 13. November 2013\"}]},{\"@type\":\"WebSite\",\"@id\":\"https:\/\/blog.zeit.de\/nsu-prozess-blog\/#website\",\"url\":\"https:\/\/blog.zeit.de\/nsu-prozess-blog\/\",\"name\":\"Das NSU-Prozess-Blog\",\"description\":\"Alle Berichte zum Terrorverfahren in M\u00fcnchen\",\"potentialAction\":[{\"@type\":\"SearchAction\",\"target\":{\"@type\":\"EntryPoint\",\"urlTemplate\":\"https:\/\/blog.zeit.de\/nsu-prozess-blog\/?s={search_term_string}\"},\"query-input\":\"required name=search_term_string\"}],\"inLanguage\":\"de\"},{\"@type\":\"Person\",\"@id\":\"https:\/\/blog.zeit.de\/nsu-prozess-blog\/#\/schema\/person\/45acffb344ee326a2ebea3f5c0ad3ae8\",\"name\":\"Mirjam Schmitt\",\"image\":{\"@type\":\"ImageObject\",\"inLanguage\":\"de\",\"@id\":\"https:\/\/blog.zeit.de\/nsu-prozess-blog\/#\/schema\/person\/image\/\",\"url\":\"https:\/\/secure.gravatar.com\/avatar\/21ea3e922b6404f0cab7bb919e2b401850e5cef2e7155dba6caa935b66c5688b?s=96&d=mm&r=g\",\"contentUrl\":\"https:\/\/secure.gravatar.com\/avatar\/21ea3e922b6404f0cab7bb919e2b401850e5cef2e7155dba6caa935b66c5688b?s=96&d=mm&r=g\",\"caption\":\"Mirjam Schmitt\"},\"url\":\"https:\/\/blog.zeit.de\/nsu-prozess-blog\/author\/mschmitt\/\"}]}<\/script>\n<!-- \/ Yoast SEO plugin. -->","yoast_head_json":{"title":"Die Zeugin wei\u00df von nichts \u2013 das Medienlog vom Mittwoch, 13. November 2013 - Das NSU-Prozess-Blog","robots":{"index":"index","follow":"follow","max-snippet":"max-snippet:-1","max-image-preview":"max-image-preview:large","max-video-preview":"max-video-preview:-1"},"canonical":"https:\/\/blog.zeit.de\/nsu-prozess-blog\/2013\/11\/13\/friseurin-aussage-dokumente\/","og_locale":"de_DE","og_type":"article","og_title":"Die Zeugin wei\u00df von nichts \u2013 das Medienlog vom Mittwoch, 13. November 2013 - Das NSU-Prozess-Blog","og_description":"Die Aussage der Zeugin Silvia S. am 54.Verhandlungstag beschrieben die Medien als z\u00e4h. S. hatte Holger G. unter anderem ihre Krankenkassenkarte \u00fcberlassen, die Beate Zsch\u00e4pe im Untergrund nutzte. &#8222;Silvia S. pr\u00e4sentiert sich als naives Unschuldslamm&#8220;, schreiben Annette Ramelsberger und Tanjev Schultz in der S\u00fcddeutschen Zeitung \u00fcber die Aussage der Zeugin vor Gericht.","og_url":"https:\/\/blog.zeit.de\/nsu-prozess-blog\/2013\/11\/13\/friseurin-aussage-dokumente\/","og_site_name":"Das NSU-Prozess-Blog","article_published_time":"2013-11-13T07:28:58+00:00","author":"Mirjam Schmitt","twitter_misc":{"Geschrieben von":"Mirjam Schmitt","Gesch\u00e4tzte Lesezeit":"3\u00a0Minuten"},"schema":{"@context":"https:\/\/schema.org","@graph":[{"@type":"WebPage","@id":"https:\/\/blog.zeit.de\/nsu-prozess-blog\/2013\/11\/13\/friseurin-aussage-dokumente\/","url":"https:\/\/blog.zeit.de\/nsu-prozess-blog\/2013\/11\/13\/friseurin-aussage-dokumente\/","name":"Die Zeugin wei\u00df von nichts \u2013 das Medienlog vom Mittwoch, 13. November 2013 - Das NSU-Prozess-Blog","isPartOf":{"@id":"https:\/\/blog.zeit.de\/nsu-prozess-blog\/#website"},"datePublished":"2013-11-13T07:28:58+00:00","dateModified":"2013-11-13T07:28:58+00:00","author":{"@id":"https:\/\/blog.zeit.de\/nsu-prozess-blog\/#\/schema\/person\/45acffb344ee326a2ebea3f5c0ad3ae8"},"breadcrumb":{"@id":"https:\/\/blog.zeit.de\/nsu-prozess-blog\/2013\/11\/13\/friseurin-aussage-dokumente\/#breadcrumb"},"inLanguage":"de","potentialAction":[{"@type":"ReadAction","target":["https:\/\/blog.zeit.de\/nsu-prozess-blog\/2013\/11\/13\/friseurin-aussage-dokumente\/"]}]},{"@type":"BreadcrumbList","@id":"https:\/\/blog.zeit.de\/nsu-prozess-blog\/2013\/11\/13\/friseurin-aussage-dokumente\/#breadcrumb","itemListElement":[{"@type":"ListItem","position":1,"name":"Startseite","item":"https:\/\/blog.zeit.de\/nsu-prozess-blog\/"},{"@type":"ListItem","position":2,"name":"Die Zeugin wei\u00df von nichts \u2013 das Medienlog vom Mittwoch, 13. November 2013"}]},{"@type":"WebSite","@id":"https:\/\/blog.zeit.de\/nsu-prozess-blog\/#website","url":"https:\/\/blog.zeit.de\/nsu-prozess-blog\/","name":"Das NSU-Prozess-Blog","description":"Alle Berichte zum Terrorverfahren in M\u00fcnchen","potentialAction":[{"@type":"SearchAction","target":{"@type":"EntryPoint","urlTemplate":"https:\/\/blog.zeit.de\/nsu-prozess-blog\/?s={search_term_string}"},"query-input":"required name=search_term_string"}],"inLanguage":"de"},{"@type":"Person","@id":"https:\/\/blog.zeit.de\/nsu-prozess-blog\/#\/schema\/person\/45acffb344ee326a2ebea3f5c0ad3ae8","name":"Mirjam Schmitt","image":{"@type":"ImageObject","inLanguage":"de","@id":"https:\/\/blog.zeit.de\/nsu-prozess-blog\/#\/schema\/person\/image\/","url":"https:\/\/secure.gravatar.com\/avatar\/21ea3e922b6404f0cab7bb919e2b401850e5cef2e7155dba6caa935b66c5688b?s=96&d=mm&r=g","contentUrl":"https:\/\/secure.gravatar.com\/avatar\/21ea3e922b6404f0cab7bb919e2b401850e5cef2e7155dba6caa935b66c5688b?s=96&d=mm&r=g","caption":"Mirjam Schmitt"},"url":"https:\/\/blog.zeit.de\/nsu-prozess-blog\/author\/mschmitt\/"}]}},"jetpack_featured_media_url":"","jetpack_sharing_enabled":true,"_links":{"self":[{"href":"https:\/\/blog.zeit.de\/nsu-prozess-blog\/wp-json\/wp\/v2\/posts\/4232","targetHints":{"allow":["GET"]}}],"collection":[{"href":"https:\/\/blog.zeit.de\/nsu-prozess-blog\/wp-json\/wp\/v2\/posts"}],"about":[{"href":"https:\/\/blog.zeit.de\/nsu-prozess-blog\/wp-json\/wp\/v2\/types\/post"}],"author":[{"embeddable":true,"href":"https:\/\/blog.zeit.de\/nsu-prozess-blog\/wp-json\/wp\/v2\/users\/410"}],"replies":[{"embeddable":true,"href":"https:\/\/blog.zeit.de\/nsu-prozess-blog\/wp-json\/wp\/v2\/comments?post=4232"}],"version-history":[{"count":27,"href":"https:\/\/blog.zeit.de\/nsu-prozess-blog\/wp-json\/wp\/v2\/posts\/4232\/revisions"}],"predecessor-version":[{"id":4262,"href":"https:\/\/blog.zeit.de\/nsu-prozess-blog\/wp-json\/wp\/v2\/posts\/4232\/revisions\/4262"}],"wp:attachment":[{"href":"https:\/\/blog.zeit.de\/nsu-prozess-blog\/wp-json\/wp\/v2\/media?parent=4232"}],"wp:term":[{"taxonomy":"category","embeddable":true,"href":"https:\/\/blog.zeit.de\/nsu-prozess-blog\/wp-json\/wp\/v2\/categories?post=4232"},{"taxonomy":"post_tag","embeddable":true,"href":"https:\/\/blog.zeit.de\/nsu-prozess-blog\/wp-json\/wp\/v2\/tags?post=4232"}],"curies":[{"name":"wp","href":"https:\/\/api.w.org\/{rel}","templated":true}]}}