{"id":4263,"date":"2013-11-14T09:02:16","date_gmt":"2013-11-14T08:02:16","guid":{"rendered":"http:\/\/blog.zeit.de\/nsu-prozess-blog\/?p=4263"},"modified":"2013-11-14T18:12:32","modified_gmt":"2013-11-14T17:12:32","slug":"zeugenaussage-verschoben","status":"publish","type":"post","link":"https:\/\/blog.zeit.de\/nsu-prozess-blog\/2013\/11\/14\/zeugenaussage-verschoben\/","title":{"rendered":"Das Taktieren der Verteidiger \u2013\u00a0das Medienlog vom Donnerstag, 14. November 2013"},"content":{"rendered":"<p>Die Berichterstattung \u00fcber den 55. Verhandlungstag drehte sich vor allem um den Zeugen Andreas S. \u2013 der im Endeffekt nicht aussagte, weil er f\u00fcrchtete, sich selbst zu belasten. Nach Meinung der meisten Prozessbeobachter wollte der Verteidiger Ralf Wohllebens, Olaf Klemke, die Aussage des Zeugen verhindern.<\/p>\n<p><!--more--><\/p>\n<p><em>An jedem Werktag sichten wir f\u00fcr das NSU-Prozess-Blog die Medien und stellen wichtige Berichte, Blogs, Videos und Tweets zusammen. Wir freuen uns \u00fcber Hinweise via Twitter mit dem Hashtag #nsublog \u2013 oder per E-Mail an <a href=\"mailto:nsublog@zeit.de\">nsublog@zeit.de<\/a><\/em><\/p>\n<p>&#8222;Aus Sicht der Bundesanwaltschaft kann Andreas S. nicht vorgehalten werden, an der Mordserie mitschuldig zu sein, da dem Zeugen keine Kenntnis der Pl\u00e4ne des NSU nachzuweisen ist&#8220;, schreibt Frank Jansen im <a href=\"http:\/\/www.tagesspiegel.de\/politik\/nsu-prozess-geraet-ins-stocken-tritt-auf-die-bremse\/9069658.html\" target=\"_blank\"><em>Tagesspiegel<\/em><\/a>. Das habe der Verteidiger Wohllebens\u00a0 anders gesehen und gefordert, Richter G\u00f6tzl m\u00fcsse den Zeugen auf sein <strong>Recht auf Verweigerung<\/strong> der kompletten Aussage hinweisen und ihm zudem anbieten, sich einen Anwalt als Beistand zu nehmen. Das Ergebnis: &#8222;Nach l\u00e4ngerer Beratung mit den anderen Richtern belehrte G\u00f6tzl entsprechend Andreas S., der prompt ank\u00fcndigte, sich einen Anwalt als Zeugenbeistand suchen zu wollen.&#8220; Jansen kommentiert: &#8222;Klemkes Engagement ist offenbar nicht nur reine Menschenfreundlichkeit. Andreas S. hat gegen\u00fcber der Polizei Klemkes Mandanten Wohlleben belastet. Der soll die Beschaffung der Waffe eingef\u00e4delt haben.&#8220;<\/p>\n<p>Dieser Meinung ist auch Gisela Friedrichsen von <a href=\"http:\/\/www.spiegel.de\/panorama\/justiz\/nsu-prozess-phase-der-neuorientierung-a-933425.html\" target=\"_blank\"><em>Spiegel Online,<\/em><\/a> die schreibt, Klemke habe Wohlleben vor einer eventuell belastenden Zeugenaussage sch\u00fctzen wollen. Dass er es geschafft hat, die Zeugenaussage zu verhindern, sei eine <strong>&#8222;kleine juristische Sensation&#8220;<\/strong>. Klemke beherrsche die Strafprozessordnung und stelle das bei jeder Gelegenheit fast lustvoll zur Schau.<\/p>\n<p>Von einem Duell der Anw\u00e4lte schreibt die t\u00fcrkischsprachige <a href=\"http:\/\/www.sabah.de\/mahkemede-temme-duellosu.html\" target=\"_blank\"><em>Sabah<\/em><\/a>. Die Anw\u00e4lte h\u00e4tten die Aufnahme der Akten \u00fcber den ehemaligen Verfassungssch\u00fctzer Andreas T. in den Prozess beantragt, dem Zeugen geraten, sich eine Rechtsberatung zu nehmen, und gefordert, dass ein Gutachten des Magazins <em>Stern<\/em> als Beweismittel zugelassen wird.<\/p>\n<p><strong>&#8222;Im NSU-Prozess ist gerade der Wurm drin&#8220;<\/strong>, kommentiert Hannelore Crolly von der <a href=\"http:\/\/www.welt.de\/politik\/deutschland\/article121866325\/NSU-Zeugen-treiben-das-Gericht-in-den-Wahnsinn.html\" target=\"_blank\"><em>Welt<\/em><\/a> und vermutet: &#8222;Es scheint: Je n\u00e4her die befragten Zeugen jener Welt stehen, die den NSU hervorgebracht und vermutlich unterst\u00fctzt hat, desto schlechter sind Ged\u00e4chtnis und Beobachtungsverm\u00f6gen.&#8220; Allein zum Wochenauftakt habe G\u00f6tzl vier von acht Zeugen wieder heimgeschickt, weil sich andere Befragungen in die L\u00e4nge gezogen h\u00e4tten, schreibt Crolly.<\/p>\n<p>Ebenso sieht das Tom Sundermann von <a href=\"http:\/\/www.zeit.de\/politik\/deutschland\/2013-11\/nsu-prozess-zeuge\" target=\"_blank\">ZEIT ONLINE<\/a>: &#8222;Vor Gericht beginnt die Zeit der Zeugen, die sich wom\u00f6glich selbst die Finger schmutzig gemacht haben&#8220;, schreibt er. Je n\u00e4her einer der fr\u00fcheren Kameraden dem <strong>Umfeld von Zsch\u00e4pe und Mundlos<\/strong> sei, desto weniger verrate er im Gerichtssaal. Sundermann kritisiert das Gericht: Dass die Aussage von S. verschoben werden musste, liege auch daran, dass das Gericht &#8222;nicht sonderlich klug&#8220; geplant habe. &#8222;Dass ein Schl\u00fcsselzeuge wie Sch. (S.) einen Beistand brauchen wird, damit war zu rechnen.&#8220;<\/p>\n<p>\u00c4hnlich die Bewertung von Karin Truscheit in der <a href=\"http:\/\/www.faz.net\/aktuell\/politik\/nsu-prozess\/nsu-prozess-ziel-erreicht-der-zeuge-schweigt-12663124.html\" target=\"_blank\"><em>Frankfurter Allgemeinen Zeitung<\/em><\/a>, die die letzten Verhandlungstage zusammenfasst: Die Aussagebereitschaft lasse naturgem\u00e4\u00df nach, weil die Zeugen thematisch den Anklagepunkten Waffenlieferung und Unterst\u00fctzung des NSU zuzuordnen seien. Daher sei es nicht ungew\u00f6hnlich, dass der Prozess nun ins Stocken gerate.<\/p>\n<p>Tanjev Schultz von der <a href=\"http:\/\/www.sueddeutsche.de\/politik\/nsu-prozess-anwaelte-wollen-rolle-von-verfassungsschuetzer-klaeren-1.1817620\" target=\"_blank\"><em>S\u00fcddeutschen Zeitung<\/em><\/a> konzentriert sich auf die Beweisantr\u00e4ge, die einige Nebenkl\u00e4ger gestellt haben. Sie wollen s\u00e4mtliche Akten zum <strong>ehemaligen Verfassungssch\u00fctzer Andreas T.<\/strong> f\u00fcr das NSU-Verfahren einbeziehen, um T.s Rolle zu kl\u00e4ren. Das Gericht habe die Einbeziehung der Akten vor Kurzem abgelehnt, doch damit h\u00e4tten sich die Anw\u00e4lte nicht zufrieden gegeben.<\/p>\n<p>Julia J\u00fcttner von <a href=\"http:\/\/www.spiegel.de\/panorama\/justiz\/nsu-prozess-neonazi-frank-l-der-mann-im-hintergrund-a-933188.html\" target=\"_blank\"><em>Spiegel Online<\/em><\/a> widmet sich in einem Hintergrundartikel dem Zeugen Frank L., der den rechten <strong>Szeneladen Madley<\/strong> in Jena betrieben hat. \u00dcber seinen Ladentisch soll die Mordwaffe gegangen sein, und L. sagte vergangene Woche als Zeuge vor Gericht aus. Er gab jedoch an, sich an viele Dinge nicht erinnern zu k\u00f6nnen (<a href=\"https:\/\/blog.zeit.de\/nsu-prozess-blog\/2013\/11\/08\/mordwaffe-befragung-zeuge-jena\/\" target=\"_blank\">Medienlog vom 8. November<\/a>). J\u00fcttner schl\u00fcsselt auf, wie fest L. in der rechten Szene verwurzelt war. Unter anderem sei er Anh\u00e4nger der Skinheadgruppe Hatebrothers gewesen, die einen engen Kontakt zur Blood-&amp;-Honour-Szene gepflegt haben soll. Au\u00dferdem sei er in den neunziger Jahren bei einer Kreuzverbrennung in O\u00dfmaritz dabei gewesen. Bei dieser Veranstaltung wurde die Reichsflagge gehisst und der Hitlergru\u00df gezeigt. Ebenfalls anwesend: Uwe B\u00f6hnhardt, Ralf Wohlleben und Holger G.<\/p>\n<p>Zum Gutachten, das der <a href=\"http:\/\/www.stern.de\/politik\/deutschland\/nsu-morde-zschaepes-grosser-fehler-2070848.html\" target=\"_blank\"><em>Stern<\/em> <\/a>anfertigen lie\u00df, schreiben die Autoren Wigbert N\u00f6er und Nina Plonka: &#8222;Die beiden Wissenschaftler analysierten unabh\u00e4ngig voneinander Sprache, Stil und charakteristische Fehler im Manifest und in Briefen von Beate Zsch\u00e4pe und Uwe Mundlos.&#8220; Das Ergebnis: Zsch\u00e4pe habe mit &#8222;hoher Wahrscheinlichkeit&#8220; als Koautorin am NSU-Manifest mitgewirkt. Unter anderem spr\u00e4chen daf\u00fcr individuelle Fehler in der Orthographie sowie Auff\u00e4lligkeiten in Sprache und Stil.<\/p>\n<p>Keine Berichte in englischsprachigen Onlinemedien.<\/p>\n<p><em>\u00a0Das n\u00e4chste Medienlog erscheint am Freitag,\u00a0 den 15. November 2013.<\/em><\/p>\n","protected":false},"excerpt":{"rendered":"<p>Die Berichterstattung \u00fcber den 55. Verhandlungstag drehte sich vor allem um den Zeugen Andreas S. \u2013 der im Endeffekt nicht aussagte, weil er f\u00fcrchtete, sich selbst zu belasten. Nach Meinung der meisten Prozessbeobachter wollte der Verteidiger Ralf Wohllebens, Olaf Klemke, die Aussage des Zeugen verhindern.<\/p>\n","protected":false},"author":410,"featured_media":0,"comment_status":"open","ping_status":"open","sticky":false,"template":"","format":"standard","meta":{"_jetpack_memberships_contains_paid_content":false,"footnotes":""},"categories":[27531],"tags":[29442,17793],"class_list":["post-4263","post","type-post","status-publish","format-standard","hentry","category-medienschau","tag-andreas-t","tag-beate-zschape"],"yoast_head":"<!-- This site is optimized with the Yoast SEO plugin v21.0 - https:\/\/yoast.com\/wordpress\/plugins\/seo\/ -->\n<title>Das Taktieren der Verteidiger \u2013\u00a0das Medienlog vom Donnerstag, 14. November 2013 - Das NSU-Prozess-Blog<\/title>\n<meta name=\"robots\" content=\"index, follow, max-snippet:-1, max-image-preview:large, max-video-preview:-1\" \/>\n<link rel=\"canonical\" href=\"https:\/\/blog.zeit.de\/nsu-prozess-blog\/2013\/11\/14\/zeugenaussage-verschoben\/\" \/>\n<meta property=\"og:locale\" content=\"de_DE\" \/>\n<meta property=\"og:type\" content=\"article\" \/>\n<meta property=\"og:title\" content=\"Das Taktieren der Verteidiger \u2013\u00a0das Medienlog vom Donnerstag, 14. November 2013 - Das NSU-Prozess-Blog\" \/>\n<meta property=\"og:description\" content=\"Die Berichterstattung \u00fcber den 55. Verhandlungstag drehte sich vor allem um den Zeugen Andreas S. \u2013 der im Endeffekt nicht aussagte, weil er f\u00fcrchtete, sich selbst zu belasten. Nach Meinung der meisten Prozessbeobachter wollte der Verteidiger Ralf Wohllebens, Olaf Klemke, die Aussage des Zeugen verhindern.\" \/>\n<meta property=\"og:url\" content=\"https:\/\/blog.zeit.de\/nsu-prozess-blog\/2013\/11\/14\/zeugenaussage-verschoben\/\" \/>\n<meta property=\"og:site_name\" content=\"Das NSU-Prozess-Blog\" \/>\n<meta property=\"article:published_time\" content=\"2013-11-14T08:02:16+00:00\" \/>\n<meta property=\"article:modified_time\" content=\"2013-11-14T17:12:32+00:00\" \/>\n<meta name=\"author\" content=\"Mirjam Schmitt\" \/>\n<meta name=\"twitter:label1\" content=\"Geschrieben von\" \/>\n\t<meta name=\"twitter:data1\" content=\"Mirjam Schmitt\" \/>\n\t<meta name=\"twitter:label2\" content=\"Gesch\u00e4tzte Lesezeit\" \/>\n\t<meta name=\"twitter:data2\" content=\"4\u00a0Minuten\" \/>\n<script type=\"application\/ld+json\" class=\"yoast-schema-graph\">{\"@context\":\"https:\/\/schema.org\",\"@graph\":[{\"@type\":\"WebPage\",\"@id\":\"https:\/\/blog.zeit.de\/nsu-prozess-blog\/2013\/11\/14\/zeugenaussage-verschoben\/\",\"url\":\"https:\/\/blog.zeit.de\/nsu-prozess-blog\/2013\/11\/14\/zeugenaussage-verschoben\/\",\"name\":\"Das Taktieren der Verteidiger \u2013\u00a0das Medienlog vom Donnerstag, 14. November 2013 - Das NSU-Prozess-Blog\",\"isPartOf\":{\"@id\":\"https:\/\/blog.zeit.de\/nsu-prozess-blog\/#website\"},\"datePublished\":\"2013-11-14T08:02:16+00:00\",\"dateModified\":\"2013-11-14T17:12:32+00:00\",\"author\":{\"@id\":\"https:\/\/blog.zeit.de\/nsu-prozess-blog\/#\/schema\/person\/45acffb344ee326a2ebea3f5c0ad3ae8\"},\"breadcrumb\":{\"@id\":\"https:\/\/blog.zeit.de\/nsu-prozess-blog\/2013\/11\/14\/zeugenaussage-verschoben\/#breadcrumb\"},\"inLanguage\":\"de\",\"potentialAction\":[{\"@type\":\"ReadAction\",\"target\":[\"https:\/\/blog.zeit.de\/nsu-prozess-blog\/2013\/11\/14\/zeugenaussage-verschoben\/\"]}]},{\"@type\":\"BreadcrumbList\",\"@id\":\"https:\/\/blog.zeit.de\/nsu-prozess-blog\/2013\/11\/14\/zeugenaussage-verschoben\/#breadcrumb\",\"itemListElement\":[{\"@type\":\"ListItem\",\"position\":1,\"name\":\"Startseite\",\"item\":\"https:\/\/blog.zeit.de\/nsu-prozess-blog\/\"},{\"@type\":\"ListItem\",\"position\":2,\"name\":\"Das Taktieren der Verteidiger \u2013\u00a0das Medienlog vom Donnerstag, 14. November 2013\"}]},{\"@type\":\"WebSite\",\"@id\":\"https:\/\/blog.zeit.de\/nsu-prozess-blog\/#website\",\"url\":\"https:\/\/blog.zeit.de\/nsu-prozess-blog\/\",\"name\":\"Das NSU-Prozess-Blog\",\"description\":\"Alle Berichte zum Terrorverfahren in M\u00fcnchen\",\"potentialAction\":[{\"@type\":\"SearchAction\",\"target\":{\"@type\":\"EntryPoint\",\"urlTemplate\":\"https:\/\/blog.zeit.de\/nsu-prozess-blog\/?s={search_term_string}\"},\"query-input\":\"required name=search_term_string\"}],\"inLanguage\":\"de\"},{\"@type\":\"Person\",\"@id\":\"https:\/\/blog.zeit.de\/nsu-prozess-blog\/#\/schema\/person\/45acffb344ee326a2ebea3f5c0ad3ae8\",\"name\":\"Mirjam Schmitt\",\"image\":{\"@type\":\"ImageObject\",\"inLanguage\":\"de\",\"@id\":\"https:\/\/blog.zeit.de\/nsu-prozess-blog\/#\/schema\/person\/image\/\",\"url\":\"https:\/\/secure.gravatar.com\/avatar\/21ea3e922b6404f0cab7bb919e2b401850e5cef2e7155dba6caa935b66c5688b?s=96&d=mm&r=g\",\"contentUrl\":\"https:\/\/secure.gravatar.com\/avatar\/21ea3e922b6404f0cab7bb919e2b401850e5cef2e7155dba6caa935b66c5688b?s=96&d=mm&r=g\",\"caption\":\"Mirjam Schmitt\"},\"url\":\"https:\/\/blog.zeit.de\/nsu-prozess-blog\/author\/mschmitt\/\"}]}<\/script>\n<!-- \/ Yoast SEO plugin. -->","yoast_head_json":{"title":"Das Taktieren der Verteidiger \u2013\u00a0das Medienlog vom Donnerstag, 14. November 2013 - Das NSU-Prozess-Blog","robots":{"index":"index","follow":"follow","max-snippet":"max-snippet:-1","max-image-preview":"max-image-preview:large","max-video-preview":"max-video-preview:-1"},"canonical":"https:\/\/blog.zeit.de\/nsu-prozess-blog\/2013\/11\/14\/zeugenaussage-verschoben\/","og_locale":"de_DE","og_type":"article","og_title":"Das Taktieren der Verteidiger \u2013\u00a0das Medienlog vom Donnerstag, 14. November 2013 - Das NSU-Prozess-Blog","og_description":"Die Berichterstattung \u00fcber den 55. Verhandlungstag drehte sich vor allem um den Zeugen Andreas S. \u2013 der im Endeffekt nicht aussagte, weil er f\u00fcrchtete, sich selbst zu belasten. Nach Meinung der meisten Prozessbeobachter wollte der Verteidiger Ralf Wohllebens, Olaf Klemke, die Aussage des Zeugen verhindern.","og_url":"https:\/\/blog.zeit.de\/nsu-prozess-blog\/2013\/11\/14\/zeugenaussage-verschoben\/","og_site_name":"Das NSU-Prozess-Blog","article_published_time":"2013-11-14T08:02:16+00:00","article_modified_time":"2013-11-14T17:12:32+00:00","author":"Mirjam Schmitt","twitter_misc":{"Geschrieben von":"Mirjam Schmitt","Gesch\u00e4tzte Lesezeit":"4\u00a0Minuten"},"schema":{"@context":"https:\/\/schema.org","@graph":[{"@type":"WebPage","@id":"https:\/\/blog.zeit.de\/nsu-prozess-blog\/2013\/11\/14\/zeugenaussage-verschoben\/","url":"https:\/\/blog.zeit.de\/nsu-prozess-blog\/2013\/11\/14\/zeugenaussage-verschoben\/","name":"Das Taktieren der Verteidiger \u2013\u00a0das Medienlog vom Donnerstag, 14. November 2013 - Das NSU-Prozess-Blog","isPartOf":{"@id":"https:\/\/blog.zeit.de\/nsu-prozess-blog\/#website"},"datePublished":"2013-11-14T08:02:16+00:00","dateModified":"2013-11-14T17:12:32+00:00","author":{"@id":"https:\/\/blog.zeit.de\/nsu-prozess-blog\/#\/schema\/person\/45acffb344ee326a2ebea3f5c0ad3ae8"},"breadcrumb":{"@id":"https:\/\/blog.zeit.de\/nsu-prozess-blog\/2013\/11\/14\/zeugenaussage-verschoben\/#breadcrumb"},"inLanguage":"de","potentialAction":[{"@type":"ReadAction","target":["https:\/\/blog.zeit.de\/nsu-prozess-blog\/2013\/11\/14\/zeugenaussage-verschoben\/"]}]},{"@type":"BreadcrumbList","@id":"https:\/\/blog.zeit.de\/nsu-prozess-blog\/2013\/11\/14\/zeugenaussage-verschoben\/#breadcrumb","itemListElement":[{"@type":"ListItem","position":1,"name":"Startseite","item":"https:\/\/blog.zeit.de\/nsu-prozess-blog\/"},{"@type":"ListItem","position":2,"name":"Das Taktieren der Verteidiger \u2013\u00a0das Medienlog vom Donnerstag, 14. November 2013"}]},{"@type":"WebSite","@id":"https:\/\/blog.zeit.de\/nsu-prozess-blog\/#website","url":"https:\/\/blog.zeit.de\/nsu-prozess-blog\/","name":"Das NSU-Prozess-Blog","description":"Alle Berichte zum Terrorverfahren in M\u00fcnchen","potentialAction":[{"@type":"SearchAction","target":{"@type":"EntryPoint","urlTemplate":"https:\/\/blog.zeit.de\/nsu-prozess-blog\/?s={search_term_string}"},"query-input":"required name=search_term_string"}],"inLanguage":"de"},{"@type":"Person","@id":"https:\/\/blog.zeit.de\/nsu-prozess-blog\/#\/schema\/person\/45acffb344ee326a2ebea3f5c0ad3ae8","name":"Mirjam Schmitt","image":{"@type":"ImageObject","inLanguage":"de","@id":"https:\/\/blog.zeit.de\/nsu-prozess-blog\/#\/schema\/person\/image\/","url":"https:\/\/secure.gravatar.com\/avatar\/21ea3e922b6404f0cab7bb919e2b401850e5cef2e7155dba6caa935b66c5688b?s=96&d=mm&r=g","contentUrl":"https:\/\/secure.gravatar.com\/avatar\/21ea3e922b6404f0cab7bb919e2b401850e5cef2e7155dba6caa935b66c5688b?s=96&d=mm&r=g","caption":"Mirjam Schmitt"},"url":"https:\/\/blog.zeit.de\/nsu-prozess-blog\/author\/mschmitt\/"}]}},"jetpack_featured_media_url":"","jetpack_sharing_enabled":true,"_links":{"self":[{"href":"https:\/\/blog.zeit.de\/nsu-prozess-blog\/wp-json\/wp\/v2\/posts\/4263","targetHints":{"allow":["GET"]}}],"collection":[{"href":"https:\/\/blog.zeit.de\/nsu-prozess-blog\/wp-json\/wp\/v2\/posts"}],"about":[{"href":"https:\/\/blog.zeit.de\/nsu-prozess-blog\/wp-json\/wp\/v2\/types\/post"}],"author":[{"embeddable":true,"href":"https:\/\/blog.zeit.de\/nsu-prozess-blog\/wp-json\/wp\/v2\/users\/410"}],"replies":[{"embeddable":true,"href":"https:\/\/blog.zeit.de\/nsu-prozess-blog\/wp-json\/wp\/v2\/comments?post=4263"}],"version-history":[{"count":38,"href":"https:\/\/blog.zeit.de\/nsu-prozess-blog\/wp-json\/wp\/v2\/posts\/4263\/revisions"}],"predecessor-version":[{"id":4307,"href":"https:\/\/blog.zeit.de\/nsu-prozess-blog\/wp-json\/wp\/v2\/posts\/4263\/revisions\/4307"}],"wp:attachment":[{"href":"https:\/\/blog.zeit.de\/nsu-prozess-blog\/wp-json\/wp\/v2\/media?parent=4263"}],"wp:term":[{"taxonomy":"category","embeddable":true,"href":"https:\/\/blog.zeit.de\/nsu-prozess-blog\/wp-json\/wp\/v2\/categories?post=4263"},{"taxonomy":"post_tag","embeddable":true,"href":"https:\/\/blog.zeit.de\/nsu-prozess-blog\/wp-json\/wp\/v2\/tags?post=4263"}],"curies":[{"name":"wp","href":"https:\/\/api.w.org\/{rel}","templated":true}]}}