{"id":4348,"date":"2013-11-18T07:16:46","date_gmt":"2013-11-18T06:16:46","guid":{"rendered":"http:\/\/blog.zeit.de\/nsu-prozess-blog\/?p=4348"},"modified":"2013-11-18T07:20:09","modified_gmt":"2013-11-18T06:20:09","slug":"brigitte-bohnhardt-das-medienlog-vom-montag-18-november-2013","status":"publish","type":"post","link":"https:\/\/blog.zeit.de\/nsu-prozess-blog\/2013\/11\/18\/brigitte-bohnhardt-das-medienlog-vom-montag-18-november-2013\/","title":{"rendered":"Brigitte B\u00f6hnhardt sagt aus \u2013 das Medienlog vom Montag, 18. November 2013"},"content":{"rendered":"<p>Diese Woche soll im NSU-Prozess die Mutter von Uwe B\u00f6hnhardt aussagen. Sie hatte nach dem Untertauchen des NSU noch Kontakt zu ihrem Sohn. Christian Unger vom <a href=\"http:\/\/www.abendblatt.de\/politik\/article121955996\/Brigitte-Boehnhardt-Die-Mutter-des-NSU-Terroristen.html\" target=\"_blank\"><em>Hamburger Abendblatt<\/em><\/a> schreibt, dass die Mutter von B\u00f6hnhardt dazu beitragen k\u00f6nnte, ein umfassendes Bild von Zsch\u00e4pe zu zeichnen. &#8222;Wer war sie? Wie war das Verh\u00e4ltnis zu dem Sohn?&#8220;<\/p>\n<p><!--more--><\/p>\n<p><em>An jedem Werktag sichten wir f\u00fcr das NSU-Prozess-Blog die Medien und stellen wichtige Berichte, Blogs, Videos und Tweets zusammen. Wir freuen uns \u00fcber Hinweise via Twitter mit dem Hashtag #nsublog \u2013 oder per E-Mail an <a href=\"mailto:nsublog@zeit.de\">nsublog@zeit.de.<\/a><\/em><\/p>\n<p>&#8222;War Zsch\u00e4pe auch von ihrer Person her selbstbewusst und entschieden genug, um in dem Trio mit Uwe Mundlos und B\u00f6hnhardt eine wichtige Rolle bei der Planung der Mordserie zu spielen?&#8220; fragt Unger. Die Befragung der Mutter sei wichtig, um dieser Frage n\u00e4her zu kommen. Allerdings: Die Auftritte von Eltern vor Gericht seien auch mit Vorsicht zu genie\u00dfen, weil sie das Bild ihrer Kinder verkl\u00e4rten.<\/p>\n<p>Keine Berichte in englisch- und t\u00fcrkischsprachigen Onlinemedien.<\/p>\n<p><em>Das n\u00e4chste Medienlog erscheint am Dienstag, 19. November 2013.<\/em><\/p>\n","protected":false},"excerpt":{"rendered":"<p>Diese Woche soll im NSU-Prozess die Mutter von Uwe B\u00f6hnhardt aussagen. Sie hatte nach dem Untertauchen des NSU noch Kontakt zu ihrem Sohn. Christian Unger vom Hamburger Abendblatt schreibt, dass die Mutter von B\u00f6hnhardt dazu beitragen k\u00f6nnte, ein umfassendes Bild von Zsch\u00e4pe zu zeichnen. &#8222;Wer war sie? Wie war das Verh\u00e4ltnis zu dem Sohn?&#8220;<\/p>\n","protected":false},"author":410,"featured_media":0,"comment_status":"open","ping_status":"open","sticky":false,"template":"","format":"standard","meta":{"_jetpack_memberships_contains_paid_content":false,"footnotes":""},"categories":[27531],"tags":[17793,29462,22860],"class_list":["post-4348","post","type-post","status-publish","format-standard","hentry","category-medienschau","tag-beate-zschape","tag-brigitte-bohnhardt","tag-uwe-bohnhardt"],"yoast_head":"<!-- This site is optimized with the Yoast SEO plugin v21.0 - https:\/\/yoast.com\/wordpress\/plugins\/seo\/ -->\n<title>Brigitte B\u00f6hnhardt sagt aus \u2013 das Medienlog vom Montag, 18. November 2013 - Das NSU-Prozess-Blog<\/title>\n<meta name=\"robots\" content=\"index, follow, max-snippet:-1, max-image-preview:large, max-video-preview:-1\" \/>\n<link rel=\"canonical\" href=\"https:\/\/blog.zeit.de\/nsu-prozess-blog\/2013\/11\/18\/brigitte-bohnhardt-das-medienlog-vom-montag-18-november-2013\/\" \/>\n<meta property=\"og:locale\" content=\"de_DE\" \/>\n<meta property=\"og:type\" content=\"article\" \/>\n<meta property=\"og:title\" content=\"Brigitte B\u00f6hnhardt sagt aus \u2013 das Medienlog vom Montag, 18. November 2013 - Das NSU-Prozess-Blog\" \/>\n<meta property=\"og:description\" content=\"Diese Woche soll im NSU-Prozess die Mutter von Uwe B\u00f6hnhardt aussagen. Sie hatte nach dem Untertauchen des NSU noch Kontakt zu ihrem Sohn. Christian Unger vom Hamburger Abendblatt schreibt, dass die Mutter von B\u00f6hnhardt dazu beitragen k\u00f6nnte, ein umfassendes Bild von Zsch\u00e4pe zu zeichnen. &#8222;Wer war sie? Wie war das Verh\u00e4ltnis zu dem Sohn?&#8220;\" \/>\n<meta property=\"og:url\" content=\"https:\/\/blog.zeit.de\/nsu-prozess-blog\/2013\/11\/18\/brigitte-bohnhardt-das-medienlog-vom-montag-18-november-2013\/\" \/>\n<meta property=\"og:site_name\" content=\"Das NSU-Prozess-Blog\" \/>\n<meta property=\"article:published_time\" content=\"2013-11-18T06:16:46+00:00\" \/>\n<meta property=\"article:modified_time\" content=\"2013-11-18T06:20:09+00:00\" \/>\n<meta name=\"author\" content=\"Mirjam Schmitt\" \/>\n<meta name=\"twitter:label1\" content=\"Geschrieben von\" \/>\n\t<meta name=\"twitter:data1\" content=\"Mirjam Schmitt\" \/>\n\t<meta name=\"twitter:label2\" content=\"Gesch\u00e4tzte Lesezeit\" \/>\n\t<meta name=\"twitter:data2\" content=\"1\u00a0Minute\" \/>\n<script type=\"application\/ld+json\" class=\"yoast-schema-graph\">{\"@context\":\"https:\/\/schema.org\",\"@graph\":[{\"@type\":\"WebPage\",\"@id\":\"https:\/\/blog.zeit.de\/nsu-prozess-blog\/2013\/11\/18\/brigitte-bohnhardt-das-medienlog-vom-montag-18-november-2013\/\",\"url\":\"https:\/\/blog.zeit.de\/nsu-prozess-blog\/2013\/11\/18\/brigitte-bohnhardt-das-medienlog-vom-montag-18-november-2013\/\",\"name\":\"Brigitte B\u00f6hnhardt sagt aus \u2013 das Medienlog vom Montag, 18. November 2013 - Das NSU-Prozess-Blog\",\"isPartOf\":{\"@id\":\"https:\/\/blog.zeit.de\/nsu-prozess-blog\/#website\"},\"datePublished\":\"2013-11-18T06:16:46+00:00\",\"dateModified\":\"2013-11-18T06:20:09+00:00\",\"author\":{\"@id\":\"https:\/\/blog.zeit.de\/nsu-prozess-blog\/#\/schema\/person\/45acffb344ee326a2ebea3f5c0ad3ae8\"},\"breadcrumb\":{\"@id\":\"https:\/\/blog.zeit.de\/nsu-prozess-blog\/2013\/11\/18\/brigitte-bohnhardt-das-medienlog-vom-montag-18-november-2013\/#breadcrumb\"},\"inLanguage\":\"de\",\"potentialAction\":[{\"@type\":\"ReadAction\",\"target\":[\"https:\/\/blog.zeit.de\/nsu-prozess-blog\/2013\/11\/18\/brigitte-bohnhardt-das-medienlog-vom-montag-18-november-2013\/\"]}]},{\"@type\":\"BreadcrumbList\",\"@id\":\"https:\/\/blog.zeit.de\/nsu-prozess-blog\/2013\/11\/18\/brigitte-bohnhardt-das-medienlog-vom-montag-18-november-2013\/#breadcrumb\",\"itemListElement\":[{\"@type\":\"ListItem\",\"position\":1,\"name\":\"Startseite\",\"item\":\"https:\/\/blog.zeit.de\/nsu-prozess-blog\/\"},{\"@type\":\"ListItem\",\"position\":2,\"name\":\"Brigitte B\u00f6hnhardt sagt aus \u2013 das Medienlog vom Montag, 18. November 2013\"}]},{\"@type\":\"WebSite\",\"@id\":\"https:\/\/blog.zeit.de\/nsu-prozess-blog\/#website\",\"url\":\"https:\/\/blog.zeit.de\/nsu-prozess-blog\/\",\"name\":\"Das NSU-Prozess-Blog\",\"description\":\"Alle Berichte zum Terrorverfahren in M\u00fcnchen\",\"potentialAction\":[{\"@type\":\"SearchAction\",\"target\":{\"@type\":\"EntryPoint\",\"urlTemplate\":\"https:\/\/blog.zeit.de\/nsu-prozess-blog\/?s={search_term_string}\"},\"query-input\":\"required name=search_term_string\"}],\"inLanguage\":\"de\"},{\"@type\":\"Person\",\"@id\":\"https:\/\/blog.zeit.de\/nsu-prozess-blog\/#\/schema\/person\/45acffb344ee326a2ebea3f5c0ad3ae8\",\"name\":\"Mirjam Schmitt\",\"image\":{\"@type\":\"ImageObject\",\"inLanguage\":\"de\",\"@id\":\"https:\/\/blog.zeit.de\/nsu-prozess-blog\/#\/schema\/person\/image\/\",\"url\":\"https:\/\/secure.gravatar.com\/avatar\/21ea3e922b6404f0cab7bb919e2b401850e5cef2e7155dba6caa935b66c5688b?s=96&d=mm&r=g\",\"contentUrl\":\"https:\/\/secure.gravatar.com\/avatar\/21ea3e922b6404f0cab7bb919e2b401850e5cef2e7155dba6caa935b66c5688b?s=96&d=mm&r=g\",\"caption\":\"Mirjam Schmitt\"},\"url\":\"https:\/\/blog.zeit.de\/nsu-prozess-blog\/author\/mschmitt\/\"}]}<\/script>\n<!-- \/ Yoast SEO plugin. -->","yoast_head_json":{"title":"Brigitte B\u00f6hnhardt sagt aus \u2013 das Medienlog vom Montag, 18. November 2013 - Das NSU-Prozess-Blog","robots":{"index":"index","follow":"follow","max-snippet":"max-snippet:-1","max-image-preview":"max-image-preview:large","max-video-preview":"max-video-preview:-1"},"canonical":"https:\/\/blog.zeit.de\/nsu-prozess-blog\/2013\/11\/18\/brigitte-bohnhardt-das-medienlog-vom-montag-18-november-2013\/","og_locale":"de_DE","og_type":"article","og_title":"Brigitte B\u00f6hnhardt sagt aus \u2013 das Medienlog vom Montag, 18. November 2013 - Das NSU-Prozess-Blog","og_description":"Diese Woche soll im NSU-Prozess die Mutter von Uwe B\u00f6hnhardt aussagen. Sie hatte nach dem Untertauchen des NSU noch Kontakt zu ihrem Sohn. Christian Unger vom Hamburger Abendblatt schreibt, dass die Mutter von B\u00f6hnhardt dazu beitragen k\u00f6nnte, ein umfassendes Bild von Zsch\u00e4pe zu zeichnen. &#8222;Wer war sie? Wie war das Verh\u00e4ltnis zu dem Sohn?&#8220;","og_url":"https:\/\/blog.zeit.de\/nsu-prozess-blog\/2013\/11\/18\/brigitte-bohnhardt-das-medienlog-vom-montag-18-november-2013\/","og_site_name":"Das NSU-Prozess-Blog","article_published_time":"2013-11-18T06:16:46+00:00","article_modified_time":"2013-11-18T06:20:09+00:00","author":"Mirjam Schmitt","twitter_misc":{"Geschrieben von":"Mirjam Schmitt","Gesch\u00e4tzte Lesezeit":"1\u00a0Minute"},"schema":{"@context":"https:\/\/schema.org","@graph":[{"@type":"WebPage","@id":"https:\/\/blog.zeit.de\/nsu-prozess-blog\/2013\/11\/18\/brigitte-bohnhardt-das-medienlog-vom-montag-18-november-2013\/","url":"https:\/\/blog.zeit.de\/nsu-prozess-blog\/2013\/11\/18\/brigitte-bohnhardt-das-medienlog-vom-montag-18-november-2013\/","name":"Brigitte B\u00f6hnhardt sagt aus \u2013 das Medienlog vom Montag, 18. November 2013 - Das NSU-Prozess-Blog","isPartOf":{"@id":"https:\/\/blog.zeit.de\/nsu-prozess-blog\/#website"},"datePublished":"2013-11-18T06:16:46+00:00","dateModified":"2013-11-18T06:20:09+00:00","author":{"@id":"https:\/\/blog.zeit.de\/nsu-prozess-blog\/#\/schema\/person\/45acffb344ee326a2ebea3f5c0ad3ae8"},"breadcrumb":{"@id":"https:\/\/blog.zeit.de\/nsu-prozess-blog\/2013\/11\/18\/brigitte-bohnhardt-das-medienlog-vom-montag-18-november-2013\/#breadcrumb"},"inLanguage":"de","potentialAction":[{"@type":"ReadAction","target":["https:\/\/blog.zeit.de\/nsu-prozess-blog\/2013\/11\/18\/brigitte-bohnhardt-das-medienlog-vom-montag-18-november-2013\/"]}]},{"@type":"BreadcrumbList","@id":"https:\/\/blog.zeit.de\/nsu-prozess-blog\/2013\/11\/18\/brigitte-bohnhardt-das-medienlog-vom-montag-18-november-2013\/#breadcrumb","itemListElement":[{"@type":"ListItem","position":1,"name":"Startseite","item":"https:\/\/blog.zeit.de\/nsu-prozess-blog\/"},{"@type":"ListItem","position":2,"name":"Brigitte B\u00f6hnhardt sagt aus \u2013 das Medienlog vom Montag, 18. November 2013"}]},{"@type":"WebSite","@id":"https:\/\/blog.zeit.de\/nsu-prozess-blog\/#website","url":"https:\/\/blog.zeit.de\/nsu-prozess-blog\/","name":"Das NSU-Prozess-Blog","description":"Alle Berichte zum Terrorverfahren in M\u00fcnchen","potentialAction":[{"@type":"SearchAction","target":{"@type":"EntryPoint","urlTemplate":"https:\/\/blog.zeit.de\/nsu-prozess-blog\/?s={search_term_string}"},"query-input":"required name=search_term_string"}],"inLanguage":"de"},{"@type":"Person","@id":"https:\/\/blog.zeit.de\/nsu-prozess-blog\/#\/schema\/person\/45acffb344ee326a2ebea3f5c0ad3ae8","name":"Mirjam Schmitt","image":{"@type":"ImageObject","inLanguage":"de","@id":"https:\/\/blog.zeit.de\/nsu-prozess-blog\/#\/schema\/person\/image\/","url":"https:\/\/secure.gravatar.com\/avatar\/21ea3e922b6404f0cab7bb919e2b401850e5cef2e7155dba6caa935b66c5688b?s=96&d=mm&r=g","contentUrl":"https:\/\/secure.gravatar.com\/avatar\/21ea3e922b6404f0cab7bb919e2b401850e5cef2e7155dba6caa935b66c5688b?s=96&d=mm&r=g","caption":"Mirjam Schmitt"},"url":"https:\/\/blog.zeit.de\/nsu-prozess-blog\/author\/mschmitt\/"}]}},"jetpack_featured_media_url":"","jetpack_sharing_enabled":true,"_links":{"self":[{"href":"https:\/\/blog.zeit.de\/nsu-prozess-blog\/wp-json\/wp\/v2\/posts\/4348","targetHints":{"allow":["GET"]}}],"collection":[{"href":"https:\/\/blog.zeit.de\/nsu-prozess-blog\/wp-json\/wp\/v2\/posts"}],"about":[{"href":"https:\/\/blog.zeit.de\/nsu-prozess-blog\/wp-json\/wp\/v2\/types\/post"}],"author":[{"embeddable":true,"href":"https:\/\/blog.zeit.de\/nsu-prozess-blog\/wp-json\/wp\/v2\/users\/410"}],"replies":[{"embeddable":true,"href":"https:\/\/blog.zeit.de\/nsu-prozess-blog\/wp-json\/wp\/v2\/comments?post=4348"}],"version-history":[{"count":9,"href":"https:\/\/blog.zeit.de\/nsu-prozess-blog\/wp-json\/wp\/v2\/posts\/4348\/revisions"}],"predecessor-version":[{"id":4358,"href":"https:\/\/blog.zeit.de\/nsu-prozess-blog\/wp-json\/wp\/v2\/posts\/4348\/revisions\/4358"}],"wp:attachment":[{"href":"https:\/\/blog.zeit.de\/nsu-prozess-blog\/wp-json\/wp\/v2\/media?parent=4348"}],"wp:term":[{"taxonomy":"category","embeddable":true,"href":"https:\/\/blog.zeit.de\/nsu-prozess-blog\/wp-json\/wp\/v2\/categories?post=4348"},{"taxonomy":"post_tag","embeddable":true,"href":"https:\/\/blog.zeit.de\/nsu-prozess-blog\/wp-json\/wp\/v2\/tags?post=4348"}],"curies":[{"name":"wp","href":"https:\/\/api.w.org\/{rel}","templated":true}]}}