{"id":4483,"date":"2013-11-22T08:17:24","date_gmt":"2013-11-22T07:17:24","guid":{"rendered":"http:\/\/blog.zeit.de\/nsu-prozess-blog\/?p=4483"},"modified":"2015-02-27T01:18:16","modified_gmt":"2015-02-27T00:18:16","slug":"v-mann-tino-b","status":"publish","type":"post","link":"https:\/\/blog.zeit.de\/nsu-prozess-blog\/2013\/11\/22\/v-mann-tino-b\/","title":{"rendered":"V-Mann soll NSU im Untergrund unterst\u00fctzt haben \u2013 das Medienlog vom Freitag, 22. November 2013"},"content":{"rendered":"<p>Der Rechtsextremist Andr\u00e9 K. sagte im NSU-Prozess aus. K. war ebenso wie die sp\u00e4teren Mitglieder des NSU in der Jenaer Neonazi-Szene aktiv. Die Gerichtsreporter zeichnen von ihm ein differenziertes Bild und vermuten ein Motiv f\u00fcr seine Auskunftsfreude.<\/p>\n<p><!--more--><\/p>\n<p><em>An jedem Werktag sichten wir f\u00fcr das NSU-Prozess-Blog die Medien und stellen wichtige Berichte, Blogs, Videos und Tweets zusammen. Wir freuen uns \u00fcber Hinweise via Twitter mit dem Hashtag #nsublog \u2013 oder per E-Mail an <a href=\"mailto:nsublog@zeit.de\">nsublog@zeit.de.<\/a><\/em><\/p>\n<p>Gisela Friedrichsen von <a href=\"http:\/\/www.spiegel.de\/panorama\/justiz\/neonazi-andre-k-spricht-im-nsu-prozess-ueber-neunziger-jahre-a-934909.html\" target=\"_blank\"><em>Spiegel Online<\/em><\/a> beschreibt Andr\u00e9 K. als einen, der die politischen Strukturen in Deutschland ver\u00e4ndern wollte. Seine Auskunftsfreude steige im Laufe des Prozesstages. K. sei &#8222;bestimmt kein Intellektueller, aber auch nicht einer jener verdrucksten Zeugen, die sich schwertun mit der Wahrheit und noch schwerer damit, sich an irgendetwas zu erinnern&#8220;.<\/p>\n<p>Immer wieder verheddere sich der bisweilen wirr formulierende Zeuge in Ungenauigkeiten,\u00a0schreibt dagegen Oliver Das Gupta in der <a href=\"http:\/\/www.sueddeutsche.de\/politik\/nsu-prozess-zeuge-k-weicht-aus-und-redet-von-atomkraft-1.1824165-2\" target=\"_blank\"><em>S\u00fcddeutschen Zeitung<\/em><\/a>. Wenn Richter G\u00f6tzl nachhake, fl\u00fcchte er sich in Erinnerungsl\u00fccken. Eine Wendung gebe es jedoch an diesem Verhandlungstag: Denn K. habe Tino Brandt belastet. Wie sich sp\u00e4ter herausstellte, ein V-Mann des Th\u00fcringer Verfassungsschutzes. Brandt hat demnach K. den Auftrag erteilt, \u00fcber einen Mittelsmann Reisep\u00e4sse f\u00fcr die Untergetauchten B\u00f6hnhardt, Mundlos und Zsch\u00e4pe zu beschaffen. Die P\u00e4sse habe K. bekommen, allerdings mit leeren Seiten.<\/p>\n<p>Vielleicht habe K. auch den Angeklagten Ralf Wohlleben sch\u00fctzen wollen, mutma\u00dft der Autor: &#8222;Bislang kursierte n\u00e4mlich eine andere Version, wie sich die Sache mit den P\u00e4ssen abgespielt haben soll. Demnach war nicht Brandt, sondern Wohlleben der Auftraggeber.&#8220;<\/p>\n<p>&#8222;K.&#8217;s Aussage st\u00e4rke den Verdacht, der V-Mann sei in die Hilfe f\u00fcr Mundlos, B\u00f6hnhardt und Zsch\u00e4pe eingebunden gewesen&#8220;, kommentiert Frank Jansen im <a href=\"http:\/\/www.tagesspiegel.de\/politik\/prozess-in-muenchen-v-mann-soll-nsu-terrorzelle-geholfen-haben\/9108874.html\" target=\"_blank\"><em>Tagesspiegel<\/em><\/a>. Wenn der V-Mann vor Gericht aussage, k\u00f6nnten noch mehr &#8222;brisante Geschichten&#8220; beleuchtet werden. Jansen schreibt weiter: &#8222;Der <em>Tagesspiegel<\/em> hatte im Dezember 2011, einen Monat nach dem Ende des NSU, aufgedeckt, dass die Beh\u00f6rde \u00fcber Tino Brandt versucht hatte, den drei Untergetauchten 2.500 D-Mark zukommen zu lassen \u2013 in der Hoffnung, sie w\u00fcrden sich mit dem Geld falsche P\u00e4sse ausstellen lassen und dann beim Grenz\u00fcbertritt erwischt.&#8220;<\/p>\n<p>In der t\u00fcrkischsprachigen <a href=\"http:\/\/www.sabah.de\/bizzat-muhbir-yardimci-olmus.html\" target=\"_blank\"><em>Sabah<\/em><\/a> gibt Rahmi Turan die Aussage Andr\u00e9 K.&#8217;s ausf\u00fchrlich wieder und beschreibt ebenfalls, dass der V-Mann Tino Brandt mit P\u00e4ssen behilflich war. K. stehe eigentlich ein volles Auskunftsverweigerungsrecht zu, da er selbst beschuldigt ist, erkl\u00e4rt Martin Debes in der <a href=\"http:\/\/www.derwesten.de\/politik\/der-thueringer-neonazi-andre-k-belastet-beate-zschaepe-id8689292.html\" target=\"_blank\"><em>WAZ<\/em><\/a>. Dass K. das nicht nutzt, h\u00e4nge m\u00f6glicherweise damit zusammen, dass die Generalbundesanwaltschaft das Verfahren gegen K. als &#8222;einstellungsreif&#8220; bezeichnet habe, mutma\u00dft der Autor. &#8222;Best\u00e4tigt K. hier in M\u00fcnchen die Aussagen aus den Verh\u00f6ren, so darf er wohl mit mehr Milde rechnen.&#8220;<\/p>\n<p>&#8222;So fahrig K. wirkt \u2013 er achtet akribisch darauf, nicht mehr als das zu verraten, was seit Langem aus den Akten bekannt ist und aus anderen Quellen hervorgeht&#8220;, schreibt Tom Sundermann auf <a href=\"http:\/\/www.zeit.de\/gesellschaft\/zeitgeschehen\/2013-11\/zeuge-andre-k-nsu-prozess\" target=\"_blank\">ZEIT ONLINE<\/a>. Sicher habe er mit seinem Anwalt genau besprochen, welche Worte an diesem Tag fallen sollen.\u00a0 Sein Anwalt Dirk Waldschmidt (Vizechef der hessischen NPD) habe K. auch unterbrochen, als er \u00fcber die Untergetauchten den heiklen Satz sagte: &#8222;Man hat dem Staat nicht geg\u00f6nnt, dass er die drei kriegt.&#8220;<\/p>\n<p>Die Aussage lege nahe, dass K. sich der Unterst\u00fctzung einer terroristischen Vereinigung strafbar gemacht hat, schreibt Sundermann. Nach 1998 habe K. laut eigener Aussage keinen Kontakt mehr zur Gruppe gehabt. Damit w\u00e4re das Delikt wohl verj\u00e4hrt.<\/p>\n<p>Keine Berichte in englischsprachigen Onlinemedien.<\/p>\n<p><em>Das n\u00e4chste Medienlog erscheint am Montag, 25. November 2013.<\/em><\/p>\n","protected":false},"excerpt":{"rendered":"<p>Der Rechtsextremist Andr\u00e9 K. sagte im NSU-Prozess aus. K. war ebenso wie die sp\u00e4teren Mitglieder des NSU in der Jenaer Neonazi-Szene aktiv. Die Gerichtsreporter zeichnen von ihm ein differenziertes Bild und vermuten ein Motiv f\u00fcr seine Auskunftsfreude.<\/p>\n","protected":false},"author":410,"featured_media":0,"comment_status":"open","ping_status":"open","sticky":false,"template":"","format":"standard","meta":{"_jetpack_memberships_contains_paid_content":false,"footnotes":""},"categories":[27531],"tags":[29463,17793,12741,22860,22859],"class_list":["post-4483","post","type-post","status-publish","format-standard","hentry","category-medienschau","tag-andre-k","tag-beate-zschape","tag-tino-brandt","tag-uwe-bohnhardt","tag-uwe-mundlos"],"yoast_head":"<!-- This site is optimized with the Yoast SEO plugin v21.0 - https:\/\/yoast.com\/wordpress\/plugins\/seo\/ -->\n<title>V-Mann soll NSU im Untergrund unterst\u00fctzt haben \u2013 das Medienlog vom Freitag, 22. November 2013 - Das NSU-Prozess-Blog<\/title>\n<meta name=\"robots\" content=\"index, follow, max-snippet:-1, max-image-preview:large, max-video-preview:-1\" \/>\n<link rel=\"canonical\" href=\"https:\/\/blog.zeit.de\/nsu-prozess-blog\/2013\/11\/22\/v-mann-tino-b\/\" \/>\n<meta property=\"og:locale\" content=\"de_DE\" \/>\n<meta property=\"og:type\" content=\"article\" \/>\n<meta property=\"og:title\" content=\"V-Mann soll NSU im Untergrund unterst\u00fctzt haben \u2013 das Medienlog vom Freitag, 22. November 2013 - Das NSU-Prozess-Blog\" \/>\n<meta property=\"og:description\" content=\"Der Rechtsextremist Andr\u00e9 K. sagte im NSU-Prozess aus. K. war ebenso wie die sp\u00e4teren Mitglieder des NSU in der Jenaer Neonazi-Szene aktiv. Die Gerichtsreporter zeichnen von ihm ein differenziertes Bild und vermuten ein Motiv f\u00fcr seine Auskunftsfreude.\" \/>\n<meta property=\"og:url\" content=\"https:\/\/blog.zeit.de\/nsu-prozess-blog\/2013\/11\/22\/v-mann-tino-b\/\" \/>\n<meta property=\"og:site_name\" content=\"Das NSU-Prozess-Blog\" \/>\n<meta property=\"article:published_time\" content=\"2013-11-22T07:17:24+00:00\" \/>\n<meta property=\"article:modified_time\" content=\"2015-02-27T00:18:16+00:00\" \/>\n<meta name=\"author\" content=\"Mirjam Schmitt\" \/>\n<meta name=\"twitter:label1\" content=\"Geschrieben von\" \/>\n\t<meta name=\"twitter:data1\" content=\"Mirjam Schmitt\" \/>\n\t<meta name=\"twitter:label2\" content=\"Gesch\u00e4tzte Lesezeit\" \/>\n\t<meta name=\"twitter:data2\" content=\"3\u00a0Minuten\" \/>\n<script type=\"application\/ld+json\" class=\"yoast-schema-graph\">{\"@context\":\"https:\/\/schema.org\",\"@graph\":[{\"@type\":\"WebPage\",\"@id\":\"https:\/\/blog.zeit.de\/nsu-prozess-blog\/2013\/11\/22\/v-mann-tino-b\/\",\"url\":\"https:\/\/blog.zeit.de\/nsu-prozess-blog\/2013\/11\/22\/v-mann-tino-b\/\",\"name\":\"V-Mann soll NSU im Untergrund unterst\u00fctzt haben \u2013 das Medienlog vom Freitag, 22. November 2013 - Das NSU-Prozess-Blog\",\"isPartOf\":{\"@id\":\"https:\/\/blog.zeit.de\/nsu-prozess-blog\/#website\"},\"datePublished\":\"2013-11-22T07:17:24+00:00\",\"dateModified\":\"2015-02-27T00:18:16+00:00\",\"author\":{\"@id\":\"https:\/\/blog.zeit.de\/nsu-prozess-blog\/#\/schema\/person\/45acffb344ee326a2ebea3f5c0ad3ae8\"},\"breadcrumb\":{\"@id\":\"https:\/\/blog.zeit.de\/nsu-prozess-blog\/2013\/11\/22\/v-mann-tino-b\/#breadcrumb\"},\"inLanguage\":\"de\",\"potentialAction\":[{\"@type\":\"ReadAction\",\"target\":[\"https:\/\/blog.zeit.de\/nsu-prozess-blog\/2013\/11\/22\/v-mann-tino-b\/\"]}]},{\"@type\":\"BreadcrumbList\",\"@id\":\"https:\/\/blog.zeit.de\/nsu-prozess-blog\/2013\/11\/22\/v-mann-tino-b\/#breadcrumb\",\"itemListElement\":[{\"@type\":\"ListItem\",\"position\":1,\"name\":\"Startseite\",\"item\":\"https:\/\/blog.zeit.de\/nsu-prozess-blog\/\"},{\"@type\":\"ListItem\",\"position\":2,\"name\":\"V-Mann soll NSU im Untergrund unterst\u00fctzt haben \u2013 das Medienlog vom Freitag, 22. November 2013\"}]},{\"@type\":\"WebSite\",\"@id\":\"https:\/\/blog.zeit.de\/nsu-prozess-blog\/#website\",\"url\":\"https:\/\/blog.zeit.de\/nsu-prozess-blog\/\",\"name\":\"Das NSU-Prozess-Blog\",\"description\":\"Alle Berichte zum Terrorverfahren in M\u00fcnchen\",\"potentialAction\":[{\"@type\":\"SearchAction\",\"target\":{\"@type\":\"EntryPoint\",\"urlTemplate\":\"https:\/\/blog.zeit.de\/nsu-prozess-blog\/?s={search_term_string}\"},\"query-input\":\"required name=search_term_string\"}],\"inLanguage\":\"de\"},{\"@type\":\"Person\",\"@id\":\"https:\/\/blog.zeit.de\/nsu-prozess-blog\/#\/schema\/person\/45acffb344ee326a2ebea3f5c0ad3ae8\",\"name\":\"Mirjam Schmitt\",\"image\":{\"@type\":\"ImageObject\",\"inLanguage\":\"de\",\"@id\":\"https:\/\/blog.zeit.de\/nsu-prozess-blog\/#\/schema\/person\/image\/\",\"url\":\"https:\/\/secure.gravatar.com\/avatar\/21ea3e922b6404f0cab7bb919e2b401850e5cef2e7155dba6caa935b66c5688b?s=96&d=mm&r=g\",\"contentUrl\":\"https:\/\/secure.gravatar.com\/avatar\/21ea3e922b6404f0cab7bb919e2b401850e5cef2e7155dba6caa935b66c5688b?s=96&d=mm&r=g\",\"caption\":\"Mirjam Schmitt\"},\"url\":\"https:\/\/blog.zeit.de\/nsu-prozess-blog\/author\/mschmitt\/\"}]}<\/script>\n<!-- \/ Yoast SEO plugin. -->","yoast_head_json":{"title":"V-Mann soll NSU im Untergrund unterst\u00fctzt haben \u2013 das Medienlog vom Freitag, 22. November 2013 - Das NSU-Prozess-Blog","robots":{"index":"index","follow":"follow","max-snippet":"max-snippet:-1","max-image-preview":"max-image-preview:large","max-video-preview":"max-video-preview:-1"},"canonical":"https:\/\/blog.zeit.de\/nsu-prozess-blog\/2013\/11\/22\/v-mann-tino-b\/","og_locale":"de_DE","og_type":"article","og_title":"V-Mann soll NSU im Untergrund unterst\u00fctzt haben \u2013 das Medienlog vom Freitag, 22. November 2013 - Das NSU-Prozess-Blog","og_description":"Der Rechtsextremist Andr\u00e9 K. sagte im NSU-Prozess aus. K. war ebenso wie die sp\u00e4teren Mitglieder des NSU in der Jenaer Neonazi-Szene aktiv. Die Gerichtsreporter zeichnen von ihm ein differenziertes Bild und vermuten ein Motiv f\u00fcr seine Auskunftsfreude.","og_url":"https:\/\/blog.zeit.de\/nsu-prozess-blog\/2013\/11\/22\/v-mann-tino-b\/","og_site_name":"Das NSU-Prozess-Blog","article_published_time":"2013-11-22T07:17:24+00:00","article_modified_time":"2015-02-27T00:18:16+00:00","author":"Mirjam Schmitt","twitter_misc":{"Geschrieben von":"Mirjam Schmitt","Gesch\u00e4tzte Lesezeit":"3\u00a0Minuten"},"schema":{"@context":"https:\/\/schema.org","@graph":[{"@type":"WebPage","@id":"https:\/\/blog.zeit.de\/nsu-prozess-blog\/2013\/11\/22\/v-mann-tino-b\/","url":"https:\/\/blog.zeit.de\/nsu-prozess-blog\/2013\/11\/22\/v-mann-tino-b\/","name":"V-Mann soll NSU im Untergrund unterst\u00fctzt haben \u2013 das Medienlog vom Freitag, 22. November 2013 - Das NSU-Prozess-Blog","isPartOf":{"@id":"https:\/\/blog.zeit.de\/nsu-prozess-blog\/#website"},"datePublished":"2013-11-22T07:17:24+00:00","dateModified":"2015-02-27T00:18:16+00:00","author":{"@id":"https:\/\/blog.zeit.de\/nsu-prozess-blog\/#\/schema\/person\/45acffb344ee326a2ebea3f5c0ad3ae8"},"breadcrumb":{"@id":"https:\/\/blog.zeit.de\/nsu-prozess-blog\/2013\/11\/22\/v-mann-tino-b\/#breadcrumb"},"inLanguage":"de","potentialAction":[{"@type":"ReadAction","target":["https:\/\/blog.zeit.de\/nsu-prozess-blog\/2013\/11\/22\/v-mann-tino-b\/"]}]},{"@type":"BreadcrumbList","@id":"https:\/\/blog.zeit.de\/nsu-prozess-blog\/2013\/11\/22\/v-mann-tino-b\/#breadcrumb","itemListElement":[{"@type":"ListItem","position":1,"name":"Startseite","item":"https:\/\/blog.zeit.de\/nsu-prozess-blog\/"},{"@type":"ListItem","position":2,"name":"V-Mann soll NSU im Untergrund unterst\u00fctzt haben \u2013 das Medienlog vom Freitag, 22. November 2013"}]},{"@type":"WebSite","@id":"https:\/\/blog.zeit.de\/nsu-prozess-blog\/#website","url":"https:\/\/blog.zeit.de\/nsu-prozess-blog\/","name":"Das NSU-Prozess-Blog","description":"Alle Berichte zum Terrorverfahren in M\u00fcnchen","potentialAction":[{"@type":"SearchAction","target":{"@type":"EntryPoint","urlTemplate":"https:\/\/blog.zeit.de\/nsu-prozess-blog\/?s={search_term_string}"},"query-input":"required name=search_term_string"}],"inLanguage":"de"},{"@type":"Person","@id":"https:\/\/blog.zeit.de\/nsu-prozess-blog\/#\/schema\/person\/45acffb344ee326a2ebea3f5c0ad3ae8","name":"Mirjam Schmitt","image":{"@type":"ImageObject","inLanguage":"de","@id":"https:\/\/blog.zeit.de\/nsu-prozess-blog\/#\/schema\/person\/image\/","url":"https:\/\/secure.gravatar.com\/avatar\/21ea3e922b6404f0cab7bb919e2b401850e5cef2e7155dba6caa935b66c5688b?s=96&d=mm&r=g","contentUrl":"https:\/\/secure.gravatar.com\/avatar\/21ea3e922b6404f0cab7bb919e2b401850e5cef2e7155dba6caa935b66c5688b?s=96&d=mm&r=g","caption":"Mirjam Schmitt"},"url":"https:\/\/blog.zeit.de\/nsu-prozess-blog\/author\/mschmitt\/"}]}},"jetpack_featured_media_url":"","jetpack_sharing_enabled":true,"_links":{"self":[{"href":"https:\/\/blog.zeit.de\/nsu-prozess-blog\/wp-json\/wp\/v2\/posts\/4483","targetHints":{"allow":["GET"]}}],"collection":[{"href":"https:\/\/blog.zeit.de\/nsu-prozess-blog\/wp-json\/wp\/v2\/posts"}],"about":[{"href":"https:\/\/blog.zeit.de\/nsu-prozess-blog\/wp-json\/wp\/v2\/types\/post"}],"author":[{"embeddable":true,"href":"https:\/\/blog.zeit.de\/nsu-prozess-blog\/wp-json\/wp\/v2\/users\/410"}],"replies":[{"embeddable":true,"href":"https:\/\/blog.zeit.de\/nsu-prozess-blog\/wp-json\/wp\/v2\/comments?post=4483"}],"version-history":[{"count":27,"href":"https:\/\/blog.zeit.de\/nsu-prozess-blog\/wp-json\/wp\/v2\/posts\/4483\/revisions"}],"predecessor-version":[{"id":8709,"href":"https:\/\/blog.zeit.de\/nsu-prozess-blog\/wp-json\/wp\/v2\/posts\/4483\/revisions\/8709"}],"wp:attachment":[{"href":"https:\/\/blog.zeit.de\/nsu-prozess-blog\/wp-json\/wp\/v2\/media?parent=4483"}],"wp:term":[{"taxonomy":"category","embeddable":true,"href":"https:\/\/blog.zeit.de\/nsu-prozess-blog\/wp-json\/wp\/v2\/categories?post=4483"},{"taxonomy":"post_tag","embeddable":true,"href":"https:\/\/blog.zeit.de\/nsu-prozess-blog\/wp-json\/wp\/v2\/tags?post=4483"}],"curies":[{"name":"wp","href":"https:\/\/api.w.org\/{rel}","templated":true}]}}