{"id":481,"date":"2013-05-16T08:55:26","date_gmt":"2013-05-16T06:55:26","guid":{"rendered":"http:\/\/blog.zeit.de\/nsu-prozess-blog\/?p=481"},"modified":"2013-05-18T15:03:28","modified_gmt":"2013-05-18T13:03:28","slug":"4-prozesstag","status":"publish","type":"post","link":"https:\/\/blog.zeit.de\/nsu-prozess-blog\/2013\/05\/16\/4-prozesstag\/","title":{"rendered":"4. Prozesstag"},"content":{"rendered":"<p><a href=\"https:\/\/blog.zeit.de\/nsu-prozess-blog\/2013\/05\/14\/2-prozesstag\/img_0289\/\" rel=\"attachment wp-att-405\"><img loading=\"lazy\" decoding=\"async\" class=\"alignleft size-large wp-image-405\" alt=\"IMG_0289\" src=\"https:\/\/blog.zeit.de\/nsu-prozess-blog\/files\/2013\/05\/IMG_0289-580x87.jpg\" width=\"580\" height=\"87\" srcset=\"https:\/\/blog.zeit.de\/nsu-prozess-blog\/files\/2013\/05\/IMG_0289-580x87.jpg 580w, https:\/\/blog.zeit.de\/nsu-prozess-blog\/files\/2013\/05\/IMG_0289-220x33.jpg 220w\" sizes=\"auto, (max-width: 580px) 100vw, 580px\" \/><\/a><\/p>\n<p>&nbsp;<\/p>\n<p>&nbsp;<\/p>\n<p>Am Donnerstag muss sich das Gericht mit zahlreichen Antr\u00e4gen von Verteidigung und Nebenkl\u00e4gern auseinandersetzen. Eventuell wird das Gericht entscheiden, ob der Nagelbombenanschlag in der K\u00f6lner Keupstra\u00dfe <a href=\"http:\/\/www.swr.de\/blog\/terrorismus\/2013\/05\/15\/nsu-prozess-abtrennung-das-dilemma-der-nebenklage\/\">vom Verfahren abgetrennt werden kann.\u00a0<\/a><\/p>\n<p>Zwei der Angeklagten werden voraussichtlich aussagen. Die Anw\u00e4lte von Beate Zsch\u00e4pe haben angek\u00fcndigt, dass die Hauptbeschuldigte schweigen wird.<\/p>\n","protected":false},"excerpt":{"rendered":"<p>&nbsp; &nbsp; Am Donnerstag muss sich das Gericht mit zahlreichen Antr\u00e4gen von Verteidigung und Nebenkl\u00e4gern auseinandersetzen. Eventuell wird das Gericht entscheiden, ob der Nagelbombenanschlag in der K\u00f6lner Keupstra\u00dfe vom Verfahren abgetrennt werden kann.\u00a0 Zwei der Angeklagten werden voraussichtlich aussagen. Die Anw\u00e4lte von Beate Zsch\u00e4pe haben angek\u00fcndigt, dass die Hauptbeschuldigte schweigen wird.<\/p>\n","protected":false},"author":410,"featured_media":0,"comment_status":"open","ping_status":"open","sticky":false,"template":"","format":"standard","meta":{"_jetpack_memberships_contains_paid_content":false,"footnotes":""},"categories":[27532],"tags":[],"class_list":["post-481","post","type-post","status-publish","format-standard","hentry","category-prozesstage"],"yoast_head":"<!-- This site is optimized with the Yoast SEO plugin v21.0 - https:\/\/yoast.com\/wordpress\/plugins\/seo\/ -->\n<title>4. Prozesstag - Das NSU-Prozess-Blog<\/title>\n<meta name=\"robots\" content=\"index, follow, max-snippet:-1, max-image-preview:large, max-video-preview:-1\" \/>\n<link rel=\"canonical\" href=\"https:\/\/blog.zeit.de\/nsu-prozess-blog\/2013\/05\/16\/4-prozesstag\/\" \/>\n<meta property=\"og:locale\" content=\"de_DE\" \/>\n<meta property=\"og:type\" content=\"article\" \/>\n<meta property=\"og:title\" content=\"4. Prozesstag - Das NSU-Prozess-Blog\" \/>\n<meta property=\"og:description\" content=\"&nbsp; &nbsp; Am Donnerstag muss sich das Gericht mit zahlreichen Antr\u00e4gen von Verteidigung und Nebenkl\u00e4gern auseinandersetzen. Eventuell wird das Gericht entscheiden, ob der Nagelbombenanschlag in der K\u00f6lner Keupstra\u00dfe vom Verfahren abgetrennt werden kann.\u00a0 Zwei der Angeklagten werden voraussichtlich aussagen. Die Anw\u00e4lte von Beate Zsch\u00e4pe haben angek\u00fcndigt, dass die Hauptbeschuldigte schweigen wird.\" \/>\n<meta property=\"og:url\" content=\"https:\/\/blog.zeit.de\/nsu-prozess-blog\/2013\/05\/16\/4-prozesstag\/\" \/>\n<meta property=\"og:site_name\" content=\"Das NSU-Prozess-Blog\" \/>\n<meta property=\"article:published_time\" content=\"2013-05-16T06:55:26+00:00\" \/>\n<meta property=\"article:modified_time\" content=\"2013-05-18T13:03:28+00:00\" \/>\n<meta property=\"og:image\" content=\"https:\/\/blog.zeit.de\/nsu-prozess-blog\/files\/2013\/05\/IMG_0289-580x87.jpg\" \/>\n<meta name=\"author\" content=\"Mirjam Schmitt\" \/>\n<meta name=\"twitter:label1\" content=\"Geschrieben von\" \/>\n\t<meta name=\"twitter:data1\" content=\"Mirjam Schmitt\" \/>\n<script type=\"application\/ld+json\" class=\"yoast-schema-graph\">{\"@context\":\"https:\/\/schema.org\",\"@graph\":[{\"@type\":\"WebPage\",\"@id\":\"https:\/\/blog.zeit.de\/nsu-prozess-blog\/2013\/05\/16\/4-prozesstag\/\",\"url\":\"https:\/\/blog.zeit.de\/nsu-prozess-blog\/2013\/05\/16\/4-prozesstag\/\",\"name\":\"4. Prozesstag - Das NSU-Prozess-Blog\",\"isPartOf\":{\"@id\":\"https:\/\/blog.zeit.de\/nsu-prozess-blog\/#website\"},\"datePublished\":\"2013-05-16T06:55:26+00:00\",\"dateModified\":\"2013-05-18T13:03:28+00:00\",\"author\":{\"@id\":\"https:\/\/blog.zeit.de\/nsu-prozess-blog\/#\/schema\/person\/45acffb344ee326a2ebea3f5c0ad3ae8\"},\"breadcrumb\":{\"@id\":\"https:\/\/blog.zeit.de\/nsu-prozess-blog\/2013\/05\/16\/4-prozesstag\/#breadcrumb\"},\"inLanguage\":\"de\",\"potentialAction\":[{\"@type\":\"ReadAction\",\"target\":[\"https:\/\/blog.zeit.de\/nsu-prozess-blog\/2013\/05\/16\/4-prozesstag\/\"]}]},{\"@type\":\"BreadcrumbList\",\"@id\":\"https:\/\/blog.zeit.de\/nsu-prozess-blog\/2013\/05\/16\/4-prozesstag\/#breadcrumb\",\"itemListElement\":[{\"@type\":\"ListItem\",\"position\":1,\"name\":\"Startseite\",\"item\":\"https:\/\/blog.zeit.de\/nsu-prozess-blog\/\"},{\"@type\":\"ListItem\",\"position\":2,\"name\":\"4. Prozesstag\"}]},{\"@type\":\"WebSite\",\"@id\":\"https:\/\/blog.zeit.de\/nsu-prozess-blog\/#website\",\"url\":\"https:\/\/blog.zeit.de\/nsu-prozess-blog\/\",\"name\":\"Das NSU-Prozess-Blog\",\"description\":\"Alle Berichte zum Terrorverfahren in M\u00fcnchen\",\"potentialAction\":[{\"@type\":\"SearchAction\",\"target\":{\"@type\":\"EntryPoint\",\"urlTemplate\":\"https:\/\/blog.zeit.de\/nsu-prozess-blog\/?s={search_term_string}\"},\"query-input\":\"required name=search_term_string\"}],\"inLanguage\":\"de\"},{\"@type\":\"Person\",\"@id\":\"https:\/\/blog.zeit.de\/nsu-prozess-blog\/#\/schema\/person\/45acffb344ee326a2ebea3f5c0ad3ae8\",\"name\":\"Mirjam Schmitt\",\"image\":{\"@type\":\"ImageObject\",\"inLanguage\":\"de\",\"@id\":\"https:\/\/blog.zeit.de\/nsu-prozess-blog\/#\/schema\/person\/image\/\",\"url\":\"https:\/\/secure.gravatar.com\/avatar\/21ea3e922b6404f0cab7bb919e2b401850e5cef2e7155dba6caa935b66c5688b?s=96&d=mm&r=g\",\"contentUrl\":\"https:\/\/secure.gravatar.com\/avatar\/21ea3e922b6404f0cab7bb919e2b401850e5cef2e7155dba6caa935b66c5688b?s=96&d=mm&r=g\",\"caption\":\"Mirjam Schmitt\"},\"url\":\"https:\/\/blog.zeit.de\/nsu-prozess-blog\/author\/mschmitt\/\"}]}<\/script>\n<!-- \/ Yoast SEO plugin. -->","yoast_head_json":{"title":"4. Prozesstag - Das NSU-Prozess-Blog","robots":{"index":"index","follow":"follow","max-snippet":"max-snippet:-1","max-image-preview":"max-image-preview:large","max-video-preview":"max-video-preview:-1"},"canonical":"https:\/\/blog.zeit.de\/nsu-prozess-blog\/2013\/05\/16\/4-prozesstag\/","og_locale":"de_DE","og_type":"article","og_title":"4. Prozesstag - Das NSU-Prozess-Blog","og_description":"&nbsp; &nbsp; Am Donnerstag muss sich das Gericht mit zahlreichen Antr\u00e4gen von Verteidigung und Nebenkl\u00e4gern auseinandersetzen. Eventuell wird das Gericht entscheiden, ob der Nagelbombenanschlag in der K\u00f6lner Keupstra\u00dfe vom Verfahren abgetrennt werden kann.\u00a0 Zwei der Angeklagten werden voraussichtlich aussagen. Die Anw\u00e4lte von Beate Zsch\u00e4pe haben angek\u00fcndigt, dass die Hauptbeschuldigte schweigen wird.","og_url":"https:\/\/blog.zeit.de\/nsu-prozess-blog\/2013\/05\/16\/4-prozesstag\/","og_site_name":"Das NSU-Prozess-Blog","article_published_time":"2013-05-16T06:55:26+00:00","article_modified_time":"2013-05-18T13:03:28+00:00","og_image":[{"url":"https:\/\/blog.zeit.de\/nsu-prozess-blog\/files\/2013\/05\/IMG_0289-580x87.jpg"}],"author":"Mirjam Schmitt","twitter_misc":{"Geschrieben von":"Mirjam Schmitt"},"schema":{"@context":"https:\/\/schema.org","@graph":[{"@type":"WebPage","@id":"https:\/\/blog.zeit.de\/nsu-prozess-blog\/2013\/05\/16\/4-prozesstag\/","url":"https:\/\/blog.zeit.de\/nsu-prozess-blog\/2013\/05\/16\/4-prozesstag\/","name":"4. Prozesstag - Das NSU-Prozess-Blog","isPartOf":{"@id":"https:\/\/blog.zeit.de\/nsu-prozess-blog\/#website"},"datePublished":"2013-05-16T06:55:26+00:00","dateModified":"2013-05-18T13:03:28+00:00","author":{"@id":"https:\/\/blog.zeit.de\/nsu-prozess-blog\/#\/schema\/person\/45acffb344ee326a2ebea3f5c0ad3ae8"},"breadcrumb":{"@id":"https:\/\/blog.zeit.de\/nsu-prozess-blog\/2013\/05\/16\/4-prozesstag\/#breadcrumb"},"inLanguage":"de","potentialAction":[{"@type":"ReadAction","target":["https:\/\/blog.zeit.de\/nsu-prozess-blog\/2013\/05\/16\/4-prozesstag\/"]}]},{"@type":"BreadcrumbList","@id":"https:\/\/blog.zeit.de\/nsu-prozess-blog\/2013\/05\/16\/4-prozesstag\/#breadcrumb","itemListElement":[{"@type":"ListItem","position":1,"name":"Startseite","item":"https:\/\/blog.zeit.de\/nsu-prozess-blog\/"},{"@type":"ListItem","position":2,"name":"4. Prozesstag"}]},{"@type":"WebSite","@id":"https:\/\/blog.zeit.de\/nsu-prozess-blog\/#website","url":"https:\/\/blog.zeit.de\/nsu-prozess-blog\/","name":"Das NSU-Prozess-Blog","description":"Alle Berichte zum Terrorverfahren in M\u00fcnchen","potentialAction":[{"@type":"SearchAction","target":{"@type":"EntryPoint","urlTemplate":"https:\/\/blog.zeit.de\/nsu-prozess-blog\/?s={search_term_string}"},"query-input":"required name=search_term_string"}],"inLanguage":"de"},{"@type":"Person","@id":"https:\/\/blog.zeit.de\/nsu-prozess-blog\/#\/schema\/person\/45acffb344ee326a2ebea3f5c0ad3ae8","name":"Mirjam Schmitt","image":{"@type":"ImageObject","inLanguage":"de","@id":"https:\/\/blog.zeit.de\/nsu-prozess-blog\/#\/schema\/person\/image\/","url":"https:\/\/secure.gravatar.com\/avatar\/21ea3e922b6404f0cab7bb919e2b401850e5cef2e7155dba6caa935b66c5688b?s=96&d=mm&r=g","contentUrl":"https:\/\/secure.gravatar.com\/avatar\/21ea3e922b6404f0cab7bb919e2b401850e5cef2e7155dba6caa935b66c5688b?s=96&d=mm&r=g","caption":"Mirjam Schmitt"},"url":"https:\/\/blog.zeit.de\/nsu-prozess-blog\/author\/mschmitt\/"}]}},"jetpack_featured_media_url":"","jetpack_sharing_enabled":true,"_links":{"self":[{"href":"https:\/\/blog.zeit.de\/nsu-prozess-blog\/wp-json\/wp\/v2\/posts\/481","targetHints":{"allow":["GET"]}}],"collection":[{"href":"https:\/\/blog.zeit.de\/nsu-prozess-blog\/wp-json\/wp\/v2\/posts"}],"about":[{"href":"https:\/\/blog.zeit.de\/nsu-prozess-blog\/wp-json\/wp\/v2\/types\/post"}],"author":[{"embeddable":true,"href":"https:\/\/blog.zeit.de\/nsu-prozess-blog\/wp-json\/wp\/v2\/users\/410"}],"replies":[{"embeddable":true,"href":"https:\/\/blog.zeit.de\/nsu-prozess-blog\/wp-json\/wp\/v2\/comments?post=481"}],"version-history":[{"count":2,"href":"https:\/\/blog.zeit.de\/nsu-prozess-blog\/wp-json\/wp\/v2\/posts\/481\/revisions"}],"predecessor-version":[{"id":530,"href":"https:\/\/blog.zeit.de\/nsu-prozess-blog\/wp-json\/wp\/v2\/posts\/481\/revisions\/530"}],"wp:attachment":[{"href":"https:\/\/blog.zeit.de\/nsu-prozess-blog\/wp-json\/wp\/v2\/media?parent=481"}],"wp:term":[{"taxonomy":"category","embeddable":true,"href":"https:\/\/blog.zeit.de\/nsu-prozess-blog\/wp-json\/wp\/v2\/categories?post=481"},{"taxonomy":"post_tag","embeddable":true,"href":"https:\/\/blog.zeit.de\/nsu-prozess-blog\/wp-json\/wp\/v2\/tags?post=481"}],"curies":[{"name":"wp","href":"https:\/\/api.w.org\/{rel}","templated":true}]}}