{"id":4908,"date":"2013-12-10T07:23:08","date_gmt":"2013-12-10T06:23:08","guid":{"rendered":"http:\/\/blog.zeit.de\/nsu-prozess-blog\/?p=4908"},"modified":"2013-12-10T07:48:30","modified_gmt":"2013-12-10T06:48:30","slug":"wasserschaden-zwickau-2","status":"publish","type":"post","link":"https:\/\/blog.zeit.de\/nsu-prozess-blog\/2013\/12\/10\/wasserschaden-zwickau-2\/","title":{"rendered":"Wie Zsch\u00e4pe fast aufflog \u2013 das Medienlog vom Dienstag, 10. Dezember 2013"},"content":{"rendered":"<p>Am 66. Verhandlungstag sagte unter anderem ein Beamter im NSU-Prozess aus, der 2007 wegen eines Wasserschadens in die Zwickauer Polenzstra\u00dfe gerufen wurde und Beate Zsch\u00e4pe als Zeugin befragte \u2013 jedoch nicht erkannte. &#8222;Man kann sich nun sehr gut vorstellen, wie erschrocken eine Frau sein muss, die seit neun Jahren im Untergrund lebt und deren Freunde bis dahin schon neun Menschen ermordet hatten. Trotzdem muss diese Frau extrem nervenstark sein&#8220;, schreibt Annette Rammelsberger zur Aussage in der <a href=\"http:\/\/www.sueddeutsche.de\/politik\/nsu-prozess-auffallend-unauffaellig-1.1839689\" target=\"_blank\"><em>S\u00fcddeutschen Zeitung<\/em><\/a>.<\/p>\n<p><!--more--><\/p>\n<p><em>An jedem Werktag sichten wir f\u00fcr das NSU-Prozess-Blog die Medien und stellen wichtige Berichte, Blogs, Videos und Tweets zusammen. Wir freuen uns \u00fcber Hinweise via Twitter mit dem Hashtag #nsublog \u2013 oder per E-Mail an <a href=\"mailto:nsublog@zeit.de\">nsublog@zeit.de.<\/a><\/em><\/p>\n<p>Als Zeugin zum Wasserschaden sei Beate Zsch\u00e4pe &#8222;nicht mehr so wertvoll&#8220; gewesen, sagte der Beamte vor Gericht. Folglich seien Passdaten und Namenserkl\u00e4rungen nicht \u00fcberpr\u00fcft worden, so Andreas Speit in der <a href=\"http:\/\/www.taz.de\/Muenchner-NSU-Prozess\/!129089\/\" target=\"_blank\"><em>taz<\/em><\/a>. &#8222;Erst lange nach dem Abgleichen der Dokumente stellten die Ermittler Abweichungen fest. So stimmte die Unterschrift der Personalausweisauskunft des Einwohnermeldeamtes zur Person von der echten Susann E. nicht mit der Unterschrift auf der Zeugenvernehmung \u00fcberein.&#8220;<\/p>\n<p>Den Prozess bringe die Aussage des Zwickauer Polizeibeamten wenig weiter, kommentiert die Autorin im Bayerischen Rundfunk. &#8222;Denn im Gerichtssaal erkennt der Polizeibeamte weder Beate Zsch\u00e4pe als die damalige Zeugin wieder, noch Andr\u00e9 E., der sie damals aufs Polizeirevier begleitet haben soll und der heute neben Beate Zsch\u00e4pe auf der Anklagebank sitzt.&#8220; Wenig neue Erkenntnisse habe auch die Aussage einer BKA-Beamtin gebracht, die Zsch\u00e4pe am 25. Juni 2012 von K\u00f6ln-Ossendorf nach Th\u00fcringen in einem Polizeibus auf dem Weg zu einem Besuch bei Zsch\u00e4pes Gro\u00dfmutter begleitete.<\/p>\n<p>Die Aussage der BKA Beamtin ist Gisela Friedrichsen von <a href=\"http:\/\/www.spiegel.de\/panorama\/justiz\/nsu-prozess-zur-irrfahrt-von-beate-zschaepe-im-november-2011-a-938106.html\" target=\"_blank\"><em>Spiegel Online<\/em><\/a> besonders in Erinnerung geblieben, sie beschreibt diese als &#8222;besonders eindrucksvoll&#8220; und kommentiert: &#8222;Sie lieferte eine fast filmreife Darbietung, kompetent, exzellent vorbereitet und h\u00f6chst eloquent vorgetragen.&#8220; Die Beamtin berichtete nicht nur von der Fahrt mit dem Polizeibus, sondern auch vom Verhalten Zsch\u00e4pes, nachdem sich Uwe B\u00f6hnhardt und Uwe Mundlos am 4. November 2011 umbrachten und der NSU damit aufflog. Wie Friedrichsen schreibt, wollte sich Zsch\u00e4pe sogar schon fr\u00fcher stellen: &#8222;An einer Stra\u00dfenbahnhaltestelle habe sie eine Sch\u00fclerin um deren Handy gebeten und, wie dieser auffiel, &#8222;stark zitternd&#8220; einen Notruf abgesetzt. Sie habe sich stellen wollen, stie\u00df aber wohl beim Gespr\u00e4chspartner auf keine Resonanz. &#8222;Der Beamte konnte den Anruf nicht zuordnen und legte auf&#8220;, sagte die BKA-Beamtin.<\/p>\n<p>Der Befangenheitsantrag, den Wohlleben-Verteidiger Olaf Klemke am Donnerstag gegen Richter Manfred G\u00f6tzl stellte, wurde zudem am Montag als unbegr\u00fcndet abgelehnt, wie unter anderem Frank Jansen im <a href=\"http:\/\/www.tagesspiegel.de\/politik\/66-tag-im-nsu-prozess-weiterer-befangenheitsantrag-gegen-den-vorsitzenden-richter-gescheitert\/9194622.html\" target=\"_blank\"><em>Tagesspiegel<\/em><\/a> berichtet. (<a href=\"https:\/\/blog.zeit.de\/nsu-prozess-blog\/2013\/12\/06\/befangenheitsantrag-gotzl\/\" target=\"_blank\">Vgl. Medienlog vom Freitag, 6. Dezember 2013<\/a>)<\/p>\n<p>Keine Berichte in englisch- und t\u00fcrkischsprachigen Onlinemedien.<\/p>\n<p><em>Das n\u00e4chste Medienlog erscheint am Mittwoch, 11. Dezember 2013<\/em><\/p>\n","protected":false},"excerpt":{"rendered":"<p>Am 66. Verhandlungstag sagte unter anderem ein Beamter im NSU-Prozess aus, der 2007 wegen eines Wasserschadens in die Zwickauer Polenzstra\u00dfe gerufen wurde und Beate Zsch\u00e4pe als Zeugin befragte \u2013 jedoch nicht erkannte. &#8222;Man kann sich nun sehr gut vorstellen, wie erschrocken eine Frau sein muss, die seit neun Jahren im Untergrund lebt und deren Freunde [&hellip;]<\/p>\n","protected":false},"author":410,"featured_media":0,"comment_status":"open","ping_status":"open","sticky":false,"template":"","format":"standard","meta":{"_jetpack_memberships_contains_paid_content":false,"footnotes":""},"categories":[27531],"tags":[17793,27560],"class_list":["post-4908","post","type-post","status-publish","format-standard","hentry","category-medienschau","tag-beate-zschape","tag-zwickau"],"yoast_head":"<!-- This site is optimized with the Yoast SEO plugin v21.0 - https:\/\/yoast.com\/wordpress\/plugins\/seo\/ -->\n<title>Wie Zsch\u00e4pe fast aufflog \u2013 das Medienlog vom Dienstag, 10. Dezember 2013 - Das NSU-Prozess-Blog<\/title>\n<meta name=\"robots\" content=\"index, follow, max-snippet:-1, max-image-preview:large, max-video-preview:-1\" \/>\n<link rel=\"canonical\" href=\"https:\/\/blog.zeit.de\/nsu-prozess-blog\/2013\/12\/10\/wasserschaden-zwickau-2\/\" \/>\n<meta property=\"og:locale\" content=\"de_DE\" \/>\n<meta property=\"og:type\" content=\"article\" \/>\n<meta property=\"og:title\" content=\"Wie Zsch\u00e4pe fast aufflog \u2013 das Medienlog vom Dienstag, 10. Dezember 2013 - Das NSU-Prozess-Blog\" \/>\n<meta property=\"og:description\" content=\"Am 66. Verhandlungstag sagte unter anderem ein Beamter im NSU-Prozess aus, der 2007 wegen eines Wasserschadens in die Zwickauer Polenzstra\u00dfe gerufen wurde und Beate Zsch\u00e4pe als Zeugin befragte \u2013 jedoch nicht erkannte. &#8222;Man kann sich nun sehr gut vorstellen, wie erschrocken eine Frau sein muss, die seit neun Jahren im Untergrund lebt und deren Freunde [&hellip;]\" \/>\n<meta property=\"og:url\" content=\"https:\/\/blog.zeit.de\/nsu-prozess-blog\/2013\/12\/10\/wasserschaden-zwickau-2\/\" \/>\n<meta property=\"og:site_name\" content=\"Das NSU-Prozess-Blog\" \/>\n<meta property=\"article:published_time\" content=\"2013-12-10T06:23:08+00:00\" \/>\n<meta property=\"article:modified_time\" content=\"2013-12-10T06:48:30+00:00\" \/>\n<meta name=\"author\" content=\"Mirjam Schmitt\" \/>\n<meta name=\"twitter:label1\" content=\"Geschrieben von\" \/>\n\t<meta name=\"twitter:data1\" content=\"Mirjam Schmitt\" \/>\n\t<meta name=\"twitter:label2\" content=\"Gesch\u00e4tzte Lesezeit\" \/>\n\t<meta name=\"twitter:data2\" content=\"2\u00a0Minuten\" \/>\n<script type=\"application\/ld+json\" class=\"yoast-schema-graph\">{\"@context\":\"https:\/\/schema.org\",\"@graph\":[{\"@type\":\"WebPage\",\"@id\":\"https:\/\/blog.zeit.de\/nsu-prozess-blog\/2013\/12\/10\/wasserschaden-zwickau-2\/\",\"url\":\"https:\/\/blog.zeit.de\/nsu-prozess-blog\/2013\/12\/10\/wasserschaden-zwickau-2\/\",\"name\":\"Wie Zsch\u00e4pe fast aufflog \u2013 das Medienlog vom Dienstag, 10. Dezember 2013 - Das NSU-Prozess-Blog\",\"isPartOf\":{\"@id\":\"https:\/\/blog.zeit.de\/nsu-prozess-blog\/#website\"},\"datePublished\":\"2013-12-10T06:23:08+00:00\",\"dateModified\":\"2013-12-10T06:48:30+00:00\",\"author\":{\"@id\":\"https:\/\/blog.zeit.de\/nsu-prozess-blog\/#\/schema\/person\/45acffb344ee326a2ebea3f5c0ad3ae8\"},\"breadcrumb\":{\"@id\":\"https:\/\/blog.zeit.de\/nsu-prozess-blog\/2013\/12\/10\/wasserschaden-zwickau-2\/#breadcrumb\"},\"inLanguage\":\"de\",\"potentialAction\":[{\"@type\":\"ReadAction\",\"target\":[\"https:\/\/blog.zeit.de\/nsu-prozess-blog\/2013\/12\/10\/wasserschaden-zwickau-2\/\"]}]},{\"@type\":\"BreadcrumbList\",\"@id\":\"https:\/\/blog.zeit.de\/nsu-prozess-blog\/2013\/12\/10\/wasserschaden-zwickau-2\/#breadcrumb\",\"itemListElement\":[{\"@type\":\"ListItem\",\"position\":1,\"name\":\"Startseite\",\"item\":\"https:\/\/blog.zeit.de\/nsu-prozess-blog\/\"},{\"@type\":\"ListItem\",\"position\":2,\"name\":\"Wie Zsch\u00e4pe fast aufflog \u2013 das Medienlog vom Dienstag, 10. Dezember 2013\"}]},{\"@type\":\"WebSite\",\"@id\":\"https:\/\/blog.zeit.de\/nsu-prozess-blog\/#website\",\"url\":\"https:\/\/blog.zeit.de\/nsu-prozess-blog\/\",\"name\":\"Das NSU-Prozess-Blog\",\"description\":\"Alle Berichte zum Terrorverfahren in M\u00fcnchen\",\"potentialAction\":[{\"@type\":\"SearchAction\",\"target\":{\"@type\":\"EntryPoint\",\"urlTemplate\":\"https:\/\/blog.zeit.de\/nsu-prozess-blog\/?s={search_term_string}\"},\"query-input\":\"required name=search_term_string\"}],\"inLanguage\":\"de\"},{\"@type\":\"Person\",\"@id\":\"https:\/\/blog.zeit.de\/nsu-prozess-blog\/#\/schema\/person\/45acffb344ee326a2ebea3f5c0ad3ae8\",\"name\":\"Mirjam Schmitt\",\"image\":{\"@type\":\"ImageObject\",\"inLanguage\":\"de\",\"@id\":\"https:\/\/blog.zeit.de\/nsu-prozess-blog\/#\/schema\/person\/image\/\",\"url\":\"https:\/\/secure.gravatar.com\/avatar\/21ea3e922b6404f0cab7bb919e2b401850e5cef2e7155dba6caa935b66c5688b?s=96&d=mm&r=g\",\"contentUrl\":\"https:\/\/secure.gravatar.com\/avatar\/21ea3e922b6404f0cab7bb919e2b401850e5cef2e7155dba6caa935b66c5688b?s=96&d=mm&r=g\",\"caption\":\"Mirjam Schmitt\"},\"url\":\"https:\/\/blog.zeit.de\/nsu-prozess-blog\/author\/mschmitt\/\"}]}<\/script>\n<!-- \/ Yoast SEO plugin. -->","yoast_head_json":{"title":"Wie Zsch\u00e4pe fast aufflog \u2013 das Medienlog vom Dienstag, 10. Dezember 2013 - Das NSU-Prozess-Blog","robots":{"index":"index","follow":"follow","max-snippet":"max-snippet:-1","max-image-preview":"max-image-preview:large","max-video-preview":"max-video-preview:-1"},"canonical":"https:\/\/blog.zeit.de\/nsu-prozess-blog\/2013\/12\/10\/wasserschaden-zwickau-2\/","og_locale":"de_DE","og_type":"article","og_title":"Wie Zsch\u00e4pe fast aufflog \u2013 das Medienlog vom Dienstag, 10. Dezember 2013 - Das NSU-Prozess-Blog","og_description":"Am 66. Verhandlungstag sagte unter anderem ein Beamter im NSU-Prozess aus, der 2007 wegen eines Wasserschadens in die Zwickauer Polenzstra\u00dfe gerufen wurde und Beate Zsch\u00e4pe als Zeugin befragte \u2013 jedoch nicht erkannte. &#8222;Man kann sich nun sehr gut vorstellen, wie erschrocken eine Frau sein muss, die seit neun Jahren im Untergrund lebt und deren Freunde [&hellip;]","og_url":"https:\/\/blog.zeit.de\/nsu-prozess-blog\/2013\/12\/10\/wasserschaden-zwickau-2\/","og_site_name":"Das NSU-Prozess-Blog","article_published_time":"2013-12-10T06:23:08+00:00","article_modified_time":"2013-12-10T06:48:30+00:00","author":"Mirjam Schmitt","twitter_misc":{"Geschrieben von":"Mirjam Schmitt","Gesch\u00e4tzte Lesezeit":"2\u00a0Minuten"},"schema":{"@context":"https:\/\/schema.org","@graph":[{"@type":"WebPage","@id":"https:\/\/blog.zeit.de\/nsu-prozess-blog\/2013\/12\/10\/wasserschaden-zwickau-2\/","url":"https:\/\/blog.zeit.de\/nsu-prozess-blog\/2013\/12\/10\/wasserschaden-zwickau-2\/","name":"Wie Zsch\u00e4pe fast aufflog \u2013 das Medienlog vom Dienstag, 10. Dezember 2013 - Das NSU-Prozess-Blog","isPartOf":{"@id":"https:\/\/blog.zeit.de\/nsu-prozess-blog\/#website"},"datePublished":"2013-12-10T06:23:08+00:00","dateModified":"2013-12-10T06:48:30+00:00","author":{"@id":"https:\/\/blog.zeit.de\/nsu-prozess-blog\/#\/schema\/person\/45acffb344ee326a2ebea3f5c0ad3ae8"},"breadcrumb":{"@id":"https:\/\/blog.zeit.de\/nsu-prozess-blog\/2013\/12\/10\/wasserschaden-zwickau-2\/#breadcrumb"},"inLanguage":"de","potentialAction":[{"@type":"ReadAction","target":["https:\/\/blog.zeit.de\/nsu-prozess-blog\/2013\/12\/10\/wasserschaden-zwickau-2\/"]}]},{"@type":"BreadcrumbList","@id":"https:\/\/blog.zeit.de\/nsu-prozess-blog\/2013\/12\/10\/wasserschaden-zwickau-2\/#breadcrumb","itemListElement":[{"@type":"ListItem","position":1,"name":"Startseite","item":"https:\/\/blog.zeit.de\/nsu-prozess-blog\/"},{"@type":"ListItem","position":2,"name":"Wie Zsch\u00e4pe fast aufflog \u2013 das Medienlog vom Dienstag, 10. Dezember 2013"}]},{"@type":"WebSite","@id":"https:\/\/blog.zeit.de\/nsu-prozess-blog\/#website","url":"https:\/\/blog.zeit.de\/nsu-prozess-blog\/","name":"Das NSU-Prozess-Blog","description":"Alle Berichte zum Terrorverfahren in M\u00fcnchen","potentialAction":[{"@type":"SearchAction","target":{"@type":"EntryPoint","urlTemplate":"https:\/\/blog.zeit.de\/nsu-prozess-blog\/?s={search_term_string}"},"query-input":"required name=search_term_string"}],"inLanguage":"de"},{"@type":"Person","@id":"https:\/\/blog.zeit.de\/nsu-prozess-blog\/#\/schema\/person\/45acffb344ee326a2ebea3f5c0ad3ae8","name":"Mirjam Schmitt","image":{"@type":"ImageObject","inLanguage":"de","@id":"https:\/\/blog.zeit.de\/nsu-prozess-blog\/#\/schema\/person\/image\/","url":"https:\/\/secure.gravatar.com\/avatar\/21ea3e922b6404f0cab7bb919e2b401850e5cef2e7155dba6caa935b66c5688b?s=96&d=mm&r=g","contentUrl":"https:\/\/secure.gravatar.com\/avatar\/21ea3e922b6404f0cab7bb919e2b401850e5cef2e7155dba6caa935b66c5688b?s=96&d=mm&r=g","caption":"Mirjam Schmitt"},"url":"https:\/\/blog.zeit.de\/nsu-prozess-blog\/author\/mschmitt\/"}]}},"jetpack_featured_media_url":"","jetpack_sharing_enabled":true,"_links":{"self":[{"href":"https:\/\/blog.zeit.de\/nsu-prozess-blog\/wp-json\/wp\/v2\/posts\/4908","targetHints":{"allow":["GET"]}}],"collection":[{"href":"https:\/\/blog.zeit.de\/nsu-prozess-blog\/wp-json\/wp\/v2\/posts"}],"about":[{"href":"https:\/\/blog.zeit.de\/nsu-prozess-blog\/wp-json\/wp\/v2\/types\/post"}],"author":[{"embeddable":true,"href":"https:\/\/blog.zeit.de\/nsu-prozess-blog\/wp-json\/wp\/v2\/users\/410"}],"replies":[{"embeddable":true,"href":"https:\/\/blog.zeit.de\/nsu-prozess-blog\/wp-json\/wp\/v2\/comments?post=4908"}],"version-history":[{"count":29,"href":"https:\/\/blog.zeit.de\/nsu-prozess-blog\/wp-json\/wp\/v2\/posts\/4908\/revisions"}],"predecessor-version":[{"id":4938,"href":"https:\/\/blog.zeit.de\/nsu-prozess-blog\/wp-json\/wp\/v2\/posts\/4908\/revisions\/4938"}],"wp:attachment":[{"href":"https:\/\/blog.zeit.de\/nsu-prozess-blog\/wp-json\/wp\/v2\/media?parent=4908"}],"wp:term":[{"taxonomy":"category","embeddable":true,"href":"https:\/\/blog.zeit.de\/nsu-prozess-blog\/wp-json\/wp\/v2\/categories?post=4908"},{"taxonomy":"post_tag","embeddable":true,"href":"https:\/\/blog.zeit.de\/nsu-prozess-blog\/wp-json\/wp\/v2\/tags?post=4908"}],"curies":[{"name":"wp","href":"https:\/\/api.w.org\/{rel}","templated":true}]}}