{"id":5028,"date":"2013-12-16T11:29:22","date_gmt":"2013-12-16T10:29:22","guid":{"rendered":"http:\/\/blog.zeit.de\/nsu-prozess-blog\/?p=5028"},"modified":"2013-12-16T11:46:46","modified_gmt":"2013-12-16T10:46:46","slug":"cousin-zschaepe","status":"publish","type":"post","link":"https:\/\/blog.zeit.de\/nsu-prozess-blog\/2013\/12\/16\/cousin-zschaepe\/","title":{"rendered":"&#8222;Selbstbewusst aber nicht gewaltbereit&#8220; \u2013 das Medienlog vom Montag, 16. Dezember 2013"},"content":{"rendered":"<p>W\u00e4hrend der Aussage von Brigitte B\u00f6hnhardt, der Mutter des toten NSU-Mitglieds Uwe B\u00f6hnhardt, sei die Angeklagte Beate Zsch\u00e4pe vor Gericht das erste Mal innerlich aufgew\u00fchlt gewesen, schreibt Andreas F\u00f6rster im <a href=\"http:\/\/www.cicero.de\/berliner-republik\/nsu-skandal-der-gerichtsprozess\/56631\" target=\"_blank\">Magazin <em>Cicero<\/em><\/a>. Brigitte B\u00f6hnhardt sagte am 57. und 58. Verhandlungstag im NSU-Prozess aus. (<a href=\"https:\/\/blog.zeit.de\/nsu-prozess-blog\/2013\/11\/21\/mutter-boehnhardt-zwei\/\" target=\"_blank\">Vgl. Medienlog vom 21. November 2013<\/a>)<\/p>\n<p><!--more--><\/p>\n<p><em>An jedem Werktag sichten wir f\u00fcr das NSU-Prozess-Blog die Medien und stellen wichtige Berichte, Blogs, Videos und Tweets zusammen. Wir freuen uns \u00fcber Hinweise via Twitter mit dem Hashtag #nsublog \u2013 oder per E-Mail an <a href=\"mailto:nsublog@zeit.de\">nsublog@zeit.de.<\/a><\/em><\/p>\n<p>Der Autor geht in seinem Text auf die Aussagen von B\u00f6hnhardts Mutter und von Beate Zsch\u00e4pes Cousin Stefan A. ein. Von beiden h\u00e4tte das Gericht bislang am meisten \u00fcber den Menschen Beate Zsch\u00e4pe erfahren. Nur: &#8222;Was die beiden \u00fcber die Angeklagte aussagten, will nicht recht passen zum Bild einer Terroristin und M\u00f6rderin&#8220;, kommentiert der Autor. Der Cousin h\u00e4tte Zsch\u00e4pe als &#8222;selbstbewusst, aber nicht gewaltbereit&#8220; beschrieben, f\u00fcr Brigitte B\u00f6hnhardt sei sie eine<strong> &#8222;richtig nette Schwiegertochter&#8220;<\/strong> gewesen.<\/p>\n<p>Nur mit einer Aussage h\u00e4tte Brigitte B\u00f6hnhardt Zsch\u00e4pe unfreiwillig belastet, so der Autor. Frau B\u00f6hnhardt sagte vor Gericht: &#8222;Alle drei waren erwachsen. Sie h\u00e4tte gehen k\u00f6nnen. Jeder hatte gleicherma\u00dfen etwas zu sagen.&#8220;<\/p>\n<p>Um ein Urteil f\u00e4llen zu k\u00f6nnen, m\u00fcsse sich das Gericht ein Bild von der Angeklagten machen, doch dies sei bislang ein m\u00fchseliger Weg, res\u00fcmiert Andreas F\u00f6rster im Magazin <em>Cicero<\/em>.<\/p>\n<p>Keine Berichte in englisch- und t\u00fcrkischsprachigen Onlinemedien.<\/p>\n<p><em>Das n\u00e4chste Medienlog erscheint am Dienstag, 17. Dezember 2013.<\/em><\/p>\n<p>&nbsp;<\/p>\n","protected":false},"excerpt":{"rendered":"<p>W\u00e4hrend der Aussage von Brigitte B\u00f6hnhardt, der Mutter des toten NSU-Mitglieds Uwe B\u00f6hnhardt, sei die Angeklagte Beate Zsch\u00e4pe vor Gericht das erste Mal innerlich aufgew\u00fchlt gewesen, schreibt Andreas F\u00f6rster im Magazin Cicero. Brigitte B\u00f6hnhardt sagte am 57. und 58. Verhandlungstag im NSU-Prozess aus. (Vgl. Medienlog vom 21. November 2013)<\/p>\n","protected":false},"author":410,"featured_media":0,"comment_status":"open","ping_status":"open","sticky":false,"template":"","format":"standard","meta":{"_jetpack_memberships_contains_paid_content":false,"footnotes":""},"categories":[27531],"tags":[17793,29462,29472,22860],"class_list":["post-5028","post","type-post","status-publish","format-standard","hentry","category-medienschau","tag-beate-zschape","tag-brigitte-bohnhardt","tag-stefan-a","tag-uwe-bohnhardt"],"yoast_head":"<!-- This site is optimized with the Yoast SEO plugin v21.0 - https:\/\/yoast.com\/wordpress\/plugins\/seo\/ -->\n<title>&quot;Selbstbewusst aber nicht gewaltbereit&quot; \u2013 das Medienlog vom Montag, 16. Dezember 2013 - Das NSU-Prozess-Blog<\/title>\n<meta name=\"robots\" content=\"index, follow, max-snippet:-1, max-image-preview:large, max-video-preview:-1\" \/>\n<link rel=\"canonical\" href=\"https:\/\/blog.zeit.de\/nsu-prozess-blog\/2013\/12\/16\/cousin-zschaepe\/\" \/>\n<meta property=\"og:locale\" content=\"de_DE\" \/>\n<meta property=\"og:type\" content=\"article\" \/>\n<meta property=\"og:title\" content=\"&quot;Selbstbewusst aber nicht gewaltbereit&quot; \u2013 das Medienlog vom Montag, 16. Dezember 2013 - Das NSU-Prozess-Blog\" \/>\n<meta property=\"og:description\" content=\"W\u00e4hrend der Aussage von Brigitte B\u00f6hnhardt, der Mutter des toten NSU-Mitglieds Uwe B\u00f6hnhardt, sei die Angeklagte Beate Zsch\u00e4pe vor Gericht das erste Mal innerlich aufgew\u00fchlt gewesen, schreibt Andreas F\u00f6rster im Magazin Cicero. Brigitte B\u00f6hnhardt sagte am 57. und 58. Verhandlungstag im NSU-Prozess aus. (Vgl. Medienlog vom 21. November 2013)\" \/>\n<meta property=\"og:url\" content=\"https:\/\/blog.zeit.de\/nsu-prozess-blog\/2013\/12\/16\/cousin-zschaepe\/\" \/>\n<meta property=\"og:site_name\" content=\"Das NSU-Prozess-Blog\" \/>\n<meta property=\"article:published_time\" content=\"2013-12-16T10:29:22+00:00\" \/>\n<meta property=\"article:modified_time\" content=\"2013-12-16T10:46:46+00:00\" \/>\n<meta name=\"author\" content=\"Mirjam Schmitt\" \/>\n<meta name=\"twitter:label1\" content=\"Geschrieben von\" \/>\n\t<meta name=\"twitter:data1\" content=\"Mirjam Schmitt\" \/>\n\t<meta name=\"twitter:label2\" content=\"Gesch\u00e4tzte Lesezeit\" \/>\n\t<meta name=\"twitter:data2\" content=\"1\u00a0Minute\" \/>\n<script type=\"application\/ld+json\" class=\"yoast-schema-graph\">{\"@context\":\"https:\/\/schema.org\",\"@graph\":[{\"@type\":\"WebPage\",\"@id\":\"https:\/\/blog.zeit.de\/nsu-prozess-blog\/2013\/12\/16\/cousin-zschaepe\/\",\"url\":\"https:\/\/blog.zeit.de\/nsu-prozess-blog\/2013\/12\/16\/cousin-zschaepe\/\",\"name\":\"\\\"Selbstbewusst aber nicht gewaltbereit\\\" \u2013 das Medienlog vom Montag, 16. Dezember 2013 - Das NSU-Prozess-Blog\",\"isPartOf\":{\"@id\":\"https:\/\/blog.zeit.de\/nsu-prozess-blog\/#website\"},\"datePublished\":\"2013-12-16T10:29:22+00:00\",\"dateModified\":\"2013-12-16T10:46:46+00:00\",\"author\":{\"@id\":\"https:\/\/blog.zeit.de\/nsu-prozess-blog\/#\/schema\/person\/45acffb344ee326a2ebea3f5c0ad3ae8\"},\"breadcrumb\":{\"@id\":\"https:\/\/blog.zeit.de\/nsu-prozess-blog\/2013\/12\/16\/cousin-zschaepe\/#breadcrumb\"},\"inLanguage\":\"de\",\"potentialAction\":[{\"@type\":\"ReadAction\",\"target\":[\"https:\/\/blog.zeit.de\/nsu-prozess-blog\/2013\/12\/16\/cousin-zschaepe\/\"]}]},{\"@type\":\"BreadcrumbList\",\"@id\":\"https:\/\/blog.zeit.de\/nsu-prozess-blog\/2013\/12\/16\/cousin-zschaepe\/#breadcrumb\",\"itemListElement\":[{\"@type\":\"ListItem\",\"position\":1,\"name\":\"Startseite\",\"item\":\"https:\/\/blog.zeit.de\/nsu-prozess-blog\/\"},{\"@type\":\"ListItem\",\"position\":2,\"name\":\"&#8222;Selbstbewusst aber nicht gewaltbereit&#8220; \u2013 das Medienlog vom Montag, 16. Dezember 2013\"}]},{\"@type\":\"WebSite\",\"@id\":\"https:\/\/blog.zeit.de\/nsu-prozess-blog\/#website\",\"url\":\"https:\/\/blog.zeit.de\/nsu-prozess-blog\/\",\"name\":\"Das NSU-Prozess-Blog\",\"description\":\"Alle Berichte zum Terrorverfahren in M\u00fcnchen\",\"potentialAction\":[{\"@type\":\"SearchAction\",\"target\":{\"@type\":\"EntryPoint\",\"urlTemplate\":\"https:\/\/blog.zeit.de\/nsu-prozess-blog\/?s={search_term_string}\"},\"query-input\":\"required name=search_term_string\"}],\"inLanguage\":\"de\"},{\"@type\":\"Person\",\"@id\":\"https:\/\/blog.zeit.de\/nsu-prozess-blog\/#\/schema\/person\/45acffb344ee326a2ebea3f5c0ad3ae8\",\"name\":\"Mirjam Schmitt\",\"image\":{\"@type\":\"ImageObject\",\"inLanguage\":\"de\",\"@id\":\"https:\/\/blog.zeit.de\/nsu-prozess-blog\/#\/schema\/person\/image\/\",\"url\":\"https:\/\/secure.gravatar.com\/avatar\/21ea3e922b6404f0cab7bb919e2b401850e5cef2e7155dba6caa935b66c5688b?s=96&d=mm&r=g\",\"contentUrl\":\"https:\/\/secure.gravatar.com\/avatar\/21ea3e922b6404f0cab7bb919e2b401850e5cef2e7155dba6caa935b66c5688b?s=96&d=mm&r=g\",\"caption\":\"Mirjam Schmitt\"},\"url\":\"https:\/\/blog.zeit.de\/nsu-prozess-blog\/author\/mschmitt\/\"}]}<\/script>\n<!-- \/ Yoast SEO plugin. -->","yoast_head_json":{"title":"\"Selbstbewusst aber nicht gewaltbereit\" \u2013 das Medienlog vom Montag, 16. Dezember 2013 - Das NSU-Prozess-Blog","robots":{"index":"index","follow":"follow","max-snippet":"max-snippet:-1","max-image-preview":"max-image-preview:large","max-video-preview":"max-video-preview:-1"},"canonical":"https:\/\/blog.zeit.de\/nsu-prozess-blog\/2013\/12\/16\/cousin-zschaepe\/","og_locale":"de_DE","og_type":"article","og_title":"\"Selbstbewusst aber nicht gewaltbereit\" \u2013 das Medienlog vom Montag, 16. Dezember 2013 - Das NSU-Prozess-Blog","og_description":"W\u00e4hrend der Aussage von Brigitte B\u00f6hnhardt, der Mutter des toten NSU-Mitglieds Uwe B\u00f6hnhardt, sei die Angeklagte Beate Zsch\u00e4pe vor Gericht das erste Mal innerlich aufgew\u00fchlt gewesen, schreibt Andreas F\u00f6rster im Magazin Cicero. Brigitte B\u00f6hnhardt sagte am 57. und 58. Verhandlungstag im NSU-Prozess aus. (Vgl. Medienlog vom 21. November 2013)","og_url":"https:\/\/blog.zeit.de\/nsu-prozess-blog\/2013\/12\/16\/cousin-zschaepe\/","og_site_name":"Das NSU-Prozess-Blog","article_published_time":"2013-12-16T10:29:22+00:00","article_modified_time":"2013-12-16T10:46:46+00:00","author":"Mirjam Schmitt","twitter_misc":{"Geschrieben von":"Mirjam Schmitt","Gesch\u00e4tzte Lesezeit":"1\u00a0Minute"},"schema":{"@context":"https:\/\/schema.org","@graph":[{"@type":"WebPage","@id":"https:\/\/blog.zeit.de\/nsu-prozess-blog\/2013\/12\/16\/cousin-zschaepe\/","url":"https:\/\/blog.zeit.de\/nsu-prozess-blog\/2013\/12\/16\/cousin-zschaepe\/","name":"\"Selbstbewusst aber nicht gewaltbereit\" \u2013 das Medienlog vom Montag, 16. Dezember 2013 - Das NSU-Prozess-Blog","isPartOf":{"@id":"https:\/\/blog.zeit.de\/nsu-prozess-blog\/#website"},"datePublished":"2013-12-16T10:29:22+00:00","dateModified":"2013-12-16T10:46:46+00:00","author":{"@id":"https:\/\/blog.zeit.de\/nsu-prozess-blog\/#\/schema\/person\/45acffb344ee326a2ebea3f5c0ad3ae8"},"breadcrumb":{"@id":"https:\/\/blog.zeit.de\/nsu-prozess-blog\/2013\/12\/16\/cousin-zschaepe\/#breadcrumb"},"inLanguage":"de","potentialAction":[{"@type":"ReadAction","target":["https:\/\/blog.zeit.de\/nsu-prozess-blog\/2013\/12\/16\/cousin-zschaepe\/"]}]},{"@type":"BreadcrumbList","@id":"https:\/\/blog.zeit.de\/nsu-prozess-blog\/2013\/12\/16\/cousin-zschaepe\/#breadcrumb","itemListElement":[{"@type":"ListItem","position":1,"name":"Startseite","item":"https:\/\/blog.zeit.de\/nsu-prozess-blog\/"},{"@type":"ListItem","position":2,"name":"&#8222;Selbstbewusst aber nicht gewaltbereit&#8220; \u2013 das Medienlog vom Montag, 16. Dezember 2013"}]},{"@type":"WebSite","@id":"https:\/\/blog.zeit.de\/nsu-prozess-blog\/#website","url":"https:\/\/blog.zeit.de\/nsu-prozess-blog\/","name":"Das NSU-Prozess-Blog","description":"Alle Berichte zum Terrorverfahren in M\u00fcnchen","potentialAction":[{"@type":"SearchAction","target":{"@type":"EntryPoint","urlTemplate":"https:\/\/blog.zeit.de\/nsu-prozess-blog\/?s={search_term_string}"},"query-input":"required name=search_term_string"}],"inLanguage":"de"},{"@type":"Person","@id":"https:\/\/blog.zeit.de\/nsu-prozess-blog\/#\/schema\/person\/45acffb344ee326a2ebea3f5c0ad3ae8","name":"Mirjam Schmitt","image":{"@type":"ImageObject","inLanguage":"de","@id":"https:\/\/blog.zeit.de\/nsu-prozess-blog\/#\/schema\/person\/image\/","url":"https:\/\/secure.gravatar.com\/avatar\/21ea3e922b6404f0cab7bb919e2b401850e5cef2e7155dba6caa935b66c5688b?s=96&d=mm&r=g","contentUrl":"https:\/\/secure.gravatar.com\/avatar\/21ea3e922b6404f0cab7bb919e2b401850e5cef2e7155dba6caa935b66c5688b?s=96&d=mm&r=g","caption":"Mirjam Schmitt"},"url":"https:\/\/blog.zeit.de\/nsu-prozess-blog\/author\/mschmitt\/"}]}},"jetpack_featured_media_url":"","jetpack_sharing_enabled":true,"_links":{"self":[{"href":"https:\/\/blog.zeit.de\/nsu-prozess-blog\/wp-json\/wp\/v2\/posts\/5028","targetHints":{"allow":["GET"]}}],"collection":[{"href":"https:\/\/blog.zeit.de\/nsu-prozess-blog\/wp-json\/wp\/v2\/posts"}],"about":[{"href":"https:\/\/blog.zeit.de\/nsu-prozess-blog\/wp-json\/wp\/v2\/types\/post"}],"author":[{"embeddable":true,"href":"https:\/\/blog.zeit.de\/nsu-prozess-blog\/wp-json\/wp\/v2\/users\/410"}],"replies":[{"embeddable":true,"href":"https:\/\/blog.zeit.de\/nsu-prozess-blog\/wp-json\/wp\/v2\/comments?post=5028"}],"version-history":[{"count":23,"href":"https:\/\/blog.zeit.de\/nsu-prozess-blog\/wp-json\/wp\/v2\/posts\/5028\/revisions"}],"predecessor-version":[{"id":5055,"href":"https:\/\/blog.zeit.de\/nsu-prozess-blog\/wp-json\/wp\/v2\/posts\/5028\/revisions\/5055"}],"wp:attachment":[{"href":"https:\/\/blog.zeit.de\/nsu-prozess-blog\/wp-json\/wp\/v2\/media?parent=5028"}],"wp:term":[{"taxonomy":"category","embeddable":true,"href":"https:\/\/blog.zeit.de\/nsu-prozess-blog\/wp-json\/wp\/v2\/categories?post=5028"},{"taxonomy":"post_tag","embeddable":true,"href":"https:\/\/blog.zeit.de\/nsu-prozess-blog\/wp-json\/wp\/v2\/tags?post=5028"}],"curies":[{"name":"wp","href":"https:\/\/api.w.org\/{rel}","templated":true}]}}