{"id":5135,"date":"2013-12-23T08:00:42","date_gmt":"2013-12-23T07:00:42","guid":{"rendered":"http:\/\/blog.zeit.de\/nsu-prozess-blog\/?p=5135"},"modified":"2014-01-07T09:46:14","modified_gmt":"2014-01-07T08:46:14","slug":"rechtsextremismus-fokus","status":"publish","type":"post","link":"https:\/\/blog.zeit.de\/nsu-prozess-blog\/2013\/12\/23\/rechtsextremismus-fokus\/","title":{"rendered":"&#8222;St\u00fcck dunkle deutsche Zeitgeschichte&#8220; \u2013 das Medienlog vom Montag, 23. Dezember 2013"},"content":{"rendered":"<p>Am vergangenen Freitag wurde die Video-Vernehmung von Beate Zsch\u00e4pes ehemaliger Nachbarin nach wenigen Minuten abgebrochen, weil die Zeugin desorientiert gewirkt hatte. Es war der letzte Verhandlungstag in diesem Jahr, der NSU-Prozess wird am 8. Januar 2014 fortgesetzt. Frank Jansen blickt im<a href=\"http:\/\/www.tagesspiegel.de\/politik\/rechtsextremismus-in-deutschland-blick-nach-rechts-ein-jahr-der-aufmerksamkeit\/9251436.html\" target=\"_blank\"><em> Tagesspiegel<\/em><\/a> auf das Jahr zur\u00fcck und kommt zu dem Schluss, dass unter anderem der NSU-Prozess daf\u00fcr gesorgt hat, dass das Thema Rechtsextremismus im Jahr 2013 &#8222;eine Aufmerksamkeit erfahren hat, wie es sie in der Bundesrepublik selten gab&#8220;.<\/p>\n<p><!--more--><\/p>\n<p><em>An jedem Werktag sichten wir f\u00fcr das NSU-Prozess-Blog die Medien und stellen wichtige Berichte, Blogs, Videos und Tweets zusammen. Wir freuen uns \u00fcber Hinweise via Twitter mit dem Hashtag #nsublog \u2013 oder per E-Mail an <a href=\"mailto:nsublog@zeit.de\">nsublog@zeit.de.<\/a><\/em><\/p>\n<p>Den Ablauf der Verhandlung beschreibt Jansen mit drastischen Worten. &#8222;Die Fotos der Toten, die bitteren Aussagen der Angeh\u00f6rigen, gequ\u00e4lt durch den Verlust eines Vaters, Bruders, Sohnes und durch die stigmatisierenden Ermittlungen der Polizei, dann noch die \u00c4u\u00dferungen mancher Zeugen, die f\u00fcr die Opfer wenig Mitleid empfinden, aber Zsch\u00e4pe ausdr\u00fccklich als nett und kinderlieb beschreiben \u2013 was sich am Oberlandesgericht M\u00fcnchen in den vergangenen acht Monaten abgespielt hat, ist ein <strong>St\u00fcck dunkle deutsche Zeitgeschichte<\/strong>&#8222;, so der Autor im <em>Tagesspiegel<\/em>.<\/p>\n<p>Per Hinrichs besch\u00e4ftigt sich in der<em> <a href=\"http:\/\/www.welt.de\/print\/wams\/politik\/article123207769\/Kunst-der-Verdraengung.html\" target=\"_blank\">Welt am Sonntag<\/a><\/em> mit den Eltern der mutma\u00dflichen NSU-Terroristen. &#8222;Wenn Kinder zu Terroristen werden, stellt das ihre Familien vor beinahe unl\u00f6sbare Probleme&#8220;, schreibt er. &#8222;Halten sie weiter zu ihren T\u00f6chtern und S\u00f6hnen, gelten sie schnell als Sympathisanten der Tat, verblendet durch \u00fcbertriebene Liebe und ignorant dem Schicksal der Opfer gegen\u00fcber.&#8220;<\/p>\n<p>Zu einem Bruch mit den Kindern k\u00e4me es selten, vielmehr k\u00f6nnten Eltern nur langsam die Erkenntnis an sich heranlassen, dass das eigene Kind ein M\u00f6rder ist. Hinrichs vergleicht das Schicksal der Familien von Mitgliedern des NSU mit denen der <strong>Roten-Armee-Fraktion (RAF)<\/strong>.\u00a0 Es g\u00e4be viele Gemeinsamkeiten in der Trauer und Verarbeitung, doch auch einen wichtigen Unterschied: &#8222;Die politischen Motive der RAF waren zumindest in ihrer Entstehungsphase f\u00fcr viele Menschen nachvollziehbar, jedenfalls als es nur um Brandanschl\u00e4ge auf Kaufh\u00e4user ging und noch keine Repr\u00e4sentanten des Staates hingerichtet wurden. Es gab &#8218;Sympathisanten&#8216;, und die Ablehnung etwa des Vietnamkrieges war weit verbreitet. Die rassistische Ideologie des NSU aber, die neun Leben von Migranten vernichtete, trifft heute im Grunde \u00fcberall auf Verachtung und Ekel.&#8220;<\/p>\n<p>Keine Berichte in englisch- und t\u00fcrkischsprachigen Onlinemedien.<\/p>\n<p>Das n\u00e4chste Medienlog erscheint am Dienstag, 24. Dezember 2013.<\/p>\n","protected":false},"excerpt":{"rendered":"<p>Am vergangenen Freitag wurde die Video-Vernehmung von Beate Zsch\u00e4pes ehemaliger Nachbarin nach wenigen Minuten abgebrochen, weil die Zeugin desorientiert gewirkt hatte. Es war der letzte Verhandlungstag in diesem Jahr, der NSU-Prozess wird am 8. Januar 2014 fortgesetzt. Frank Jansen blickt im Tagesspiegel auf das Jahr zur\u00fcck und kommt zu dem Schluss, dass unter anderem der [&hellip;]<\/p>\n","protected":false},"author":410,"featured_media":0,"comment_status":"open","ping_status":"open","sticky":false,"template":"","format":"standard","meta":{"_jetpack_memberships_contains_paid_content":false,"footnotes":""},"categories":[27531],"tags":[29481,27558,29480,22889,99],"class_list":["post-5135","post","type-post","status-publish","format-standard","hentry","category-medienschau","tag-familien","tag-mundlos","tag-opfer","tag-raf","tag-rechtsextremismus"],"yoast_head":"<!-- This site is optimized with the Yoast SEO plugin v21.0 - https:\/\/yoast.com\/wordpress\/plugins\/seo\/ -->\n<title>&quot;St\u00fcck dunkle deutsche Zeitgeschichte&quot; \u2013 das Medienlog vom Montag, 23. Dezember 2013 - Das NSU-Prozess-Blog<\/title>\n<meta name=\"robots\" content=\"index, follow, max-snippet:-1, max-image-preview:large, max-video-preview:-1\" \/>\n<link rel=\"canonical\" href=\"https:\/\/blog.zeit.de\/nsu-prozess-blog\/2013\/12\/23\/rechtsextremismus-fokus\/\" \/>\n<meta property=\"og:locale\" content=\"de_DE\" \/>\n<meta property=\"og:type\" content=\"article\" \/>\n<meta property=\"og:title\" content=\"&quot;St\u00fcck dunkle deutsche Zeitgeschichte&quot; \u2013 das Medienlog vom Montag, 23. Dezember 2013 - Das NSU-Prozess-Blog\" \/>\n<meta property=\"og:description\" content=\"Am vergangenen Freitag wurde die Video-Vernehmung von Beate Zsch\u00e4pes ehemaliger Nachbarin nach wenigen Minuten abgebrochen, weil die Zeugin desorientiert gewirkt hatte. Es war der letzte Verhandlungstag in diesem Jahr, der NSU-Prozess wird am 8. Januar 2014 fortgesetzt. Frank Jansen blickt im Tagesspiegel auf das Jahr zur\u00fcck und kommt zu dem Schluss, dass unter anderem der [&hellip;]\" \/>\n<meta property=\"og:url\" content=\"https:\/\/blog.zeit.de\/nsu-prozess-blog\/2013\/12\/23\/rechtsextremismus-fokus\/\" \/>\n<meta property=\"og:site_name\" content=\"Das NSU-Prozess-Blog\" \/>\n<meta property=\"article:published_time\" content=\"2013-12-23T07:00:42+00:00\" \/>\n<meta property=\"article:modified_time\" content=\"2014-01-07T08:46:14+00:00\" \/>\n<meta name=\"author\" content=\"Mirjam Schmitt\" \/>\n<meta name=\"twitter:label1\" content=\"Geschrieben von\" \/>\n\t<meta name=\"twitter:data1\" content=\"Mirjam Schmitt\" \/>\n\t<meta name=\"twitter:label2\" content=\"Gesch\u00e4tzte Lesezeit\" \/>\n\t<meta name=\"twitter:data2\" content=\"2\u00a0Minuten\" \/>\n<script type=\"application\/ld+json\" class=\"yoast-schema-graph\">{\"@context\":\"https:\/\/schema.org\",\"@graph\":[{\"@type\":\"WebPage\",\"@id\":\"https:\/\/blog.zeit.de\/nsu-prozess-blog\/2013\/12\/23\/rechtsextremismus-fokus\/\",\"url\":\"https:\/\/blog.zeit.de\/nsu-prozess-blog\/2013\/12\/23\/rechtsextremismus-fokus\/\",\"name\":\"\\\"St\u00fcck dunkle deutsche Zeitgeschichte\\\" \u2013 das Medienlog vom Montag, 23. Dezember 2013 - Das NSU-Prozess-Blog\",\"isPartOf\":{\"@id\":\"https:\/\/blog.zeit.de\/nsu-prozess-blog\/#website\"},\"datePublished\":\"2013-12-23T07:00:42+00:00\",\"dateModified\":\"2014-01-07T08:46:14+00:00\",\"author\":{\"@id\":\"https:\/\/blog.zeit.de\/nsu-prozess-blog\/#\/schema\/person\/45acffb344ee326a2ebea3f5c0ad3ae8\"},\"breadcrumb\":{\"@id\":\"https:\/\/blog.zeit.de\/nsu-prozess-blog\/2013\/12\/23\/rechtsextremismus-fokus\/#breadcrumb\"},\"inLanguage\":\"de\",\"potentialAction\":[{\"@type\":\"ReadAction\",\"target\":[\"https:\/\/blog.zeit.de\/nsu-prozess-blog\/2013\/12\/23\/rechtsextremismus-fokus\/\"]}]},{\"@type\":\"BreadcrumbList\",\"@id\":\"https:\/\/blog.zeit.de\/nsu-prozess-blog\/2013\/12\/23\/rechtsextremismus-fokus\/#breadcrumb\",\"itemListElement\":[{\"@type\":\"ListItem\",\"position\":1,\"name\":\"Startseite\",\"item\":\"https:\/\/blog.zeit.de\/nsu-prozess-blog\/\"},{\"@type\":\"ListItem\",\"position\":2,\"name\":\"&#8222;St\u00fcck dunkle deutsche Zeitgeschichte&#8220; \u2013 das Medienlog vom Montag, 23. Dezember 2013\"}]},{\"@type\":\"WebSite\",\"@id\":\"https:\/\/blog.zeit.de\/nsu-prozess-blog\/#website\",\"url\":\"https:\/\/blog.zeit.de\/nsu-prozess-blog\/\",\"name\":\"Das NSU-Prozess-Blog\",\"description\":\"Alle Berichte zum Terrorverfahren in M\u00fcnchen\",\"potentialAction\":[{\"@type\":\"SearchAction\",\"target\":{\"@type\":\"EntryPoint\",\"urlTemplate\":\"https:\/\/blog.zeit.de\/nsu-prozess-blog\/?s={search_term_string}\"},\"query-input\":\"required name=search_term_string\"}],\"inLanguage\":\"de\"},{\"@type\":\"Person\",\"@id\":\"https:\/\/blog.zeit.de\/nsu-prozess-blog\/#\/schema\/person\/45acffb344ee326a2ebea3f5c0ad3ae8\",\"name\":\"Mirjam Schmitt\",\"image\":{\"@type\":\"ImageObject\",\"inLanguage\":\"de\",\"@id\":\"https:\/\/blog.zeit.de\/nsu-prozess-blog\/#\/schema\/person\/image\/\",\"url\":\"https:\/\/secure.gravatar.com\/avatar\/21ea3e922b6404f0cab7bb919e2b401850e5cef2e7155dba6caa935b66c5688b?s=96&d=mm&r=g\",\"contentUrl\":\"https:\/\/secure.gravatar.com\/avatar\/21ea3e922b6404f0cab7bb919e2b401850e5cef2e7155dba6caa935b66c5688b?s=96&d=mm&r=g\",\"caption\":\"Mirjam Schmitt\"},\"url\":\"https:\/\/blog.zeit.de\/nsu-prozess-blog\/author\/mschmitt\/\"}]}<\/script>\n<!-- \/ Yoast SEO plugin. -->","yoast_head_json":{"title":"\"St\u00fcck dunkle deutsche Zeitgeschichte\" \u2013 das Medienlog vom Montag, 23. Dezember 2013 - Das NSU-Prozess-Blog","robots":{"index":"index","follow":"follow","max-snippet":"max-snippet:-1","max-image-preview":"max-image-preview:large","max-video-preview":"max-video-preview:-1"},"canonical":"https:\/\/blog.zeit.de\/nsu-prozess-blog\/2013\/12\/23\/rechtsextremismus-fokus\/","og_locale":"de_DE","og_type":"article","og_title":"\"St\u00fcck dunkle deutsche Zeitgeschichte\" \u2013 das Medienlog vom Montag, 23. Dezember 2013 - Das NSU-Prozess-Blog","og_description":"Am vergangenen Freitag wurde die Video-Vernehmung von Beate Zsch\u00e4pes ehemaliger Nachbarin nach wenigen Minuten abgebrochen, weil die Zeugin desorientiert gewirkt hatte. Es war der letzte Verhandlungstag in diesem Jahr, der NSU-Prozess wird am 8. Januar 2014 fortgesetzt. Frank Jansen blickt im Tagesspiegel auf das Jahr zur\u00fcck und kommt zu dem Schluss, dass unter anderem der [&hellip;]","og_url":"https:\/\/blog.zeit.de\/nsu-prozess-blog\/2013\/12\/23\/rechtsextremismus-fokus\/","og_site_name":"Das NSU-Prozess-Blog","article_published_time":"2013-12-23T07:00:42+00:00","article_modified_time":"2014-01-07T08:46:14+00:00","author":"Mirjam Schmitt","twitter_misc":{"Geschrieben von":"Mirjam Schmitt","Gesch\u00e4tzte Lesezeit":"2\u00a0Minuten"},"schema":{"@context":"https:\/\/schema.org","@graph":[{"@type":"WebPage","@id":"https:\/\/blog.zeit.de\/nsu-prozess-blog\/2013\/12\/23\/rechtsextremismus-fokus\/","url":"https:\/\/blog.zeit.de\/nsu-prozess-blog\/2013\/12\/23\/rechtsextremismus-fokus\/","name":"\"St\u00fcck dunkle deutsche Zeitgeschichte\" \u2013 das Medienlog vom Montag, 23. Dezember 2013 - Das NSU-Prozess-Blog","isPartOf":{"@id":"https:\/\/blog.zeit.de\/nsu-prozess-blog\/#website"},"datePublished":"2013-12-23T07:00:42+00:00","dateModified":"2014-01-07T08:46:14+00:00","author":{"@id":"https:\/\/blog.zeit.de\/nsu-prozess-blog\/#\/schema\/person\/45acffb344ee326a2ebea3f5c0ad3ae8"},"breadcrumb":{"@id":"https:\/\/blog.zeit.de\/nsu-prozess-blog\/2013\/12\/23\/rechtsextremismus-fokus\/#breadcrumb"},"inLanguage":"de","potentialAction":[{"@type":"ReadAction","target":["https:\/\/blog.zeit.de\/nsu-prozess-blog\/2013\/12\/23\/rechtsextremismus-fokus\/"]}]},{"@type":"BreadcrumbList","@id":"https:\/\/blog.zeit.de\/nsu-prozess-blog\/2013\/12\/23\/rechtsextremismus-fokus\/#breadcrumb","itemListElement":[{"@type":"ListItem","position":1,"name":"Startseite","item":"https:\/\/blog.zeit.de\/nsu-prozess-blog\/"},{"@type":"ListItem","position":2,"name":"&#8222;St\u00fcck dunkle deutsche Zeitgeschichte&#8220; \u2013 das Medienlog vom Montag, 23. Dezember 2013"}]},{"@type":"WebSite","@id":"https:\/\/blog.zeit.de\/nsu-prozess-blog\/#website","url":"https:\/\/blog.zeit.de\/nsu-prozess-blog\/","name":"Das NSU-Prozess-Blog","description":"Alle Berichte zum Terrorverfahren in M\u00fcnchen","potentialAction":[{"@type":"SearchAction","target":{"@type":"EntryPoint","urlTemplate":"https:\/\/blog.zeit.de\/nsu-prozess-blog\/?s={search_term_string}"},"query-input":"required name=search_term_string"}],"inLanguage":"de"},{"@type":"Person","@id":"https:\/\/blog.zeit.de\/nsu-prozess-blog\/#\/schema\/person\/45acffb344ee326a2ebea3f5c0ad3ae8","name":"Mirjam Schmitt","image":{"@type":"ImageObject","inLanguage":"de","@id":"https:\/\/blog.zeit.de\/nsu-prozess-blog\/#\/schema\/person\/image\/","url":"https:\/\/secure.gravatar.com\/avatar\/21ea3e922b6404f0cab7bb919e2b401850e5cef2e7155dba6caa935b66c5688b?s=96&d=mm&r=g","contentUrl":"https:\/\/secure.gravatar.com\/avatar\/21ea3e922b6404f0cab7bb919e2b401850e5cef2e7155dba6caa935b66c5688b?s=96&d=mm&r=g","caption":"Mirjam Schmitt"},"url":"https:\/\/blog.zeit.de\/nsu-prozess-blog\/author\/mschmitt\/"}]}},"jetpack_featured_media_url":"","jetpack_sharing_enabled":true,"_links":{"self":[{"href":"https:\/\/blog.zeit.de\/nsu-prozess-blog\/wp-json\/wp\/v2\/posts\/5135","targetHints":{"allow":["GET"]}}],"collection":[{"href":"https:\/\/blog.zeit.de\/nsu-prozess-blog\/wp-json\/wp\/v2\/posts"}],"about":[{"href":"https:\/\/blog.zeit.de\/nsu-prozess-blog\/wp-json\/wp\/v2\/types\/post"}],"author":[{"embeddable":true,"href":"https:\/\/blog.zeit.de\/nsu-prozess-blog\/wp-json\/wp\/v2\/users\/410"}],"replies":[{"embeddable":true,"href":"https:\/\/blog.zeit.de\/nsu-prozess-blog\/wp-json\/wp\/v2\/comments?post=5135"}],"version-history":[{"count":18,"href":"https:\/\/blog.zeit.de\/nsu-prozess-blog\/wp-json\/wp\/v2\/posts\/5135\/revisions"}],"predecessor-version":[{"id":5151,"href":"https:\/\/blog.zeit.de\/nsu-prozess-blog\/wp-json\/wp\/v2\/posts\/5135\/revisions\/5151"}],"wp:attachment":[{"href":"https:\/\/blog.zeit.de\/nsu-prozess-blog\/wp-json\/wp\/v2\/media?parent=5135"}],"wp:term":[{"taxonomy":"category","embeddable":true,"href":"https:\/\/blog.zeit.de\/nsu-prozess-blog\/wp-json\/wp\/v2\/categories?post=5135"},{"taxonomy":"post_tag","embeddable":true,"href":"https:\/\/blog.zeit.de\/nsu-prozess-blog\/wp-json\/wp\/v2\/tags?post=5135"}],"curies":[{"name":"wp","href":"https:\/\/api.w.org\/{rel}","templated":true}]}}