{"id":5214,"date":"2013-12-31T09:21:49","date_gmt":"2013-12-31T08:21:49","guid":{"rendered":"http:\/\/blog.zeit.de\/nsu-prozess-blog\/?p=5214"},"modified":"2014-01-07T09:44:59","modified_gmt":"2014-01-07T08:44:59","slug":"griesbaum-terror-nsu","status":"publish","type":"post","link":"https:\/\/blog.zeit.de\/nsu-prozess-blog\/2013\/12\/31\/griesbaum-terror-nsu\/","title":{"rendered":"&#8222;Nur wenige Sympathisanten des NSU&#8220; \u2013 das Medienlog vom Dienstag, 31. Dezember 2013"},"content":{"rendered":"<p>Wie die Angeh\u00f6rigen den Prozess erlebt haben, beschreibt Martin Debes in der <a href=\"http:\/\/www.tlz.de\/web\/zgt\/suche\/detail\/-\/specific\/NSU-Prozess-in-Muenchen-Die-Ohnmacht-der-Opfer-498335422\"><em>Th\u00fcringischen Landeszeitung<\/em><\/a>. Ein ber\u00fchrender Moment sei der <a href=\"http:\/\/www.zeit.de\/gesellschaft\/zeitgeschehen\/2013-10\/ismail-yozgat-nsu-prozess-antworten-kassel-verfassungschutz\" target=\"_blank\">Auftritt von Ismail Yozgat<\/a>, dem Vater des ermordeten Halit Yozgat, gewesen. Solche Momente erinnerten daran, dass sich hinter den qu\u00e4lend langen Verhandlungstagen das Schicksal vieler Menschen verberge.<\/p>\n<p><!--more--><\/p>\n<p><em>An jedem Werktag sichten wir f\u00fcr das NSU-Prozess-Blog die Medien und stellen wichtige Berichte, Blogs, Videos und Tweets zusammen. Wir freuen uns \u00fcber Hinweise via Twitter mit dem Hashtag #nsublog \u2013 oder per E-Mail an <a href=\"mailto:nsublog@zeit.de\">nsublog@zeit.de<\/a>.<\/em><\/p>\n<p>&#8222;Es ist kaum vorstellbar, was die Angeh\u00f6rigen durchmachen in diesem Saal, in dem trocken, genau und unerbittlich gem\u00e4\u00df Strafprozessordnung jedes Detail der Ermittlung in den Prozess eingef\u00fchrt wird&#8220;, schreibt der Autor. Die <strong>Angeh\u00f6rigen<\/strong> w\u00fcrden den Prozess auch nutzen, um davon zu erz\u00e4hlen, was die Ermordeten f\u00fcr Menschen waren. Es bleibe jedoch &#8222;die Ohnmacht der Opfer gegen\u00fcber den Angeklagten, denen sie gegen\u00fcber sitzen und die meist so tun, als gehe sie das alles nichts an&#8220;.<\/p>\n<p>Franz Feyder gibt in der <em><a href=\"http:\/\/www.stuttgarter-nachrichten.de\/inhalt.nsu-prozess-richter-will-aufklaerung-im-rekordtempo.4886a3ae-14c1-451d-90ab-cdcd88f69234.html\" target=\"_blank\">Stuttgarter Zeitung<\/a><\/em> einen Ausblick auf die kommenden Prozesstage: Der Mord an der Polizistin <strong>Mich\u00e8le Kiesewetter<\/strong> wird verhandelt. Daf\u00fcr sind drei Verhandlungstage angesetzt, in denen 22 Zeugen aussagen sollen. &#8222;Bereits jetzt ist abzusehen, dass der ehrgeizige Zeitplan G\u00f6tzls gesprengt wird&#8220;, vermutet der Autor.<\/p>\n<p>Der NSU habe nach Einsch\u00e4tzung des stellvertretenden Generalbundesanwalts Rainer Griesbaum keinen gr\u00f6\u00dferen Kreis von <strong>Sympathisanten<\/strong>: &#8222;Aus unseren Ermittlungen ergibt sich, dass der NSU und seine Taten eher kritisch gesehen werden&#8220;, sagte Griesbaum in einem dpa-Interview. &#8222;Sie waren sich selbst genug. Ihre Maxime war &#8222;Taten statt Worte&#8220;. Als gr\u00f6\u00dfte Gefahr sieht Griesbaum den islamistischen Terror. Die t\u00fcrkischsprachige Tageszeitung <a href=\"http:\/\/zaman-online.de\/nsuyu-kucuk-gosteren-savcilik-aciklamasina-tepki-96401\" target=\"_blank\"><em>Zaman<\/em><\/a> greift das Thema auf: Der Strafrecht-Experte Mustafa Kaplan teilt die Meinung Griesbaums nicht. Vielmehr seien die professionellen Morde in verschiedenen St\u00e4dten nicht ohne Vorbereitung und Unterst\u00fctzung m\u00f6glich gewesen. Der Verfassungsschutz h\u00e4tte sich ohnehin jahrelang nur auf Islamisten und Linksextreme konzentriert, so h\u00e4tte der NSU unschuldige Menschen t\u00f6ten k\u00f6nnen.<\/p>\n<p>Die <em>S\u00fcddeutsche Zeitung<\/em>-Autoren Annette Ramelsberger,\u00a0Tanjev Schultz und Rainer Stadler haben die 71 Verhandlungstag protokolliert und verdichtet. Nachzulesen ist das ab 3. Januar im SZ-Magazin. Das <strong>Protokoll<\/strong> wurde auch verfilmt und ist am 2. Januar online zu sehen. Einen Trailer gibt es <a href=\"http:\/\/sz-magazin.sueddeutsche.de\/texte\/anzeigen\/41379\" target=\"_blank\">hier<\/a>.<\/p>\n<p>Keine Berichte in englischsprachigen Onlinemedien.<\/p>\n<p><em>Das n\u00e4chste Medienlog erscheint am Donnerstag, 2. Januar 2014, dann mit Tom Sundermann.<\/em><\/p>\n<p>Wir w\u00fcnschen ein gutes neues Jahr.<\/p>\n","protected":false},"excerpt":{"rendered":"<p>Wie die Angeh\u00f6rigen den Prozess erlebt haben, beschreibt Martin Debes in der Th\u00fcringischen Landeszeitung. Ein ber\u00fchrender Moment sei der Auftritt von Ismail Yozgat, dem Vater des ermordeten Halit Yozgat, gewesen. Solche Momente erinnerten daran, dass sich hinter den qu\u00e4lend langen Verhandlungstagen das Schicksal vieler Menschen verberge.<\/p>\n","protected":false},"author":410,"featured_media":0,"comment_status":"open","ping_status":"open","sticky":false,"template":"","format":"standard","meta":{"_jetpack_memberships_contains_paid_content":false,"footnotes":""},"categories":[27531],"tags":[29435,29443,27588],"class_list":["post-5214","post","type-post","status-publish","format-standard","hentry","category-medienschau","tag-halit-yozgat","tag-ismail-yozgat","tag-michele-kiesewetter"],"yoast_head":"<!-- This site is optimized with the Yoast SEO plugin v21.0 - https:\/\/yoast.com\/wordpress\/plugins\/seo\/ -->\n<title>&quot;Nur wenige Sympathisanten des NSU&quot; \u2013 das Medienlog vom Dienstag, 31. Dezember 2013 - Das NSU-Prozess-Blog<\/title>\n<meta name=\"robots\" content=\"index, follow, max-snippet:-1, max-image-preview:large, max-video-preview:-1\" \/>\n<link rel=\"canonical\" href=\"https:\/\/blog.zeit.de\/nsu-prozess-blog\/2013\/12\/31\/griesbaum-terror-nsu\/\" \/>\n<meta property=\"og:locale\" content=\"de_DE\" \/>\n<meta property=\"og:type\" content=\"article\" \/>\n<meta property=\"og:title\" content=\"&quot;Nur wenige Sympathisanten des NSU&quot; \u2013 das Medienlog vom Dienstag, 31. Dezember 2013 - Das NSU-Prozess-Blog\" \/>\n<meta property=\"og:description\" content=\"Wie die Angeh\u00f6rigen den Prozess erlebt haben, beschreibt Martin Debes in der Th\u00fcringischen Landeszeitung. Ein ber\u00fchrender Moment sei der Auftritt von Ismail Yozgat, dem Vater des ermordeten Halit Yozgat, gewesen. Solche Momente erinnerten daran, dass sich hinter den qu\u00e4lend langen Verhandlungstagen das Schicksal vieler Menschen verberge.\" \/>\n<meta property=\"og:url\" content=\"https:\/\/blog.zeit.de\/nsu-prozess-blog\/2013\/12\/31\/griesbaum-terror-nsu\/\" \/>\n<meta property=\"og:site_name\" content=\"Das NSU-Prozess-Blog\" \/>\n<meta property=\"article:published_time\" content=\"2013-12-31T08:21:49+00:00\" \/>\n<meta property=\"article:modified_time\" content=\"2014-01-07T08:44:59+00:00\" \/>\n<meta name=\"author\" content=\"Mirjam Schmitt\" \/>\n<meta name=\"twitter:label1\" content=\"Geschrieben von\" \/>\n\t<meta name=\"twitter:data1\" content=\"Mirjam Schmitt\" \/>\n\t<meta name=\"twitter:label2\" content=\"Gesch\u00e4tzte Lesezeit\" \/>\n\t<meta name=\"twitter:data2\" content=\"2\u00a0Minuten\" \/>\n<script type=\"application\/ld+json\" class=\"yoast-schema-graph\">{\"@context\":\"https:\/\/schema.org\",\"@graph\":[{\"@type\":\"WebPage\",\"@id\":\"https:\/\/blog.zeit.de\/nsu-prozess-blog\/2013\/12\/31\/griesbaum-terror-nsu\/\",\"url\":\"https:\/\/blog.zeit.de\/nsu-prozess-blog\/2013\/12\/31\/griesbaum-terror-nsu\/\",\"name\":\"\\\"Nur wenige Sympathisanten des NSU\\\" \u2013 das Medienlog vom Dienstag, 31. Dezember 2013 - Das NSU-Prozess-Blog\",\"isPartOf\":{\"@id\":\"https:\/\/blog.zeit.de\/nsu-prozess-blog\/#website\"},\"datePublished\":\"2013-12-31T08:21:49+00:00\",\"dateModified\":\"2014-01-07T08:44:59+00:00\",\"author\":{\"@id\":\"https:\/\/blog.zeit.de\/nsu-prozess-blog\/#\/schema\/person\/45acffb344ee326a2ebea3f5c0ad3ae8\"},\"breadcrumb\":{\"@id\":\"https:\/\/blog.zeit.de\/nsu-prozess-blog\/2013\/12\/31\/griesbaum-terror-nsu\/#breadcrumb\"},\"inLanguage\":\"de\",\"potentialAction\":[{\"@type\":\"ReadAction\",\"target\":[\"https:\/\/blog.zeit.de\/nsu-prozess-blog\/2013\/12\/31\/griesbaum-terror-nsu\/\"]}]},{\"@type\":\"BreadcrumbList\",\"@id\":\"https:\/\/blog.zeit.de\/nsu-prozess-blog\/2013\/12\/31\/griesbaum-terror-nsu\/#breadcrumb\",\"itemListElement\":[{\"@type\":\"ListItem\",\"position\":1,\"name\":\"Startseite\",\"item\":\"https:\/\/blog.zeit.de\/nsu-prozess-blog\/\"},{\"@type\":\"ListItem\",\"position\":2,\"name\":\"&#8222;Nur wenige Sympathisanten des NSU&#8220; \u2013 das Medienlog vom Dienstag, 31. Dezember 2013\"}]},{\"@type\":\"WebSite\",\"@id\":\"https:\/\/blog.zeit.de\/nsu-prozess-blog\/#website\",\"url\":\"https:\/\/blog.zeit.de\/nsu-prozess-blog\/\",\"name\":\"Das NSU-Prozess-Blog\",\"description\":\"Alle Berichte zum Terrorverfahren in M\u00fcnchen\",\"potentialAction\":[{\"@type\":\"SearchAction\",\"target\":{\"@type\":\"EntryPoint\",\"urlTemplate\":\"https:\/\/blog.zeit.de\/nsu-prozess-blog\/?s={search_term_string}\"},\"query-input\":\"required name=search_term_string\"}],\"inLanguage\":\"de\"},{\"@type\":\"Person\",\"@id\":\"https:\/\/blog.zeit.de\/nsu-prozess-blog\/#\/schema\/person\/45acffb344ee326a2ebea3f5c0ad3ae8\",\"name\":\"Mirjam Schmitt\",\"image\":{\"@type\":\"ImageObject\",\"inLanguage\":\"de\",\"@id\":\"https:\/\/blog.zeit.de\/nsu-prozess-blog\/#\/schema\/person\/image\/\",\"url\":\"https:\/\/secure.gravatar.com\/avatar\/21ea3e922b6404f0cab7bb919e2b401850e5cef2e7155dba6caa935b66c5688b?s=96&d=mm&r=g\",\"contentUrl\":\"https:\/\/secure.gravatar.com\/avatar\/21ea3e922b6404f0cab7bb919e2b401850e5cef2e7155dba6caa935b66c5688b?s=96&d=mm&r=g\",\"caption\":\"Mirjam Schmitt\"},\"url\":\"https:\/\/blog.zeit.de\/nsu-prozess-blog\/author\/mschmitt\/\"}]}<\/script>\n<!-- \/ Yoast SEO plugin. -->","yoast_head_json":{"title":"\"Nur wenige Sympathisanten des NSU\" \u2013 das Medienlog vom Dienstag, 31. Dezember 2013 - Das NSU-Prozess-Blog","robots":{"index":"index","follow":"follow","max-snippet":"max-snippet:-1","max-image-preview":"max-image-preview:large","max-video-preview":"max-video-preview:-1"},"canonical":"https:\/\/blog.zeit.de\/nsu-prozess-blog\/2013\/12\/31\/griesbaum-terror-nsu\/","og_locale":"de_DE","og_type":"article","og_title":"\"Nur wenige Sympathisanten des NSU\" \u2013 das Medienlog vom Dienstag, 31. Dezember 2013 - Das NSU-Prozess-Blog","og_description":"Wie die Angeh\u00f6rigen den Prozess erlebt haben, beschreibt Martin Debes in der Th\u00fcringischen Landeszeitung. Ein ber\u00fchrender Moment sei der Auftritt von Ismail Yozgat, dem Vater des ermordeten Halit Yozgat, gewesen. Solche Momente erinnerten daran, dass sich hinter den qu\u00e4lend langen Verhandlungstagen das Schicksal vieler Menschen verberge.","og_url":"https:\/\/blog.zeit.de\/nsu-prozess-blog\/2013\/12\/31\/griesbaum-terror-nsu\/","og_site_name":"Das NSU-Prozess-Blog","article_published_time":"2013-12-31T08:21:49+00:00","article_modified_time":"2014-01-07T08:44:59+00:00","author":"Mirjam Schmitt","twitter_misc":{"Geschrieben von":"Mirjam Schmitt","Gesch\u00e4tzte Lesezeit":"2\u00a0Minuten"},"schema":{"@context":"https:\/\/schema.org","@graph":[{"@type":"WebPage","@id":"https:\/\/blog.zeit.de\/nsu-prozess-blog\/2013\/12\/31\/griesbaum-terror-nsu\/","url":"https:\/\/blog.zeit.de\/nsu-prozess-blog\/2013\/12\/31\/griesbaum-terror-nsu\/","name":"\"Nur wenige Sympathisanten des NSU\" \u2013 das Medienlog vom Dienstag, 31. Dezember 2013 - Das NSU-Prozess-Blog","isPartOf":{"@id":"https:\/\/blog.zeit.de\/nsu-prozess-blog\/#website"},"datePublished":"2013-12-31T08:21:49+00:00","dateModified":"2014-01-07T08:44:59+00:00","author":{"@id":"https:\/\/blog.zeit.de\/nsu-prozess-blog\/#\/schema\/person\/45acffb344ee326a2ebea3f5c0ad3ae8"},"breadcrumb":{"@id":"https:\/\/blog.zeit.de\/nsu-prozess-blog\/2013\/12\/31\/griesbaum-terror-nsu\/#breadcrumb"},"inLanguage":"de","potentialAction":[{"@type":"ReadAction","target":["https:\/\/blog.zeit.de\/nsu-prozess-blog\/2013\/12\/31\/griesbaum-terror-nsu\/"]}]},{"@type":"BreadcrumbList","@id":"https:\/\/blog.zeit.de\/nsu-prozess-blog\/2013\/12\/31\/griesbaum-terror-nsu\/#breadcrumb","itemListElement":[{"@type":"ListItem","position":1,"name":"Startseite","item":"https:\/\/blog.zeit.de\/nsu-prozess-blog\/"},{"@type":"ListItem","position":2,"name":"&#8222;Nur wenige Sympathisanten des NSU&#8220; \u2013 das Medienlog vom Dienstag, 31. Dezember 2013"}]},{"@type":"WebSite","@id":"https:\/\/blog.zeit.de\/nsu-prozess-blog\/#website","url":"https:\/\/blog.zeit.de\/nsu-prozess-blog\/","name":"Das NSU-Prozess-Blog","description":"Alle Berichte zum Terrorverfahren in M\u00fcnchen","potentialAction":[{"@type":"SearchAction","target":{"@type":"EntryPoint","urlTemplate":"https:\/\/blog.zeit.de\/nsu-prozess-blog\/?s={search_term_string}"},"query-input":"required name=search_term_string"}],"inLanguage":"de"},{"@type":"Person","@id":"https:\/\/blog.zeit.de\/nsu-prozess-blog\/#\/schema\/person\/45acffb344ee326a2ebea3f5c0ad3ae8","name":"Mirjam Schmitt","image":{"@type":"ImageObject","inLanguage":"de","@id":"https:\/\/blog.zeit.de\/nsu-prozess-blog\/#\/schema\/person\/image\/","url":"https:\/\/secure.gravatar.com\/avatar\/21ea3e922b6404f0cab7bb919e2b401850e5cef2e7155dba6caa935b66c5688b?s=96&d=mm&r=g","contentUrl":"https:\/\/secure.gravatar.com\/avatar\/21ea3e922b6404f0cab7bb919e2b401850e5cef2e7155dba6caa935b66c5688b?s=96&d=mm&r=g","caption":"Mirjam Schmitt"},"url":"https:\/\/blog.zeit.de\/nsu-prozess-blog\/author\/mschmitt\/"}]}},"jetpack_featured_media_url":"","jetpack_sharing_enabled":true,"_links":{"self":[{"href":"https:\/\/blog.zeit.de\/nsu-prozess-blog\/wp-json\/wp\/v2\/posts\/5214","targetHints":{"allow":["GET"]}}],"collection":[{"href":"https:\/\/blog.zeit.de\/nsu-prozess-blog\/wp-json\/wp\/v2\/posts"}],"about":[{"href":"https:\/\/blog.zeit.de\/nsu-prozess-blog\/wp-json\/wp\/v2\/types\/post"}],"author":[{"embeddable":true,"href":"https:\/\/blog.zeit.de\/nsu-prozess-blog\/wp-json\/wp\/v2\/users\/410"}],"replies":[{"embeddable":true,"href":"https:\/\/blog.zeit.de\/nsu-prozess-blog\/wp-json\/wp\/v2\/comments?post=5214"}],"version-history":[{"count":25,"href":"https:\/\/blog.zeit.de\/nsu-prozess-blog\/wp-json\/wp\/v2\/posts\/5214\/revisions"}],"predecessor-version":[{"id":5237,"href":"https:\/\/blog.zeit.de\/nsu-prozess-blog\/wp-json\/wp\/v2\/posts\/5214\/revisions\/5237"}],"wp:attachment":[{"href":"https:\/\/blog.zeit.de\/nsu-prozess-blog\/wp-json\/wp\/v2\/media?parent=5214"}],"wp:term":[{"taxonomy":"category","embeddable":true,"href":"https:\/\/blog.zeit.de\/nsu-prozess-blog\/wp-json\/wp\/v2\/categories?post=5214"},{"taxonomy":"post_tag","embeddable":true,"href":"https:\/\/blog.zeit.de\/nsu-prozess-blog\/wp-json\/wp\/v2\/tags?post=5214"}],"curies":[{"name":"wp","href":"https:\/\/api.w.org\/{rel}","templated":true}]}}