{"id":5239,"date":"2014-01-02T08:30:13","date_gmt":"2014-01-02T07:30:13","guid":{"rendered":"http:\/\/blog.zeit.de\/nsu-prozess-blog\/?p=5239"},"modified":"2014-01-02T10:17:59","modified_gmt":"2014-01-02T09:17:59","slug":"sueddeutsche-magazin-video-kiesewetter","status":"publish","type":"post","link":"https:\/\/blog.zeit.de\/nsu-prozess-blog\/2014\/01\/02\/sueddeutsche-magazin-video-kiesewetter\/","title":{"rendered":"Prozessprotokolle verfilmt \u2013 Das Medienlog vom Donnerstag, 2. Januar 2014"},"content":{"rendered":"<p>Das Magazin der <em>S\u00fcddeutschen Zeitung<\/em> verarbeitet den Prozess in einem Multimediaprojekt: Die Redaktion ver\u00f6ffentlicht Ausz\u00fcge aus den t\u00e4glichen Mitschriften der Reporter und lie\u00df ausgew\u00e4hlte Szenen f\u00fcr Videos nachsprechen.<\/p>\n<p><!--more--><\/p>\n<p><em>An jedem Werktag sichten wir f\u00fcr das NSU-Prozess-Blog die Medien und stellen wichtige Berichte, Blogs, Videos und Tweets zusammen. Wir freuen uns \u00fcber Hinweise via Twitter mit dem Hashtag #nsublog \u2013 oder per E-Mail an <a href=\"mailto:nsublog@zeit.de\">nsublog@zeit.de<\/a>.<\/em><\/p>\n<p>Auf <a href=\"http:\/\/sz-magazin.sueddeutsche.de\/texte\/anzeigen\/41379\/Der-NSU-Prozess-Das-Protokoll-als-Film\" target=\"_blank\">der Website des freitags erscheinenden <em>SZ-Magazins<\/em><\/a> ist das Projekt in einem Artikel angek\u00fcndigt, der auch ein wenig \u00fcber Schauspieler und Entstehung erz\u00e4hlt. Das Blog <a href=\"http:\/\/www.publikative.org\/2014\/01\/02\/das-protokoll-ein-jahr-nsu-prozess\/\"><em>Publikative.org<\/em><\/a> zitiert vorab Passagen aus den Protokollen, die dem Magazin besonders denkw\u00fcrdig erschienen \u2013 etwa den Gesch\u00e4ftspartner des NSU-Opfers Theodoros Boulgarides, der die Ermittlungen nach dem Mord als <strong>&#8222;die totale Zerst\u00f6rung&#8220;<\/strong> beschreibt. Viele Zeugen, schreibt der Autor, seien empathielos und uneinsichtig \u2013 das gelte besonders f\u00fcr die Ermittler. &#8222;Immer wieder wird aus den Protokollen deutlich, dass die gesellschaftliche Dimension der Mordserie vor Gericht eben nicht zur Verhandlung \u2013 und damit auch nicht zur Debatte \u2013 steht.&#8220;<\/p>\n<p>Voraussichtlich am 16. Januar wird sich der M\u00fcnchner Staatsschutzsenat mit dem Mord an der Polizistin Mich\u00e8le Kiesewetter befassen, die im April 2007 auf einem Parkplatz in Heilbronn erschossen wurde. Die Wochenzeitung <a href=\"http:\/\/www.kontextwochenzeitung.de\/macht-markt\/144\/zschaepe-nur-die-spitze-des-eisbergs-1916.html\"><em>Kontext<\/em><\/a> thematisiert, dass der baden-w\u00fcrttembergische Fall von allen NSU-Morden bisher nur wenig verhandelt wurde: Sie zitiert den Vizelandesvorsitzenden der baden-w\u00fcrttembergischen FDP, Hartfrid Wolff: &#8222;Beim <strong>Mord in Heilbronn<\/strong> sind wir seit dem 4. November 2011 keinen Schritt weiter.&#8220; Ein Gr\u00fcnen-Politiker bezeichnet den Fall als &#8222;wei\u00dfesten Fleck&#8220;.<\/p>\n<p>Keine Berichte in englischsprachigen Onlinemedien.<\/p>\n<p><em>Das n\u00e4chste Medienlog erscheint am Freitag, 3. Januar 2014.<\/em><\/p>\n","protected":false},"excerpt":{"rendered":"<p>Das Magazin der S\u00fcddeutschen Zeitung verarbeitet den Prozess in einem Multimediaprojekt: Die Redaktion ver\u00f6ffentlicht Ausz\u00fcge aus den t\u00e4glichen Mitschriften der Reporter und lie\u00df ausgew\u00e4hlte Szenen f\u00fcr Videos nachsprechen.<\/p>\n","protected":false},"author":435,"featured_media":0,"comment_status":"open","ping_status":"open","sticky":false,"template":"","format":"standard","meta":{"_jetpack_memberships_contains_paid_content":false,"footnotes":""},"categories":[27531],"tags":[29483,943,27588,28],"class_list":["post-5239","post","type-post","status-publish","format-standard","hentry","category-medienschau","tag-boulgarides","tag-medien","tag-michele-kiesewetter","tag-video"],"yoast_head":"<!-- This site is optimized with the Yoast SEO plugin v21.0 - https:\/\/yoast.com\/wordpress\/plugins\/seo\/ -->\n<title>Prozessprotokolle verfilmt \u2013 Das Medienlog vom Donnerstag, 2. Januar 2014 - Das NSU-Prozess-Blog<\/title>\n<meta name=\"robots\" content=\"index, follow, max-snippet:-1, max-image-preview:large, max-video-preview:-1\" \/>\n<link rel=\"canonical\" href=\"https:\/\/blog.zeit.de\/nsu-prozess-blog\/2014\/01\/02\/sueddeutsche-magazin-video-kiesewetter\/\" \/>\n<meta property=\"og:locale\" content=\"de_DE\" \/>\n<meta property=\"og:type\" content=\"article\" \/>\n<meta property=\"og:title\" content=\"Prozessprotokolle verfilmt \u2013 Das Medienlog vom Donnerstag, 2. Januar 2014 - Das NSU-Prozess-Blog\" \/>\n<meta property=\"og:description\" content=\"Das Magazin der S\u00fcddeutschen Zeitung verarbeitet den Prozess in einem Multimediaprojekt: Die Redaktion ver\u00f6ffentlicht Ausz\u00fcge aus den t\u00e4glichen Mitschriften der Reporter und lie\u00df ausgew\u00e4hlte Szenen f\u00fcr Videos nachsprechen.\" \/>\n<meta property=\"og:url\" content=\"https:\/\/blog.zeit.de\/nsu-prozess-blog\/2014\/01\/02\/sueddeutsche-magazin-video-kiesewetter\/\" \/>\n<meta property=\"og:site_name\" content=\"Das NSU-Prozess-Blog\" \/>\n<meta property=\"article:published_time\" content=\"2014-01-02T07:30:13+00:00\" \/>\n<meta property=\"article:modified_time\" content=\"2014-01-02T09:17:59+00:00\" \/>\n<meta name=\"author\" content=\"Tom Sundermann\" \/>\n<meta name=\"twitter:label1\" content=\"Geschrieben von\" \/>\n\t<meta name=\"twitter:data1\" content=\"Tom Sundermann\" \/>\n\t<meta name=\"twitter:label2\" content=\"Gesch\u00e4tzte Lesezeit\" \/>\n\t<meta name=\"twitter:data2\" content=\"1\u00a0Minute\" \/>\n<script type=\"application\/ld+json\" class=\"yoast-schema-graph\">{\"@context\":\"https:\/\/schema.org\",\"@graph\":[{\"@type\":\"WebPage\",\"@id\":\"https:\/\/blog.zeit.de\/nsu-prozess-blog\/2014\/01\/02\/sueddeutsche-magazin-video-kiesewetter\/\",\"url\":\"https:\/\/blog.zeit.de\/nsu-prozess-blog\/2014\/01\/02\/sueddeutsche-magazin-video-kiesewetter\/\",\"name\":\"Prozessprotokolle verfilmt \u2013 Das Medienlog vom Donnerstag, 2. Januar 2014 - Das NSU-Prozess-Blog\",\"isPartOf\":{\"@id\":\"https:\/\/blog.zeit.de\/nsu-prozess-blog\/#website\"},\"datePublished\":\"2014-01-02T07:30:13+00:00\",\"dateModified\":\"2014-01-02T09:17:59+00:00\",\"author\":{\"@id\":\"https:\/\/blog.zeit.de\/nsu-prozess-blog\/#\/schema\/person\/553ea9bb5d1fc2ae054c589bd59380a5\"},\"breadcrumb\":{\"@id\":\"https:\/\/blog.zeit.de\/nsu-prozess-blog\/2014\/01\/02\/sueddeutsche-magazin-video-kiesewetter\/#breadcrumb\"},\"inLanguage\":\"de\",\"potentialAction\":[{\"@type\":\"ReadAction\",\"target\":[\"https:\/\/blog.zeit.de\/nsu-prozess-blog\/2014\/01\/02\/sueddeutsche-magazin-video-kiesewetter\/\"]}]},{\"@type\":\"BreadcrumbList\",\"@id\":\"https:\/\/blog.zeit.de\/nsu-prozess-blog\/2014\/01\/02\/sueddeutsche-magazin-video-kiesewetter\/#breadcrumb\",\"itemListElement\":[{\"@type\":\"ListItem\",\"position\":1,\"name\":\"Startseite\",\"item\":\"https:\/\/blog.zeit.de\/nsu-prozess-blog\/\"},{\"@type\":\"ListItem\",\"position\":2,\"name\":\"Prozessprotokolle verfilmt \u2013 Das Medienlog vom Donnerstag, 2. Januar 2014\"}]},{\"@type\":\"WebSite\",\"@id\":\"https:\/\/blog.zeit.de\/nsu-prozess-blog\/#website\",\"url\":\"https:\/\/blog.zeit.de\/nsu-prozess-blog\/\",\"name\":\"Das NSU-Prozess-Blog\",\"description\":\"Alle Berichte zum Terrorverfahren in M\u00fcnchen\",\"potentialAction\":[{\"@type\":\"SearchAction\",\"target\":{\"@type\":\"EntryPoint\",\"urlTemplate\":\"https:\/\/blog.zeit.de\/nsu-prozess-blog\/?s={search_term_string}\"},\"query-input\":\"required name=search_term_string\"}],\"inLanguage\":\"de\"},{\"@type\":\"Person\",\"@id\":\"https:\/\/blog.zeit.de\/nsu-prozess-blog\/#\/schema\/person\/553ea9bb5d1fc2ae054c589bd59380a5\",\"name\":\"Tom Sundermann\",\"image\":{\"@type\":\"ImageObject\",\"inLanguage\":\"de\",\"@id\":\"https:\/\/blog.zeit.de\/nsu-prozess-blog\/#\/schema\/person\/image\/\",\"url\":\"https:\/\/secure.gravatar.com\/avatar\/e108a3dc18766f719b2f797dc5d19093f06a1870c55b553ab6b7563f1f9a5e68?s=96&d=mm&r=g\",\"contentUrl\":\"https:\/\/secure.gravatar.com\/avatar\/e108a3dc18766f719b2f797dc5d19093f06a1870c55b553ab6b7563f1f9a5e68?s=96&d=mm&r=g\",\"caption\":\"Tom Sundermann\"},\"sameAs\":[\"https:\/\/twitter.com\/messeticker\"],\"url\":\"https:\/\/blog.zeit.de\/nsu-prozess-blog\/author\/tsundermann\/\"}]}<\/script>\n<!-- \/ Yoast SEO plugin. -->","yoast_head_json":{"title":"Prozessprotokolle verfilmt \u2013 Das Medienlog vom Donnerstag, 2. Januar 2014 - Das NSU-Prozess-Blog","robots":{"index":"index","follow":"follow","max-snippet":"max-snippet:-1","max-image-preview":"max-image-preview:large","max-video-preview":"max-video-preview:-1"},"canonical":"https:\/\/blog.zeit.de\/nsu-prozess-blog\/2014\/01\/02\/sueddeutsche-magazin-video-kiesewetter\/","og_locale":"de_DE","og_type":"article","og_title":"Prozessprotokolle verfilmt \u2013 Das Medienlog vom Donnerstag, 2. Januar 2014 - Das NSU-Prozess-Blog","og_description":"Das Magazin der S\u00fcddeutschen Zeitung verarbeitet den Prozess in einem Multimediaprojekt: Die Redaktion ver\u00f6ffentlicht Ausz\u00fcge aus den t\u00e4glichen Mitschriften der Reporter und lie\u00df ausgew\u00e4hlte Szenen f\u00fcr Videos nachsprechen.","og_url":"https:\/\/blog.zeit.de\/nsu-prozess-blog\/2014\/01\/02\/sueddeutsche-magazin-video-kiesewetter\/","og_site_name":"Das NSU-Prozess-Blog","article_published_time":"2014-01-02T07:30:13+00:00","article_modified_time":"2014-01-02T09:17:59+00:00","author":"Tom Sundermann","twitter_misc":{"Geschrieben von":"Tom Sundermann","Gesch\u00e4tzte Lesezeit":"1\u00a0Minute"},"schema":{"@context":"https:\/\/schema.org","@graph":[{"@type":"WebPage","@id":"https:\/\/blog.zeit.de\/nsu-prozess-blog\/2014\/01\/02\/sueddeutsche-magazin-video-kiesewetter\/","url":"https:\/\/blog.zeit.de\/nsu-prozess-blog\/2014\/01\/02\/sueddeutsche-magazin-video-kiesewetter\/","name":"Prozessprotokolle verfilmt \u2013 Das Medienlog vom Donnerstag, 2. Januar 2014 - Das NSU-Prozess-Blog","isPartOf":{"@id":"https:\/\/blog.zeit.de\/nsu-prozess-blog\/#website"},"datePublished":"2014-01-02T07:30:13+00:00","dateModified":"2014-01-02T09:17:59+00:00","author":{"@id":"https:\/\/blog.zeit.de\/nsu-prozess-blog\/#\/schema\/person\/553ea9bb5d1fc2ae054c589bd59380a5"},"breadcrumb":{"@id":"https:\/\/blog.zeit.de\/nsu-prozess-blog\/2014\/01\/02\/sueddeutsche-magazin-video-kiesewetter\/#breadcrumb"},"inLanguage":"de","potentialAction":[{"@type":"ReadAction","target":["https:\/\/blog.zeit.de\/nsu-prozess-blog\/2014\/01\/02\/sueddeutsche-magazin-video-kiesewetter\/"]}]},{"@type":"BreadcrumbList","@id":"https:\/\/blog.zeit.de\/nsu-prozess-blog\/2014\/01\/02\/sueddeutsche-magazin-video-kiesewetter\/#breadcrumb","itemListElement":[{"@type":"ListItem","position":1,"name":"Startseite","item":"https:\/\/blog.zeit.de\/nsu-prozess-blog\/"},{"@type":"ListItem","position":2,"name":"Prozessprotokolle verfilmt \u2013 Das Medienlog vom Donnerstag, 2. Januar 2014"}]},{"@type":"WebSite","@id":"https:\/\/blog.zeit.de\/nsu-prozess-blog\/#website","url":"https:\/\/blog.zeit.de\/nsu-prozess-blog\/","name":"Das NSU-Prozess-Blog","description":"Alle Berichte zum Terrorverfahren in M\u00fcnchen","potentialAction":[{"@type":"SearchAction","target":{"@type":"EntryPoint","urlTemplate":"https:\/\/blog.zeit.de\/nsu-prozess-blog\/?s={search_term_string}"},"query-input":"required name=search_term_string"}],"inLanguage":"de"},{"@type":"Person","@id":"https:\/\/blog.zeit.de\/nsu-prozess-blog\/#\/schema\/person\/553ea9bb5d1fc2ae054c589bd59380a5","name":"Tom Sundermann","image":{"@type":"ImageObject","inLanguage":"de","@id":"https:\/\/blog.zeit.de\/nsu-prozess-blog\/#\/schema\/person\/image\/","url":"https:\/\/secure.gravatar.com\/avatar\/e108a3dc18766f719b2f797dc5d19093f06a1870c55b553ab6b7563f1f9a5e68?s=96&d=mm&r=g","contentUrl":"https:\/\/secure.gravatar.com\/avatar\/e108a3dc18766f719b2f797dc5d19093f06a1870c55b553ab6b7563f1f9a5e68?s=96&d=mm&r=g","caption":"Tom Sundermann"},"sameAs":["https:\/\/twitter.com\/messeticker"],"url":"https:\/\/blog.zeit.de\/nsu-prozess-blog\/author\/tsundermann\/"}]}},"jetpack_featured_media_url":"","jetpack_sharing_enabled":true,"_links":{"self":[{"href":"https:\/\/blog.zeit.de\/nsu-prozess-blog\/wp-json\/wp\/v2\/posts\/5239","targetHints":{"allow":["GET"]}}],"collection":[{"href":"https:\/\/blog.zeit.de\/nsu-prozess-blog\/wp-json\/wp\/v2\/posts"}],"about":[{"href":"https:\/\/blog.zeit.de\/nsu-prozess-blog\/wp-json\/wp\/v2\/types\/post"}],"author":[{"embeddable":true,"href":"https:\/\/blog.zeit.de\/nsu-prozess-blog\/wp-json\/wp\/v2\/users\/435"}],"replies":[{"embeddable":true,"href":"https:\/\/blog.zeit.de\/nsu-prozess-blog\/wp-json\/wp\/v2\/comments?post=5239"}],"version-history":[{"count":13,"href":"https:\/\/blog.zeit.de\/nsu-prozess-blog\/wp-json\/wp\/v2\/posts\/5239\/revisions"}],"predecessor-version":[{"id":5250,"href":"https:\/\/blog.zeit.de\/nsu-prozess-blog\/wp-json\/wp\/v2\/posts\/5239\/revisions\/5250"}],"wp:attachment":[{"href":"https:\/\/blog.zeit.de\/nsu-prozess-blog\/wp-json\/wp\/v2\/media?parent=5239"}],"wp:term":[{"taxonomy":"category","embeddable":true,"href":"https:\/\/blog.zeit.de\/nsu-prozess-blog\/wp-json\/wp\/v2\/categories?post=5239"},{"taxonomy":"post_tag","embeddable":true,"href":"https:\/\/blog.zeit.de\/nsu-prozess-blog\/wp-json\/wp\/v2\/tags?post=5239"}],"curies":[{"name":"wp","href":"https:\/\/api.w.org\/{rel}","templated":true}]}}