{"id":5283,"date":"2014-01-06T11:05:47","date_gmt":"2014-01-06T10:05:47","guid":{"rendered":"http:\/\/blog.zeit.de\/nsu-prozess-blog\/?p=5283"},"modified":"2014-01-06T11:48:58","modified_gmt":"2014-01-06T10:48:58","slug":"kiesewetter-vernehmung-akkreditierung-mundlos","status":"publish","type":"post","link":"https:\/\/blog.zeit.de\/nsu-prozess-blog\/2014\/01\/06\/kiesewetter-vernehmung-akkreditierung-mundlos\/","title":{"rendered":"Kiesewetters Kollege hat Angst vor Aussage \u2013 Das Medienlog vom Montag, 6. Januar 2014"},"content":{"rendered":"<p>Der Polizist Martin A. ist wohl der einzige Mensch, der einen der Pistolen-Mordanschl\u00e4ge des NSU \u00fcberlebt hat: Er sa\u00df im April 2007 in Heilbronn neben seiner Kollegin Mich\u00e8le Kiesewetter, als diese erschossen wurde \u2013 Mitte Januar sagt er in M\u00fcnchen aus. W\u00e4hrend die \u00d6ffentlichkeit gespannt auf seine Vernehmung wartet, ist dem Zeugen laut einem <a href=\"http:\/\/www.welt.de\/politik\/deutschland\/article123521793\" target=\"_blank\"><em>Welt<\/em>-Bericht<\/a> nicht wohl: &#8222;Er habe Angst, so hei\u00dft es im Umfeld des Polizisten&#8220;, schreibt Hannelore Crolly. Unklar sei dabei, ob der 31-J\u00e4hrige die Rache von Rechtsextremen f\u00fcrchtet oder das Trauma nicht noch einmal durchleben will.<\/p>\n<p><!--more--><\/p>\n<p><em>An jedem Werktag sichten wir f\u00fcr das NSU-Prozess-Blog die Medien und stellen wichtige Berichte, Blogs, Videos und Tweets zusammen. Wir freuen uns \u00fcber Hinweise via Twitter mit dem Hashtag #nsublog \u2013 oder per E-Mail an <a href=\"mailto:nsublog@zeit.de\">nsublog@zeit.de<\/a>.<\/em><\/p>\n<p>Das baden-w\u00fcrttembergische Innenministerium will indes die Privatsph\u00e4re seines Bediensteten sch\u00fctzen. In der Beh\u00f6rde habe man gehofft, A. k\u00f6nne bei der Aussage eine Maske tragen oder per Video vernommen werden wie k\u00fcrzlich <a href=\"http:\/\/www.zeit.de\/politik\/deutschland\/2013-12\/nsu-zschaepe-brand\" target=\"_blank\">Beate Zsch\u00e4pes ehemalige Nachbarin<\/a>. &#8222;Die Vernehmung von Martin A. ist <strong>eine der spektakul\u00e4rsten Befragungen<\/strong> im gesamten Prozess \u2013 auch wenn er nur ganz wenige Erinnerungen hat&#8220;, hei\u00dft es in dem Bericht. Sie sei so brisant, weil der Kiesewetter-Mord so viele Unstimmigkeiten berge, etwa Zeugenaussagen \u00fcber weitere Menschen am Tatort. Laut Anklage waren ausschlie\u00dflich Uwe Mundlos und Uwe B\u00f6hnhardt am Mord beteiligt.<\/p>\n<p>Mit den Auftritten der Eltern von Zsch\u00e4pe, Mundlos und B\u00f6hnhardt vor Gericht setzt sich erneut Jens Eumann von der Chemnitzer <a href=\"http:\/\/www.freiepresse.de\/NACHRICHTEN\/DEUTSCHLAND\/Des-Killers-guter-Kern-artikel8660117.php\" target=\"_blank\"><em>Freien Presse<\/em><\/a> auseinander und analysiert m\u00f6gliche Gr\u00fcnde f\u00fcr die <strong>Radikalisierung von Uwe Mundlos<\/strong>. Der Autor zitiert einen Schulfreund von Mundlos, der bei den Eltern eine Mitverantwortung f\u00fcr die Gesinnung ihres Sohns sieht \u2013 so habe Siegfried Mundlos damals gesagt, &#8222;wie toll es doch war, dass im Dritten Reich die Autobahnen gebaut wurden&#8220;. Der Sohn habe sich damals gegen das SED-Regime gestellt \u2013 allein: &#8222;Mochte der Weg vom DDR-Opponenten zum nazi-affinen Geschichtsrevisionisten mit Bomberjacke in den Wirren der Nachwendezeit auch naheliegen, so f\u00fchrte dies aber nicht zwangsl\u00e4ufig zu rassistischem Mord.&#8220; Was dann? Dass Mundlos zum extremen Rechten wurde, daf\u00fcr machen Zeugen laut Artikel den Einfluss der Th\u00fcringer Nazi-Gr\u00f6\u00dfe Tino Brandt und das Ende der Beziehung zu Beate Zsch\u00e4pe verantwortlich.<\/p>\n<p><a href=\"http:\/\/blogs.taz.de\/hausblog\/2014\/01\/03\/wie-ich-einmal-versuchte-mich-fuer-den-nsu-prozess-zu-akkreditieren\/\" target=\"_blank\">&#8222;Wie ich einmal versuchte, mich f\u00fcr den NSU-Prozess zu akkreditieren&#8220;<\/a>: Unter diesem Titel schildert der M\u00fcnchner <em>taz<\/em>-Korrespondent Tobias Schulze seine <strong>Probleme, in den Sitzungssaal zu gelangen<\/strong>. Wer sich n\u00e4mlich nicht vor Prozessbeginn bei der Pressestelle angemeldet hat, hat Pech und darf das Gericht nur als Besucher betreten \u2013 auch, wenn das Medium wie im Falle der <em>taz<\/em> eine Platzreservierung ergattert hat. Die Pressestelle f\u00fchrt daf\u00fcr laut Artikel &#8222;sicherheitstechnische, aber auch organisatorische Gr\u00fcnde&#8220; an. Schulzes Rat an Journalisten, die ebenfalls als Nachz\u00fcgler zum Prozess wollen: &#8222;Lasst es bleiben. Das gibt nichts als Scherereien mit dem Oberlandesgericht M\u00fcnchen.&#8220;<\/p>\n<p>Keine Berichte in englischsprachigen Onlinemedien.<\/p>\n<p><em>Das n\u00e4chste Medienlog erscheint am Dienstag, 7. Januar 2014.<\/em><\/p>\n","protected":false},"excerpt":{"rendered":"<p>Der Polizist Martin A. ist wohl der einzige Mensch, der einen der Pistolen-Mordanschl\u00e4ge des NSU \u00fcberlebt hat: Er sa\u00df im April 2007 in Heilbronn neben seiner Kollegin Mich\u00e8le Kiesewetter, als diese erschossen wurde \u2013 Mitte Januar sagt er in M\u00fcnchen aus. W\u00e4hrend die \u00d6ffentlichkeit gespannt auf seine Vernehmung wartet, ist dem Zeugen laut einem Welt-Bericht [&hellip;]<\/p>\n","protected":false},"author":435,"featured_media":0,"comment_status":"closed","ping_status":"closed","sticky":false,"template":"","format":"standard","meta":{"_jetpack_memberships_contains_paid_content":false,"footnotes":""},"categories":[27531],"tags":[943,27588,22859],"class_list":["post-5283","post","type-post","status-publish","format-standard","hentry","category-medienschau","tag-medien","tag-michele-kiesewetter","tag-uwe-mundlos"],"yoast_head":"<!-- This site is optimized with the Yoast SEO plugin v21.0 - https:\/\/yoast.com\/wordpress\/plugins\/seo\/ -->\n<title>Kiesewetters Kollege hat Angst vor Aussage \u2013 Das Medienlog vom Montag, 6. Januar 2014 - Das NSU-Prozess-Blog<\/title>\n<meta name=\"robots\" content=\"index, follow, max-snippet:-1, max-image-preview:large, max-video-preview:-1\" \/>\n<link rel=\"canonical\" href=\"https:\/\/blog.zeit.de\/nsu-prozess-blog\/2014\/01\/06\/kiesewetter-vernehmung-akkreditierung-mundlos\/\" \/>\n<meta property=\"og:locale\" content=\"de_DE\" \/>\n<meta property=\"og:type\" content=\"article\" \/>\n<meta property=\"og:title\" content=\"Kiesewetters Kollege hat Angst vor Aussage \u2013 Das Medienlog vom Montag, 6. Januar 2014 - Das NSU-Prozess-Blog\" \/>\n<meta property=\"og:description\" content=\"Der Polizist Martin A. ist wohl der einzige Mensch, der einen der Pistolen-Mordanschl\u00e4ge des NSU \u00fcberlebt hat: Er sa\u00df im April 2007 in Heilbronn neben seiner Kollegin Mich\u00e8le Kiesewetter, als diese erschossen wurde \u2013 Mitte Januar sagt er in M\u00fcnchen aus. W\u00e4hrend die \u00d6ffentlichkeit gespannt auf seine Vernehmung wartet, ist dem Zeugen laut einem Welt-Bericht [&hellip;]\" \/>\n<meta property=\"og:url\" content=\"https:\/\/blog.zeit.de\/nsu-prozess-blog\/2014\/01\/06\/kiesewetter-vernehmung-akkreditierung-mundlos\/\" \/>\n<meta property=\"og:site_name\" content=\"Das NSU-Prozess-Blog\" \/>\n<meta property=\"article:published_time\" content=\"2014-01-06T10:05:47+00:00\" \/>\n<meta property=\"article:modified_time\" content=\"2014-01-06T10:48:58+00:00\" \/>\n<meta name=\"author\" content=\"Tom Sundermann\" \/>\n<meta name=\"twitter:label1\" content=\"Geschrieben von\" \/>\n\t<meta name=\"twitter:data1\" content=\"Tom Sundermann\" \/>\n\t<meta name=\"twitter:label2\" content=\"Gesch\u00e4tzte Lesezeit\" \/>\n\t<meta name=\"twitter:data2\" content=\"2\u00a0Minuten\" \/>\n<script type=\"application\/ld+json\" class=\"yoast-schema-graph\">{\"@context\":\"https:\/\/schema.org\",\"@graph\":[{\"@type\":\"WebPage\",\"@id\":\"https:\/\/blog.zeit.de\/nsu-prozess-blog\/2014\/01\/06\/kiesewetter-vernehmung-akkreditierung-mundlos\/\",\"url\":\"https:\/\/blog.zeit.de\/nsu-prozess-blog\/2014\/01\/06\/kiesewetter-vernehmung-akkreditierung-mundlos\/\",\"name\":\"Kiesewetters Kollege hat Angst vor Aussage \u2013 Das Medienlog vom Montag, 6. Januar 2014 - Das NSU-Prozess-Blog\",\"isPartOf\":{\"@id\":\"https:\/\/blog.zeit.de\/nsu-prozess-blog\/#website\"},\"datePublished\":\"2014-01-06T10:05:47+00:00\",\"dateModified\":\"2014-01-06T10:48:58+00:00\",\"author\":{\"@id\":\"https:\/\/blog.zeit.de\/nsu-prozess-blog\/#\/schema\/person\/553ea9bb5d1fc2ae054c589bd59380a5\"},\"breadcrumb\":{\"@id\":\"https:\/\/blog.zeit.de\/nsu-prozess-blog\/2014\/01\/06\/kiesewetter-vernehmung-akkreditierung-mundlos\/#breadcrumb\"},\"inLanguage\":\"de\",\"potentialAction\":[{\"@type\":\"ReadAction\",\"target\":[\"https:\/\/blog.zeit.de\/nsu-prozess-blog\/2014\/01\/06\/kiesewetter-vernehmung-akkreditierung-mundlos\/\"]}]},{\"@type\":\"BreadcrumbList\",\"@id\":\"https:\/\/blog.zeit.de\/nsu-prozess-blog\/2014\/01\/06\/kiesewetter-vernehmung-akkreditierung-mundlos\/#breadcrumb\",\"itemListElement\":[{\"@type\":\"ListItem\",\"position\":1,\"name\":\"Startseite\",\"item\":\"https:\/\/blog.zeit.de\/nsu-prozess-blog\/\"},{\"@type\":\"ListItem\",\"position\":2,\"name\":\"Kiesewetters Kollege hat Angst vor Aussage \u2013 Das Medienlog vom Montag, 6. Januar 2014\"}]},{\"@type\":\"WebSite\",\"@id\":\"https:\/\/blog.zeit.de\/nsu-prozess-blog\/#website\",\"url\":\"https:\/\/blog.zeit.de\/nsu-prozess-blog\/\",\"name\":\"Das NSU-Prozess-Blog\",\"description\":\"Alle Berichte zum Terrorverfahren in M\u00fcnchen\",\"potentialAction\":[{\"@type\":\"SearchAction\",\"target\":{\"@type\":\"EntryPoint\",\"urlTemplate\":\"https:\/\/blog.zeit.de\/nsu-prozess-blog\/?s={search_term_string}\"},\"query-input\":\"required name=search_term_string\"}],\"inLanguage\":\"de\"},{\"@type\":\"Person\",\"@id\":\"https:\/\/blog.zeit.de\/nsu-prozess-blog\/#\/schema\/person\/553ea9bb5d1fc2ae054c589bd59380a5\",\"name\":\"Tom Sundermann\",\"image\":{\"@type\":\"ImageObject\",\"inLanguage\":\"de\",\"@id\":\"https:\/\/blog.zeit.de\/nsu-prozess-blog\/#\/schema\/person\/image\/\",\"url\":\"https:\/\/secure.gravatar.com\/avatar\/e108a3dc18766f719b2f797dc5d19093f06a1870c55b553ab6b7563f1f9a5e68?s=96&d=mm&r=g\",\"contentUrl\":\"https:\/\/secure.gravatar.com\/avatar\/e108a3dc18766f719b2f797dc5d19093f06a1870c55b553ab6b7563f1f9a5e68?s=96&d=mm&r=g\",\"caption\":\"Tom Sundermann\"},\"sameAs\":[\"https:\/\/twitter.com\/messeticker\"],\"url\":\"https:\/\/blog.zeit.de\/nsu-prozess-blog\/author\/tsundermann\/\"}]}<\/script>\n<!-- \/ Yoast SEO plugin. -->","yoast_head_json":{"title":"Kiesewetters Kollege hat Angst vor Aussage \u2013 Das Medienlog vom Montag, 6. Januar 2014 - Das NSU-Prozess-Blog","robots":{"index":"index","follow":"follow","max-snippet":"max-snippet:-1","max-image-preview":"max-image-preview:large","max-video-preview":"max-video-preview:-1"},"canonical":"https:\/\/blog.zeit.de\/nsu-prozess-blog\/2014\/01\/06\/kiesewetter-vernehmung-akkreditierung-mundlos\/","og_locale":"de_DE","og_type":"article","og_title":"Kiesewetters Kollege hat Angst vor Aussage \u2013 Das Medienlog vom Montag, 6. Januar 2014 - Das NSU-Prozess-Blog","og_description":"Der Polizist Martin A. ist wohl der einzige Mensch, der einen der Pistolen-Mordanschl\u00e4ge des NSU \u00fcberlebt hat: Er sa\u00df im April 2007 in Heilbronn neben seiner Kollegin Mich\u00e8le Kiesewetter, als diese erschossen wurde \u2013 Mitte Januar sagt er in M\u00fcnchen aus. W\u00e4hrend die \u00d6ffentlichkeit gespannt auf seine Vernehmung wartet, ist dem Zeugen laut einem Welt-Bericht [&hellip;]","og_url":"https:\/\/blog.zeit.de\/nsu-prozess-blog\/2014\/01\/06\/kiesewetter-vernehmung-akkreditierung-mundlos\/","og_site_name":"Das NSU-Prozess-Blog","article_published_time":"2014-01-06T10:05:47+00:00","article_modified_time":"2014-01-06T10:48:58+00:00","author":"Tom Sundermann","twitter_misc":{"Geschrieben von":"Tom Sundermann","Gesch\u00e4tzte Lesezeit":"2\u00a0Minuten"},"schema":{"@context":"https:\/\/schema.org","@graph":[{"@type":"WebPage","@id":"https:\/\/blog.zeit.de\/nsu-prozess-blog\/2014\/01\/06\/kiesewetter-vernehmung-akkreditierung-mundlos\/","url":"https:\/\/blog.zeit.de\/nsu-prozess-blog\/2014\/01\/06\/kiesewetter-vernehmung-akkreditierung-mundlos\/","name":"Kiesewetters Kollege hat Angst vor Aussage \u2013 Das Medienlog vom Montag, 6. Januar 2014 - Das NSU-Prozess-Blog","isPartOf":{"@id":"https:\/\/blog.zeit.de\/nsu-prozess-blog\/#website"},"datePublished":"2014-01-06T10:05:47+00:00","dateModified":"2014-01-06T10:48:58+00:00","author":{"@id":"https:\/\/blog.zeit.de\/nsu-prozess-blog\/#\/schema\/person\/553ea9bb5d1fc2ae054c589bd59380a5"},"breadcrumb":{"@id":"https:\/\/blog.zeit.de\/nsu-prozess-blog\/2014\/01\/06\/kiesewetter-vernehmung-akkreditierung-mundlos\/#breadcrumb"},"inLanguage":"de","potentialAction":[{"@type":"ReadAction","target":["https:\/\/blog.zeit.de\/nsu-prozess-blog\/2014\/01\/06\/kiesewetter-vernehmung-akkreditierung-mundlos\/"]}]},{"@type":"BreadcrumbList","@id":"https:\/\/blog.zeit.de\/nsu-prozess-blog\/2014\/01\/06\/kiesewetter-vernehmung-akkreditierung-mundlos\/#breadcrumb","itemListElement":[{"@type":"ListItem","position":1,"name":"Startseite","item":"https:\/\/blog.zeit.de\/nsu-prozess-blog\/"},{"@type":"ListItem","position":2,"name":"Kiesewetters Kollege hat Angst vor Aussage \u2013 Das Medienlog vom Montag, 6. Januar 2014"}]},{"@type":"WebSite","@id":"https:\/\/blog.zeit.de\/nsu-prozess-blog\/#website","url":"https:\/\/blog.zeit.de\/nsu-prozess-blog\/","name":"Das NSU-Prozess-Blog","description":"Alle Berichte zum Terrorverfahren in M\u00fcnchen","potentialAction":[{"@type":"SearchAction","target":{"@type":"EntryPoint","urlTemplate":"https:\/\/blog.zeit.de\/nsu-prozess-blog\/?s={search_term_string}"},"query-input":"required name=search_term_string"}],"inLanguage":"de"},{"@type":"Person","@id":"https:\/\/blog.zeit.de\/nsu-prozess-blog\/#\/schema\/person\/553ea9bb5d1fc2ae054c589bd59380a5","name":"Tom Sundermann","image":{"@type":"ImageObject","inLanguage":"de","@id":"https:\/\/blog.zeit.de\/nsu-prozess-blog\/#\/schema\/person\/image\/","url":"https:\/\/secure.gravatar.com\/avatar\/e108a3dc18766f719b2f797dc5d19093f06a1870c55b553ab6b7563f1f9a5e68?s=96&d=mm&r=g","contentUrl":"https:\/\/secure.gravatar.com\/avatar\/e108a3dc18766f719b2f797dc5d19093f06a1870c55b553ab6b7563f1f9a5e68?s=96&d=mm&r=g","caption":"Tom Sundermann"},"sameAs":["https:\/\/twitter.com\/messeticker"],"url":"https:\/\/blog.zeit.de\/nsu-prozess-blog\/author\/tsundermann\/"}]}},"jetpack_featured_media_url":"","jetpack_sharing_enabled":true,"_links":{"self":[{"href":"https:\/\/blog.zeit.de\/nsu-prozess-blog\/wp-json\/wp\/v2\/posts\/5283","targetHints":{"allow":["GET"]}}],"collection":[{"href":"https:\/\/blog.zeit.de\/nsu-prozess-blog\/wp-json\/wp\/v2\/posts"}],"about":[{"href":"https:\/\/blog.zeit.de\/nsu-prozess-blog\/wp-json\/wp\/v2\/types\/post"}],"author":[{"embeddable":true,"href":"https:\/\/blog.zeit.de\/nsu-prozess-blog\/wp-json\/wp\/v2\/users\/435"}],"replies":[{"embeddable":true,"href":"https:\/\/blog.zeit.de\/nsu-prozess-blog\/wp-json\/wp\/v2\/comments?post=5283"}],"version-history":[{"count":16,"href":"https:\/\/blog.zeit.de\/nsu-prozess-blog\/wp-json\/wp\/v2\/posts\/5283\/revisions"}],"predecessor-version":[{"id":5303,"href":"https:\/\/blog.zeit.de\/nsu-prozess-blog\/wp-json\/wp\/v2\/posts\/5283\/revisions\/5303"}],"wp:attachment":[{"href":"https:\/\/blog.zeit.de\/nsu-prozess-blog\/wp-json\/wp\/v2\/media?parent=5283"}],"wp:term":[{"taxonomy":"category","embeddable":true,"href":"https:\/\/blog.zeit.de\/nsu-prozess-blog\/wp-json\/wp\/v2\/categories?post=5283"},{"taxonomy":"post_tag","embeddable":true,"href":"https:\/\/blog.zeit.de\/nsu-prozess-blog\/wp-json\/wp\/v2\/tags?post=5283"}],"curies":[{"name":"wp","href":"https:\/\/api.w.org\/{rel}","templated":true}]}}