{"id":537,"date":"2013-05-21T10:28:58","date_gmt":"2013-05-21T08:28:58","guid":{"rendered":"http:\/\/blog.zeit.de\/nsu-prozess-blog\/?p=537"},"modified":"2013-05-22T17:49:51","modified_gmt":"2013-05-22T15:49:51","slug":"mandantenfang-das-nsu-medienlog-vom-21-mai-2013","status":"publish","type":"post","link":"https:\/\/blog.zeit.de\/nsu-prozess-blog\/2013\/05\/21\/mandantenfang-das-nsu-medienlog-vom-21-mai-2013\/","title":{"rendered":"&#8222;Mandantenfang&#8220; \u2013 das NSU-Medienlog vom 21. Mai 2013"},"content":{"rendered":"<p><em>An jedem Werktag fassen wir im <a title=\"NSU-Prozess-Blog\" href=\"https:\/\/blog.zeit.de\/nsu-prozess-blog\/\">NSU-Prozess-Blog<\/a> die wichtigsten Medienberichte, Blogs, Videos und Tweets zusammen.\u00a0Wir freuen uns \u00fcber Hinweise via Twitter mit dem Hashtag #nsublog \u2013 oder per E-Mail an nsublog@zeit.de.<\/em><\/p>\n<p>So berichteten die Medien am Pfingstwochenende \u00fcber den NSU-Prozess:<\/p>\n<p>&nbsp;<\/p>\n<p><strong>Drohung von rechts?:<\/strong> Von Einsch\u00fcchterungsversuchen, vermutlich aus der rechten Szene, <a href=\"http:\/\/www.sueddeutsche.de\/muenchen\/nsu-prozess-in-muenchen-rechte-attackieren-nazi-gegner-mit-faekalien-1.1674474\">berichtete die <em>S\u00fcddeutsche Zeitung<\/em> <\/a>bereits am Freitag. Unbekannte beschmierten demnach eine Anwaltskanzlei in M\u00fcnchen mit Urin und Kot. Die Anwaltskanzlei vertritt eine der Nebenkl\u00e4gerinnen im NSU-Prozess. Weitere \u00dcbergriffe habe es gegen ein Wohnprojekt und die Gesch\u00e4ftsstelle des Bayrischen Fl\u00fcchtlingsrats gegeben. &#8222;Wir nehmen nicht wahr, dass die rechte Szene insgesamt aktiver wird&#8220;, zitiert die Zeitung Polizeisprecher Wolfgang Wenger.\u00a0 Man werte die Taten bisher als Einzelf\u00e4lle. Im t\u00e4glichen Pressebericht hatte die Polizei keinen der Vorf\u00e4lle\u00a0gemeldet, schreibt die <em>S\u00fcddeutsche Zeitung. <\/em><\/p>\n<p>Viele t\u00fcrkische Medien berichteten ebenfalls \u00fcber die Attacken in M\u00fcnchen. Unter anderem die Zeitungen <em><a href=\"http:\/\/www.radikal.com.tr\/dunya\/turklerin_avukatlarina_diskili_saldiri-1133841\">Radikal<\/a><\/em>, <em><a href=\"http:\/\/www.aksam.com.tr\/dunya\/nazi-davasinda-diski-skandali\/haber-206742\">Aksam<\/a>,<\/em> <a href=\"http:\/\/hurarsiv.hurriyet.com.tr\/goster\/ShowNew.aspx?id=23305399\"><em>H\u00fcrriyet<\/em><\/a>, <a href=\"http:\/\/evrensel.net\/news.php?id=57062\"><em>Evrensel<\/em>,<\/a> und <a href=\"http:\/\/haber.gazetevatan.com\/neo-nazi-davasinda-skandal\/538960\/30\/dunya\"><em>Vatan<\/em><\/a>, sowie der Sender <a href=\"http:\/\/www.bbc.co.uk\/turkce\/haberler\/2013\/05\/130517_almanya_naziler.shtml\">BBC (T\u00fcrkei)<\/a>.<\/p>\n<p>&nbsp;<\/p>\n<blockquote class=\"twitter-tweet\" lang=\"de\"><p>Angriffe auf Nazi-Gegner w\u00e4hrend <a href=\"https:\/\/twitter.com\/search\/%23NSU\">#NSU<\/a>-Prozess. <a href=\"https:\/\/twitter.com\/search\/%23Polizei\">#Polizei<\/a> wertet die Taten als Einzelf\u00e4lle. So schlie\u00dft sich der Kreis. <a title=\"http:\/\/www.sueddeutsche.de\/muenchen\/nsu-prozess-in-muenchen-rechte-attackieren-nazi-gegner-mit-faekalien-1.1674474\" href=\"http:\/\/t.co\/ESRyt5aV6i\">sueddeutsche.de\/muenchen\/nsu-p\u2026<\/a><\/p>\n<p>\u2014 Hanna Samm\u00fcllerGradl (@LilithMuc) <a href=\"https:\/\/twitter.com\/LilithMuc\/status\/335274132730159105\">17. Mai 2013<\/a><\/p><\/blockquote>\n<p><!--more--><\/p>\n<p><strong>&#8222;Mandantenfang&#8220;:<\/strong> In der K\u00f6lner Keupstra\u00dfe w\u00fcrden Anw\u00e4lte Nebenkl\u00e4ger f\u00fcr den NSU-Prozess anwerben, berichtet der <a href=\"http:\/\/www.ksta.de\/der-nsu-prozess\/nsu-prozess-keupstrassen-verhandlung-in-gefahr,22321394,22802074.html\"><em>K\u00f6lner Stadt-Anzeiger.<\/em><\/a> Ein Zeuge erz\u00e4hlte der Zeitung von &#8222;einer Art Informationsveranstaltung&#8220;, die ein Anwalt veranstaltet habe. &#8222;Eine Art Werbeveranstaltung trifft es wom\u00f6glich besser&#8220;, schreibt die Zeitung. &#8222;Denn der Anwalt soll damit geprahlt haben, &#8222;wie toll er sei&#8220;, wie erfolgreich und \u00fcberhaupt: &#8222;dass er jedem Opfer des Attentats vor dem NSU-Prozess in M\u00fcnchen zu seinem Recht verhelfen werde.&#8220;<\/p>\n<p>Die Europa-Ausgabe der t\u00fcrkischen Zeitung <em>Sabah<\/em> bezeichnete das Verhalten der Anw\u00e4lte in der Keupstra\u00dfe als <a href=\"http:\/\/www.sabah.de\/avukatlarin-mudahil-avi.html\">&#8222;Jagd nach Nebenkl\u00e4gern.&#8220;<\/a><\/p>\n<p><strong>&#8222;Die Hahnenk\u00e4mpfe sind vorbei&#8220;<\/strong>, res\u00fcmiert Gerichtsreporterin Annette Ramelsberger <a href=\"http:\/\/www.sueddeutsche.de\/politik\/aktenlage-nsu-prozess-1.1675695\">in einem Beitrag auf <em>sueddeutsche.de <\/em><\/a>nach den ersten Prozesstagen. Man k\u00f6nne sich nun den Inhalten zuwenden. Den Vorsitzenden Richter G\u00f6tzl h\u00e4lt Ramelsberger f\u00fcr sehr souver\u00e4n, die Stimmung insgesamt f\u00fcr zu aufgeladen. Wie teilweise \u00fcber die Angeklagte Beate Zsch\u00e4pe berichtet wurde, bezeichnet die Autorin als menschenunw\u00fcrdig. &#8222;Auch ein Angeklagter, auch wenn er die schlimmsten Verbrechen begangen hat, hat ein Recht auf Menschenw\u00fcrde&#8220;, sagt sie.<\/p>\n<p><strong>Freundeskreise:<\/strong> Einige Medien sind im NSU-Prozess vertreten, obwohl sie beim Losverfahren keinen Platz erhalten haben. Das ZEIT-Magazin <a href=\"http:\/\/www.zeit.de\/2013\/21\/deutschlandkarte-nsu-prozess-berichterstattung\">hat auf einer Deutschlandkarte visualisiert<\/a>, welche Medienvertreter tats\u00e4chlich im Gerichtssaal sitzen.<br \/>\n<!--more--><\/p>\n<p><strong>&#8222;Deutschlands Neonazi-Dorf&#8220;<\/strong>: Die britische Tageszeitung <a href=\"http:\/\/de.wikipedia.org\/wiki\/The_Daily_Telegraph\"><em>The Telegraph<\/em><\/a> ver\u00f6ffentlichte eine Reportage \u00fcber das von Rechtsextremen dominierte Dorf Jamel in Mecklenburg-Vorpommern. Jamel sei f\u00fcr einige nur die Spitze des Eisbergs, schreibt die Zeitung und kommt dann auf den NSU-Prozess zu sprechen: Der &#8222;schockierende Prozess&#8220; in M\u00fcnchen habe einen weiteren Anlass zur Selbstpr\u00fcfung gegeben. Deutschland sei gezwungen dem gewaltt\u00e4tigen Rassismus, der Teile der Gesellschaft durchringe,\u00a0 entgegenzutreten.<br \/>\n<script type=\"text\/javascript\" src=\"http:\/\/player.ooyala.com\/player.js?height=315&amp;embedCode=ZkdDZqYjq49kHUYTVgoBytp0Fhamp30K&amp;width=560&amp;video_pcode=RvbGU6Z74XE_a3bj4QwRGByhq9h2&amp;deepLinkEmbedCode=ZkdDZqYjq49kHUYTVgoBytp0Fhamp30K\"><\/script><\/p>\n<p>&nbsp;<\/p>\n<p>&nbsp;<\/p>\n<p>&nbsp;<\/p>\n<p><em>\u00a0<\/em><\/p>\n<p><em>Das N\u00e4chste Medienlog zum NSU-Prozess erscheint am Mittwoch, 22. Mai 2013.<\/em><\/p>\n","protected":false},"excerpt":{"rendered":"<p>An jedem Werktag fassen wir im NSU-Prozess-Blog die wichtigsten Medienberichte, Blogs, Videos und Tweets zusammen.\u00a0Wir freuen uns \u00fcber Hinweise via Twitter mit dem Hashtag #nsublog \u2013 oder per E-Mail an nsublog@zeit.de. So berichteten die Medien am Pfingstwochenende \u00fcber den NSU-Prozess: &nbsp; Drohung von rechts?: Von Einsch\u00fcchterungsversuchen, vermutlich aus der rechten Szene, berichtete die S\u00fcddeutsche Zeitung [&hellip;]<\/p>\n","protected":false},"author":410,"featured_media":0,"comment_status":"open","ping_status":"open","sticky":false,"template":"","format":"standard","meta":{"_jetpack_memberships_contains_paid_content":false,"footnotes":""},"categories":[27531],"tags":[],"class_list":["post-537","post","type-post","status-publish","format-standard","hentry","category-medienschau"],"yoast_head":"<!-- This site is optimized with the Yoast SEO plugin v21.0 - https:\/\/yoast.com\/wordpress\/plugins\/seo\/ -->\n<title>&quot;Mandantenfang&quot; \u2013 das NSU-Medienlog vom 21. Mai 2013 - Das NSU-Prozess-Blog<\/title>\n<meta name=\"robots\" content=\"index, follow, max-snippet:-1, max-image-preview:large, max-video-preview:-1\" \/>\n<link rel=\"canonical\" href=\"https:\/\/blog.zeit.de\/nsu-prozess-blog\/2013\/05\/21\/mandantenfang-das-nsu-medienlog-vom-21-mai-2013\/\" \/>\n<meta property=\"og:locale\" content=\"de_DE\" \/>\n<meta property=\"og:type\" content=\"article\" \/>\n<meta property=\"og:title\" content=\"&quot;Mandantenfang&quot; \u2013 das NSU-Medienlog vom 21. Mai 2013 - Das NSU-Prozess-Blog\" \/>\n<meta property=\"og:description\" content=\"An jedem Werktag fassen wir im NSU-Prozess-Blog die wichtigsten Medienberichte, Blogs, Videos und Tweets zusammen.\u00a0Wir freuen uns \u00fcber Hinweise via Twitter mit dem Hashtag #nsublog \u2013 oder per E-Mail an nsublog@zeit.de. So berichteten die Medien am Pfingstwochenende \u00fcber den NSU-Prozess: &nbsp; Drohung von rechts?: Von Einsch\u00fcchterungsversuchen, vermutlich aus der rechten Szene, berichtete die S\u00fcddeutsche Zeitung [&hellip;]\" \/>\n<meta property=\"og:url\" content=\"https:\/\/blog.zeit.de\/nsu-prozess-blog\/2013\/05\/21\/mandantenfang-das-nsu-medienlog-vom-21-mai-2013\/\" \/>\n<meta property=\"og:site_name\" content=\"Das NSU-Prozess-Blog\" \/>\n<meta property=\"article:published_time\" content=\"2013-05-21T08:28:58+00:00\" \/>\n<meta property=\"article:modified_time\" content=\"2013-05-22T15:49:51+00:00\" \/>\n<meta name=\"author\" content=\"Mirjam Schmitt\" \/>\n<meta name=\"twitter:label1\" content=\"Geschrieben von\" \/>\n\t<meta name=\"twitter:data1\" content=\"Mirjam Schmitt\" \/>\n\t<meta name=\"twitter:label2\" content=\"Gesch\u00e4tzte Lesezeit\" \/>\n\t<meta name=\"twitter:data2\" content=\"2\u00a0Minuten\" \/>\n<script type=\"application\/ld+json\" class=\"yoast-schema-graph\">{\"@context\":\"https:\/\/schema.org\",\"@graph\":[{\"@type\":\"WebPage\",\"@id\":\"https:\/\/blog.zeit.de\/nsu-prozess-blog\/2013\/05\/21\/mandantenfang-das-nsu-medienlog-vom-21-mai-2013\/\",\"url\":\"https:\/\/blog.zeit.de\/nsu-prozess-blog\/2013\/05\/21\/mandantenfang-das-nsu-medienlog-vom-21-mai-2013\/\",\"name\":\"\\\"Mandantenfang\\\" \u2013 das NSU-Medienlog vom 21. Mai 2013 - Das NSU-Prozess-Blog\",\"isPartOf\":{\"@id\":\"https:\/\/blog.zeit.de\/nsu-prozess-blog\/#website\"},\"datePublished\":\"2013-05-21T08:28:58+00:00\",\"dateModified\":\"2013-05-22T15:49:51+00:00\",\"author\":{\"@id\":\"https:\/\/blog.zeit.de\/nsu-prozess-blog\/#\/schema\/person\/45acffb344ee326a2ebea3f5c0ad3ae8\"},\"breadcrumb\":{\"@id\":\"https:\/\/blog.zeit.de\/nsu-prozess-blog\/2013\/05\/21\/mandantenfang-das-nsu-medienlog-vom-21-mai-2013\/#breadcrumb\"},\"inLanguage\":\"de\",\"potentialAction\":[{\"@type\":\"ReadAction\",\"target\":[\"https:\/\/blog.zeit.de\/nsu-prozess-blog\/2013\/05\/21\/mandantenfang-das-nsu-medienlog-vom-21-mai-2013\/\"]}]},{\"@type\":\"BreadcrumbList\",\"@id\":\"https:\/\/blog.zeit.de\/nsu-prozess-blog\/2013\/05\/21\/mandantenfang-das-nsu-medienlog-vom-21-mai-2013\/#breadcrumb\",\"itemListElement\":[{\"@type\":\"ListItem\",\"position\":1,\"name\":\"Startseite\",\"item\":\"https:\/\/blog.zeit.de\/nsu-prozess-blog\/\"},{\"@type\":\"ListItem\",\"position\":2,\"name\":\"&#8222;Mandantenfang&#8220; \u2013 das NSU-Medienlog vom 21. Mai 2013\"}]},{\"@type\":\"WebSite\",\"@id\":\"https:\/\/blog.zeit.de\/nsu-prozess-blog\/#website\",\"url\":\"https:\/\/blog.zeit.de\/nsu-prozess-blog\/\",\"name\":\"Das NSU-Prozess-Blog\",\"description\":\"Alle Berichte zum Terrorverfahren in M\u00fcnchen\",\"potentialAction\":[{\"@type\":\"SearchAction\",\"target\":{\"@type\":\"EntryPoint\",\"urlTemplate\":\"https:\/\/blog.zeit.de\/nsu-prozess-blog\/?s={search_term_string}\"},\"query-input\":\"required name=search_term_string\"}],\"inLanguage\":\"de\"},{\"@type\":\"Person\",\"@id\":\"https:\/\/blog.zeit.de\/nsu-prozess-blog\/#\/schema\/person\/45acffb344ee326a2ebea3f5c0ad3ae8\",\"name\":\"Mirjam Schmitt\",\"image\":{\"@type\":\"ImageObject\",\"inLanguage\":\"de\",\"@id\":\"https:\/\/blog.zeit.de\/nsu-prozess-blog\/#\/schema\/person\/image\/\",\"url\":\"https:\/\/secure.gravatar.com\/avatar\/21ea3e922b6404f0cab7bb919e2b401850e5cef2e7155dba6caa935b66c5688b?s=96&d=mm&r=g\",\"contentUrl\":\"https:\/\/secure.gravatar.com\/avatar\/21ea3e922b6404f0cab7bb919e2b401850e5cef2e7155dba6caa935b66c5688b?s=96&d=mm&r=g\",\"caption\":\"Mirjam Schmitt\"},\"url\":\"https:\/\/blog.zeit.de\/nsu-prozess-blog\/author\/mschmitt\/\"}]}<\/script>\n<!-- \/ Yoast SEO plugin. -->","yoast_head_json":{"title":"\"Mandantenfang\" \u2013 das NSU-Medienlog vom 21. Mai 2013 - Das NSU-Prozess-Blog","robots":{"index":"index","follow":"follow","max-snippet":"max-snippet:-1","max-image-preview":"max-image-preview:large","max-video-preview":"max-video-preview:-1"},"canonical":"https:\/\/blog.zeit.de\/nsu-prozess-blog\/2013\/05\/21\/mandantenfang-das-nsu-medienlog-vom-21-mai-2013\/","og_locale":"de_DE","og_type":"article","og_title":"\"Mandantenfang\" \u2013 das NSU-Medienlog vom 21. Mai 2013 - Das NSU-Prozess-Blog","og_description":"An jedem Werktag fassen wir im NSU-Prozess-Blog die wichtigsten Medienberichte, Blogs, Videos und Tweets zusammen.\u00a0Wir freuen uns \u00fcber Hinweise via Twitter mit dem Hashtag #nsublog \u2013 oder per E-Mail an nsublog@zeit.de. So berichteten die Medien am Pfingstwochenende \u00fcber den NSU-Prozess: &nbsp; Drohung von rechts?: Von Einsch\u00fcchterungsversuchen, vermutlich aus der rechten Szene, berichtete die S\u00fcddeutsche Zeitung [&hellip;]","og_url":"https:\/\/blog.zeit.de\/nsu-prozess-blog\/2013\/05\/21\/mandantenfang-das-nsu-medienlog-vom-21-mai-2013\/","og_site_name":"Das NSU-Prozess-Blog","article_published_time":"2013-05-21T08:28:58+00:00","article_modified_time":"2013-05-22T15:49:51+00:00","author":"Mirjam Schmitt","twitter_misc":{"Geschrieben von":"Mirjam Schmitt","Gesch\u00e4tzte Lesezeit":"2\u00a0Minuten"},"schema":{"@context":"https:\/\/schema.org","@graph":[{"@type":"WebPage","@id":"https:\/\/blog.zeit.de\/nsu-prozess-blog\/2013\/05\/21\/mandantenfang-das-nsu-medienlog-vom-21-mai-2013\/","url":"https:\/\/blog.zeit.de\/nsu-prozess-blog\/2013\/05\/21\/mandantenfang-das-nsu-medienlog-vom-21-mai-2013\/","name":"\"Mandantenfang\" \u2013 das NSU-Medienlog vom 21. Mai 2013 - Das NSU-Prozess-Blog","isPartOf":{"@id":"https:\/\/blog.zeit.de\/nsu-prozess-blog\/#website"},"datePublished":"2013-05-21T08:28:58+00:00","dateModified":"2013-05-22T15:49:51+00:00","author":{"@id":"https:\/\/blog.zeit.de\/nsu-prozess-blog\/#\/schema\/person\/45acffb344ee326a2ebea3f5c0ad3ae8"},"breadcrumb":{"@id":"https:\/\/blog.zeit.de\/nsu-prozess-blog\/2013\/05\/21\/mandantenfang-das-nsu-medienlog-vom-21-mai-2013\/#breadcrumb"},"inLanguage":"de","potentialAction":[{"@type":"ReadAction","target":["https:\/\/blog.zeit.de\/nsu-prozess-blog\/2013\/05\/21\/mandantenfang-das-nsu-medienlog-vom-21-mai-2013\/"]}]},{"@type":"BreadcrumbList","@id":"https:\/\/blog.zeit.de\/nsu-prozess-blog\/2013\/05\/21\/mandantenfang-das-nsu-medienlog-vom-21-mai-2013\/#breadcrumb","itemListElement":[{"@type":"ListItem","position":1,"name":"Startseite","item":"https:\/\/blog.zeit.de\/nsu-prozess-blog\/"},{"@type":"ListItem","position":2,"name":"&#8222;Mandantenfang&#8220; \u2013 das NSU-Medienlog vom 21. Mai 2013"}]},{"@type":"WebSite","@id":"https:\/\/blog.zeit.de\/nsu-prozess-blog\/#website","url":"https:\/\/blog.zeit.de\/nsu-prozess-blog\/","name":"Das NSU-Prozess-Blog","description":"Alle Berichte zum Terrorverfahren in M\u00fcnchen","potentialAction":[{"@type":"SearchAction","target":{"@type":"EntryPoint","urlTemplate":"https:\/\/blog.zeit.de\/nsu-prozess-blog\/?s={search_term_string}"},"query-input":"required name=search_term_string"}],"inLanguage":"de"},{"@type":"Person","@id":"https:\/\/blog.zeit.de\/nsu-prozess-blog\/#\/schema\/person\/45acffb344ee326a2ebea3f5c0ad3ae8","name":"Mirjam Schmitt","image":{"@type":"ImageObject","inLanguage":"de","@id":"https:\/\/blog.zeit.de\/nsu-prozess-blog\/#\/schema\/person\/image\/","url":"https:\/\/secure.gravatar.com\/avatar\/21ea3e922b6404f0cab7bb919e2b401850e5cef2e7155dba6caa935b66c5688b?s=96&d=mm&r=g","contentUrl":"https:\/\/secure.gravatar.com\/avatar\/21ea3e922b6404f0cab7bb919e2b401850e5cef2e7155dba6caa935b66c5688b?s=96&d=mm&r=g","caption":"Mirjam Schmitt"},"url":"https:\/\/blog.zeit.de\/nsu-prozess-blog\/author\/mschmitt\/"}]}},"jetpack_featured_media_url":"","jetpack_sharing_enabled":true,"_links":{"self":[{"href":"https:\/\/blog.zeit.de\/nsu-prozess-blog\/wp-json\/wp\/v2\/posts\/537","targetHints":{"allow":["GET"]}}],"collection":[{"href":"https:\/\/blog.zeit.de\/nsu-prozess-blog\/wp-json\/wp\/v2\/posts"}],"about":[{"href":"https:\/\/blog.zeit.de\/nsu-prozess-blog\/wp-json\/wp\/v2\/types\/post"}],"author":[{"embeddable":true,"href":"https:\/\/blog.zeit.de\/nsu-prozess-blog\/wp-json\/wp\/v2\/users\/410"}],"replies":[{"embeddable":true,"href":"https:\/\/blog.zeit.de\/nsu-prozess-blog\/wp-json\/wp\/v2\/comments?post=537"}],"version-history":[{"count":36,"href":"https:\/\/blog.zeit.de\/nsu-prozess-blog\/wp-json\/wp\/v2\/posts\/537\/revisions"}],"predecessor-version":[{"id":596,"href":"https:\/\/blog.zeit.de\/nsu-prozess-blog\/wp-json\/wp\/v2\/posts\/537\/revisions\/596"}],"wp:attachment":[{"href":"https:\/\/blog.zeit.de\/nsu-prozess-blog\/wp-json\/wp\/v2\/media?parent=537"}],"wp:term":[{"taxonomy":"category","embeddable":true,"href":"https:\/\/blog.zeit.de\/nsu-prozess-blog\/wp-json\/wp\/v2\/categories?post=537"},{"taxonomy":"post_tag","embeddable":true,"href":"https:\/\/blog.zeit.de\/nsu-prozess-blog\/wp-json\/wp\/v2\/tags?post=537"}],"curies":[{"name":"wp","href":"https:\/\/api.w.org\/{rel}","templated":true}]}}