{"id":5370,"date":"2014-01-10T08:01:45","date_gmt":"2014-01-10T07:01:45","guid":{"rendered":"http:\/\/blog.zeit.de\/nsu-prozess-blog\/?p=5370"},"modified":"2014-01-10T08:52:50","modified_gmt":"2014-01-10T07:52:50","slug":"medienlog-holger-g-zeuge-kiesewetter","status":"publish","type":"post","link":"https:\/\/blog.zeit.de\/nsu-prozess-blog\/2014\/01\/10\/medienlog-holger-g-zeuge-kiesewetter\/","title":{"rendered":"Macht das Gericht es rechten Zeugen leicht? \u2013 Das Medienlog vom Freitag, 10. Januar 2014"},"content":{"rendered":"<p>Er erinnere sich nur noch bruchst\u00fcckhaft, an einem entscheidenden Punkt will er nicht nachgefragt haben \u2013 so \u00e4u\u00dferte sich der Zeuge Alexander S. am Mittwoch im NSU-Prozess. Vor Gericht gab sich S., der nach eigenen Angaben vor einem Jahrzehnt aus der rechten Szene ausgestiegen sein will, ahnungslos \u2013 tats\u00e4chlich habe er Richter Manfred G\u00f6tzl angelogen und seine politische Einstellung relativiert, kommentiert die Rechtsextremismus-Journalistin Andrea R\u00f6pke auf der Aktionsseite <a href=\"http:\/\/www.bnr.de\/artikel\/hintergrund\/verschwiegener-bester-kamerad\" target=\"_blank\"><em>Blick nach rechts<\/em><\/a>.<\/p>\n<p><!--more--><\/p>\n<p><em>An jedem Werktag sichten wir f\u00fcr das NSU-Prozess-Blog die Medien und stellen wichtige Berichte, Blogs, Videos und Tweets zusammen. Wir freuen uns \u00fcber Hinweise via Twitter mit dem Hashtag #nsublog \u2013 oder per E-Mail an <a href=\"mailto:nsublog@zeit.de\">nsublog@zeit.de<\/a>.<\/em><\/p>\n<p>S.&#8216; Frau Silvia hatte dem Angeklagten Holger G. ihre Krankenkassenkarte \u00fcberlassen, dieser gab sie sp\u00e4ter an Beate Zsch\u00e4pe weiter. Wof\u00fcr die Karte gebraucht werde, fragte S. nach eigenen Angaben jedoch nicht. Er gab an, fr\u00fcher gemeinsam mit G. in rechtsextremen Kreisen verkehrt zu haben. An diesem Punkt habe Richter G\u00f6tzl nicht intensiv genug nachgefragt, schreibt R\u00f6pke: &#8222;<strong>G\u00f6tzl kennt die Neonazi-Szene nicht<\/strong>, sie interessiert ihn im Allgemeinen auch nicht besonders. Sonst k\u00f6nnte er wissen, dass politische Geheimnisse in engen Kameradenkreisen geteilt werden.&#8220; Alexander S. h\u00e4tte demnach vermuten k\u00f6nnen, dass mit der Karte Straft\u00e4ter unterst\u00fctzt werden. Im Prozess werde allerdings &#8222;gegen auff\u00e4llige Erinnerungsl\u00fccken und offenkundige L\u00fcgen von Neonazi-Zeugen wenig Druck gemacht&#8220;.<\/p>\n<p>Ab Donnerstag der kommenden Woche will sich das Gericht dem <strong>Heilbronner Mord von 2007<\/strong> widmen, bei dem die Polizistin Mich\u00e8le Kiesewetter erschossen wurde. F\u00fcr den 21. Januar ist Kiesewetters Mutter Annette geladen \u2013 wom\u00f6glich f\u00e4llt ihre Vernehmung jedoch aus gesundheitlichen Gr\u00fcnden aus, wie ihre Anw\u00e4ltin Birgit Wolf der <a href=\"http:\/\/www.otz.de\/startseite\/detail\/-\/specific\/Anwaeltin-aus-Gera-Verschwoerungstheorien-im-Fall-Kiesewetter-nicht-bestaetigt-1746604234\" target=\"_blank\"><em>Ostth\u00fcringer Zeitung<\/em><\/a> sagte. Der Prozess nehme die Nebenkl\u00e4gerin sehr mit, zuletzt habe sie die ganze Zeit am Telefon geweint. Verschw\u00f6rungstheorien zu dem Fall haben sich nach Ansicht der Anw\u00e4ltin nicht best\u00e4tigt, da viele Zeugenaussagen widerspr\u00fcchlich seien.<\/p>\n<p>Das <strong>Bundesverfassungsgericht<\/strong> wird nicht per Urteil entscheiden, ob die Pressepl\u00e4tze im Verfahren rechtm\u00e4\u00dfig vergeben wurden. Die t\u00fcrkische Zeitung <em>Sabah<\/em> zog ihre Verfassungsbeschwerde gegen die urspr\u00fcngliche Vergabe vom April 2013 zur\u00fcck, wie der <a href=\"http:\/\/www.merkur-online.de\/aktuelles\/politik\/verfassungsgericht-kein-urteil-journalisten-nsu-prozess-3305770.html\" target=\"_blank\"><em>M\u00fcnchner Merkur<\/em><\/a> berichtet. Weil die Pl\u00e4tze aufgrund einer einstweiligen Anordnung aus Karlsruhe neu vergeben worden waren, sieht der Anwalt des Blatts die Beschwerde nach eigenen Angaben als erledigt an. Bereits die Anordnung habe einen Pr\u00e4zedenzfall geschaffen.<\/p>\n<p>Keine Berichte in englischsprachigen Onlinemedien.<\/p>\n<p><em>Das n\u00e4chste Medienlog erscheint am Montag, 13. Januar 2014.<\/em><\/p>\n","protected":false},"excerpt":{"rendered":"<p>Er erinnere sich nur noch bruchst\u00fcckhaft, an einem entscheidenden Punkt will er nicht nachgefragt haben \u2013 so \u00e4u\u00dferte sich der Zeuge Alexander S. am Mittwoch im NSU-Prozess. Vor Gericht gab sich S., der nach eigenen Angaben vor einem Jahrzehnt aus der rechten Szene ausgestiegen sein will, ahnungslos \u2013 tats\u00e4chlich habe er Richter Manfred G\u00f6tzl angelogen [&hellip;]<\/p>\n","protected":false},"author":435,"featured_media":0,"comment_status":"open","ping_status":"open","sticky":false,"template":"","format":"standard","meta":{"_jetpack_memberships_contains_paid_content":false,"footnotes":""},"categories":[27531],"tags":[27588],"class_list":["post-5370","post","type-post","status-publish","format-standard","hentry","category-medienschau","tag-michele-kiesewetter"],"yoast_head":"<!-- This site is optimized with the Yoast SEO plugin v21.0 - https:\/\/yoast.com\/wordpress\/plugins\/seo\/ -->\n<title>Macht das Gericht es rechten Zeugen leicht? \u2013 Das Medienlog vom Freitag, 10. Januar 2014 - Das NSU-Prozess-Blog<\/title>\n<meta name=\"robots\" content=\"index, follow, max-snippet:-1, max-image-preview:large, max-video-preview:-1\" \/>\n<link rel=\"canonical\" href=\"https:\/\/blog.zeit.de\/nsu-prozess-blog\/2014\/01\/10\/medienlog-holger-g-zeuge-kiesewetter\/\" \/>\n<meta property=\"og:locale\" content=\"de_DE\" \/>\n<meta property=\"og:type\" content=\"article\" \/>\n<meta property=\"og:title\" content=\"Macht das Gericht es rechten Zeugen leicht? \u2013 Das Medienlog vom Freitag, 10. Januar 2014 - Das NSU-Prozess-Blog\" \/>\n<meta property=\"og:description\" content=\"Er erinnere sich nur noch bruchst\u00fcckhaft, an einem entscheidenden Punkt will er nicht nachgefragt haben \u2013 so \u00e4u\u00dferte sich der Zeuge Alexander S. am Mittwoch im NSU-Prozess. Vor Gericht gab sich S., der nach eigenen Angaben vor einem Jahrzehnt aus der rechten Szene ausgestiegen sein will, ahnungslos \u2013 tats\u00e4chlich habe er Richter Manfred G\u00f6tzl angelogen [&hellip;]\" \/>\n<meta property=\"og:url\" content=\"https:\/\/blog.zeit.de\/nsu-prozess-blog\/2014\/01\/10\/medienlog-holger-g-zeuge-kiesewetter\/\" \/>\n<meta property=\"og:site_name\" content=\"Das NSU-Prozess-Blog\" \/>\n<meta property=\"article:published_time\" content=\"2014-01-10T07:01:45+00:00\" \/>\n<meta property=\"article:modified_time\" content=\"2014-01-10T07:52:50+00:00\" \/>\n<meta name=\"author\" content=\"Tom Sundermann\" \/>\n<meta name=\"twitter:label1\" content=\"Geschrieben von\" \/>\n\t<meta name=\"twitter:data1\" content=\"Tom Sundermann\" \/>\n\t<meta name=\"twitter:label2\" content=\"Gesch\u00e4tzte Lesezeit\" \/>\n\t<meta name=\"twitter:data2\" content=\"2\u00a0Minuten\" \/>\n<script type=\"application\/ld+json\" class=\"yoast-schema-graph\">{\"@context\":\"https:\/\/schema.org\",\"@graph\":[{\"@type\":\"WebPage\",\"@id\":\"https:\/\/blog.zeit.de\/nsu-prozess-blog\/2014\/01\/10\/medienlog-holger-g-zeuge-kiesewetter\/\",\"url\":\"https:\/\/blog.zeit.de\/nsu-prozess-blog\/2014\/01\/10\/medienlog-holger-g-zeuge-kiesewetter\/\",\"name\":\"Macht das Gericht es rechten Zeugen leicht? \u2013 Das Medienlog vom Freitag, 10. Januar 2014 - Das NSU-Prozess-Blog\",\"isPartOf\":{\"@id\":\"https:\/\/blog.zeit.de\/nsu-prozess-blog\/#website\"},\"datePublished\":\"2014-01-10T07:01:45+00:00\",\"dateModified\":\"2014-01-10T07:52:50+00:00\",\"author\":{\"@id\":\"https:\/\/blog.zeit.de\/nsu-prozess-blog\/#\/schema\/person\/553ea9bb5d1fc2ae054c589bd59380a5\"},\"breadcrumb\":{\"@id\":\"https:\/\/blog.zeit.de\/nsu-prozess-blog\/2014\/01\/10\/medienlog-holger-g-zeuge-kiesewetter\/#breadcrumb\"},\"inLanguage\":\"de\",\"potentialAction\":[{\"@type\":\"ReadAction\",\"target\":[\"https:\/\/blog.zeit.de\/nsu-prozess-blog\/2014\/01\/10\/medienlog-holger-g-zeuge-kiesewetter\/\"]}]},{\"@type\":\"BreadcrumbList\",\"@id\":\"https:\/\/blog.zeit.de\/nsu-prozess-blog\/2014\/01\/10\/medienlog-holger-g-zeuge-kiesewetter\/#breadcrumb\",\"itemListElement\":[{\"@type\":\"ListItem\",\"position\":1,\"name\":\"Startseite\",\"item\":\"https:\/\/blog.zeit.de\/nsu-prozess-blog\/\"},{\"@type\":\"ListItem\",\"position\":2,\"name\":\"Macht das Gericht es rechten Zeugen leicht? \u2013 Das Medienlog vom Freitag, 10. Januar 2014\"}]},{\"@type\":\"WebSite\",\"@id\":\"https:\/\/blog.zeit.de\/nsu-prozess-blog\/#website\",\"url\":\"https:\/\/blog.zeit.de\/nsu-prozess-blog\/\",\"name\":\"Das NSU-Prozess-Blog\",\"description\":\"Alle Berichte zum Terrorverfahren in M\u00fcnchen\",\"potentialAction\":[{\"@type\":\"SearchAction\",\"target\":{\"@type\":\"EntryPoint\",\"urlTemplate\":\"https:\/\/blog.zeit.de\/nsu-prozess-blog\/?s={search_term_string}\"},\"query-input\":\"required name=search_term_string\"}],\"inLanguage\":\"de\"},{\"@type\":\"Person\",\"@id\":\"https:\/\/blog.zeit.de\/nsu-prozess-blog\/#\/schema\/person\/553ea9bb5d1fc2ae054c589bd59380a5\",\"name\":\"Tom Sundermann\",\"image\":{\"@type\":\"ImageObject\",\"inLanguage\":\"de\",\"@id\":\"https:\/\/blog.zeit.de\/nsu-prozess-blog\/#\/schema\/person\/image\/\",\"url\":\"https:\/\/secure.gravatar.com\/avatar\/e108a3dc18766f719b2f797dc5d19093f06a1870c55b553ab6b7563f1f9a5e68?s=96&d=mm&r=g\",\"contentUrl\":\"https:\/\/secure.gravatar.com\/avatar\/e108a3dc18766f719b2f797dc5d19093f06a1870c55b553ab6b7563f1f9a5e68?s=96&d=mm&r=g\",\"caption\":\"Tom Sundermann\"},\"sameAs\":[\"https:\/\/twitter.com\/messeticker\"],\"url\":\"https:\/\/blog.zeit.de\/nsu-prozess-blog\/author\/tsundermann\/\"}]}<\/script>\n<!-- \/ Yoast SEO plugin. -->","yoast_head_json":{"title":"Macht das Gericht es rechten Zeugen leicht? \u2013 Das Medienlog vom Freitag, 10. Januar 2014 - Das NSU-Prozess-Blog","robots":{"index":"index","follow":"follow","max-snippet":"max-snippet:-1","max-image-preview":"max-image-preview:large","max-video-preview":"max-video-preview:-1"},"canonical":"https:\/\/blog.zeit.de\/nsu-prozess-blog\/2014\/01\/10\/medienlog-holger-g-zeuge-kiesewetter\/","og_locale":"de_DE","og_type":"article","og_title":"Macht das Gericht es rechten Zeugen leicht? \u2013 Das Medienlog vom Freitag, 10. Januar 2014 - Das NSU-Prozess-Blog","og_description":"Er erinnere sich nur noch bruchst\u00fcckhaft, an einem entscheidenden Punkt will er nicht nachgefragt haben \u2013 so \u00e4u\u00dferte sich der Zeuge Alexander S. am Mittwoch im NSU-Prozess. Vor Gericht gab sich S., der nach eigenen Angaben vor einem Jahrzehnt aus der rechten Szene ausgestiegen sein will, ahnungslos \u2013 tats\u00e4chlich habe er Richter Manfred G\u00f6tzl angelogen [&hellip;]","og_url":"https:\/\/blog.zeit.de\/nsu-prozess-blog\/2014\/01\/10\/medienlog-holger-g-zeuge-kiesewetter\/","og_site_name":"Das NSU-Prozess-Blog","article_published_time":"2014-01-10T07:01:45+00:00","article_modified_time":"2014-01-10T07:52:50+00:00","author":"Tom Sundermann","twitter_misc":{"Geschrieben von":"Tom Sundermann","Gesch\u00e4tzte Lesezeit":"2\u00a0Minuten"},"schema":{"@context":"https:\/\/schema.org","@graph":[{"@type":"WebPage","@id":"https:\/\/blog.zeit.de\/nsu-prozess-blog\/2014\/01\/10\/medienlog-holger-g-zeuge-kiesewetter\/","url":"https:\/\/blog.zeit.de\/nsu-prozess-blog\/2014\/01\/10\/medienlog-holger-g-zeuge-kiesewetter\/","name":"Macht das Gericht es rechten Zeugen leicht? \u2013 Das Medienlog vom Freitag, 10. Januar 2014 - Das NSU-Prozess-Blog","isPartOf":{"@id":"https:\/\/blog.zeit.de\/nsu-prozess-blog\/#website"},"datePublished":"2014-01-10T07:01:45+00:00","dateModified":"2014-01-10T07:52:50+00:00","author":{"@id":"https:\/\/blog.zeit.de\/nsu-prozess-blog\/#\/schema\/person\/553ea9bb5d1fc2ae054c589bd59380a5"},"breadcrumb":{"@id":"https:\/\/blog.zeit.de\/nsu-prozess-blog\/2014\/01\/10\/medienlog-holger-g-zeuge-kiesewetter\/#breadcrumb"},"inLanguage":"de","potentialAction":[{"@type":"ReadAction","target":["https:\/\/blog.zeit.de\/nsu-prozess-blog\/2014\/01\/10\/medienlog-holger-g-zeuge-kiesewetter\/"]}]},{"@type":"BreadcrumbList","@id":"https:\/\/blog.zeit.de\/nsu-prozess-blog\/2014\/01\/10\/medienlog-holger-g-zeuge-kiesewetter\/#breadcrumb","itemListElement":[{"@type":"ListItem","position":1,"name":"Startseite","item":"https:\/\/blog.zeit.de\/nsu-prozess-blog\/"},{"@type":"ListItem","position":2,"name":"Macht das Gericht es rechten Zeugen leicht? \u2013 Das Medienlog vom Freitag, 10. Januar 2014"}]},{"@type":"WebSite","@id":"https:\/\/blog.zeit.de\/nsu-prozess-blog\/#website","url":"https:\/\/blog.zeit.de\/nsu-prozess-blog\/","name":"Das NSU-Prozess-Blog","description":"Alle Berichte zum Terrorverfahren in M\u00fcnchen","potentialAction":[{"@type":"SearchAction","target":{"@type":"EntryPoint","urlTemplate":"https:\/\/blog.zeit.de\/nsu-prozess-blog\/?s={search_term_string}"},"query-input":"required name=search_term_string"}],"inLanguage":"de"},{"@type":"Person","@id":"https:\/\/blog.zeit.de\/nsu-prozess-blog\/#\/schema\/person\/553ea9bb5d1fc2ae054c589bd59380a5","name":"Tom Sundermann","image":{"@type":"ImageObject","inLanguage":"de","@id":"https:\/\/blog.zeit.de\/nsu-prozess-blog\/#\/schema\/person\/image\/","url":"https:\/\/secure.gravatar.com\/avatar\/e108a3dc18766f719b2f797dc5d19093f06a1870c55b553ab6b7563f1f9a5e68?s=96&d=mm&r=g","contentUrl":"https:\/\/secure.gravatar.com\/avatar\/e108a3dc18766f719b2f797dc5d19093f06a1870c55b553ab6b7563f1f9a5e68?s=96&d=mm&r=g","caption":"Tom Sundermann"},"sameAs":["https:\/\/twitter.com\/messeticker"],"url":"https:\/\/blog.zeit.de\/nsu-prozess-blog\/author\/tsundermann\/"}]}},"jetpack_featured_media_url":"","jetpack_sharing_enabled":true,"_links":{"self":[{"href":"https:\/\/blog.zeit.de\/nsu-prozess-blog\/wp-json\/wp\/v2\/posts\/5370","targetHints":{"allow":["GET"]}}],"collection":[{"href":"https:\/\/blog.zeit.de\/nsu-prozess-blog\/wp-json\/wp\/v2\/posts"}],"about":[{"href":"https:\/\/blog.zeit.de\/nsu-prozess-blog\/wp-json\/wp\/v2\/types\/post"}],"author":[{"embeddable":true,"href":"https:\/\/blog.zeit.de\/nsu-prozess-blog\/wp-json\/wp\/v2\/users\/435"}],"replies":[{"embeddable":true,"href":"https:\/\/blog.zeit.de\/nsu-prozess-blog\/wp-json\/wp\/v2\/comments?post=5370"}],"version-history":[{"count":16,"href":"https:\/\/blog.zeit.de\/nsu-prozess-blog\/wp-json\/wp\/v2\/posts\/5370\/revisions"}],"predecessor-version":[{"id":5385,"href":"https:\/\/blog.zeit.de\/nsu-prozess-blog\/wp-json\/wp\/v2\/posts\/5370\/revisions\/5385"}],"wp:attachment":[{"href":"https:\/\/blog.zeit.de\/nsu-prozess-blog\/wp-json\/wp\/v2\/media?parent=5370"}],"wp:term":[{"taxonomy":"category","embeddable":true,"href":"https:\/\/blog.zeit.de\/nsu-prozess-blog\/wp-json\/wp\/v2\/categories?post=5370"},{"taxonomy":"post_tag","embeddable":true,"href":"https:\/\/blog.zeit.de\/nsu-prozess-blog\/wp-json\/wp\/v2\/tags?post=5370"}],"curies":[{"name":"wp","href":"https:\/\/api.w.org\/{rel}","templated":true}]}}