{"id":5387,"date":"2014-01-14T06:29:49","date_gmt":"2014-01-14T05:29:49","guid":{"rendered":"http:\/\/blog.zeit.de\/nsu-prozess-blog\/?p=5387"},"modified":"2014-01-14T06:29:52","modified_gmt":"2014-01-14T05:29:52","slug":"73-prozesstag-gericht-beschaftigt-sich-mit-zschapes-kleidung","status":"publish","type":"post","link":"https:\/\/blog.zeit.de\/nsu-prozess-blog\/2014\/01\/14\/73-prozesstag-gericht-beschaftigt-sich-mit-zschapes-kleidung\/","title":{"rendered":"73. Prozesstag \u2013 Gericht besch\u00e4ftigt sich mit Zsch\u00e4pes Kleidung"},"content":{"rendered":"<p>Erneut befasst sich das Gericht am 73. Prozesstag mit den Geschehnissen nach dem Zwickauer Wohnungsbrand von 2011, den laut Anklage Beate Zsch\u00e4pe legte. Geladen ist ein Polizist, der Zsch\u00e4pes Kleidung sichergestellt hatte, nachdem diese sich in Jena gestellt hatte. Als Zeugin tritt zudem eine Frau auf, die in ihrem Namen eine Mobilfunk-Karte gekauft und Zsch\u00e4pe \u00fcberlassen hatte \u2013 die Karte wurde sp\u00e4ter im Brandschutt gefunden.<\/p>\n<p>Auch zwei Morde untersucht der Senat: Zum Tod von <a href=\"http:\/\/www.zeit.de\/gesellschaft\/zeitgeschehen\/2013-09\/nsu-prozess-3\" target=\"_blank\">S\u00fcleyman Task\u00f6pr\u00fc<\/a> aus Hamburg sagt der Gerichtsmediziner aus, der die Leiche obduzierte. Zum Fall von <a href=\"http:\/\/www.zeit.de\/gesellschaft\/zeitgeschehen\/2013-10\/ismail-yozgat-nsu-prozess-antworten-kassel-verfassungschutz\" target=\"_blank\">Halit Yozgat<\/a> aus Kassel ist ein Zeuge geladen, der sich zur Tatzeit im Internetcaf\u00e9 aufgehalten hatte. Er war bereits dreimal nach M\u00fcnchen zitiert worden, jedoch nie vor Gericht erschienen.<\/p>\n<p><em>Informationen aus der Verhandlung gibt es <a href=\"https:\/\/twitter.com\/zeitonline\/lists\/nsu-prozess\">via Twitter hier<\/a>. Die Berichte dar\u00fcber fassen wir morgen im <a href=\"https:\/\/blog.zeit.de\/nsu-prozess-blog\/category\/medienschau\/\">NSU-Medienlog<\/a> zusammen.<\/em><\/p>\n","protected":false},"excerpt":{"rendered":"<p>Erneut befasst sich das Gericht am 73. Prozesstag mit den Geschehnissen nach dem Zwickauer Wohnungsbrand von 2011, den laut Anklage Beate Zsch\u00e4pe legte. Geladen ist ein Polizist, der Zsch\u00e4pes Kleidung sichergestellt hatte, nachdem diese sich in Jena gestellt hatte. Als Zeugin tritt zudem eine Frau auf, die in ihrem Namen eine Mobilfunk-Karte gekauft und Zsch\u00e4pe [&hellip;]<\/p>\n","protected":false},"author":435,"featured_media":0,"comment_status":"open","ping_status":"open","sticky":false,"template":"","format":"standard","meta":{"_jetpack_memberships_contains_paid_content":false,"footnotes":""},"categories":[27532],"tags":[17793,27573,29435,27551,29434,27560],"class_list":["post-5387","post","type-post","status-publish","format-standard","hentry","category-prozesstage","tag-beate-zschape","tag-brand","tag-halit-yozgat","tag-prozesstag","tag-suleyman-taskopru","tag-zwickau"],"yoast_head":"<!-- This site is optimized with the Yoast SEO plugin v21.0 - https:\/\/yoast.com\/wordpress\/plugins\/seo\/ -->\n<title>73. Prozesstag \u2013 Gericht besch\u00e4ftigt sich mit Zsch\u00e4pes Kleidung - Das NSU-Prozess-Blog<\/title>\n<meta name=\"robots\" content=\"index, follow, max-snippet:-1, max-image-preview:large, max-video-preview:-1\" \/>\n<link rel=\"canonical\" href=\"https:\/\/blog.zeit.de\/nsu-prozess-blog\/2014\/01\/14\/73-prozesstag-gericht-beschaftigt-sich-mit-zschapes-kleidung\/\" \/>\n<meta property=\"og:locale\" content=\"de_DE\" \/>\n<meta property=\"og:type\" content=\"article\" \/>\n<meta property=\"og:title\" content=\"73. Prozesstag \u2013 Gericht besch\u00e4ftigt sich mit Zsch\u00e4pes Kleidung - Das NSU-Prozess-Blog\" \/>\n<meta property=\"og:description\" content=\"Erneut befasst sich das Gericht am 73. Prozesstag mit den Geschehnissen nach dem Zwickauer Wohnungsbrand von 2011, den laut Anklage Beate Zsch\u00e4pe legte. Geladen ist ein Polizist, der Zsch\u00e4pes Kleidung sichergestellt hatte, nachdem diese sich in Jena gestellt hatte. Als Zeugin tritt zudem eine Frau auf, die in ihrem Namen eine Mobilfunk-Karte gekauft und Zsch\u00e4pe [&hellip;]\" \/>\n<meta property=\"og:url\" content=\"https:\/\/blog.zeit.de\/nsu-prozess-blog\/2014\/01\/14\/73-prozesstag-gericht-beschaftigt-sich-mit-zschapes-kleidung\/\" \/>\n<meta property=\"og:site_name\" content=\"Das NSU-Prozess-Blog\" \/>\n<meta property=\"article:published_time\" content=\"2014-01-14T05:29:49+00:00\" \/>\n<meta property=\"article:modified_time\" content=\"2014-01-14T05:29:52+00:00\" \/>\n<meta name=\"author\" content=\"Tom Sundermann\" \/>\n<meta name=\"twitter:label1\" content=\"Geschrieben von\" \/>\n\t<meta name=\"twitter:data1\" content=\"Tom Sundermann\" \/>\n\t<meta name=\"twitter:label2\" content=\"Gesch\u00e4tzte Lesezeit\" \/>\n\t<meta name=\"twitter:data2\" content=\"1\u00a0Minute\" \/>\n<script type=\"application\/ld+json\" class=\"yoast-schema-graph\">{\"@context\":\"https:\/\/schema.org\",\"@graph\":[{\"@type\":\"WebPage\",\"@id\":\"https:\/\/blog.zeit.de\/nsu-prozess-blog\/2014\/01\/14\/73-prozesstag-gericht-beschaftigt-sich-mit-zschapes-kleidung\/\",\"url\":\"https:\/\/blog.zeit.de\/nsu-prozess-blog\/2014\/01\/14\/73-prozesstag-gericht-beschaftigt-sich-mit-zschapes-kleidung\/\",\"name\":\"73. Prozesstag \u2013 Gericht besch\u00e4ftigt sich mit Zsch\u00e4pes Kleidung - Das NSU-Prozess-Blog\",\"isPartOf\":{\"@id\":\"https:\/\/blog.zeit.de\/nsu-prozess-blog\/#website\"},\"datePublished\":\"2014-01-14T05:29:49+00:00\",\"dateModified\":\"2014-01-14T05:29:52+00:00\",\"author\":{\"@id\":\"https:\/\/blog.zeit.de\/nsu-prozess-blog\/#\/schema\/person\/553ea9bb5d1fc2ae054c589bd59380a5\"},\"breadcrumb\":{\"@id\":\"https:\/\/blog.zeit.de\/nsu-prozess-blog\/2014\/01\/14\/73-prozesstag-gericht-beschaftigt-sich-mit-zschapes-kleidung\/#breadcrumb\"},\"inLanguage\":\"de\",\"potentialAction\":[{\"@type\":\"ReadAction\",\"target\":[\"https:\/\/blog.zeit.de\/nsu-prozess-blog\/2014\/01\/14\/73-prozesstag-gericht-beschaftigt-sich-mit-zschapes-kleidung\/\"]}]},{\"@type\":\"BreadcrumbList\",\"@id\":\"https:\/\/blog.zeit.de\/nsu-prozess-blog\/2014\/01\/14\/73-prozesstag-gericht-beschaftigt-sich-mit-zschapes-kleidung\/#breadcrumb\",\"itemListElement\":[{\"@type\":\"ListItem\",\"position\":1,\"name\":\"Startseite\",\"item\":\"https:\/\/blog.zeit.de\/nsu-prozess-blog\/\"},{\"@type\":\"ListItem\",\"position\":2,\"name\":\"73. Prozesstag \u2013 Gericht besch\u00e4ftigt sich mit Zsch\u00e4pes Kleidung\"}]},{\"@type\":\"WebSite\",\"@id\":\"https:\/\/blog.zeit.de\/nsu-prozess-blog\/#website\",\"url\":\"https:\/\/blog.zeit.de\/nsu-prozess-blog\/\",\"name\":\"Das NSU-Prozess-Blog\",\"description\":\"Alle Berichte zum Terrorverfahren in M\u00fcnchen\",\"potentialAction\":[{\"@type\":\"SearchAction\",\"target\":{\"@type\":\"EntryPoint\",\"urlTemplate\":\"https:\/\/blog.zeit.de\/nsu-prozess-blog\/?s={search_term_string}\"},\"query-input\":\"required name=search_term_string\"}],\"inLanguage\":\"de\"},{\"@type\":\"Person\",\"@id\":\"https:\/\/blog.zeit.de\/nsu-prozess-blog\/#\/schema\/person\/553ea9bb5d1fc2ae054c589bd59380a5\",\"name\":\"Tom Sundermann\",\"image\":{\"@type\":\"ImageObject\",\"inLanguage\":\"de\",\"@id\":\"https:\/\/blog.zeit.de\/nsu-prozess-blog\/#\/schema\/person\/image\/\",\"url\":\"https:\/\/secure.gravatar.com\/avatar\/e108a3dc18766f719b2f797dc5d19093f06a1870c55b553ab6b7563f1f9a5e68?s=96&d=mm&r=g\",\"contentUrl\":\"https:\/\/secure.gravatar.com\/avatar\/e108a3dc18766f719b2f797dc5d19093f06a1870c55b553ab6b7563f1f9a5e68?s=96&d=mm&r=g\",\"caption\":\"Tom Sundermann\"},\"sameAs\":[\"https:\/\/twitter.com\/messeticker\"],\"url\":\"https:\/\/blog.zeit.de\/nsu-prozess-blog\/author\/tsundermann\/\"}]}<\/script>\n<!-- \/ Yoast SEO plugin. -->","yoast_head_json":{"title":"73. Prozesstag \u2013 Gericht besch\u00e4ftigt sich mit Zsch\u00e4pes Kleidung - Das NSU-Prozess-Blog","robots":{"index":"index","follow":"follow","max-snippet":"max-snippet:-1","max-image-preview":"max-image-preview:large","max-video-preview":"max-video-preview:-1"},"canonical":"https:\/\/blog.zeit.de\/nsu-prozess-blog\/2014\/01\/14\/73-prozesstag-gericht-beschaftigt-sich-mit-zschapes-kleidung\/","og_locale":"de_DE","og_type":"article","og_title":"73. Prozesstag \u2013 Gericht besch\u00e4ftigt sich mit Zsch\u00e4pes Kleidung - Das NSU-Prozess-Blog","og_description":"Erneut befasst sich das Gericht am 73. Prozesstag mit den Geschehnissen nach dem Zwickauer Wohnungsbrand von 2011, den laut Anklage Beate Zsch\u00e4pe legte. Geladen ist ein Polizist, der Zsch\u00e4pes Kleidung sichergestellt hatte, nachdem diese sich in Jena gestellt hatte. Als Zeugin tritt zudem eine Frau auf, die in ihrem Namen eine Mobilfunk-Karte gekauft und Zsch\u00e4pe [&hellip;]","og_url":"https:\/\/blog.zeit.de\/nsu-prozess-blog\/2014\/01\/14\/73-prozesstag-gericht-beschaftigt-sich-mit-zschapes-kleidung\/","og_site_name":"Das NSU-Prozess-Blog","article_published_time":"2014-01-14T05:29:49+00:00","article_modified_time":"2014-01-14T05:29:52+00:00","author":"Tom Sundermann","twitter_misc":{"Geschrieben von":"Tom Sundermann","Gesch\u00e4tzte Lesezeit":"1\u00a0Minute"},"schema":{"@context":"https:\/\/schema.org","@graph":[{"@type":"WebPage","@id":"https:\/\/blog.zeit.de\/nsu-prozess-blog\/2014\/01\/14\/73-prozesstag-gericht-beschaftigt-sich-mit-zschapes-kleidung\/","url":"https:\/\/blog.zeit.de\/nsu-prozess-blog\/2014\/01\/14\/73-prozesstag-gericht-beschaftigt-sich-mit-zschapes-kleidung\/","name":"73. Prozesstag \u2013 Gericht besch\u00e4ftigt sich mit Zsch\u00e4pes Kleidung - Das NSU-Prozess-Blog","isPartOf":{"@id":"https:\/\/blog.zeit.de\/nsu-prozess-blog\/#website"},"datePublished":"2014-01-14T05:29:49+00:00","dateModified":"2014-01-14T05:29:52+00:00","author":{"@id":"https:\/\/blog.zeit.de\/nsu-prozess-blog\/#\/schema\/person\/553ea9bb5d1fc2ae054c589bd59380a5"},"breadcrumb":{"@id":"https:\/\/blog.zeit.de\/nsu-prozess-blog\/2014\/01\/14\/73-prozesstag-gericht-beschaftigt-sich-mit-zschapes-kleidung\/#breadcrumb"},"inLanguage":"de","potentialAction":[{"@type":"ReadAction","target":["https:\/\/blog.zeit.de\/nsu-prozess-blog\/2014\/01\/14\/73-prozesstag-gericht-beschaftigt-sich-mit-zschapes-kleidung\/"]}]},{"@type":"BreadcrumbList","@id":"https:\/\/blog.zeit.de\/nsu-prozess-blog\/2014\/01\/14\/73-prozesstag-gericht-beschaftigt-sich-mit-zschapes-kleidung\/#breadcrumb","itemListElement":[{"@type":"ListItem","position":1,"name":"Startseite","item":"https:\/\/blog.zeit.de\/nsu-prozess-blog\/"},{"@type":"ListItem","position":2,"name":"73. Prozesstag \u2013 Gericht besch\u00e4ftigt sich mit Zsch\u00e4pes Kleidung"}]},{"@type":"WebSite","@id":"https:\/\/blog.zeit.de\/nsu-prozess-blog\/#website","url":"https:\/\/blog.zeit.de\/nsu-prozess-blog\/","name":"Das NSU-Prozess-Blog","description":"Alle Berichte zum Terrorverfahren in M\u00fcnchen","potentialAction":[{"@type":"SearchAction","target":{"@type":"EntryPoint","urlTemplate":"https:\/\/blog.zeit.de\/nsu-prozess-blog\/?s={search_term_string}"},"query-input":"required name=search_term_string"}],"inLanguage":"de"},{"@type":"Person","@id":"https:\/\/blog.zeit.de\/nsu-prozess-blog\/#\/schema\/person\/553ea9bb5d1fc2ae054c589bd59380a5","name":"Tom Sundermann","image":{"@type":"ImageObject","inLanguage":"de","@id":"https:\/\/blog.zeit.de\/nsu-prozess-blog\/#\/schema\/person\/image\/","url":"https:\/\/secure.gravatar.com\/avatar\/e108a3dc18766f719b2f797dc5d19093f06a1870c55b553ab6b7563f1f9a5e68?s=96&d=mm&r=g","contentUrl":"https:\/\/secure.gravatar.com\/avatar\/e108a3dc18766f719b2f797dc5d19093f06a1870c55b553ab6b7563f1f9a5e68?s=96&d=mm&r=g","caption":"Tom Sundermann"},"sameAs":["https:\/\/twitter.com\/messeticker"],"url":"https:\/\/blog.zeit.de\/nsu-prozess-blog\/author\/tsundermann\/"}]}},"jetpack_featured_media_url":"","jetpack_sharing_enabled":true,"_links":{"self":[{"href":"https:\/\/blog.zeit.de\/nsu-prozess-blog\/wp-json\/wp\/v2\/posts\/5387","targetHints":{"allow":["GET"]}}],"collection":[{"href":"https:\/\/blog.zeit.de\/nsu-prozess-blog\/wp-json\/wp\/v2\/posts"}],"about":[{"href":"https:\/\/blog.zeit.de\/nsu-prozess-blog\/wp-json\/wp\/v2\/types\/post"}],"author":[{"embeddable":true,"href":"https:\/\/blog.zeit.de\/nsu-prozess-blog\/wp-json\/wp\/v2\/users\/435"}],"replies":[{"embeddable":true,"href":"https:\/\/blog.zeit.de\/nsu-prozess-blog\/wp-json\/wp\/v2\/comments?post=5387"}],"version-history":[{"count":4,"href":"https:\/\/blog.zeit.de\/nsu-prozess-blog\/wp-json\/wp\/v2\/posts\/5387\/revisions"}],"predecessor-version":[{"id":5419,"href":"https:\/\/blog.zeit.de\/nsu-prozess-blog\/wp-json\/wp\/v2\/posts\/5387\/revisions\/5419"}],"wp:attachment":[{"href":"https:\/\/blog.zeit.de\/nsu-prozess-blog\/wp-json\/wp\/v2\/media?parent=5387"}],"wp:term":[{"taxonomy":"category","embeddable":true,"href":"https:\/\/blog.zeit.de\/nsu-prozess-blog\/wp-json\/wp\/v2\/categories?post=5387"},{"taxonomy":"post_tag","embeddable":true,"href":"https:\/\/blog.zeit.de\/nsu-prozess-blog\/wp-json\/wp\/v2\/tags?post=5387"}],"curies":[{"name":"wp","href":"https:\/\/api.w.org\/{rel}","templated":true}]}}