{"id":5399,"date":"2014-01-13T08:19:25","date_gmt":"2014-01-13T07:19:25","guid":{"rendered":"http:\/\/blog.zeit.de\/nsu-prozess-blog\/?p=5399"},"modified":"2014-01-13T08:43:25","modified_gmt":"2014-01-13T07:43:25","slug":"medienlog-kiesewetter","status":"publish","type":"post","link":"https:\/\/blog.zeit.de\/nsu-prozess-blog\/2014\/01\/13\/medienlog-kiesewetter\/","title":{"rendered":"Zsch\u00e4pes Verhalten verschreckt Nebenkl\u00e4ger \u2013 das Medienlog vom Montag, 13. Januar 2014"},"content":{"rendered":"<p>86 Nebenkl\u00e4ger sind f\u00fcr den NSU-Prozess akkreditiert \u2013 doch an der Verhandlung nehmen die Opfer und Familien der Hinterbliebenen nur noch selten teil. Einer der Gr\u00fcnde sei das gef\u00fchlskalte Verhalten der Hauptangeklagten Beate Zsch\u00e4pe, das viele Betroffene abschrecke, schreibt die Ombudsfrau der Opfer und Hinterbliebenen des NSU, Barbara John, im <a href=\"http:\/\/www.tagesspiegel.de\/meinung\/einzwischenrufzum-nsu-prozess-das-provokante-verhalten-von-beate-zschaepe\/9318974.html\" target=\"_blank\"><em>Tagesspiegel<\/em><\/a>. Die Nebenkl\u00e4ger blieben den Sitzungen einerseits fern, weil ihnen die Zeit fehlt, andererseits, weil die Aufarbeitung extrem belastend sei.<\/p>\n<p><!--more--><\/p>\n<p><em>An jedem Werktag sichten wir f\u00fcr das NSU-Prozess-Blog die Medien und stellen wichtige Berichte, Blogs, Videos und Tweets zusammen. Wir freuen uns \u00fcber Hinweise via Twitter mit dem Hashtag #nsublog \u2013 oder per E-Mail an <a href=\"mailto:nsublog@zeit.de\">nsublog@zeit.de<\/a>.<\/em><\/p>\n<p>Die Nebenklageberechtigten &#8222;erleben das Geschehen im Saal, insbesondere das Verhalten der mutma\u00dflichen Mitt\u00e4terin Beate Zsch\u00e4pe, als unertr\u00e4glich. Es rei\u00dft kaum verheilte Wunden auf.&#8220; Die oft sehr ber\u00fchrenden Schilderungen von Zeugen, die einen Angeh\u00f6rigen verloren haben, lie\u00dfen die Rechtsextremistin kalt. Viele Nebenkl\u00e4ger vermuteten, dass Zsch\u00e4pe bei den Aussagen &#8222;ein Gef\u00fchl der Genugtuung&#8220; versp\u00fcre.<\/p>\n<p>Am Donnerstag beginnt die Aufarbeitung des Mords an der Polizistin Mich\u00e8le Kiesewetter, die 2007 in Heilbronn erschossen wurde. Am Dienstag der kommenden Woche soll ihre Mutter Annette als Zeugin aussagen \u2013 dazu wird es wahrscheinlich nicht kommen. Wie <a href=\"https:\/\/blog.zeit.de\/nsu-prozess-blog\/2014\/01\/10\/medienlog-holger-g-zeuge-kiesewetter\/\" target=\"_blank\">bereits berichtet<\/a>, f\u00fchlt sie sich psychisch nicht in der Lage, vor das Gericht zu treten. Ihre Anw\u00e4ltin Birgit Wolf sagte nun der Nachrichtenagentur dpa, dass sie beantragt habe, Kiesewetter nicht zu vernehmen. Der Antrag werde von zwei \u00e4rztlichen Attesten gest\u00fctzt.<\/p>\n<p>Keine Berichte in englischsprachigen Onlinemedien.<\/p>\n<p><em>Das n\u00e4chste Medienlog erscheint am Dienstag, 14. Januar 2014.<\/em><\/p>\n","protected":false},"excerpt":{"rendered":"<p>86 Nebenkl\u00e4ger sind f\u00fcr den NSU-Prozess akkreditiert \u2013 doch an der Verhandlung nehmen die Opfer und Familien der Hinterbliebenen nur noch selten teil. Einer der Gr\u00fcnde sei das gef\u00fchlskalte Verhalten der Hauptangeklagten Beate Zsch\u00e4pe, das viele Betroffene abschrecke, schreibt die Ombudsfrau der Opfer und Hinterbliebenen des NSU, Barbara John, im Tagesspiegel. Die Nebenkl\u00e4ger blieben den [&hellip;]<\/p>\n","protected":false},"author":435,"featured_media":0,"comment_status":"open","ping_status":"open","sticky":false,"template":"","format":"standard","meta":{"_jetpack_memberships_contains_paid_content":false,"footnotes":""},"categories":[27531],"tags":[17793,27588,27593],"class_list":["post-5399","post","type-post","status-publish","format-standard","hentry","category-medienschau","tag-beate-zschape","tag-michele-kiesewetter","tag-nebenklager"],"yoast_head":"<!-- This site is optimized with the Yoast SEO plugin v21.0 - https:\/\/yoast.com\/wordpress\/plugins\/seo\/ -->\n<title>Zsch\u00e4pes Verhalten verschreckt Nebenkl\u00e4ger \u2013 das Medienlog vom Montag, 13. Januar 2014 - Das NSU-Prozess-Blog<\/title>\n<meta name=\"robots\" content=\"index, follow, max-snippet:-1, max-image-preview:large, max-video-preview:-1\" \/>\n<link rel=\"canonical\" href=\"https:\/\/blog.zeit.de\/nsu-prozess-blog\/2014\/01\/13\/medienlog-kiesewetter\/\" \/>\n<meta property=\"og:locale\" content=\"de_DE\" \/>\n<meta property=\"og:type\" content=\"article\" \/>\n<meta property=\"og:title\" content=\"Zsch\u00e4pes Verhalten verschreckt Nebenkl\u00e4ger \u2013 das Medienlog vom Montag, 13. Januar 2014 - Das NSU-Prozess-Blog\" \/>\n<meta property=\"og:description\" content=\"86 Nebenkl\u00e4ger sind f\u00fcr den NSU-Prozess akkreditiert \u2013 doch an der Verhandlung nehmen die Opfer und Familien der Hinterbliebenen nur noch selten teil. Einer der Gr\u00fcnde sei das gef\u00fchlskalte Verhalten der Hauptangeklagten Beate Zsch\u00e4pe, das viele Betroffene abschrecke, schreibt die Ombudsfrau der Opfer und Hinterbliebenen des NSU, Barbara John, im Tagesspiegel. Die Nebenkl\u00e4ger blieben den [&hellip;]\" \/>\n<meta property=\"og:url\" content=\"https:\/\/blog.zeit.de\/nsu-prozess-blog\/2014\/01\/13\/medienlog-kiesewetter\/\" \/>\n<meta property=\"og:site_name\" content=\"Das NSU-Prozess-Blog\" \/>\n<meta property=\"article:published_time\" content=\"2014-01-13T07:19:25+00:00\" \/>\n<meta property=\"article:modified_time\" content=\"2014-01-13T07:43:25+00:00\" \/>\n<meta name=\"author\" content=\"Tom Sundermann\" \/>\n<meta name=\"twitter:label1\" content=\"Geschrieben von\" \/>\n\t<meta name=\"twitter:data1\" content=\"Tom Sundermann\" \/>\n\t<meta name=\"twitter:label2\" content=\"Gesch\u00e4tzte Lesezeit\" \/>\n\t<meta name=\"twitter:data2\" content=\"1\u00a0Minute\" \/>\n<script type=\"application\/ld+json\" class=\"yoast-schema-graph\">{\"@context\":\"https:\/\/schema.org\",\"@graph\":[{\"@type\":\"WebPage\",\"@id\":\"https:\/\/blog.zeit.de\/nsu-prozess-blog\/2014\/01\/13\/medienlog-kiesewetter\/\",\"url\":\"https:\/\/blog.zeit.de\/nsu-prozess-blog\/2014\/01\/13\/medienlog-kiesewetter\/\",\"name\":\"Zsch\u00e4pes Verhalten verschreckt Nebenkl\u00e4ger \u2013 das Medienlog vom Montag, 13. Januar 2014 - Das NSU-Prozess-Blog\",\"isPartOf\":{\"@id\":\"https:\/\/blog.zeit.de\/nsu-prozess-blog\/#website\"},\"datePublished\":\"2014-01-13T07:19:25+00:00\",\"dateModified\":\"2014-01-13T07:43:25+00:00\",\"author\":{\"@id\":\"https:\/\/blog.zeit.de\/nsu-prozess-blog\/#\/schema\/person\/553ea9bb5d1fc2ae054c589bd59380a5\"},\"breadcrumb\":{\"@id\":\"https:\/\/blog.zeit.de\/nsu-prozess-blog\/2014\/01\/13\/medienlog-kiesewetter\/#breadcrumb\"},\"inLanguage\":\"de\",\"potentialAction\":[{\"@type\":\"ReadAction\",\"target\":[\"https:\/\/blog.zeit.de\/nsu-prozess-blog\/2014\/01\/13\/medienlog-kiesewetter\/\"]}]},{\"@type\":\"BreadcrumbList\",\"@id\":\"https:\/\/blog.zeit.de\/nsu-prozess-blog\/2014\/01\/13\/medienlog-kiesewetter\/#breadcrumb\",\"itemListElement\":[{\"@type\":\"ListItem\",\"position\":1,\"name\":\"Startseite\",\"item\":\"https:\/\/blog.zeit.de\/nsu-prozess-blog\/\"},{\"@type\":\"ListItem\",\"position\":2,\"name\":\"Zsch\u00e4pes Verhalten verschreckt Nebenkl\u00e4ger \u2013 das Medienlog vom Montag, 13. Januar 2014\"}]},{\"@type\":\"WebSite\",\"@id\":\"https:\/\/blog.zeit.de\/nsu-prozess-blog\/#website\",\"url\":\"https:\/\/blog.zeit.de\/nsu-prozess-blog\/\",\"name\":\"Das NSU-Prozess-Blog\",\"description\":\"Alle Berichte zum Terrorverfahren in M\u00fcnchen\",\"potentialAction\":[{\"@type\":\"SearchAction\",\"target\":{\"@type\":\"EntryPoint\",\"urlTemplate\":\"https:\/\/blog.zeit.de\/nsu-prozess-blog\/?s={search_term_string}\"},\"query-input\":\"required name=search_term_string\"}],\"inLanguage\":\"de\"},{\"@type\":\"Person\",\"@id\":\"https:\/\/blog.zeit.de\/nsu-prozess-blog\/#\/schema\/person\/553ea9bb5d1fc2ae054c589bd59380a5\",\"name\":\"Tom Sundermann\",\"image\":{\"@type\":\"ImageObject\",\"inLanguage\":\"de\",\"@id\":\"https:\/\/blog.zeit.de\/nsu-prozess-blog\/#\/schema\/person\/image\/\",\"url\":\"https:\/\/secure.gravatar.com\/avatar\/e108a3dc18766f719b2f797dc5d19093f06a1870c55b553ab6b7563f1f9a5e68?s=96&d=mm&r=g\",\"contentUrl\":\"https:\/\/secure.gravatar.com\/avatar\/e108a3dc18766f719b2f797dc5d19093f06a1870c55b553ab6b7563f1f9a5e68?s=96&d=mm&r=g\",\"caption\":\"Tom Sundermann\"},\"sameAs\":[\"https:\/\/twitter.com\/messeticker\"],\"url\":\"https:\/\/blog.zeit.de\/nsu-prozess-blog\/author\/tsundermann\/\"}]}<\/script>\n<!-- \/ Yoast SEO plugin. -->","yoast_head_json":{"title":"Zsch\u00e4pes Verhalten verschreckt Nebenkl\u00e4ger \u2013 das Medienlog vom Montag, 13. Januar 2014 - Das NSU-Prozess-Blog","robots":{"index":"index","follow":"follow","max-snippet":"max-snippet:-1","max-image-preview":"max-image-preview:large","max-video-preview":"max-video-preview:-1"},"canonical":"https:\/\/blog.zeit.de\/nsu-prozess-blog\/2014\/01\/13\/medienlog-kiesewetter\/","og_locale":"de_DE","og_type":"article","og_title":"Zsch\u00e4pes Verhalten verschreckt Nebenkl\u00e4ger \u2013 das Medienlog vom Montag, 13. Januar 2014 - Das NSU-Prozess-Blog","og_description":"86 Nebenkl\u00e4ger sind f\u00fcr den NSU-Prozess akkreditiert \u2013 doch an der Verhandlung nehmen die Opfer und Familien der Hinterbliebenen nur noch selten teil. Einer der Gr\u00fcnde sei das gef\u00fchlskalte Verhalten der Hauptangeklagten Beate Zsch\u00e4pe, das viele Betroffene abschrecke, schreibt die Ombudsfrau der Opfer und Hinterbliebenen des NSU, Barbara John, im Tagesspiegel. Die Nebenkl\u00e4ger blieben den [&hellip;]","og_url":"https:\/\/blog.zeit.de\/nsu-prozess-blog\/2014\/01\/13\/medienlog-kiesewetter\/","og_site_name":"Das NSU-Prozess-Blog","article_published_time":"2014-01-13T07:19:25+00:00","article_modified_time":"2014-01-13T07:43:25+00:00","author":"Tom Sundermann","twitter_misc":{"Geschrieben von":"Tom Sundermann","Gesch\u00e4tzte Lesezeit":"1\u00a0Minute"},"schema":{"@context":"https:\/\/schema.org","@graph":[{"@type":"WebPage","@id":"https:\/\/blog.zeit.de\/nsu-prozess-blog\/2014\/01\/13\/medienlog-kiesewetter\/","url":"https:\/\/blog.zeit.de\/nsu-prozess-blog\/2014\/01\/13\/medienlog-kiesewetter\/","name":"Zsch\u00e4pes Verhalten verschreckt Nebenkl\u00e4ger \u2013 das Medienlog vom Montag, 13. Januar 2014 - Das NSU-Prozess-Blog","isPartOf":{"@id":"https:\/\/blog.zeit.de\/nsu-prozess-blog\/#website"},"datePublished":"2014-01-13T07:19:25+00:00","dateModified":"2014-01-13T07:43:25+00:00","author":{"@id":"https:\/\/blog.zeit.de\/nsu-prozess-blog\/#\/schema\/person\/553ea9bb5d1fc2ae054c589bd59380a5"},"breadcrumb":{"@id":"https:\/\/blog.zeit.de\/nsu-prozess-blog\/2014\/01\/13\/medienlog-kiesewetter\/#breadcrumb"},"inLanguage":"de","potentialAction":[{"@type":"ReadAction","target":["https:\/\/blog.zeit.de\/nsu-prozess-blog\/2014\/01\/13\/medienlog-kiesewetter\/"]}]},{"@type":"BreadcrumbList","@id":"https:\/\/blog.zeit.de\/nsu-prozess-blog\/2014\/01\/13\/medienlog-kiesewetter\/#breadcrumb","itemListElement":[{"@type":"ListItem","position":1,"name":"Startseite","item":"https:\/\/blog.zeit.de\/nsu-prozess-blog\/"},{"@type":"ListItem","position":2,"name":"Zsch\u00e4pes Verhalten verschreckt Nebenkl\u00e4ger \u2013 das Medienlog vom Montag, 13. Januar 2014"}]},{"@type":"WebSite","@id":"https:\/\/blog.zeit.de\/nsu-prozess-blog\/#website","url":"https:\/\/blog.zeit.de\/nsu-prozess-blog\/","name":"Das NSU-Prozess-Blog","description":"Alle Berichte zum Terrorverfahren in M\u00fcnchen","potentialAction":[{"@type":"SearchAction","target":{"@type":"EntryPoint","urlTemplate":"https:\/\/blog.zeit.de\/nsu-prozess-blog\/?s={search_term_string}"},"query-input":"required name=search_term_string"}],"inLanguage":"de"},{"@type":"Person","@id":"https:\/\/blog.zeit.de\/nsu-prozess-blog\/#\/schema\/person\/553ea9bb5d1fc2ae054c589bd59380a5","name":"Tom Sundermann","image":{"@type":"ImageObject","inLanguage":"de","@id":"https:\/\/blog.zeit.de\/nsu-prozess-blog\/#\/schema\/person\/image\/","url":"https:\/\/secure.gravatar.com\/avatar\/e108a3dc18766f719b2f797dc5d19093f06a1870c55b553ab6b7563f1f9a5e68?s=96&d=mm&r=g","contentUrl":"https:\/\/secure.gravatar.com\/avatar\/e108a3dc18766f719b2f797dc5d19093f06a1870c55b553ab6b7563f1f9a5e68?s=96&d=mm&r=g","caption":"Tom Sundermann"},"sameAs":["https:\/\/twitter.com\/messeticker"],"url":"https:\/\/blog.zeit.de\/nsu-prozess-blog\/author\/tsundermann\/"}]}},"jetpack_featured_media_url":"","jetpack_sharing_enabled":true,"_links":{"self":[{"href":"https:\/\/blog.zeit.de\/nsu-prozess-blog\/wp-json\/wp\/v2\/posts\/5399","targetHints":{"allow":["GET"]}}],"collection":[{"href":"https:\/\/blog.zeit.de\/nsu-prozess-blog\/wp-json\/wp\/v2\/posts"}],"about":[{"href":"https:\/\/blog.zeit.de\/nsu-prozess-blog\/wp-json\/wp\/v2\/types\/post"}],"author":[{"embeddable":true,"href":"https:\/\/blog.zeit.de\/nsu-prozess-blog\/wp-json\/wp\/v2\/users\/435"}],"replies":[{"embeddable":true,"href":"https:\/\/blog.zeit.de\/nsu-prozess-blog\/wp-json\/wp\/v2\/comments?post=5399"}],"version-history":[{"count":13,"href":"https:\/\/blog.zeit.de\/nsu-prozess-blog\/wp-json\/wp\/v2\/posts\/5399\/revisions"}],"predecessor-version":[{"id":5412,"href":"https:\/\/blog.zeit.de\/nsu-prozess-blog\/wp-json\/wp\/v2\/posts\/5399\/revisions\/5412"}],"wp:attachment":[{"href":"https:\/\/blog.zeit.de\/nsu-prozess-blog\/wp-json\/wp\/v2\/media?parent=5399"}],"wp:term":[{"taxonomy":"category","embeddable":true,"href":"https:\/\/blog.zeit.de\/nsu-prozess-blog\/wp-json\/wp\/v2\/categories?post=5399"},{"taxonomy":"post_tag","embeddable":true,"href":"https:\/\/blog.zeit.de\/nsu-prozess-blog\/wp-json\/wp\/v2\/tags?post=5399"}],"curies":[{"name":"wp","href":"https:\/\/api.w.org\/{rel}","templated":true}]}}